{"id":85425,"date":"2024-11-26T17:20:47","date_gmt":"2024-11-26T22:20:47","guid":{"rendered":"https:\/\/www.ucaldas.edu.co\/portal\/?p=85425"},"modified":"2024-11-26T17:20:47","modified_gmt":"2024-11-26T22:20:47","slug":"agencia-de-cooperacion-internacional-del-japon-traza-lazos-con-la-primera-facultad-de-inteligencia-artificial-e-ingenierias-de-la-udc","status":"publish","type":"post","link":"https:\/\/www.ucaldas.edu.co\/portal\/agencia-de-cooperacion-internacional-del-japon-traza-lazos-con-la-primera-facultad-de-inteligencia-artificial-e-ingenierias-de-la-udc\/","title":{"rendered":"Agencia de Cooperaci\u00f3n Internacional del Jap\u00f3n traza lazos con la primera Facultad de Inteligencia Artificial e Ingenier\u00edas de la UDC"},"content":{"rendered":"<p style=\"text-align: justify;\"><img loading=\"lazy\" decoding=\"async\" class=\"alignnone size-full wp-image-85427\" src=\"https:\/\/www.ucaldas.edu.co\/portal\/wp-content\/uploads\/2024\/11\/Imagen-JICA.jpg\" alt=\"\" width=\"1280\" height=\"720\" \/>En el mes de octubre, una delegaci\u00f3n local conformada por representantes de la ANDI y la Universidad de Caldas se reuni\u00f3 en la capital del pa\u00eds con voceros de la Agencia de Cooperaci\u00f3n Internacional del Jap\u00f3n \u2013 JICA- con el fin de reactivar, para Caldas, alianzas de movilidad acad\u00e9mica y proyectos productivos, y, para el pa\u00eds asi\u00e1tico, actividades de voluntariado y transferencia de conocimiento en la nueva Facultad de Ingenier\u00eda Artificial e Ingenier\u00edas.<!--more--><\/p>\n<p style=\"text-align: justify;\">La Oficina de Prensa convers\u00f3 con el asesor de Rector\u00eda en Innovaci\u00f3n y Gesti\u00f3n\u00a0de\u00a0Proyectos, Mateo Acosta Casta\u00f1o, acerca de este encuentro que abre nuevos horizontes acad\u00e9micos y de innovaci\u00f3n.<\/p>\n<p style=\"text-align: justify;\"><strong>Oficina de Prensa:<\/strong> <em>\u00bfQu\u00e9 representa para el territorio y para la U. de Caldas esta posibilidad de extender\u00a0lazos\u00a0con\u00a0JICA?<\/em><\/p>\n<p style=\"text-align: justify;\"><strong>Mateo Acosta Casta\u00f1o<\/strong>: Los procesos de movilidad internacional permiten a la comunidad universitaria ampliar el conocimiento y la percepci\u00f3n de su entorno a partir de las experiencias y buenas pr\u00e1cticas en el desarrollo de actividades en el exterior. Permite, adem\u00e1s, fortalecer lazos de cooperaci\u00f3n con instituciones que cuentan con recurso internacional para atender necesidades del entorno. El fortalecimiento de estos lazos institucionales se resume en oportunidades para la movilidad internacional (de estudiantes y docentes), cooperaci\u00f3n para la ejecuci\u00f3n de proyectos de inter\u00e9s institucional y el fortalecimiento de procesos misionales y estrat\u00e9gicos de la Universidad\u00a0de\u00a0Caldas.<\/p>\n<p style=\"text-align: justify;\"><strong>Oficina de Prensa: <\/strong><em>se abre la posibilidad de que voluntarios japoneses hagan movilidad acad\u00e9mica en la Facultad de IA y tambi\u00e9n alianzas para proyectos productivos. \u00bfC\u00f3mo se dar\u00edan\u00a0ambas\u00a0opciones?<\/em><\/p>\n<p style=\"text-align: justify;\"><strong>M.A.C:<\/strong> Con la apertura de la primera Facultad de Inteligencia Artificial e Ingenier\u00edas de Colombia y Latinoam\u00e9rica, se present\u00f3 un especial inter\u00e9s por JICA en aunar esfuerzos en la consolidaci\u00f3n y estructura de la Facultad, aterrizados en las necesidades locales, regionales e internacionales. Esto basado en la transferencia de conocimiento, tecnolog\u00eda y buenas pr\u00e1cticas desarrolladas en el pa\u00eds Japon\u00e9s. Este fortalecimiento busca reconocer la interdisciplinariedad que representa la inteligencia artificial en todas las \u00e1reas del conocimiento. De esta manera se plantea la posibilidad de realizar actividades de movilidad acad\u00e9mica con expertos en Inteligencia Artificial desde Jap\u00f3n a la Universidad de Caldas, en su proceso para la consolidaci\u00f3n de programas y en general, para la Facultad de Inteligencia Artificial e Ingenier\u00edas, en campos del conocimiento como anal\u00edtica de datos, IA generativa, IA ambiental y Programaci\u00f3n en Lenguaje\u00a0Natural.<\/p>\n<p style=\"text-align: justify;\"><strong>Oficina de Prensa: <\/strong><em>\u00bfCu\u00e1l es la visi\u00f3n y\/o percepci\u00f3n de JICA con respecto a este acercamiento con nuestra\u00a0Instituci\u00f3n?<\/em><\/p>\n<p style=\"text-align: justify;\"><strong>M.A.C<\/strong>: Para JICA es prioritario revitalizar los lazos entre Jap\u00f3n y el departamento de Caldas. Anteriormente, en el marco de la cooperaci\u00f3n internacional, se ejecutaron proyectos enfocados en desarrollos agroindustriales (incluso de dotaci\u00f3n tecnol\u00f3gica) para el aprovechamiento de las cadenas de producci\u00f3n priorizadas en la regi\u00f3n y el Departamento. Esos procesos fortalecieron los lazos entre la Universidad de Caldas y la Agencia, y por eso hacemos esta intermediaci\u00f3n con un actor acad\u00e9mico acreditado de alta calidad e inmerso con la comunidad y sus\u00a0necesidades.<\/p>\n<p style=\"text-align: justify;\"><strong>Oficina de Prensa: <\/strong><em>\u00bfCu\u00e1les son las fortalezas o virtudes de la U. de Caldas para propiciar este tipo de cooperaci\u00f3n internacional\u00a0tan\u00a0importante?<\/em><\/p>\n<p style=\"text-align: justify;\"><strong>M.A.C:<\/strong> Este tipo de proyectos, financiados con recursos internacionales, permite buscar el fortalecimiento de las instituciones colombianas, no solo desde el componente t\u00e9cnico sino tambi\u00e9n por la transferencia de buenas pr\u00e1cticas y experticias del Jap\u00f3n que impactan positivamente en procesos estrat\u00e9gicos y misionales de la Universidad. La comunidad universitaria presenta especial inter\u00e9s en pasant\u00edas internacionales para conocer nuevas tendencias en investigaci\u00f3n, proyecci\u00f3n e intercambio cultural con diferentes personas en el mundo. As\u00ed que, en este contexto, las alianzas con JICA son sumamente interesantes.<\/p>\n<p><strong>Anexo:<\/strong><\/p>\n<p><a href=\"https:\/\/www.ucaldas.edu.co\/portal\/wp-content\/uploads\/2024\/11\/mateo-jica.mp3\"><strong>-Audio Asesor de Rector\u00eda en Innovaci\u00f3n y Gesti\u00f3n de Proyectos, Mateo Acosta Casta\u00f1o.<\/strong><\/a><\/p>\n<audio class=\"wp-audio-shortcode\" id=\"audio-85425-1\" preload=\"none\" style=\"width: 100%;\" controls=\"controls\"><source type=\"audio\/mpeg\" src=\"https:\/\/www.ucaldas.edu.co\/portal\/wp-content\/uploads\/2024\/11\/mateo-jica.mp3?_=1\" \/><a href=\"https:\/\/www.ucaldas.edu.co\/portal\/wp-content\/uploads\/2024\/11\/mateo-jica.mp3\">https:\/\/www.ucaldas.edu.co\/portal\/wp-content\/uploads\/2024\/11\/mateo-jica.mp3<\/a><\/audio>\n<p><strong>\u00a0<\/strong><\/p>\n<p><strong>\u00a0<\/strong><\/p>\n<p><strong>\u00a0<\/strong><\/p>\n<p><strong>\u00a0<\/strong><\/p>\n<p><strong>\u00a0<\/strong><\/p>\n<p><strong>\u00a0<\/strong><\/p>\n","protected":false},"excerpt":{"rendered":"<p>En el mes de octubre, una delegaci\u00f3n local conformada por representantes de la ANDI y la Universidad de Caldas se reuni\u00f3 en la capital del pa\u00eds con voceros de la Agencia de Cooperaci\u00f3n Internacional del Jap\u00f3n \u2013 JICA- con el fin de reactivar, para Caldas, alianzas de movilidad acad\u00e9mica y proyectos productivos, y, para el [&hellip;]<\/p>\n","protected":false},"author":2,"featured_media":85427,"comment_status":"closed","ping_status":"open","sticky":false,"template":"","format":"standard","meta":{"footnotes":""},"categories":[53,48],"tags":[4070,5712,2192],"class_list":["post-85425","post","type-post","status-publish","format-standard","has-post-thumbnail","hentry","category-universidad-al-dia","category-actualidad","tag-japon","tag-cooperacion-academica-internacional","tag-universidad-de-caldas-u-de-caldas"],"yoast_head":"<!-- This site is optimized with the Yoast SEO plugin v27.4 - https:\/\/yoast.com\/product\/yoast-seo-wordpress\/ -->\n<title>Agencia de Cooperaci\u00f3n Internacional del Jap\u00f3n traza lazos con la primera Facultad de Inteligencia Artificial e Ingenier\u00edas de la UDC .<\/title>\n<meta name=\"robots\" content=\"index, follow, max-snippet:-1, max-image-preview:large, max-video-preview:-1\" \/>\n<link rel=\"canonical\" href=\"https:\/\/www.ucaldas.edu.co\/portal\/agencia-de-cooperacion-internacional-del-japon-traza-lazos-con-la-primera-facultad-de-inteligencia-artificial-e-ingenierias-de-la-udc\/\" \/>\n<script type=\"application\/ld+json\" class=\"yoast-schema-graph\">{\"@context\":\"https:\\\/\\\/schema.org\",\"@graph\":[{\"@type\":\"Article\",\"@id\":\"https:\\\/\\\/www.ucaldas.edu.co\\\/portal\\\/agencia-de-cooperacion-internacional-del-japon-traza-lazos-con-la-primera-facultad-de-inteligencia-artificial-e-ingenierias-de-la-udc\\\/#article\",\"isPartOf\":{\"@id\":\"https:\\\/\\\/www.ucaldas.edu.co\\\/portal\\\/agencia-de-cooperacion-internacional-del-japon-traza-lazos-con-la-primera-facultad-de-inteligencia-artificial-e-ingenierias-de-la-udc\\\/\"},\"author\":{\"name\":\"ofiprensa\",\"@id\":\"https:\\\/\\\/www.ucaldas.edu.co\\\/portal\\\/#\\\/schema\\\/person\\\/a1b482e23449158b4bc319926c074fdf\"},\"headline\":\"Agencia de Cooperaci\u00f3n Internacional del Jap\u00f3n traza lazos con la primera Facultad de Inteligencia Artificial e Ingenier\u00edas de la UDC\",\"datePublished\":\"2024-11-26T22:20:47+00:00\",\"mainEntityOfPage\":{\"@id\":\"https:\\\/\\\/www.ucaldas.edu.co\\\/portal\\\/agencia-de-cooperacion-internacional-del-japon-traza-lazos-con-la-primera-facultad-de-inteligencia-artificial-e-ingenierias-de-la-udc\\\/\"},\"wordCount\":722,\"publisher\":{\"@id\":\"https:\\\/\\\/www.ucaldas.edu.co\\\/portal\\\/#organization\"},\"image\":{\"@id\":\"https:\\\/\\\/www.ucaldas.edu.co\\\/portal\\\/agencia-de-cooperacion-internacional-del-japon-traza-lazos-con-la-primera-facultad-de-inteligencia-artificial-e-ingenierias-de-la-udc\\\/#primaryimage\"},\"thumbnailUrl\":\"https:\\\/\\\/www.ucaldas.edu.co\\\/portal\\\/wp-content\\\/uploads\\\/2024\\\/11\\\/Imagen-JICA.jpg\",\"keywords\":[\"Jap\u00f3n\",\"cooperaci\u00f3n acad\u00e9mica internacional\",\"Universidad de Caldas. U. de Caldas\"],\"articleSection\":[\"Universidad al D\u00eda\",\"Actualidad\"],\"inLanguage\":\"es\"},{\"@type\":\"WebPage\",\"@id\":\"https:\\\/\\\/www.ucaldas.edu.co\\\/portal\\\/agencia-de-cooperacion-internacional-del-japon-traza-lazos-con-la-primera-facultad-de-inteligencia-artificial-e-ingenierias-de-la-udc\\\/\",\"url\":\"https:\\\/\\\/www.ucaldas.edu.co\\\/portal\\\/agencia-de-cooperacion-internacional-del-japon-traza-lazos-con-la-primera-facultad-de-inteligencia-artificial-e-ingenierias-de-la-udc\\\/\",\"name\":\"Agencia de Cooperaci\u00f3n Internacional del Jap\u00f3n traza lazos con la primera Facultad de Inteligencia Artificial e Ingenier\u00edas de la UDC .\",\"isPartOf\":{\"@id\":\"https:\\\/\\\/www.ucaldas.edu.co\\\/portal\\\/#website\"},\"primaryImageOfPage\":{\"@id\":\"https:\\\/\\\/www.ucaldas.edu.co\\\/portal\\\/agencia-de-cooperacion-internacional-del-japon-traza-lazos-con-la-primera-facultad-de-inteligencia-artificial-e-ingenierias-de-la-udc\\\/#primaryimage\"},\"image\":{\"@id\":\"https:\\\/\\\/www.ucaldas.edu.co\\\/portal\\\/agencia-de-cooperacion-internacional-del-japon-traza-lazos-con-la-primera-facultad-de-inteligencia-artificial-e-ingenierias-de-la-udc\\\/#primaryimage\"},\"thumbnailUrl\":\"https:\\\/\\\/www.ucaldas.edu.co\\\/portal\\\/wp-content\\\/uploads\\\/2024\\\/11\\\/Imagen-JICA.jpg\",\"datePublished\":\"2024-11-26T22:20:47+00:00\",\"breadcrumb\":{\"@id\":\"https:\\\/\\\/www.ucaldas.edu.co\\\/portal\\\/agencia-de-cooperacion-internacional-del-japon-traza-lazos-con-la-primera-facultad-de-inteligencia-artificial-e-ingenierias-de-la-udc\\\/#breadcrumb\"},\"inLanguage\":\"es\",\"potentialAction\":[{\"@type\":\"ReadAction\",\"target\":[\"https:\\\/\\\/www.ucaldas.edu.co\\\/portal\\\/agencia-de-cooperacion-internacional-del-japon-traza-lazos-con-la-primera-facultad-de-inteligencia-artificial-e-ingenierias-de-la-udc\\\/\"]}]},{\"@type\":\"ImageObject\",\"inLanguage\":\"es\",\"@id\":\"https:\\\/\\\/www.ucaldas.edu.co\\\/portal\\\/agencia-de-cooperacion-internacional-del-japon-traza-lazos-con-la-primera-facultad-de-inteligencia-artificial-e-ingenierias-de-la-udc\\\/#primaryimage\",\"url\":\"https:\\\/\\\/www.ucaldas.edu.co\\\/portal\\\/wp-content\\\/uploads\\\/2024\\\/11\\\/Imagen-JICA.jpg\",\"contentUrl\":\"https:\\\/\\\/www.ucaldas.edu.co\\\/portal\\\/wp-content\\\/uploads\\\/2024\\\/11\\\/Imagen-JICA.jpg\",\"width\":1280,\"height\":720},{\"@type\":\"BreadcrumbList\",\"@id\":\"https:\\\/\\\/www.ucaldas.edu.co\\\/portal\\\/agencia-de-cooperacion-internacional-del-japon-traza-lazos-con-la-primera-facultad-de-inteligencia-artificial-e-ingenierias-de-la-udc\\\/#breadcrumb\",\"itemListElement\":[{\"@type\":\"ListItem\",\"position\":1,\"name\":\"Portada\",\"item\":\"https:\\\/\\\/www.ucaldas.edu.co\\\/portal\\\/\"},{\"@type\":\"ListItem\",\"position\":2,\"name\":\"Agencia de Cooperaci\u00f3n Internacional del Jap\u00f3n traza lazos con la primera Facultad de Inteligencia Artificial e Ingenier\u00edas de la UDC\"}]},{\"@type\":\"WebSite\",\"@id\":\"https:\\\/\\\/www.ucaldas.edu.co\\\/portal\\\/#website\",\"url\":\"https:\\\/\\\/www.ucaldas.edu.co\\\/portal\\\/\",\"name\":\"Universidad de Caldas\",\"description\":\"\",\"publisher\":{\"@id\":\"https:\\\/\\\/www.ucaldas.edu.co\\\/portal\\\/#organization\"},\"alternateName\":\"U. de Caldas\",\"potentialAction\":[{\"@type\":\"SearchAction\",\"target\":{\"@type\":\"EntryPoint\",\"urlTemplate\":\"https:\\\/\\\/www.ucaldas.edu.co\\\/portal\\\/?s={search_term_string}\"},\"query-input\":{\"@type\":\"PropertyValueSpecification\",\"valueRequired\":true,\"valueName\":\"search_term_string\"}}],\"inLanguage\":\"es\"},{\"@type\":\"Organization\",\"@id\":\"https:\\\/\\\/www.ucaldas.edu.co\\\/portal\\\/#organization\",\"name\":\"Universidad de Caldas\",\"alternateName\":\"U. de Caldas\",\"url\":\"https:\\\/\\\/www.ucaldas.edu.co\\\/portal\\\/\",\"logo\":{\"@type\":\"ImageObject\",\"inLanguage\":\"es\",\"@id\":\"https:\\\/\\\/www.ucaldas.edu.co\\\/portal\\\/#\\\/schema\\\/logo\\\/image\\\/\",\"url\":\"https:\\\/\\\/www.ucaldas.edu.co\\\/portal\\\/wp-content\\\/uploads\\\/2023\\\/11\\\/Logo_horizontal_oscuroU-2023.png\",\"contentUrl\":\"https:\\\/\\\/www.ucaldas.edu.co\\\/portal\\\/wp-content\\\/uploads\\\/2023\\\/11\\\/Logo_horizontal_oscuroU-2023.png\",\"width\":263,\"height\":101,\"caption\":\"Universidad de Caldas\"},\"image\":{\"@id\":\"https:\\\/\\\/www.ucaldas.edu.co\\\/portal\\\/#\\\/schema\\\/logo\\\/image\\\/\"},\"sameAs\":[\"https:\\\/\\\/www.facebook.com\\\/udecaldas\",\"https:\\\/\\\/x.com\\\/udecaldas\",\"https:\\\/\\\/www.youtube.com\\\/universidadcaldas\",\"https:\\\/\\\/www.instagram.com\\\/udecaldas\\\/\"]},{\"@type\":\"Person\",\"@id\":\"https:\\\/\\\/www.ucaldas.edu.co\\\/portal\\\/#\\\/schema\\\/person\\\/a1b482e23449158b4bc319926c074fdf\",\"name\":\"ofiprensa\",\"image\":{\"@type\":\"ImageObject\",\"inLanguage\":\"es\",\"@id\":\"https:\\\/\\\/www.ucaldas.edu.co\\\/portal\\\/wp-content\\\/litespeed\\\/avatar\\\/09ea5085e600095a7a811142c6944527.jpg?ver=1776892805\",\"url\":\"https:\\\/\\\/www.ucaldas.edu.co\\\/portal\\\/wp-content\\\/litespeed\\\/avatar\\\/09ea5085e600095a7a811142c6944527.jpg?ver=1776892805\",\"contentUrl\":\"https:\\\/\\\/www.ucaldas.edu.co\\\/portal\\\/wp-content\\\/litespeed\\\/avatar\\\/09ea5085e600095a7a811142c6944527.jpg?ver=1776892805\",\"caption\":\"ofiprensa\"},\"url\":\"https:\\\/\\\/www.ucaldas.edu.co\\\/portal\\\/author\\\/ofiprensa\\\/\"}]}<\/script>\n<!-- \/ Yoast SEO plugin. -->","yoast_head_json":{"title":"Agencia de Cooperaci\u00f3n Internacional del Jap\u00f3n traza lazos con la primera Facultad de Inteligencia Artificial e Ingenier\u00edas de la UDC .","robots":{"index":"index","follow":"follow","max-snippet":"max-snippet:-1","max-image-preview":"max-image-preview:large","max-video-preview":"max-video-preview:-1"},"canonical":"https:\/\/www.ucaldas.edu.co\/portal\/agencia-de-cooperacion-internacional-del-japon-traza-lazos-con-la-primera-facultad-de-inteligencia-artificial-e-ingenierias-de-la-udc\/","schema":{"@context":"https:\/\/schema.org","@graph":[{"@type":"Article","@id":"https:\/\/www.ucaldas.edu.co\/portal\/agencia-de-cooperacion-internacional-del-japon-traza-lazos-con-la-primera-facultad-de-inteligencia-artificial-e-ingenierias-de-la-udc\/#article","isPartOf":{"@id":"https:\/\/www.ucaldas.edu.co\/portal\/agencia-de-cooperacion-internacional-del-japon-traza-lazos-con-la-primera-facultad-de-inteligencia-artificial-e-ingenierias-de-la-udc\/"},"author":{"name":"ofiprensa","@id":"https:\/\/www.ucaldas.edu.co\/portal\/#\/schema\/person\/a1b482e23449158b4bc319926c074fdf"},"headline":"Agencia de Cooperaci\u00f3n Internacional del Jap\u00f3n traza lazos con la primera Facultad de Inteligencia Artificial e Ingenier\u00edas de la UDC","datePublished":"2024-11-26T22:20:47+00:00","mainEntityOfPage":{"@id":"https:\/\/www.ucaldas.edu.co\/portal\/agencia-de-cooperacion-internacional-del-japon-traza-lazos-con-la-primera-facultad-de-inteligencia-artificial-e-ingenierias-de-la-udc\/"},"wordCount":722,"publisher":{"@id":"https:\/\/www.ucaldas.edu.co\/portal\/#organization"},"image":{"@id":"https:\/\/www.ucaldas.edu.co\/portal\/agencia-de-cooperacion-internacional-del-japon-traza-lazos-con-la-primera-facultad-de-inteligencia-artificial-e-ingenierias-de-la-udc\/#primaryimage"},"thumbnailUrl":"https:\/\/www.ucaldas.edu.co\/portal\/wp-content\/uploads\/2024\/11\/Imagen-JICA.jpg","keywords":["Jap\u00f3n","cooperaci\u00f3n acad\u00e9mica internacional","Universidad de Caldas. U. de Caldas"],"articleSection":["Universidad al D\u00eda","Actualidad"],"inLanguage":"es"},{"@type":"WebPage","@id":"https:\/\/www.ucaldas.edu.co\/portal\/agencia-de-cooperacion-internacional-del-japon-traza-lazos-con-la-primera-facultad-de-inteligencia-artificial-e-ingenierias-de-la-udc\/","url":"https:\/\/www.ucaldas.edu.co\/portal\/agencia-de-cooperacion-internacional-del-japon-traza-lazos-con-la-primera-facultad-de-inteligencia-artificial-e-ingenierias-de-la-udc\/","name":"Agencia de Cooperaci\u00f3n Internacional del Jap\u00f3n traza lazos con la primera Facultad de Inteligencia Artificial e Ingenier\u00edas de la UDC .","isPartOf":{"@id":"https:\/\/www.ucaldas.edu.co\/portal\/#website"},"primaryImageOfPage":{"@id":"https:\/\/www.ucaldas.edu.co\/portal\/agencia-de-cooperacion-internacional-del-japon-traza-lazos-con-la-primera-facultad-de-inteligencia-artificial-e-ingenierias-de-la-udc\/#primaryimage"},"image":{"@id":"https:\/\/www.ucaldas.edu.co\/portal\/agencia-de-cooperacion-internacional-del-japon-traza-lazos-con-la-primera-facultad-de-inteligencia-artificial-e-ingenierias-de-la-udc\/#primaryimage"},"thumbnailUrl":"https:\/\/www.ucaldas.edu.co\/portal\/wp-content\/uploads\/2024\/11\/Imagen-JICA.jpg","datePublished":"2024-11-26T22:20:47+00:00","breadcrumb":{"@id":"https:\/\/www.ucaldas.edu.co\/portal\/agencia-de-cooperacion-internacional-del-japon-traza-lazos-con-la-primera-facultad-de-inteligencia-artificial-e-ingenierias-de-la-udc\/#breadcrumb"},"inLanguage":"es","potentialAction":[{"@type":"ReadAction","target":["https:\/\/www.ucaldas.edu.co\/portal\/agencia-de-cooperacion-internacional-del-japon-traza-lazos-con-la-primera-facultad-de-inteligencia-artificial-e-ingenierias-de-la-udc\/"]}]},{"@type":"ImageObject","inLanguage":"es","@id":"https:\/\/www.ucaldas.edu.co\/portal\/agencia-de-cooperacion-internacional-del-japon-traza-lazos-con-la-primera-facultad-de-inteligencia-artificial-e-ingenierias-de-la-udc\/#primaryimage","url":"https:\/\/www.ucaldas.edu.co\/portal\/wp-content\/uploads\/2024\/11\/Imagen-JICA.jpg","contentUrl":"https:\/\/www.ucaldas.edu.co\/portal\/wp-content\/uploads\/2024\/11\/Imagen-JICA.jpg","width":1280,"height":720},{"@type":"BreadcrumbList","@id":"https:\/\/www.ucaldas.edu.co\/portal\/agencia-de-cooperacion-internacional-del-japon-traza-lazos-con-la-primera-facultad-de-inteligencia-artificial-e-ingenierias-de-la-udc\/#breadcrumb","itemListElement":[{"@type":"ListItem","position":1,"name":"Portada","item":"https:\/\/www.ucaldas.edu.co\/portal\/"},{"@type":"ListItem","position":2,"name":"Agencia de Cooperaci\u00f3n Internacional del Jap\u00f3n traza lazos con la primera Facultad de Inteligencia Artificial e Ingenier\u00edas de la UDC"}]},{"@type":"WebSite","@id":"https:\/\/www.ucaldas.edu.co\/portal\/#website","url":"https:\/\/www.ucaldas.edu.co\/portal\/","name":"Universidad de Caldas","description":"","publisher":{"@id":"https:\/\/www.ucaldas.edu.co\/portal\/#organization"},"alternateName":"U. de Caldas","potentialAction":[{"@type":"SearchAction","target":{"@type":"EntryPoint","urlTemplate":"https:\/\/www.ucaldas.edu.co\/portal\/?s={search_term_string}"},"query-input":{"@type":"PropertyValueSpecification","valueRequired":true,"valueName":"search_term_string"}}],"inLanguage":"es"},{"@type":"Organization","@id":"https:\/\/www.ucaldas.edu.co\/portal\/#organization","name":"Universidad de Caldas","alternateName":"U. de Caldas","url":"https:\/\/www.ucaldas.edu.co\/portal\/","logo":{"@type":"ImageObject","inLanguage":"es","@id":"https:\/\/www.ucaldas.edu.co\/portal\/#\/schema\/logo\/image\/","url":"https:\/\/www.ucaldas.edu.co\/portal\/wp-content\/uploads\/2023\/11\/Logo_horizontal_oscuroU-2023.png","contentUrl":"https:\/\/www.ucaldas.edu.co\/portal\/wp-content\/uploads\/2023\/11\/Logo_horizontal_oscuroU-2023.png","width":263,"height":101,"caption":"Universidad de Caldas"},"image":{"@id":"https:\/\/www.ucaldas.edu.co\/portal\/#\/schema\/logo\/image\/"},"sameAs":["https:\/\/www.facebook.com\/udecaldas","https:\/\/x.com\/udecaldas","https:\/\/www.youtube.com\/universidadcaldas","https:\/\/www.instagram.com\/udecaldas\/"]},{"@type":"Person","@id":"https:\/\/www.ucaldas.edu.co\/portal\/#\/schema\/person\/a1b482e23449158b4bc319926c074fdf","name":"ofiprensa","image":{"@type":"ImageObject","inLanguage":"es","@id":"https:\/\/www.ucaldas.edu.co\/portal\/wp-content\/litespeed\/avatar\/09ea5085e600095a7a811142c6944527.jpg?ver=1776892805","url":"https:\/\/www.ucaldas.edu.co\/portal\/wp-content\/litespeed\/avatar\/09ea5085e600095a7a811142c6944527.jpg?ver=1776892805","contentUrl":"https:\/\/www.ucaldas.edu.co\/portal\/wp-content\/litespeed\/avatar\/09ea5085e600095a7a811142c6944527.jpg?ver=1776892805","caption":"ofiprensa"},"url":"https:\/\/www.ucaldas.edu.co\/portal\/author\/ofiprensa\/"}]}},"_links":{"self":[{"href":"https:\/\/www.ucaldas.edu.co\/portal\/wp-json\/wp\/v2\/posts\/85425","targetHints":{"allow":["GET"]}}],"collection":[{"href":"https:\/\/www.ucaldas.edu.co\/portal\/wp-json\/wp\/v2\/posts"}],"about":[{"href":"https:\/\/www.ucaldas.edu.co\/portal\/wp-json\/wp\/v2\/types\/post"}],"author":[{"embeddable":true,"href":"https:\/\/www.ucaldas.edu.co\/portal\/wp-json\/wp\/v2\/users\/2"}],"replies":[{"embeddable":true,"href":"https:\/\/www.ucaldas.edu.co\/portal\/wp-json\/wp\/v2\/comments?post=85425"}],"version-history":[{"count":0,"href":"https:\/\/www.ucaldas.edu.co\/portal\/wp-json\/wp\/v2\/posts\/85425\/revisions"}],"wp:featuredmedia":[{"embeddable":true,"href":"https:\/\/www.ucaldas.edu.co\/portal\/wp-json\/wp\/v2\/media\/85427"}],"wp:attachment":[{"href":"https:\/\/www.ucaldas.edu.co\/portal\/wp-json\/wp\/v2\/media?parent=85425"}],"wp:term":[{"taxonomy":"category","embeddable":true,"href":"https:\/\/www.ucaldas.edu.co\/portal\/wp-json\/wp\/v2\/categories?post=85425"},{"taxonomy":"post_tag","embeddable":true,"href":"https:\/\/www.ucaldas.edu.co\/portal\/wp-json\/wp\/v2\/tags?post=85425"}],"curies":[{"name":"wp","href":"https:\/\/api.w.org\/{rel}","templated":true}]}}