{"id":85419,"date":"2024-11-26T17:17:32","date_gmt":"2024-11-26T22:17:32","guid":{"rendered":"https:\/\/www.ucaldas.edu.co\/portal\/?p=85419"},"modified":"2024-11-26T17:17:32","modified_gmt":"2024-11-26T22:17:32","slug":"universidad-de-caldas-avanza-en-el-fortalecimiento-de-procesos-de-aseguramiento-de-la-calidad-con-el-apoyo-de-expertos-nacionales","status":"publish","type":"post","link":"https:\/\/www.ucaldas.edu.co\/portal\/universidad-de-caldas-avanza-en-el-fortalecimiento-de-procesos-de-aseguramiento-de-la-calidad-con-el-apoyo-de-expertos-nacionales\/","title":{"rendered":"Universidad de Caldas avanza en el fortalecimiento de procesos de aseguramiento de la calidad, con el apoyo de expertos nacionales"},"content":{"rendered":"<p style=\"text-align: justify;\"><img loading=\"lazy\" decoding=\"async\" class=\"alignnone size-full wp-image-85423\" src=\"https:\/\/www.ucaldas.edu.co\/portal\/wp-content\/uploads\/2024\/11\/aseguramiento-valen.jpg\" alt=\"\" width=\"1600\" height=\"1200\" \/>En el \u00e1mbito de una convocatoria del Ministerio de Educaci\u00f3n Nacional, la Universidad de Caldas contin\u00faa impulsando el fortalecimiento de sus procesos de aseguramiento de la calidad de la educaci\u00f3n superior. Esta iniciativa busca ofrecer acompa\u00f1amiento a las instituciones en diversas l\u00edneas asociadas con la autoevaluaci\u00f3n, acreditaci\u00f3n y reacreditaci\u00f3n institucional.<!--more--><\/p>\n<p style=\"text-align: justify;\">En este contexto, la Universidad de Caldas se inscribi\u00f3 en la convocatoria para recibir apoyo en sus procesos de autoevaluaci\u00f3n con miras a la reacreditaci\u00f3n institucional. Hoy, la universidad recibe la visita de un grupo de expertos de la Instituci\u00f3n Universitaria Pascual Bravo, coordinadora de esta convocatoria, junto con un funcionario de la Subdirecci\u00f3n de Aseguramiento de la Calidad del Ministerio de Educaci\u00f3n Nacional. La visita tiene como objetivo verificar que el proceso de acompa\u00f1amiento se est\u00e9 llevando a cabo de acuerdo con los requerimientos establecidos y evaluar el impacto de esta colaboraci\u00f3n en los procesos internos de la universidad.<\/p>\n<p style=\"text-align: justify;\">Juli\u00e1n Orozco Ospina, Jefe de la Oficina de Evaluaci\u00f3n y Calidad de la Universidad de Caldas, destac\u00f3 que, a pesar de que la instituci\u00f3n ya cuenta con experiencia en acreditaci\u00f3n y otros procesos de calidad, este acompa\u00f1amiento es una valiosa oportunidad para aprender de las mejores pr\u00e1cticas implementadas por otras universidades del pa\u00eds, como la Universidad de Antioquia.<\/p>\n<p style=\"text-align: justify;\">\u201cLas universidades, aunque estemos acreditadas, siempre tenemos algo nuevo por aprender. Esta convocatoria nos ha permitido conocer metodolog\u00edas y experiencias que podr\u00edamos analizar e implementar para seguir mejorando nuestros propios procesos\u201d, se\u00f1al\u00f3 Orozco Ospina.<\/p>\n<p style=\"text-align: justify;\">Por su parte, Lina Mar\u00eda Mu\u00f1oz Osorio, par acad\u00e9mico que acompa\u00f1a el proceso en la Universidad de Caldas, enfatiz\u00f3 la importancia de esta iniciativa en t\u00e9rminos de la colaboraci\u00f3n y el intercambio de experiencias. \u201cEste proyecto no solo nos permite fortalecer nuestra universidad a nivel territorial, sino que tambi\u00e9n nos brinda la oportunidad de conectar con otras instituciones y compartir aprendizajes que nutren todo el sistema universitario del pa\u00eds\u201d, afirm\u00f3 Mu\u00f1oz Osorio.<\/p>\n<p style=\"text-align: justify;\">En cuanto a la Universidad de Antioquia, representada por Mauricio S\u00e1nchez, analista de la Vicerrector\u00eda de Docencia, destac\u00f3 que la universidad tiene una larga trayectoria en los procesos de aseguramiento de la calidad, lo cual ha sido clave en el acompa\u00f1amiento a la Universidad de Caldas. \u201cEste proceso es una excelente oportunidad para generar comunidades de aprendizaje en torno a la calidad educativa. A trav\u00e9s de esta colaboraci\u00f3n, esperamos generar aprendizajes mutuos y contribuir a mejorar la manera en la que nos autoevaluamos con fines de acreditaci\u00f3n\u201d, afirm\u00f3 S\u00e1nchez.<\/p>\n<p style=\"text-align: justify;\">Con esta iniciativa, la Universidad de Caldas no solo refuerza sus propios procesos internos, sino que tambi\u00e9n se consolida como un referente en el \u00e1mbito nacional en lo que respecta al aseguramiento de la calidad en la educaci\u00f3n superior, buscando siempre la mejora continua y el cumplimiento de las metas trazadas para el bienestar acad\u00e9mico y la formaci\u00f3n de sus estudiantes.<\/p>\n<p style=\"text-align: justify;\">Esta colaboraci\u00f3n interinstitucional marca un paso m\u00e1s en el compromiso de la Universidad de Caldas con la excelencia educativa y su papel activo en el fortalecimiento de la calidad educativa a nivel nacional.<\/p>\n<p><strong>\u00a0<\/strong><strong>Anexo:<\/strong><\/p>\n<p><a href=\"https:\/\/www.ucaldas.edu.co\/portal\/wp-content\/uploads\/2024\/11\/julian-calidad.mp3\"><strong>-Audio Jefe de la Oficina de Evaluaci\u00f3n y Calidad de la Universidad de Caldas, Juli\u00e1n Orozco Ospina.<\/strong><\/a><\/p>\n<audio class=\"wp-audio-shortcode\" id=\"audio-85419-1\" preload=\"none\" style=\"width: 100%;\" controls=\"controls\"><source type=\"audio\/mpeg\" src=\"https:\/\/www.ucaldas.edu.co\/portal\/wp-content\/uploads\/2024\/11\/julian-calidad.mp3?_=1\" \/><a href=\"https:\/\/www.ucaldas.edu.co\/portal\/wp-content\/uploads\/2024\/11\/julian-calidad.mp3\">https:\/\/www.ucaldas.edu.co\/portal\/wp-content\/uploads\/2024\/11\/julian-calidad.mp3<\/a><\/audio>\n<p><a href=\"https:\/\/www.ucaldas.edu.co\/portal\/wp-content\/uploads\/2024\/11\/mauricio-calidad.mp3\"><strong>-Audio Analista de la Vicerrector\u00eda de Docencia Universidad de Antioquia, Mauricio S\u00e1nchez.<\/strong><\/a><\/p>\n<audio class=\"wp-audio-shortcode\" id=\"audio-85419-2\" preload=\"none\" style=\"width: 100%;\" controls=\"controls\"><source type=\"audio\/mpeg\" src=\"https:\/\/www.ucaldas.edu.co\/portal\/wp-content\/uploads\/2024\/11\/mauricio-calidad.mp3?_=2\" \/><a href=\"https:\/\/www.ucaldas.edu.co\/portal\/wp-content\/uploads\/2024\/11\/mauricio-calidad.mp3\">https:\/\/www.ucaldas.edu.co\/portal\/wp-content\/uploads\/2024\/11\/mauricio-calidad.mp3<\/a><\/audio>\n<p><a href=\"https:\/\/www.ucaldas.edu.co\/portal\/wp-content\/uploads\/2024\/11\/lina-calidad.mp3\"><strong>-Audio Par Acad\u00e9mico, Lina Mar\u00eda Mu\u00f1oz Osorio.<\/strong><\/a><\/p>\n<audio class=\"wp-audio-shortcode\" id=\"audio-85419-3\" preload=\"none\" style=\"width: 100%;\" controls=\"controls\"><source type=\"audio\/mpeg\" src=\"https:\/\/www.ucaldas.edu.co\/portal\/wp-content\/uploads\/2024\/11\/lina-calidad.mp3?_=3\" \/><a href=\"https:\/\/www.ucaldas.edu.co\/portal\/wp-content\/uploads\/2024\/11\/lina-calidad.mp3\">https:\/\/www.ucaldas.edu.co\/portal\/wp-content\/uploads\/2024\/11\/lina-calidad.mp3<\/a><\/audio>\n<p><strong>\u00a0<\/strong><\/p>\n","protected":false},"excerpt":{"rendered":"<p>En el \u00e1mbito de una convocatoria del Ministerio de Educaci\u00f3n Nacional, la Universidad de Caldas contin\u00faa impulsando el fortalecimiento de sus procesos de aseguramiento de la calidad de la educaci\u00f3n superior. Esta iniciativa busca ofrecer acompa\u00f1amiento a las instituciones en diversas l\u00edneas asociadas con la autoevaluaci\u00f3n, acreditaci\u00f3n y reacreditaci\u00f3n institucional.<\/p>\n","protected":false},"author":2,"featured_media":85423,"comment_status":"closed","ping_status":"open","sticky":false,"template":"","format":"standard","meta":{"footnotes":""},"categories":[48,53],"tags":[240,2192,2640,8795],"class_list":["post-85419","post","type-post","status-publish","format-standard","has-post-thumbnail","hentry","category-actualidad","category-universidad-al-dia","tag-autoevaluacion-institucional","tag-universidad-de-caldas-u-de-caldas","tag-reacreditacion-institucional","tag-calidad-academica"],"yoast_head":"<!-- This site is optimized with the Yoast SEO plugin v27.5 - https:\/\/yoast.com\/product\/yoast-seo-wordpress\/ -->\n<title>Universidad de Caldas avanza en el fortalecimiento de procesos de aseguramiento de la calidad, con el apoyo de expertos nacionales .<\/title>\n<meta name=\"robots\" content=\"index, follow, max-snippet:-1, max-image-preview:large, max-video-preview:-1\" \/>\n<link rel=\"canonical\" href=\"https:\/\/www.ucaldas.edu.co\/portal\/universidad-de-caldas-avanza-en-el-fortalecimiento-de-procesos-de-aseguramiento-de-la-calidad-con-el-apoyo-de-expertos-nacionales\/\" \/>\n<script type=\"application\/ld+json\" class=\"yoast-schema-graph\">{\"@context\":\"https:\\\/\\\/schema.org\",\"@graph\":[{\"@type\":\"Article\",\"@id\":\"https:\\\/\\\/www.ucaldas.edu.co\\\/portal\\\/universidad-de-caldas-avanza-en-el-fortalecimiento-de-procesos-de-aseguramiento-de-la-calidad-con-el-apoyo-de-expertos-nacionales\\\/#article\",\"isPartOf\":{\"@id\":\"https:\\\/\\\/www.ucaldas.edu.co\\\/portal\\\/universidad-de-caldas-avanza-en-el-fortalecimiento-de-procesos-de-aseguramiento-de-la-calidad-con-el-apoyo-de-expertos-nacionales\\\/\"},\"author\":{\"name\":\"ofiprensa\",\"@id\":\"https:\\\/\\\/www.ucaldas.edu.co\\\/portal\\\/#\\\/schema\\\/person\\\/a1b482e23449158b4bc319926c074fdf\"},\"headline\":\"Universidad de Caldas avanza en el fortalecimiento de procesos de aseguramiento de la calidad, con el apoyo de expertos nacionales\",\"datePublished\":\"2024-11-26T22:17:32+00:00\",\"mainEntityOfPage\":{\"@id\":\"https:\\\/\\\/www.ucaldas.edu.co\\\/portal\\\/universidad-de-caldas-avanza-en-el-fortalecimiento-de-procesos-de-aseguramiento-de-la-calidad-con-el-apoyo-de-expertos-nacionales\\\/\"},\"wordCount\":647,\"publisher\":{\"@id\":\"https:\\\/\\\/www.ucaldas.edu.co\\\/portal\\\/#organization\"},\"image\":{\"@id\":\"https:\\\/\\\/www.ucaldas.edu.co\\\/portal\\\/universidad-de-caldas-avanza-en-el-fortalecimiento-de-procesos-de-aseguramiento-de-la-calidad-con-el-apoyo-de-expertos-nacionales\\\/#primaryimage\"},\"thumbnailUrl\":\"https:\\\/\\\/www.ucaldas.edu.co\\\/portal\\\/wp-content\\\/uploads\\\/2024\\\/11\\\/aseguramiento-valen.jpg\",\"keywords\":[\"Autoevaluaci\u00f3n Institucional\",\"Universidad de Caldas. U. de Caldas\",\"Reacreditaci\u00f3n Institucional\",\"calidad acad\u00e9mica\"],\"articleSection\":[\"Actualidad\",\"Universidad al D\u00eda\"],\"inLanguage\":\"es\"},{\"@type\":\"WebPage\",\"@id\":\"https:\\\/\\\/www.ucaldas.edu.co\\\/portal\\\/universidad-de-caldas-avanza-en-el-fortalecimiento-de-procesos-de-aseguramiento-de-la-calidad-con-el-apoyo-de-expertos-nacionales\\\/\",\"url\":\"https:\\\/\\\/www.ucaldas.edu.co\\\/portal\\\/universidad-de-caldas-avanza-en-el-fortalecimiento-de-procesos-de-aseguramiento-de-la-calidad-con-el-apoyo-de-expertos-nacionales\\\/\",\"name\":\"Universidad de Caldas avanza en el fortalecimiento de procesos de aseguramiento de la calidad, con el apoyo de expertos nacionales .\",\"isPartOf\":{\"@id\":\"https:\\\/\\\/www.ucaldas.edu.co\\\/portal\\\/#website\"},\"primaryImageOfPage\":{\"@id\":\"https:\\\/\\\/www.ucaldas.edu.co\\\/portal\\\/universidad-de-caldas-avanza-en-el-fortalecimiento-de-procesos-de-aseguramiento-de-la-calidad-con-el-apoyo-de-expertos-nacionales\\\/#primaryimage\"},\"image\":{\"@id\":\"https:\\\/\\\/www.ucaldas.edu.co\\\/portal\\\/universidad-de-caldas-avanza-en-el-fortalecimiento-de-procesos-de-aseguramiento-de-la-calidad-con-el-apoyo-de-expertos-nacionales\\\/#primaryimage\"},\"thumbnailUrl\":\"https:\\\/\\\/www.ucaldas.edu.co\\\/portal\\\/wp-content\\\/uploads\\\/2024\\\/11\\\/aseguramiento-valen.jpg\",\"datePublished\":\"2024-11-26T22:17:32+00:00\",\"breadcrumb\":{\"@id\":\"https:\\\/\\\/www.ucaldas.edu.co\\\/portal\\\/universidad-de-caldas-avanza-en-el-fortalecimiento-de-procesos-de-aseguramiento-de-la-calidad-con-el-apoyo-de-expertos-nacionales\\\/#breadcrumb\"},\"inLanguage\":\"es\",\"potentialAction\":[{\"@type\":\"ReadAction\",\"target\":[\"https:\\\/\\\/www.ucaldas.edu.co\\\/portal\\\/universidad-de-caldas-avanza-en-el-fortalecimiento-de-procesos-de-aseguramiento-de-la-calidad-con-el-apoyo-de-expertos-nacionales\\\/\"]}]},{\"@type\":\"ImageObject\",\"inLanguage\":\"es\",\"@id\":\"https:\\\/\\\/www.ucaldas.edu.co\\\/portal\\\/universidad-de-caldas-avanza-en-el-fortalecimiento-de-procesos-de-aseguramiento-de-la-calidad-con-el-apoyo-de-expertos-nacionales\\\/#primaryimage\",\"url\":\"https:\\\/\\\/www.ucaldas.edu.co\\\/portal\\\/wp-content\\\/uploads\\\/2024\\\/11\\\/aseguramiento-valen.jpg\",\"contentUrl\":\"https:\\\/\\\/www.ucaldas.edu.co\\\/portal\\\/wp-content\\\/uploads\\\/2024\\\/11\\\/aseguramiento-valen.jpg\",\"width\":1600,\"height\":1200},{\"@type\":\"BreadcrumbList\",\"@id\":\"https:\\\/\\\/www.ucaldas.edu.co\\\/portal\\\/universidad-de-caldas-avanza-en-el-fortalecimiento-de-procesos-de-aseguramiento-de-la-calidad-con-el-apoyo-de-expertos-nacionales\\\/#breadcrumb\",\"itemListElement\":[{\"@type\":\"ListItem\",\"position\":1,\"name\":\"Portada\",\"item\":\"https:\\\/\\\/www.ucaldas.edu.co\\\/portal\\\/\"},{\"@type\":\"ListItem\",\"position\":2,\"name\":\"Universidad de Caldas avanza en el fortalecimiento de procesos de aseguramiento de la calidad, con el apoyo de expertos nacionales\"}]},{\"@type\":\"WebSite\",\"@id\":\"https:\\\/\\\/www.ucaldas.edu.co\\\/portal\\\/#website\",\"url\":\"https:\\\/\\\/www.ucaldas.edu.co\\\/portal\\\/\",\"name\":\"Universidad de Caldas\",\"description\":\"\",\"publisher\":{\"@id\":\"https:\\\/\\\/www.ucaldas.edu.co\\\/portal\\\/#organization\"},\"alternateName\":\"U. de Caldas\",\"potentialAction\":[{\"@type\":\"SearchAction\",\"target\":{\"@type\":\"EntryPoint\",\"urlTemplate\":\"https:\\\/\\\/www.ucaldas.edu.co\\\/portal\\\/?s={search_term_string}\"},\"query-input\":{\"@type\":\"PropertyValueSpecification\",\"valueRequired\":true,\"valueName\":\"search_term_string\"}}],\"inLanguage\":\"es\"},{\"@type\":\"Organization\",\"@id\":\"https:\\\/\\\/www.ucaldas.edu.co\\\/portal\\\/#organization\",\"name\":\"Universidad de Caldas\",\"alternateName\":\"U. de Caldas\",\"url\":\"https:\\\/\\\/www.ucaldas.edu.co\\\/portal\\\/\",\"logo\":{\"@type\":\"ImageObject\",\"inLanguage\":\"es\",\"@id\":\"https:\\\/\\\/www.ucaldas.edu.co\\\/portal\\\/#\\\/schema\\\/logo\\\/image\\\/\",\"url\":\"https:\\\/\\\/www.ucaldas.edu.co\\\/portal\\\/wp-content\\\/uploads\\\/2023\\\/11\\\/Logo_horizontal_oscuroU-2023.png\",\"contentUrl\":\"https:\\\/\\\/www.ucaldas.edu.co\\\/portal\\\/wp-content\\\/uploads\\\/2023\\\/11\\\/Logo_horizontal_oscuroU-2023.png\",\"width\":263,\"height\":101,\"caption\":\"Universidad de Caldas\"},\"image\":{\"@id\":\"https:\\\/\\\/www.ucaldas.edu.co\\\/portal\\\/#\\\/schema\\\/logo\\\/image\\\/\"},\"sameAs\":[\"https:\\\/\\\/www.facebook.com\\\/udecaldas\",\"https:\\\/\\\/x.com\\\/udecaldas\",\"https:\\\/\\\/www.youtube.com\\\/universidadcaldas\",\"https:\\\/\\\/www.instagram.com\\\/udecaldas\\\/\"]},{\"@type\":\"Person\",\"@id\":\"https:\\\/\\\/www.ucaldas.edu.co\\\/portal\\\/#\\\/schema\\\/person\\\/a1b482e23449158b4bc319926c074fdf\",\"name\":\"ofiprensa\",\"image\":{\"@type\":\"ImageObject\",\"inLanguage\":\"es\",\"@id\":\"https:\\\/\\\/www.ucaldas.edu.co\\\/portal\\\/wp-content\\\/litespeed\\\/avatar\\\/09ea5085e600095a7a811142c6944527.jpg?ver=1777497608\",\"url\":\"https:\\\/\\\/www.ucaldas.edu.co\\\/portal\\\/wp-content\\\/litespeed\\\/avatar\\\/09ea5085e600095a7a811142c6944527.jpg?ver=1777497608\",\"contentUrl\":\"https:\\\/\\\/www.ucaldas.edu.co\\\/portal\\\/wp-content\\\/litespeed\\\/avatar\\\/09ea5085e600095a7a811142c6944527.jpg?ver=1777497608\",\"caption\":\"ofiprensa\"},\"url\":\"https:\\\/\\\/www.ucaldas.edu.co\\\/portal\\\/author\\\/ofiprensa\\\/\"}]}<\/script>\n<!-- \/ Yoast SEO plugin. -->","yoast_head_json":{"title":"Universidad de Caldas avanza en el fortalecimiento de procesos de aseguramiento de la calidad, con el apoyo de expertos nacionales .","robots":{"index":"index","follow":"follow","max-snippet":"max-snippet:-1","max-image-preview":"max-image-preview:large","max-video-preview":"max-video-preview:-1"},"canonical":"https:\/\/www.ucaldas.edu.co\/portal\/universidad-de-caldas-avanza-en-el-fortalecimiento-de-procesos-de-aseguramiento-de-la-calidad-con-el-apoyo-de-expertos-nacionales\/","schema":{"@context":"https:\/\/schema.org","@graph":[{"@type":"Article","@id":"https:\/\/www.ucaldas.edu.co\/portal\/universidad-de-caldas-avanza-en-el-fortalecimiento-de-procesos-de-aseguramiento-de-la-calidad-con-el-apoyo-de-expertos-nacionales\/#article","isPartOf":{"@id":"https:\/\/www.ucaldas.edu.co\/portal\/universidad-de-caldas-avanza-en-el-fortalecimiento-de-procesos-de-aseguramiento-de-la-calidad-con-el-apoyo-de-expertos-nacionales\/"},"author":{"name":"ofiprensa","@id":"https:\/\/www.ucaldas.edu.co\/portal\/#\/schema\/person\/a1b482e23449158b4bc319926c074fdf"},"headline":"Universidad de Caldas avanza en el fortalecimiento de procesos de aseguramiento de la calidad, con el apoyo de expertos nacionales","datePublished":"2024-11-26T22:17:32+00:00","mainEntityOfPage":{"@id":"https:\/\/www.ucaldas.edu.co\/portal\/universidad-de-caldas-avanza-en-el-fortalecimiento-de-procesos-de-aseguramiento-de-la-calidad-con-el-apoyo-de-expertos-nacionales\/"},"wordCount":647,"publisher":{"@id":"https:\/\/www.ucaldas.edu.co\/portal\/#organization"},"image":{"@id":"https:\/\/www.ucaldas.edu.co\/portal\/universidad-de-caldas-avanza-en-el-fortalecimiento-de-procesos-de-aseguramiento-de-la-calidad-con-el-apoyo-de-expertos-nacionales\/#primaryimage"},"thumbnailUrl":"https:\/\/www.ucaldas.edu.co\/portal\/wp-content\/uploads\/2024\/11\/aseguramiento-valen.jpg","keywords":["Autoevaluaci\u00f3n Institucional","Universidad de Caldas. U. de Caldas","Reacreditaci\u00f3n Institucional","calidad acad\u00e9mica"],"articleSection":["Actualidad","Universidad al D\u00eda"],"inLanguage":"es"},{"@type":"WebPage","@id":"https:\/\/www.ucaldas.edu.co\/portal\/universidad-de-caldas-avanza-en-el-fortalecimiento-de-procesos-de-aseguramiento-de-la-calidad-con-el-apoyo-de-expertos-nacionales\/","url":"https:\/\/www.ucaldas.edu.co\/portal\/universidad-de-caldas-avanza-en-el-fortalecimiento-de-procesos-de-aseguramiento-de-la-calidad-con-el-apoyo-de-expertos-nacionales\/","name":"Universidad de Caldas avanza en el fortalecimiento de procesos de aseguramiento de la calidad, con el apoyo de expertos nacionales .","isPartOf":{"@id":"https:\/\/www.ucaldas.edu.co\/portal\/#website"},"primaryImageOfPage":{"@id":"https:\/\/www.ucaldas.edu.co\/portal\/universidad-de-caldas-avanza-en-el-fortalecimiento-de-procesos-de-aseguramiento-de-la-calidad-con-el-apoyo-de-expertos-nacionales\/#primaryimage"},"image":{"@id":"https:\/\/www.ucaldas.edu.co\/portal\/universidad-de-caldas-avanza-en-el-fortalecimiento-de-procesos-de-aseguramiento-de-la-calidad-con-el-apoyo-de-expertos-nacionales\/#primaryimage"},"thumbnailUrl":"https:\/\/www.ucaldas.edu.co\/portal\/wp-content\/uploads\/2024\/11\/aseguramiento-valen.jpg","datePublished":"2024-11-26T22:17:32+00:00","breadcrumb":{"@id":"https:\/\/www.ucaldas.edu.co\/portal\/universidad-de-caldas-avanza-en-el-fortalecimiento-de-procesos-de-aseguramiento-de-la-calidad-con-el-apoyo-de-expertos-nacionales\/#breadcrumb"},"inLanguage":"es","potentialAction":[{"@type":"ReadAction","target":["https:\/\/www.ucaldas.edu.co\/portal\/universidad-de-caldas-avanza-en-el-fortalecimiento-de-procesos-de-aseguramiento-de-la-calidad-con-el-apoyo-de-expertos-nacionales\/"]}]},{"@type":"ImageObject","inLanguage":"es","@id":"https:\/\/www.ucaldas.edu.co\/portal\/universidad-de-caldas-avanza-en-el-fortalecimiento-de-procesos-de-aseguramiento-de-la-calidad-con-el-apoyo-de-expertos-nacionales\/#primaryimage","url":"https:\/\/www.ucaldas.edu.co\/portal\/wp-content\/uploads\/2024\/11\/aseguramiento-valen.jpg","contentUrl":"https:\/\/www.ucaldas.edu.co\/portal\/wp-content\/uploads\/2024\/11\/aseguramiento-valen.jpg","width":1600,"height":1200},{"@type":"BreadcrumbList","@id":"https:\/\/www.ucaldas.edu.co\/portal\/universidad-de-caldas-avanza-en-el-fortalecimiento-de-procesos-de-aseguramiento-de-la-calidad-con-el-apoyo-de-expertos-nacionales\/#breadcrumb","itemListElement":[{"@type":"ListItem","position":1,"name":"Portada","item":"https:\/\/www.ucaldas.edu.co\/portal\/"},{"@type":"ListItem","position":2,"name":"Universidad de Caldas avanza en el fortalecimiento de procesos de aseguramiento de la calidad, con el apoyo de expertos nacionales"}]},{"@type":"WebSite","@id":"https:\/\/www.ucaldas.edu.co\/portal\/#website","url":"https:\/\/www.ucaldas.edu.co\/portal\/","name":"Universidad de Caldas","description":"","publisher":{"@id":"https:\/\/www.ucaldas.edu.co\/portal\/#organization"},"alternateName":"U. de Caldas","potentialAction":[{"@type":"SearchAction","target":{"@type":"EntryPoint","urlTemplate":"https:\/\/www.ucaldas.edu.co\/portal\/?s={search_term_string}"},"query-input":{"@type":"PropertyValueSpecification","valueRequired":true,"valueName":"search_term_string"}}],"inLanguage":"es"},{"@type":"Organization","@id":"https:\/\/www.ucaldas.edu.co\/portal\/#organization","name":"Universidad de Caldas","alternateName":"U. de Caldas","url":"https:\/\/www.ucaldas.edu.co\/portal\/","logo":{"@type":"ImageObject","inLanguage":"es","@id":"https:\/\/www.ucaldas.edu.co\/portal\/#\/schema\/logo\/image\/","url":"https:\/\/www.ucaldas.edu.co\/portal\/wp-content\/uploads\/2023\/11\/Logo_horizontal_oscuroU-2023.png","contentUrl":"https:\/\/www.ucaldas.edu.co\/portal\/wp-content\/uploads\/2023\/11\/Logo_horizontal_oscuroU-2023.png","width":263,"height":101,"caption":"Universidad de Caldas"},"image":{"@id":"https:\/\/www.ucaldas.edu.co\/portal\/#\/schema\/logo\/image\/"},"sameAs":["https:\/\/www.facebook.com\/udecaldas","https:\/\/x.com\/udecaldas","https:\/\/www.youtube.com\/universidadcaldas","https:\/\/www.instagram.com\/udecaldas\/"]},{"@type":"Person","@id":"https:\/\/www.ucaldas.edu.co\/portal\/#\/schema\/person\/a1b482e23449158b4bc319926c074fdf","name":"ofiprensa","image":{"@type":"ImageObject","inLanguage":"es","@id":"https:\/\/www.ucaldas.edu.co\/portal\/wp-content\/litespeed\/avatar\/09ea5085e600095a7a811142c6944527.jpg?ver=1777497608","url":"https:\/\/www.ucaldas.edu.co\/portal\/wp-content\/litespeed\/avatar\/09ea5085e600095a7a811142c6944527.jpg?ver=1777497608","contentUrl":"https:\/\/www.ucaldas.edu.co\/portal\/wp-content\/litespeed\/avatar\/09ea5085e600095a7a811142c6944527.jpg?ver=1777497608","caption":"ofiprensa"},"url":"https:\/\/www.ucaldas.edu.co\/portal\/author\/ofiprensa\/"}]}},"_links":{"self":[{"href":"https:\/\/www.ucaldas.edu.co\/portal\/wp-json\/wp\/v2\/posts\/85419","targetHints":{"allow":["GET"]}}],"collection":[{"href":"https:\/\/www.ucaldas.edu.co\/portal\/wp-json\/wp\/v2\/posts"}],"about":[{"href":"https:\/\/www.ucaldas.edu.co\/portal\/wp-json\/wp\/v2\/types\/post"}],"author":[{"embeddable":true,"href":"https:\/\/www.ucaldas.edu.co\/portal\/wp-json\/wp\/v2\/users\/2"}],"replies":[{"embeddable":true,"href":"https:\/\/www.ucaldas.edu.co\/portal\/wp-json\/wp\/v2\/comments?post=85419"}],"version-history":[{"count":0,"href":"https:\/\/www.ucaldas.edu.co\/portal\/wp-json\/wp\/v2\/posts\/85419\/revisions"}],"wp:featuredmedia":[{"embeddable":true,"href":"https:\/\/www.ucaldas.edu.co\/portal\/wp-json\/wp\/v2\/media\/85423"}],"wp:attachment":[{"href":"https:\/\/www.ucaldas.edu.co\/portal\/wp-json\/wp\/v2\/media?parent=85419"}],"wp:term":[{"taxonomy":"category","embeddable":true,"href":"https:\/\/www.ucaldas.edu.co\/portal\/wp-json\/wp\/v2\/categories?post=85419"},{"taxonomy":"post_tag","embeddable":true,"href":"https:\/\/www.ucaldas.edu.co\/portal\/wp-json\/wp\/v2\/tags?post=85419"}],"curies":[{"name":"wp","href":"https:\/\/api.w.org\/{rel}","templated":true}]}}