{"id":85379,"date":"2024-11-21T14:56:10","date_gmt":"2024-11-21T19:56:10","guid":{"rendered":"https:\/\/www.ucaldas.edu.co\/portal\/?p=85379"},"modified":"2024-11-22T11:56:59","modified_gmt":"2024-11-22T16:56:59","slug":"semillero-de-sociolinguistica-ganador-del-29-o-premio-de-periodismo-ciudad-de-manizales-con-freestyle-manizaleno-cronica-al-ritmo-del-rap","status":"publish","type":"post","link":"https:\/\/www.ucaldas.edu.co\/portal\/semillero-de-sociolinguistica-ganador-del-29-o-premio-de-periodismo-ciudad-de-manizales-con-freestyle-manizaleno-cronica-al-ritmo-del-rap\/","title":{"rendered":"Semillero de Socioling\u00fc\u00edstica ganador del 29.\u00ba Premio de Periodismo Ciudad de Manizales con \u201cFreestyle manizale\u00f1o: Cr\u00f3nica al ritmo del rap\u201d"},"content":{"rendered":"<p>&nbsp;<\/p>\n<p style=\"text-align: justify;\"><img loading=\"lazy\" decoding=\"async\" class=\"alignnone size-full wp-image-85381\" src=\"https:\/\/www.ucaldas.edu.co\/portal\/wp-content\/uploads\/2024\/11\/Reconocimiento_Semillero_Sociolingu\u0308i\u0301stica.jpg\" alt=\"\" width=\"1300\" height=\"1300\" \/><\/p>\n<p style=\"text-align: justify;\">El lunes 18 de noviembre, en el Teatro Los Fundadores, la Alcald\u00eda de Manizales dio a conocer los galardonados en seis categor\u00edas al Premio de Periodismo Ciudad de Manizales, que lleva el nombre de Orlando Sierra Hern\u00e1ndez. En la categor\u00eda Profesional, cinco integrantes del semillero de socioling\u00fc\u00edstica de la Universidad de Caldas ganaron el mejor Trabajo de Radio con la cr\u00f3nica: \u201cFreestyle manizale\u00f1o: Cr\u00f3nica al ritmo del rap\u201d.<!--more--><\/p>\n<p style=\"text-align: justify;\">La Vicerrector\u00eda de Investigaciones y Posgrados de la Universidad de Caldas, extiende un reconocimiento especial a las estudiantes y docentes: Mar\u00eda Ang\u00e9lica Zuluaga, Gladys Pasuy, Nathaly S\u00e1nchez, Alejandra Marulanda y Ana Sof\u00eda Cruz, que contribuyen a las investigaciones con dedicaci\u00f3n y originalidad adquiriendo grandes logros como estos.<\/p>\n<p style=\"text-align: justify;\"><strong>El proyecto:<\/strong><\/p>\n<p style=\"text-align: justify;\">\u201cFreestyle manizale\u00f1o: Cr\u00f3nica al ritmo del rap\u201d, se realiz\u00f3 en el marco de dos investigaciones: Las voces del freestyle y La (Des) cortes\u00eda, magia oral en el freestyle, un estudio socio pragm\u00e1tico. La cr\u00f3nica narra la din\u00e1mica de las batallas de gallos y registra las diferentes voces de los protagonistas de este espect\u00e1culo.<\/p>\n<p>Esc\u00fachala ya en el canal de Spotify de la Facultad de Artes y Humanidades:<\/p>\n<p><iframe title=\"Spotify Embed: Cr\u00f3nica al ritmo de rap - Freestyle Manizale\u00f1o.\" style=\"border-radius: 12px\" width=\"100%\" height=\"152\" frameborder=\"0\" allowfullscreen allow=\"autoplay; clipboard-write; encrypted-media; fullscreen; picture-in-picture\" loading=\"lazy\" src=\"https:\/\/open.spotify.com\/embed\/episode\/5qRRxEbZeCifadxahbbz5Z?si=zjxrR0dPQ-&#038;utm_source=oembed\"><\/iframe><\/p>\n<p>&nbsp;<\/p>\n<p><strong>Anexo<\/strong><\/p>\n<p><a href=\"https:\/\/www.ucaldas.edu.co\/portal\/wp-content\/uploads\/2024\/11\/pasuy-premio.mp3\"><strong>Audio docente acompa\u00f1ante del Semillero de Socioling\u00fc\u00edstica de la Universidad de Caldas, Yolanda Pasuy.<\/strong><\/a><\/p>\n<audio class=\"wp-audio-shortcode\" id=\"audio-85379-1\" preload=\"none\" style=\"width: 100%;\" controls=\"controls\"><source type=\"audio\/mpeg\" src=\"https:\/\/www.ucaldas.edu.co\/portal\/wp-content\/uploads\/2024\/11\/pasuy-premio.mp3?_=1\" \/><a href=\"https:\/\/www.ucaldas.edu.co\/portal\/wp-content\/uploads\/2024\/11\/pasuy-premio.mp3\">https:\/\/www.ucaldas.edu.co\/portal\/wp-content\/uploads\/2024\/11\/pasuy-premio.mp3<\/a><\/audio>\n<p><strong>\u00a0<\/strong><\/p>\n<p><strong>\u00a0<\/strong><\/p>\n","protected":false},"excerpt":{"rendered":"<p>&nbsp; El lunes 18 de noviembre, en el Teatro Los Fundadores, la Alcald\u00eda de Manizales dio a conocer los galardonados en seis categor\u00edas al Premio de Periodismo Ciudad de Manizales, que lleva el nombre de Orlando Sierra Hern\u00e1ndez. En la categor\u00eda Profesional, cinco integrantes del semillero de socioling\u00fc\u00edstica de la Universidad de Caldas ganaron el [&hellip;]<\/p>\n","protected":false},"author":2,"featured_media":85381,"comment_status":"closed","ping_status":"open","sticky":false,"template":"","format":"standard","meta":{"footnotes":""},"categories":[48,53],"tags":[81,2192,5253],"class_list":["post-85379","post","type-post","status-publish","format-standard","has-post-thumbnail","hentry","category-actualidad","category-universidad-al-dia","tag-premio","tag-universidad-de-caldas-u-de-caldas","tag-premio-periodistico"],"yoast_head":"<!-- This site is optimized with the Yoast SEO plugin v27.5 - https:\/\/yoast.com\/product\/yoast-seo-wordpress\/ -->\n<title>Semillero de Socioling\u00fc\u00edstica ganador del 29.\u00ba Premio de Periodismo Ciudad de Manizales con \u201cFreestyle manizale\u00f1o: Cr\u00f3nica al ritmo del rap\u201d .<\/title>\n<meta name=\"robots\" content=\"index, follow, max-snippet:-1, max-image-preview:large, max-video-preview:-1\" \/>\n<link rel=\"canonical\" href=\"https:\/\/www.ucaldas.edu.co\/portal\/semillero-de-sociolinguistica-ganador-del-29-o-premio-de-periodismo-ciudad-de-manizales-con-freestyle-manizaleno-cronica-al-ritmo-del-rap\/\" \/>\n<script type=\"application\/ld+json\" class=\"yoast-schema-graph\">{\"@context\":\"https:\\\/\\\/schema.org\",\"@graph\":[{\"@type\":\"Article\",\"@id\":\"https:\\\/\\\/www.ucaldas.edu.co\\\/portal\\\/semillero-de-sociolinguistica-ganador-del-29-o-premio-de-periodismo-ciudad-de-manizales-con-freestyle-manizaleno-cronica-al-ritmo-del-rap\\\/#article\",\"isPartOf\":{\"@id\":\"https:\\\/\\\/www.ucaldas.edu.co\\\/portal\\\/semillero-de-sociolinguistica-ganador-del-29-o-premio-de-periodismo-ciudad-de-manizales-con-freestyle-manizaleno-cronica-al-ritmo-del-rap\\\/\"},\"author\":{\"name\":\"ofiprensa\",\"@id\":\"https:\\\/\\\/www.ucaldas.edu.co\\\/portal\\\/#\\\/schema\\\/person\\\/a1b482e23449158b4bc319926c074fdf\"},\"headline\":\"Semillero de Socioling\u00fc\u00edstica ganador del 29.\u00ba Premio de Periodismo Ciudad de Manizales con \u201cFreestyle manizale\u00f1o: Cr\u00f3nica al ritmo del rap\u201d\",\"datePublished\":\"2024-11-21T19:56:10+00:00\",\"dateModified\":\"2024-11-22T16:56:59+00:00\",\"mainEntityOfPage\":{\"@id\":\"https:\\\/\\\/www.ucaldas.edu.co\\\/portal\\\/semillero-de-sociolinguistica-ganador-del-29-o-premio-de-periodismo-ciudad-de-manizales-con-freestyle-manizaleno-cronica-al-ritmo-del-rap\\\/\"},\"wordCount\":269,\"publisher\":{\"@id\":\"https:\\\/\\\/www.ucaldas.edu.co\\\/portal\\\/#organization\"},\"image\":{\"@id\":\"https:\\\/\\\/www.ucaldas.edu.co\\\/portal\\\/semillero-de-sociolinguistica-ganador-del-29-o-premio-de-periodismo-ciudad-de-manizales-con-freestyle-manizaleno-cronica-al-ritmo-del-rap\\\/#primaryimage\"},\"thumbnailUrl\":\"https:\\\/\\\/www.ucaldas.edu.co\\\/portal\\\/wp-content\\\/uploads\\\/2024\\\/11\\\/Reconocimiento_Semillero_Sociolingu\u0308i\u0301stica.jpg\",\"keywords\":[\"premio\",\"Universidad de Caldas. U. de Caldas\",\"premio period\u00edstico\"],\"articleSection\":[\"Actualidad\",\"Universidad al D\u00eda\"],\"inLanguage\":\"es\"},{\"@type\":\"WebPage\",\"@id\":\"https:\\\/\\\/www.ucaldas.edu.co\\\/portal\\\/semillero-de-sociolinguistica-ganador-del-29-o-premio-de-periodismo-ciudad-de-manizales-con-freestyle-manizaleno-cronica-al-ritmo-del-rap\\\/\",\"url\":\"https:\\\/\\\/www.ucaldas.edu.co\\\/portal\\\/semillero-de-sociolinguistica-ganador-del-29-o-premio-de-periodismo-ciudad-de-manizales-con-freestyle-manizaleno-cronica-al-ritmo-del-rap\\\/\",\"name\":\"Semillero de Socioling\u00fc\u00edstica ganador del 29.\u00ba Premio de Periodismo Ciudad de Manizales con \u201cFreestyle manizale\u00f1o: Cr\u00f3nica al ritmo del rap\u201d .\",\"isPartOf\":{\"@id\":\"https:\\\/\\\/www.ucaldas.edu.co\\\/portal\\\/#website\"},\"primaryImageOfPage\":{\"@id\":\"https:\\\/\\\/www.ucaldas.edu.co\\\/portal\\\/semillero-de-sociolinguistica-ganador-del-29-o-premio-de-periodismo-ciudad-de-manizales-con-freestyle-manizaleno-cronica-al-ritmo-del-rap\\\/#primaryimage\"},\"image\":{\"@id\":\"https:\\\/\\\/www.ucaldas.edu.co\\\/portal\\\/semillero-de-sociolinguistica-ganador-del-29-o-premio-de-periodismo-ciudad-de-manizales-con-freestyle-manizaleno-cronica-al-ritmo-del-rap\\\/#primaryimage\"},\"thumbnailUrl\":\"https:\\\/\\\/www.ucaldas.edu.co\\\/portal\\\/wp-content\\\/uploads\\\/2024\\\/11\\\/Reconocimiento_Semillero_Sociolingu\u0308i\u0301stica.jpg\",\"datePublished\":\"2024-11-21T19:56:10+00:00\",\"dateModified\":\"2024-11-22T16:56:59+00:00\",\"breadcrumb\":{\"@id\":\"https:\\\/\\\/www.ucaldas.edu.co\\\/portal\\\/semillero-de-sociolinguistica-ganador-del-29-o-premio-de-periodismo-ciudad-de-manizales-con-freestyle-manizaleno-cronica-al-ritmo-del-rap\\\/#breadcrumb\"},\"inLanguage\":\"es\",\"potentialAction\":[{\"@type\":\"ReadAction\",\"target\":[\"https:\\\/\\\/www.ucaldas.edu.co\\\/portal\\\/semillero-de-sociolinguistica-ganador-del-29-o-premio-de-periodismo-ciudad-de-manizales-con-freestyle-manizaleno-cronica-al-ritmo-del-rap\\\/\"]}]},{\"@type\":\"ImageObject\",\"inLanguage\":\"es\",\"@id\":\"https:\\\/\\\/www.ucaldas.edu.co\\\/portal\\\/semillero-de-sociolinguistica-ganador-del-29-o-premio-de-periodismo-ciudad-de-manizales-con-freestyle-manizaleno-cronica-al-ritmo-del-rap\\\/#primaryimage\",\"url\":\"https:\\\/\\\/www.ucaldas.edu.co\\\/portal\\\/wp-content\\\/uploads\\\/2024\\\/11\\\/Reconocimiento_Semillero_Sociolingu\u0308i\u0301stica.jpg\",\"contentUrl\":\"https:\\\/\\\/www.ucaldas.edu.co\\\/portal\\\/wp-content\\\/uploads\\\/2024\\\/11\\\/Reconocimiento_Semillero_Sociolingu\u0308i\u0301stica.jpg\",\"width\":1300,\"height\":1300},{\"@type\":\"BreadcrumbList\",\"@id\":\"https:\\\/\\\/www.ucaldas.edu.co\\\/portal\\\/semillero-de-sociolinguistica-ganador-del-29-o-premio-de-periodismo-ciudad-de-manizales-con-freestyle-manizaleno-cronica-al-ritmo-del-rap\\\/#breadcrumb\",\"itemListElement\":[{\"@type\":\"ListItem\",\"position\":1,\"name\":\"Portada\",\"item\":\"https:\\\/\\\/www.ucaldas.edu.co\\\/portal\\\/\"},{\"@type\":\"ListItem\",\"position\":2,\"name\":\"Semillero de Socioling\u00fc\u00edstica ganador del 29.\u00ba Premio de Periodismo Ciudad de Manizales con \u201cFreestyle manizale\u00f1o: Cr\u00f3nica al ritmo del rap\u201d\"}]},{\"@type\":\"WebSite\",\"@id\":\"https:\\\/\\\/www.ucaldas.edu.co\\\/portal\\\/#website\",\"url\":\"https:\\\/\\\/www.ucaldas.edu.co\\\/portal\\\/\",\"name\":\"Universidad de Caldas\",\"description\":\"\",\"publisher\":{\"@id\":\"https:\\\/\\\/www.ucaldas.edu.co\\\/portal\\\/#organization\"},\"alternateName\":\"U. de Caldas\",\"potentialAction\":[{\"@type\":\"SearchAction\",\"target\":{\"@type\":\"EntryPoint\",\"urlTemplate\":\"https:\\\/\\\/www.ucaldas.edu.co\\\/portal\\\/?s={search_term_string}\"},\"query-input\":{\"@type\":\"PropertyValueSpecification\",\"valueRequired\":true,\"valueName\":\"search_term_string\"}}],\"inLanguage\":\"es\"},{\"@type\":\"Organization\",\"@id\":\"https:\\\/\\\/www.ucaldas.edu.co\\\/portal\\\/#organization\",\"name\":\"Universidad de Caldas\",\"alternateName\":\"U. de Caldas\",\"url\":\"https:\\\/\\\/www.ucaldas.edu.co\\\/portal\\\/\",\"logo\":{\"@type\":\"ImageObject\",\"inLanguage\":\"es\",\"@id\":\"https:\\\/\\\/www.ucaldas.edu.co\\\/portal\\\/#\\\/schema\\\/logo\\\/image\\\/\",\"url\":\"https:\\\/\\\/www.ucaldas.edu.co\\\/portal\\\/wp-content\\\/uploads\\\/2023\\\/11\\\/Logo_horizontal_oscuroU-2023.png\",\"contentUrl\":\"https:\\\/\\\/www.ucaldas.edu.co\\\/portal\\\/wp-content\\\/uploads\\\/2023\\\/11\\\/Logo_horizontal_oscuroU-2023.png\",\"width\":263,\"height\":101,\"caption\":\"Universidad de Caldas\"},\"image\":{\"@id\":\"https:\\\/\\\/www.ucaldas.edu.co\\\/portal\\\/#\\\/schema\\\/logo\\\/image\\\/\"},\"sameAs\":[\"https:\\\/\\\/www.facebook.com\\\/udecaldas\",\"https:\\\/\\\/x.com\\\/udecaldas\",\"https:\\\/\\\/www.youtube.com\\\/universidadcaldas\",\"https:\\\/\\\/www.instagram.com\\\/udecaldas\\\/\"]},{\"@type\":\"Person\",\"@id\":\"https:\\\/\\\/www.ucaldas.edu.co\\\/portal\\\/#\\\/schema\\\/person\\\/a1b482e23449158b4bc319926c074fdf\",\"name\":\"ofiprensa\",\"image\":{\"@type\":\"ImageObject\",\"inLanguage\":\"es\",\"@id\":\"https:\\\/\\\/www.ucaldas.edu.co\\\/portal\\\/wp-content\\\/litespeed\\\/avatar\\\/09ea5085e600095a7a811142c6944527.jpg?ver=1777497608\",\"url\":\"https:\\\/\\\/www.ucaldas.edu.co\\\/portal\\\/wp-content\\\/litespeed\\\/avatar\\\/09ea5085e600095a7a811142c6944527.jpg?ver=1777497608\",\"contentUrl\":\"https:\\\/\\\/www.ucaldas.edu.co\\\/portal\\\/wp-content\\\/litespeed\\\/avatar\\\/09ea5085e600095a7a811142c6944527.jpg?ver=1777497608\",\"caption\":\"ofiprensa\"},\"url\":\"https:\\\/\\\/www.ucaldas.edu.co\\\/portal\\\/author\\\/ofiprensa\\\/\"}]}<\/script>\n<!-- \/ Yoast SEO plugin. -->","yoast_head_json":{"title":"Semillero de Socioling\u00fc\u00edstica ganador del 29.\u00ba Premio de Periodismo Ciudad de Manizales con \u201cFreestyle manizale\u00f1o: Cr\u00f3nica al ritmo del rap\u201d .","robots":{"index":"index","follow":"follow","max-snippet":"max-snippet:-1","max-image-preview":"max-image-preview:large","max-video-preview":"max-video-preview:-1"},"canonical":"https:\/\/www.ucaldas.edu.co\/portal\/semillero-de-sociolinguistica-ganador-del-29-o-premio-de-periodismo-ciudad-de-manizales-con-freestyle-manizaleno-cronica-al-ritmo-del-rap\/","schema":{"@context":"https:\/\/schema.org","@graph":[{"@type":"Article","@id":"https:\/\/www.ucaldas.edu.co\/portal\/semillero-de-sociolinguistica-ganador-del-29-o-premio-de-periodismo-ciudad-de-manizales-con-freestyle-manizaleno-cronica-al-ritmo-del-rap\/#article","isPartOf":{"@id":"https:\/\/www.ucaldas.edu.co\/portal\/semillero-de-sociolinguistica-ganador-del-29-o-premio-de-periodismo-ciudad-de-manizales-con-freestyle-manizaleno-cronica-al-ritmo-del-rap\/"},"author":{"name":"ofiprensa","@id":"https:\/\/www.ucaldas.edu.co\/portal\/#\/schema\/person\/a1b482e23449158b4bc319926c074fdf"},"headline":"Semillero de Socioling\u00fc\u00edstica ganador del 29.\u00ba Premio de Periodismo Ciudad de Manizales con \u201cFreestyle manizale\u00f1o: Cr\u00f3nica al ritmo del rap\u201d","datePublished":"2024-11-21T19:56:10+00:00","dateModified":"2024-11-22T16:56:59+00:00","mainEntityOfPage":{"@id":"https:\/\/www.ucaldas.edu.co\/portal\/semillero-de-sociolinguistica-ganador-del-29-o-premio-de-periodismo-ciudad-de-manizales-con-freestyle-manizaleno-cronica-al-ritmo-del-rap\/"},"wordCount":269,"publisher":{"@id":"https:\/\/www.ucaldas.edu.co\/portal\/#organization"},"image":{"@id":"https:\/\/www.ucaldas.edu.co\/portal\/semillero-de-sociolinguistica-ganador-del-29-o-premio-de-periodismo-ciudad-de-manizales-con-freestyle-manizaleno-cronica-al-ritmo-del-rap\/#primaryimage"},"thumbnailUrl":"https:\/\/www.ucaldas.edu.co\/portal\/wp-content\/uploads\/2024\/11\/Reconocimiento_Semillero_Sociolingu\u0308i\u0301stica.jpg","keywords":["premio","Universidad de Caldas. U. de Caldas","premio period\u00edstico"],"articleSection":["Actualidad","Universidad al D\u00eda"],"inLanguage":"es"},{"@type":"WebPage","@id":"https:\/\/www.ucaldas.edu.co\/portal\/semillero-de-sociolinguistica-ganador-del-29-o-premio-de-periodismo-ciudad-de-manizales-con-freestyle-manizaleno-cronica-al-ritmo-del-rap\/","url":"https:\/\/www.ucaldas.edu.co\/portal\/semillero-de-sociolinguistica-ganador-del-29-o-premio-de-periodismo-ciudad-de-manizales-con-freestyle-manizaleno-cronica-al-ritmo-del-rap\/","name":"Semillero de Socioling\u00fc\u00edstica ganador del 29.\u00ba Premio de Periodismo Ciudad de Manizales con \u201cFreestyle manizale\u00f1o: Cr\u00f3nica al ritmo del rap\u201d .","isPartOf":{"@id":"https:\/\/www.ucaldas.edu.co\/portal\/#website"},"primaryImageOfPage":{"@id":"https:\/\/www.ucaldas.edu.co\/portal\/semillero-de-sociolinguistica-ganador-del-29-o-premio-de-periodismo-ciudad-de-manizales-con-freestyle-manizaleno-cronica-al-ritmo-del-rap\/#primaryimage"},"image":{"@id":"https:\/\/www.ucaldas.edu.co\/portal\/semillero-de-sociolinguistica-ganador-del-29-o-premio-de-periodismo-ciudad-de-manizales-con-freestyle-manizaleno-cronica-al-ritmo-del-rap\/#primaryimage"},"thumbnailUrl":"https:\/\/www.ucaldas.edu.co\/portal\/wp-content\/uploads\/2024\/11\/Reconocimiento_Semillero_Sociolingu\u0308i\u0301stica.jpg","datePublished":"2024-11-21T19:56:10+00:00","dateModified":"2024-11-22T16:56:59+00:00","breadcrumb":{"@id":"https:\/\/www.ucaldas.edu.co\/portal\/semillero-de-sociolinguistica-ganador-del-29-o-premio-de-periodismo-ciudad-de-manizales-con-freestyle-manizaleno-cronica-al-ritmo-del-rap\/#breadcrumb"},"inLanguage":"es","potentialAction":[{"@type":"ReadAction","target":["https:\/\/www.ucaldas.edu.co\/portal\/semillero-de-sociolinguistica-ganador-del-29-o-premio-de-periodismo-ciudad-de-manizales-con-freestyle-manizaleno-cronica-al-ritmo-del-rap\/"]}]},{"@type":"ImageObject","inLanguage":"es","@id":"https:\/\/www.ucaldas.edu.co\/portal\/semillero-de-sociolinguistica-ganador-del-29-o-premio-de-periodismo-ciudad-de-manizales-con-freestyle-manizaleno-cronica-al-ritmo-del-rap\/#primaryimage","url":"https:\/\/www.ucaldas.edu.co\/portal\/wp-content\/uploads\/2024\/11\/Reconocimiento_Semillero_Sociolingu\u0308i\u0301stica.jpg","contentUrl":"https:\/\/www.ucaldas.edu.co\/portal\/wp-content\/uploads\/2024\/11\/Reconocimiento_Semillero_Sociolingu\u0308i\u0301stica.jpg","width":1300,"height":1300},{"@type":"BreadcrumbList","@id":"https:\/\/www.ucaldas.edu.co\/portal\/semillero-de-sociolinguistica-ganador-del-29-o-premio-de-periodismo-ciudad-de-manizales-con-freestyle-manizaleno-cronica-al-ritmo-del-rap\/#breadcrumb","itemListElement":[{"@type":"ListItem","position":1,"name":"Portada","item":"https:\/\/www.ucaldas.edu.co\/portal\/"},{"@type":"ListItem","position":2,"name":"Semillero de Socioling\u00fc\u00edstica ganador del 29.\u00ba Premio de Periodismo Ciudad de Manizales con \u201cFreestyle manizale\u00f1o: Cr\u00f3nica al ritmo del rap\u201d"}]},{"@type":"WebSite","@id":"https:\/\/www.ucaldas.edu.co\/portal\/#website","url":"https:\/\/www.ucaldas.edu.co\/portal\/","name":"Universidad de Caldas","description":"","publisher":{"@id":"https:\/\/www.ucaldas.edu.co\/portal\/#organization"},"alternateName":"U. de Caldas","potentialAction":[{"@type":"SearchAction","target":{"@type":"EntryPoint","urlTemplate":"https:\/\/www.ucaldas.edu.co\/portal\/?s={search_term_string}"},"query-input":{"@type":"PropertyValueSpecification","valueRequired":true,"valueName":"search_term_string"}}],"inLanguage":"es"},{"@type":"Organization","@id":"https:\/\/www.ucaldas.edu.co\/portal\/#organization","name":"Universidad de Caldas","alternateName":"U. de Caldas","url":"https:\/\/www.ucaldas.edu.co\/portal\/","logo":{"@type":"ImageObject","inLanguage":"es","@id":"https:\/\/www.ucaldas.edu.co\/portal\/#\/schema\/logo\/image\/","url":"https:\/\/www.ucaldas.edu.co\/portal\/wp-content\/uploads\/2023\/11\/Logo_horizontal_oscuroU-2023.png","contentUrl":"https:\/\/www.ucaldas.edu.co\/portal\/wp-content\/uploads\/2023\/11\/Logo_horizontal_oscuroU-2023.png","width":263,"height":101,"caption":"Universidad de Caldas"},"image":{"@id":"https:\/\/www.ucaldas.edu.co\/portal\/#\/schema\/logo\/image\/"},"sameAs":["https:\/\/www.facebook.com\/udecaldas","https:\/\/x.com\/udecaldas","https:\/\/www.youtube.com\/universidadcaldas","https:\/\/www.instagram.com\/udecaldas\/"]},{"@type":"Person","@id":"https:\/\/www.ucaldas.edu.co\/portal\/#\/schema\/person\/a1b482e23449158b4bc319926c074fdf","name":"ofiprensa","image":{"@type":"ImageObject","inLanguage":"es","@id":"https:\/\/www.ucaldas.edu.co\/portal\/wp-content\/litespeed\/avatar\/09ea5085e600095a7a811142c6944527.jpg?ver=1777497608","url":"https:\/\/www.ucaldas.edu.co\/portal\/wp-content\/litespeed\/avatar\/09ea5085e600095a7a811142c6944527.jpg?ver=1777497608","contentUrl":"https:\/\/www.ucaldas.edu.co\/portal\/wp-content\/litespeed\/avatar\/09ea5085e600095a7a811142c6944527.jpg?ver=1777497608","caption":"ofiprensa"},"url":"https:\/\/www.ucaldas.edu.co\/portal\/author\/ofiprensa\/"}]}},"_links":{"self":[{"href":"https:\/\/www.ucaldas.edu.co\/portal\/wp-json\/wp\/v2\/posts\/85379","targetHints":{"allow":["GET"]}}],"collection":[{"href":"https:\/\/www.ucaldas.edu.co\/portal\/wp-json\/wp\/v2\/posts"}],"about":[{"href":"https:\/\/www.ucaldas.edu.co\/portal\/wp-json\/wp\/v2\/types\/post"}],"author":[{"embeddable":true,"href":"https:\/\/www.ucaldas.edu.co\/portal\/wp-json\/wp\/v2\/users\/2"}],"replies":[{"embeddable":true,"href":"https:\/\/www.ucaldas.edu.co\/portal\/wp-json\/wp\/v2\/comments?post=85379"}],"version-history":[{"count":0,"href":"https:\/\/www.ucaldas.edu.co\/portal\/wp-json\/wp\/v2\/posts\/85379\/revisions"}],"wp:featuredmedia":[{"embeddable":true,"href":"https:\/\/www.ucaldas.edu.co\/portal\/wp-json\/wp\/v2\/media\/85381"}],"wp:attachment":[{"href":"https:\/\/www.ucaldas.edu.co\/portal\/wp-json\/wp\/v2\/media?parent=85379"}],"wp:term":[{"taxonomy":"category","embeddable":true,"href":"https:\/\/www.ucaldas.edu.co\/portal\/wp-json\/wp\/v2\/categories?post=85379"},{"taxonomy":"post_tag","embeddable":true,"href":"https:\/\/www.ucaldas.edu.co\/portal\/wp-json\/wp\/v2\/tags?post=85379"}],"curies":[{"name":"wp","href":"https:\/\/api.w.org\/{rel}","templated":true}]}}