{"id":85365,"date":"2024-11-21T11:21:45","date_gmt":"2024-11-21T16:21:45","guid":{"rendered":"https:\/\/www.ucaldas.edu.co\/portal\/?p=85365"},"modified":"2024-11-21T11:21:45","modified_gmt":"2024-11-21T16:21:45","slug":"cuento-curiosidad-del-creador-del-doctorado-en-ciencias-biomedicas-de-la-universidad-de-caldas-participa-en-concurso-literario-macondos-del-siglo-xxi","status":"publish","type":"post","link":"https:\/\/www.ucaldas.edu.co\/portal\/cuento-curiosidad-del-creador-del-doctorado-en-ciencias-biomedicas-de-la-universidad-de-caldas-participa-en-concurso-literario-macondos-del-siglo-xxi\/","title":{"rendered":"Cuento \u201cCuriosidad\u201d del creador del Doctorado en Ciencias Biom\u00e9dicas de la Universidad de Caldas participa en concurso literario Macondos del Siglo XXI"},"content":{"rendered":"<p style=\"text-align: justify;\"><img loading=\"lazy\" decoding=\"async\" class=\"alignnone size-full wp-image-85367\" src=\"https:\/\/www.ucaldas.edu.co\/portal\/wp-content\/uploads\/2024\/11\/imagen-nota-cuento.webp\" alt=\"\" width=\"1920\" height=\"1080\" \/>Imagen representativa del contexto tem\u00e1tico del cuento \u00abCuriosidad\u00bb<\/p>\n<p style=\"text-align: justify;\">Recientemente, el investigador em\u00e9rito de MinCiencias -Colombia- y creador del Doctorado en Ciencias Biom\u00e9dicas de la Universidad de Caldas, Carlos Augusto Gonz\u00e1lez Correa, fue seleccionado, con un cuento de su autor\u00eda, para continuar en el concurso literario Macondos del Siglo XXI, convocado por la Fundaci\u00f3n Universidad Hispana, de Per\u00fa.<!--more--><\/p>\n<p style=\"text-align: justify;\">Su cuento \u201cCuriosidad\u201d, que describe las afugias de un adolescente del siglo pasado en su despertar a la vida, fue uno de los 50 seleccionados entre m\u00e1s de 200 propuestas literarias para seguir en concurso.<\/p>\n<p style=\"text-align: justify;\">La Oficina de Prensa convers\u00f3 con \u00e9l acerca de su gusto y habilidad con las letras y de c\u00f3mo los integra a su quehacer investigativo y cient\u00edfico.<\/p>\n<p style=\"text-align: justify;\"><strong>Oficina de Prensa<\/strong>: <em>\u00bfqu\u00e9 ha significado\u00a0para usted este h\u00e1bito de sentarse a escribir una historia, de manera paralela a su vida corriente?<\/em><\/p>\n<p style=\"text-align: justify;\"><strong>Carlos Augusto Gonz\u00e1lez: <\/strong>Un PhD (doctor) es, por excelencia, un escritor. La formaci\u00f3n doctoral forja a un escritor de ciencia, como bien lo define Gerard Piel: \u201c<em>sin la publicaci\u00f3n, la ciencia est\u00e1 muerta<\/em>\u201d. Ese es, precisamente, el lema que por mi iniciativa se le adjudic\u00f3 al programa doctoral en Ciencias Biom\u00e9dicas, acompa\u00f1ado, claro est\u00e1, de ilustres docentes de la Universidad de Caldas y de otras universidades de la regi\u00f3n. Ahora bien, cambiar de g\u00e9nero literario (de cient\u00edfico a ficci\u00f3n) es un poco complicado, pero, a la vez, divertido. Escribir ficci\u00f3n es un acto de catarsis suprema. Hasta el momento, solo he escrito 12 cuentos, los cuales espero ver publicados antes de mi extracci\u00f3n de Gaia (nuestro pobre y agonizante planeta). Pr\u00f3ximamente, espero sumergirme en una novela, la cual espero escribir, conjuntamente, con una prima fraterna.<\/p>\n<p style=\"text-align: justify;\"><strong>Oficina de Prensa<\/strong>: <em>Hablemos de \u201cCuriosidad\u201d, su \u00faltimo cuento con el que fue seleccionado en este riguroso concurso literario. \u00bfQu\u00e9 se describe all\u00ed?<\/em><\/p>\n<p style=\"text-align: justify;\"><strong>C.A.G:<\/strong> El cuento describe las afugias del despertar a la vida y, en especial, a la libido, de un adolescente del siglo pasado y su angustia frente al mundo. En realidad, los doce cuentos forman un conjunto, en el cual se describe el paso por la tierra de un ser extra gal\u00e1ctico, bajo la forma de una pesadilla. Es, hasta cierto punto, hacer eco de esa especie de alegor\u00eda que cita Garc\u00eda M\u00e1rquez del escritor HG Wells, en cuanto que la tierra podr\u00eda ser el infierno de los dem\u00e1s planetas.<\/p>\n<p style=\"text-align: justify;\"><strong>Oficina de Prensa:<\/strong> <em>\u00bfpor qu\u00e9 considera que su cuento ocup\u00f3 un lugar privilegiado en este concurso internacional?<\/em><\/p>\n<p style=\"text-align: justify;\"><strong>C.A.G:<\/strong> En mi concepto, pesa mucho que el cuento est\u00e1 bien escrito y trata una tem\u00e1tica que ata\u00f1e a todo ser humano. De todas maneras, debe quedar muy claro que la selecci\u00f3n inicial es solo un paso. El hecho de ser uno de los 50 cuentos seleccionados entre 206, es algo interesante, sobre todo, teniendo en cuenta que es la primera vez que concurso, pero esto a\u00fan no es un logro mayor.<\/p>\n<p style=\"text-align: justify;\"><strong>Oficina de Prensa:<\/strong> <em>por favor h\u00e1blenos un poco de su rutina de escritura\u2026<\/em><\/p>\n<p style=\"text-align: justify;\"><strong>C.A.G:<\/strong> Desde el siglo pasado, he tenido la inquietud de escribir una \u00fanica novela, solo una; pero, finalmente, acept\u00e9 el consejo de mi gran amigo (desde la primaria en nuestra vecina \u201cEscuela Anexa a la Normal Superior\u201d y escritor Carlos Eduardo Garc\u00eda-Aguilar, de escribir unos cuentos a modo de calentamiento. Para m\u00ed, escribir es, ante todo, una catarsis, una gran catarsis. Es dejar aflorar y plasmar ideas, inquietudes, etc., que rondan por el cerebro, para darle cabida a otras nuevas.<\/p>\n<p style=\"text-align: justify;\"><strong>Fragmento del cuento \u201cCuriosidad\u201d<\/strong><\/p>\n<p style=\"text-align: justify;\">\u201c<em>Antes de terminar sus estudios secundarios quiso dejar de estudiar formalmente y dedicarse a leer. Quer\u00eda llegar a entender qu\u00e9 era el mundo, qui\u00e9n era \u00c9l, por qu\u00e9 estaba all\u00ed, qu\u00e9 hacer\u2026etc.<\/em><\/p>\n<p style=\"text-align: justify;\"><em>Se sent\u00eda absolutamente solo y perdido, vac\u00edo por completo, sin norte ni horizonte. Pensaba que los libros pod\u00edan darle una respuesta a su malestar, pues tal vez era la falta de conocimiento lo que le produc\u00eda esa sensaci\u00f3n de intranquilidad tan profunda, omnipresente y agobiante, pero no sab\u00eda por d\u00f3nde empezar. <\/em><\/p>\n<p style=\"text-align: justify;\"><em>Fue de la geolog\u00eda a la filosof\u00eda, pasando por la historia y la pol\u00edtica. Cada que abordaba un nuevo tema, se sent\u00eda m\u00e1s y m\u00e1s perdido y, sobre todo, le mortificaba sobre manera la pesadumbre de no tener un elemento claro que le indicase el absoluto grado de verdad de lo que le\u00eda. Adem\u00e1s, con mucha frecuencia, no entend\u00eda absolutamente nada de lo que ve\u00eda pasar ante sus ojos, m\u00e1s de una vez de manera m\u00e1s o menos mec\u00e1nica.\u201d<\/em><\/p>\n<p><em>\u00a0<\/em><strong>Anexo<\/strong><\/p>\n<p><a href=\"https:\/\/www.ucaldas.edu.co\/portal\/wp-content\/uploads\/2024\/11\/cuento-online-audio-converter.com_.mp3\"><strong>-Audio creador del Doctorado en Ciencias Biom\u00e9dicas de la Universidad de Caldas, y autor del cuento \u201cCuriosidad\u201d, Carlos Augusto Gonz\u00e1lez Correa.<\/strong><\/a><\/p>\n<audio class=\"wp-audio-shortcode\" id=\"audio-85365-1\" preload=\"none\" style=\"width: 100%;\" controls=\"controls\"><source type=\"audio\/mpeg\" src=\"https:\/\/www.ucaldas.edu.co\/portal\/wp-content\/uploads\/2024\/11\/cuento-online-audio-converter.com_.mp3?_=1\" \/><a href=\"https:\/\/www.ucaldas.edu.co\/portal\/wp-content\/uploads\/2024\/11\/cuento-online-audio-converter.com_.mp3\">https:\/\/www.ucaldas.edu.co\/portal\/wp-content\/uploads\/2024\/11\/cuento-online-audio-converter.com_.mp3<\/a><\/audio>\n<p><strong>\u00a0<\/strong><\/p>\n<p><strong>\u00a0<\/strong><\/p>\n<p><strong>\u00a0<\/strong><\/p>\n","protected":false},"excerpt":{"rendered":"<p>Imagen representativa del contexto tem\u00e1tico del cuento \u00abCuriosidad\u00bb Recientemente, el investigador em\u00e9rito de MinCiencias -Colombia- y creador del Doctorado en Ciencias Biom\u00e9dicas de la Universidad de Caldas, Carlos Augusto Gonz\u00e1lez Correa, fue seleccionado, con un cuento de su autor\u00eda, para continuar en el concurso literario Macondos del Siglo XXI, convocado por la Fundaci\u00f3n Universidad Hispana, [&hellip;]<\/p>\n","protected":false},"author":2,"featured_media":85367,"comment_status":"closed","ping_status":"open","sticky":false,"template":"","format":"standard","meta":{"footnotes":""},"categories":[48,53],"tags":[2192,2598,253,666,944],"class_list":["post-85365","post","type-post","status-publish","format-standard","has-post-thumbnail","hentry","category-actualidad","category-universidad-al-dia","tag-universidad-de-caldas-u-de-caldas","tag-peru","tag-literatura","tag-concurso","tag-doctorado-en-ciencias-biomedicas"],"yoast_head":"<!-- This site is optimized with the Yoast SEO plugin v27.4 - https:\/\/yoast.com\/product\/yoast-seo-wordpress\/ -->\n<title>Cuento \u201cCuriosidad\u201d del creador del Doctorado en Ciencias Biom\u00e9dicas de la Universidad de Caldas participa en concurso literario Macondos del Siglo XXI .<\/title>\n<meta name=\"robots\" content=\"index, follow, max-snippet:-1, max-image-preview:large, max-video-preview:-1\" \/>\n<link rel=\"canonical\" href=\"https:\/\/www.ucaldas.edu.co\/portal\/cuento-curiosidad-del-creador-del-doctorado-en-ciencias-biomedicas-de-la-universidad-de-caldas-participa-en-concurso-literario-macondos-del-siglo-xxi\/\" \/>\n<script type=\"application\/ld+json\" class=\"yoast-schema-graph\">{\"@context\":\"https:\\\/\\\/schema.org\",\"@graph\":[{\"@type\":\"Article\",\"@id\":\"https:\\\/\\\/www.ucaldas.edu.co\\\/portal\\\/cuento-curiosidad-del-creador-del-doctorado-en-ciencias-biomedicas-de-la-universidad-de-caldas-participa-en-concurso-literario-macondos-del-siglo-xxi\\\/#article\",\"isPartOf\":{\"@id\":\"https:\\\/\\\/www.ucaldas.edu.co\\\/portal\\\/cuento-curiosidad-del-creador-del-doctorado-en-ciencias-biomedicas-de-la-universidad-de-caldas-participa-en-concurso-literario-macondos-del-siglo-xxi\\\/\"},\"author\":{\"name\":\"ofiprensa\",\"@id\":\"https:\\\/\\\/www.ucaldas.edu.co\\\/portal\\\/#\\\/schema\\\/person\\\/a1b482e23449158b4bc319926c074fdf\"},\"headline\":\"Cuento \u201cCuriosidad\u201d del creador del Doctorado en Ciencias Biom\u00e9dicas de la Universidad de Caldas participa en concurso literario Macondos del Siglo XXI\",\"datePublished\":\"2024-11-21T16:21:45+00:00\",\"mainEntityOfPage\":{\"@id\":\"https:\\\/\\\/www.ucaldas.edu.co\\\/portal\\\/cuento-curiosidad-del-creador-del-doctorado-en-ciencias-biomedicas-de-la-universidad-de-caldas-participa-en-concurso-literario-macondos-del-siglo-xxi\\\/\"},\"wordCount\":857,\"publisher\":{\"@id\":\"https:\\\/\\\/www.ucaldas.edu.co\\\/portal\\\/#organization\"},\"image\":{\"@id\":\"https:\\\/\\\/www.ucaldas.edu.co\\\/portal\\\/cuento-curiosidad-del-creador-del-doctorado-en-ciencias-biomedicas-de-la-universidad-de-caldas-participa-en-concurso-literario-macondos-del-siglo-xxi\\\/#primaryimage\"},\"thumbnailUrl\":\"https:\\\/\\\/www.ucaldas.edu.co\\\/portal\\\/wp-content\\\/uploads\\\/2024\\\/11\\\/imagen-nota-cuento.webp\",\"keywords\":[\"Universidad de Caldas. U. de Caldas\",\"Per\u00fa\",\"literatura\",\"Concurso\",\"Doctorado en Ciencias Biom\u00e9dicas\"],\"articleSection\":[\"Actualidad\",\"Universidad al D\u00eda\"],\"inLanguage\":\"es\"},{\"@type\":\"WebPage\",\"@id\":\"https:\\\/\\\/www.ucaldas.edu.co\\\/portal\\\/cuento-curiosidad-del-creador-del-doctorado-en-ciencias-biomedicas-de-la-universidad-de-caldas-participa-en-concurso-literario-macondos-del-siglo-xxi\\\/\",\"url\":\"https:\\\/\\\/www.ucaldas.edu.co\\\/portal\\\/cuento-curiosidad-del-creador-del-doctorado-en-ciencias-biomedicas-de-la-universidad-de-caldas-participa-en-concurso-literario-macondos-del-siglo-xxi\\\/\",\"name\":\"Cuento \u201cCuriosidad\u201d del creador del Doctorado en Ciencias Biom\u00e9dicas de la Universidad de Caldas participa en concurso literario Macondos del Siglo XXI .\",\"isPartOf\":{\"@id\":\"https:\\\/\\\/www.ucaldas.edu.co\\\/portal\\\/#website\"},\"primaryImageOfPage\":{\"@id\":\"https:\\\/\\\/www.ucaldas.edu.co\\\/portal\\\/cuento-curiosidad-del-creador-del-doctorado-en-ciencias-biomedicas-de-la-universidad-de-caldas-participa-en-concurso-literario-macondos-del-siglo-xxi\\\/#primaryimage\"},\"image\":{\"@id\":\"https:\\\/\\\/www.ucaldas.edu.co\\\/portal\\\/cuento-curiosidad-del-creador-del-doctorado-en-ciencias-biomedicas-de-la-universidad-de-caldas-participa-en-concurso-literario-macondos-del-siglo-xxi\\\/#primaryimage\"},\"thumbnailUrl\":\"https:\\\/\\\/www.ucaldas.edu.co\\\/portal\\\/wp-content\\\/uploads\\\/2024\\\/11\\\/imagen-nota-cuento.webp\",\"datePublished\":\"2024-11-21T16:21:45+00:00\",\"breadcrumb\":{\"@id\":\"https:\\\/\\\/www.ucaldas.edu.co\\\/portal\\\/cuento-curiosidad-del-creador-del-doctorado-en-ciencias-biomedicas-de-la-universidad-de-caldas-participa-en-concurso-literario-macondos-del-siglo-xxi\\\/#breadcrumb\"},\"inLanguage\":\"es\",\"potentialAction\":[{\"@type\":\"ReadAction\",\"target\":[\"https:\\\/\\\/www.ucaldas.edu.co\\\/portal\\\/cuento-curiosidad-del-creador-del-doctorado-en-ciencias-biomedicas-de-la-universidad-de-caldas-participa-en-concurso-literario-macondos-del-siglo-xxi\\\/\"]}]},{\"@type\":\"ImageObject\",\"inLanguage\":\"es\",\"@id\":\"https:\\\/\\\/www.ucaldas.edu.co\\\/portal\\\/cuento-curiosidad-del-creador-del-doctorado-en-ciencias-biomedicas-de-la-universidad-de-caldas-participa-en-concurso-literario-macondos-del-siglo-xxi\\\/#primaryimage\",\"url\":\"https:\\\/\\\/www.ucaldas.edu.co\\\/portal\\\/wp-content\\\/uploads\\\/2024\\\/11\\\/imagen-nota-cuento.webp\",\"contentUrl\":\"https:\\\/\\\/www.ucaldas.edu.co\\\/portal\\\/wp-content\\\/uploads\\\/2024\\\/11\\\/imagen-nota-cuento.webp\",\"width\":1920,\"height\":1080},{\"@type\":\"BreadcrumbList\",\"@id\":\"https:\\\/\\\/www.ucaldas.edu.co\\\/portal\\\/cuento-curiosidad-del-creador-del-doctorado-en-ciencias-biomedicas-de-la-universidad-de-caldas-participa-en-concurso-literario-macondos-del-siglo-xxi\\\/#breadcrumb\",\"itemListElement\":[{\"@type\":\"ListItem\",\"position\":1,\"name\":\"Portada\",\"item\":\"https:\\\/\\\/www.ucaldas.edu.co\\\/portal\\\/\"},{\"@type\":\"ListItem\",\"position\":2,\"name\":\"Cuento \u201cCuriosidad\u201d del creador del Doctorado en Ciencias Biom\u00e9dicas de la Universidad de Caldas participa en concurso literario Macondos del Siglo XXI\"}]},{\"@type\":\"WebSite\",\"@id\":\"https:\\\/\\\/www.ucaldas.edu.co\\\/portal\\\/#website\",\"url\":\"https:\\\/\\\/www.ucaldas.edu.co\\\/portal\\\/\",\"name\":\"Universidad de Caldas\",\"description\":\"\",\"publisher\":{\"@id\":\"https:\\\/\\\/www.ucaldas.edu.co\\\/portal\\\/#organization\"},\"alternateName\":\"U. de Caldas\",\"potentialAction\":[{\"@type\":\"SearchAction\",\"target\":{\"@type\":\"EntryPoint\",\"urlTemplate\":\"https:\\\/\\\/www.ucaldas.edu.co\\\/portal\\\/?s={search_term_string}\"},\"query-input\":{\"@type\":\"PropertyValueSpecification\",\"valueRequired\":true,\"valueName\":\"search_term_string\"}}],\"inLanguage\":\"es\"},{\"@type\":\"Organization\",\"@id\":\"https:\\\/\\\/www.ucaldas.edu.co\\\/portal\\\/#organization\",\"name\":\"Universidad de Caldas\",\"alternateName\":\"U. de Caldas\",\"url\":\"https:\\\/\\\/www.ucaldas.edu.co\\\/portal\\\/\",\"logo\":{\"@type\":\"ImageObject\",\"inLanguage\":\"es\",\"@id\":\"https:\\\/\\\/www.ucaldas.edu.co\\\/portal\\\/#\\\/schema\\\/logo\\\/image\\\/\",\"url\":\"https:\\\/\\\/www.ucaldas.edu.co\\\/portal\\\/wp-content\\\/uploads\\\/2023\\\/11\\\/Logo_horizontal_oscuroU-2023.png\",\"contentUrl\":\"https:\\\/\\\/www.ucaldas.edu.co\\\/portal\\\/wp-content\\\/uploads\\\/2023\\\/11\\\/Logo_horizontal_oscuroU-2023.png\",\"width\":263,\"height\":101,\"caption\":\"Universidad de Caldas\"},\"image\":{\"@id\":\"https:\\\/\\\/www.ucaldas.edu.co\\\/portal\\\/#\\\/schema\\\/logo\\\/image\\\/\"},\"sameAs\":[\"https:\\\/\\\/www.facebook.com\\\/udecaldas\",\"https:\\\/\\\/x.com\\\/udecaldas\",\"https:\\\/\\\/www.youtube.com\\\/universidadcaldas\",\"https:\\\/\\\/www.instagram.com\\\/udecaldas\\\/\"]},{\"@type\":\"Person\",\"@id\":\"https:\\\/\\\/www.ucaldas.edu.co\\\/portal\\\/#\\\/schema\\\/person\\\/a1b482e23449158b4bc319926c074fdf\",\"name\":\"ofiprensa\",\"image\":{\"@type\":\"ImageObject\",\"inLanguage\":\"es\",\"@id\":\"https:\\\/\\\/www.ucaldas.edu.co\\\/portal\\\/wp-content\\\/litespeed\\\/avatar\\\/09ea5085e600095a7a811142c6944527.jpg?ver=1776892805\",\"url\":\"https:\\\/\\\/www.ucaldas.edu.co\\\/portal\\\/wp-content\\\/litespeed\\\/avatar\\\/09ea5085e600095a7a811142c6944527.jpg?ver=1776892805\",\"contentUrl\":\"https:\\\/\\\/www.ucaldas.edu.co\\\/portal\\\/wp-content\\\/litespeed\\\/avatar\\\/09ea5085e600095a7a811142c6944527.jpg?ver=1776892805\",\"caption\":\"ofiprensa\"},\"url\":\"https:\\\/\\\/www.ucaldas.edu.co\\\/portal\\\/author\\\/ofiprensa\\\/\"}]}<\/script>\n<!-- \/ Yoast SEO plugin. -->","yoast_head_json":{"title":"Cuento \u201cCuriosidad\u201d del creador del Doctorado en Ciencias Biom\u00e9dicas de la Universidad de Caldas participa en concurso literario Macondos del Siglo XXI .","robots":{"index":"index","follow":"follow","max-snippet":"max-snippet:-1","max-image-preview":"max-image-preview:large","max-video-preview":"max-video-preview:-1"},"canonical":"https:\/\/www.ucaldas.edu.co\/portal\/cuento-curiosidad-del-creador-del-doctorado-en-ciencias-biomedicas-de-la-universidad-de-caldas-participa-en-concurso-literario-macondos-del-siglo-xxi\/","schema":{"@context":"https:\/\/schema.org","@graph":[{"@type":"Article","@id":"https:\/\/www.ucaldas.edu.co\/portal\/cuento-curiosidad-del-creador-del-doctorado-en-ciencias-biomedicas-de-la-universidad-de-caldas-participa-en-concurso-literario-macondos-del-siglo-xxi\/#article","isPartOf":{"@id":"https:\/\/www.ucaldas.edu.co\/portal\/cuento-curiosidad-del-creador-del-doctorado-en-ciencias-biomedicas-de-la-universidad-de-caldas-participa-en-concurso-literario-macondos-del-siglo-xxi\/"},"author":{"name":"ofiprensa","@id":"https:\/\/www.ucaldas.edu.co\/portal\/#\/schema\/person\/a1b482e23449158b4bc319926c074fdf"},"headline":"Cuento \u201cCuriosidad\u201d del creador del Doctorado en Ciencias Biom\u00e9dicas de la Universidad de Caldas participa en concurso literario Macondos del Siglo XXI","datePublished":"2024-11-21T16:21:45+00:00","mainEntityOfPage":{"@id":"https:\/\/www.ucaldas.edu.co\/portal\/cuento-curiosidad-del-creador-del-doctorado-en-ciencias-biomedicas-de-la-universidad-de-caldas-participa-en-concurso-literario-macondos-del-siglo-xxi\/"},"wordCount":857,"publisher":{"@id":"https:\/\/www.ucaldas.edu.co\/portal\/#organization"},"image":{"@id":"https:\/\/www.ucaldas.edu.co\/portal\/cuento-curiosidad-del-creador-del-doctorado-en-ciencias-biomedicas-de-la-universidad-de-caldas-participa-en-concurso-literario-macondos-del-siglo-xxi\/#primaryimage"},"thumbnailUrl":"https:\/\/www.ucaldas.edu.co\/portal\/wp-content\/uploads\/2024\/11\/imagen-nota-cuento.webp","keywords":["Universidad de Caldas. U. de Caldas","Per\u00fa","literatura","Concurso","Doctorado en Ciencias Biom\u00e9dicas"],"articleSection":["Actualidad","Universidad al D\u00eda"],"inLanguage":"es"},{"@type":"WebPage","@id":"https:\/\/www.ucaldas.edu.co\/portal\/cuento-curiosidad-del-creador-del-doctorado-en-ciencias-biomedicas-de-la-universidad-de-caldas-participa-en-concurso-literario-macondos-del-siglo-xxi\/","url":"https:\/\/www.ucaldas.edu.co\/portal\/cuento-curiosidad-del-creador-del-doctorado-en-ciencias-biomedicas-de-la-universidad-de-caldas-participa-en-concurso-literario-macondos-del-siglo-xxi\/","name":"Cuento \u201cCuriosidad\u201d del creador del Doctorado en Ciencias Biom\u00e9dicas de la Universidad de Caldas participa en concurso literario Macondos del Siglo XXI .","isPartOf":{"@id":"https:\/\/www.ucaldas.edu.co\/portal\/#website"},"primaryImageOfPage":{"@id":"https:\/\/www.ucaldas.edu.co\/portal\/cuento-curiosidad-del-creador-del-doctorado-en-ciencias-biomedicas-de-la-universidad-de-caldas-participa-en-concurso-literario-macondos-del-siglo-xxi\/#primaryimage"},"image":{"@id":"https:\/\/www.ucaldas.edu.co\/portal\/cuento-curiosidad-del-creador-del-doctorado-en-ciencias-biomedicas-de-la-universidad-de-caldas-participa-en-concurso-literario-macondos-del-siglo-xxi\/#primaryimage"},"thumbnailUrl":"https:\/\/www.ucaldas.edu.co\/portal\/wp-content\/uploads\/2024\/11\/imagen-nota-cuento.webp","datePublished":"2024-11-21T16:21:45+00:00","breadcrumb":{"@id":"https:\/\/www.ucaldas.edu.co\/portal\/cuento-curiosidad-del-creador-del-doctorado-en-ciencias-biomedicas-de-la-universidad-de-caldas-participa-en-concurso-literario-macondos-del-siglo-xxi\/#breadcrumb"},"inLanguage":"es","potentialAction":[{"@type":"ReadAction","target":["https:\/\/www.ucaldas.edu.co\/portal\/cuento-curiosidad-del-creador-del-doctorado-en-ciencias-biomedicas-de-la-universidad-de-caldas-participa-en-concurso-literario-macondos-del-siglo-xxi\/"]}]},{"@type":"ImageObject","inLanguage":"es","@id":"https:\/\/www.ucaldas.edu.co\/portal\/cuento-curiosidad-del-creador-del-doctorado-en-ciencias-biomedicas-de-la-universidad-de-caldas-participa-en-concurso-literario-macondos-del-siglo-xxi\/#primaryimage","url":"https:\/\/www.ucaldas.edu.co\/portal\/wp-content\/uploads\/2024\/11\/imagen-nota-cuento.webp","contentUrl":"https:\/\/www.ucaldas.edu.co\/portal\/wp-content\/uploads\/2024\/11\/imagen-nota-cuento.webp","width":1920,"height":1080},{"@type":"BreadcrumbList","@id":"https:\/\/www.ucaldas.edu.co\/portal\/cuento-curiosidad-del-creador-del-doctorado-en-ciencias-biomedicas-de-la-universidad-de-caldas-participa-en-concurso-literario-macondos-del-siglo-xxi\/#breadcrumb","itemListElement":[{"@type":"ListItem","position":1,"name":"Portada","item":"https:\/\/www.ucaldas.edu.co\/portal\/"},{"@type":"ListItem","position":2,"name":"Cuento \u201cCuriosidad\u201d del creador del Doctorado en Ciencias Biom\u00e9dicas de la Universidad de Caldas participa en concurso literario Macondos del Siglo XXI"}]},{"@type":"WebSite","@id":"https:\/\/www.ucaldas.edu.co\/portal\/#website","url":"https:\/\/www.ucaldas.edu.co\/portal\/","name":"Universidad de Caldas","description":"","publisher":{"@id":"https:\/\/www.ucaldas.edu.co\/portal\/#organization"},"alternateName":"U. de Caldas","potentialAction":[{"@type":"SearchAction","target":{"@type":"EntryPoint","urlTemplate":"https:\/\/www.ucaldas.edu.co\/portal\/?s={search_term_string}"},"query-input":{"@type":"PropertyValueSpecification","valueRequired":true,"valueName":"search_term_string"}}],"inLanguage":"es"},{"@type":"Organization","@id":"https:\/\/www.ucaldas.edu.co\/portal\/#organization","name":"Universidad de Caldas","alternateName":"U. de Caldas","url":"https:\/\/www.ucaldas.edu.co\/portal\/","logo":{"@type":"ImageObject","inLanguage":"es","@id":"https:\/\/www.ucaldas.edu.co\/portal\/#\/schema\/logo\/image\/","url":"https:\/\/www.ucaldas.edu.co\/portal\/wp-content\/uploads\/2023\/11\/Logo_horizontal_oscuroU-2023.png","contentUrl":"https:\/\/www.ucaldas.edu.co\/portal\/wp-content\/uploads\/2023\/11\/Logo_horizontal_oscuroU-2023.png","width":263,"height":101,"caption":"Universidad de Caldas"},"image":{"@id":"https:\/\/www.ucaldas.edu.co\/portal\/#\/schema\/logo\/image\/"},"sameAs":["https:\/\/www.facebook.com\/udecaldas","https:\/\/x.com\/udecaldas","https:\/\/www.youtube.com\/universidadcaldas","https:\/\/www.instagram.com\/udecaldas\/"]},{"@type":"Person","@id":"https:\/\/www.ucaldas.edu.co\/portal\/#\/schema\/person\/a1b482e23449158b4bc319926c074fdf","name":"ofiprensa","image":{"@type":"ImageObject","inLanguage":"es","@id":"https:\/\/www.ucaldas.edu.co\/portal\/wp-content\/litespeed\/avatar\/09ea5085e600095a7a811142c6944527.jpg?ver=1776892805","url":"https:\/\/www.ucaldas.edu.co\/portal\/wp-content\/litespeed\/avatar\/09ea5085e600095a7a811142c6944527.jpg?ver=1776892805","contentUrl":"https:\/\/www.ucaldas.edu.co\/portal\/wp-content\/litespeed\/avatar\/09ea5085e600095a7a811142c6944527.jpg?ver=1776892805","caption":"ofiprensa"},"url":"https:\/\/www.ucaldas.edu.co\/portal\/author\/ofiprensa\/"}]}},"_links":{"self":[{"href":"https:\/\/www.ucaldas.edu.co\/portal\/wp-json\/wp\/v2\/posts\/85365","targetHints":{"allow":["GET"]}}],"collection":[{"href":"https:\/\/www.ucaldas.edu.co\/portal\/wp-json\/wp\/v2\/posts"}],"about":[{"href":"https:\/\/www.ucaldas.edu.co\/portal\/wp-json\/wp\/v2\/types\/post"}],"author":[{"embeddable":true,"href":"https:\/\/www.ucaldas.edu.co\/portal\/wp-json\/wp\/v2\/users\/2"}],"replies":[{"embeddable":true,"href":"https:\/\/www.ucaldas.edu.co\/portal\/wp-json\/wp\/v2\/comments?post=85365"}],"version-history":[{"count":0,"href":"https:\/\/www.ucaldas.edu.co\/portal\/wp-json\/wp\/v2\/posts\/85365\/revisions"}],"wp:featuredmedia":[{"embeddable":true,"href":"https:\/\/www.ucaldas.edu.co\/portal\/wp-json\/wp\/v2\/media\/85367"}],"wp:attachment":[{"href":"https:\/\/www.ucaldas.edu.co\/portal\/wp-json\/wp\/v2\/media?parent=85365"}],"wp:term":[{"taxonomy":"category","embeddable":true,"href":"https:\/\/www.ucaldas.edu.co\/portal\/wp-json\/wp\/v2\/categories?post=85365"},{"taxonomy":"post_tag","embeddable":true,"href":"https:\/\/www.ucaldas.edu.co\/portal\/wp-json\/wp\/v2\/tags?post=85365"}],"curies":[{"name":"wp","href":"https:\/\/api.w.org\/{rel}","templated":true}]}}