{"id":85271,"date":"2024-11-19T17:09:37","date_gmt":"2024-11-19T22:09:37","guid":{"rendered":"https:\/\/www.ucaldas.edu.co\/portal\/?p=85271"},"modified":"2024-11-19T17:09:37","modified_gmt":"2024-11-19T22:09:37","slug":"en-la-semana-de-la-inclusion-la-sociologa-maria-cristina-palacio-propone-reconocer-a-la-familia-como-una-estructura-diversa","status":"publish","type":"post","link":"https:\/\/www.ucaldas.edu.co\/portal\/en-la-semana-de-la-inclusion-la-sociologa-maria-cristina-palacio-propone-reconocer-a-la-familia-como-una-estructura-diversa\/","title":{"rendered":"En la Semana de la Inclusi\u00f3n, la soci\u00f3loga Mar\u00eda Cristina Palacio propone reconocer a la familia como una estructura diversa."},"content":{"rendered":"<p style=\"text-align: justify;\"><img loading=\"lazy\" decoding=\"async\" class=\"alignnone size-full wp-image-85274\" src=\"https:\/\/www.ucaldas.edu.co\/portal\/wp-content\/uploads\/2024\/11\/cristina-inclusion-.jpg\" alt=\"\" width=\"1599\" height=\"1066\" \/>La s\u00e9ptima edici\u00f3n de la Semana de la Inclusi\u00f3n realizada por la Corporaci\u00f3n Buen Vivir, en alianza con la Universidad de Caldas, arranc\u00f3 con la conferencia de una de las panelistas m\u00e1s esperadas para este encuentro: la soci\u00f3loga, investigadora y consultora internacional, adem\u00e1s de docente em\u00e9rita de nuestra Instituci\u00f3n, Mar\u00eda Cristina Palacio.<!--more--><\/p>\n<p style=\"text-align: justify;\">Su ponencia, denominada<em> La familia: una meditaci\u00f3n sobre el claro oscuro de la inclusi\u00f3n<\/em>, se articula con el gran prop\u00f3sito del evento para este 2024: visibilizar la familia como unidad de an\u00e1lisis para generar conocimientos acerca de la relaci\u00f3n de este grupo social con la inclusi\u00f3n entre sus integrantes y con la poblaci\u00f3n en su conjunto.<\/p>\n<p style=\"text-align: justify;\">El t\u00edtulo de su ponencia abre puertas a la reflexi\u00f3n de un tema que suele naturalizarse en dos perspectivas extremadamente opuestas: la mesi\u00e1nica \u2013 rom\u00e1ntica y la satanizadora que le endilga a la familia todos nuestros traumas y fracasos.<\/p>\n<p style=\"text-align: justify;\">\u201cEl tema de familia es poroso y jabonoso porque conlleva una carga emocional afectiva muy fuerte, influenciada por aspectos religiosos, sociales y de toda \u00edndole que muchas veces nublan la percepci\u00f3n y nos desv\u00edan de ciertas discusiones estructurales que deben darse al interior de ese n\u00facleo que marca nuestra vida. Pienso que lo m\u00e1s sano es comprender que la familia es una estructura diversa, con roles y sentires distintos con los cuales debemos procurar una sana convivencia. Eso, en \u00faltimas, es inclusi\u00f3n\u201d, explica la investigadora Mar\u00eda Cristina Palacio.<\/p>\n<p style=\"text-align: justify;\">Desde esta mirada, se hace necesario entender que los intereses, al interior de una familia, son de orden individual y no colectivo. Entenderlo al rev\u00e9s ha generado una brecha profunda que impide la reflexi\u00f3n, el cambio de conducta y la resoluci\u00f3n de conflictos en ese grupo medular al que nos vinculamos.<\/p>\n<p style=\"text-align: justify;\">\u201cA m\u00ed me llam\u00f3 mucho la atenci\u00f3n la invitaci\u00f3n a esta Semana de la Inclusi\u00f3n, porque es la oportunidad de tejer caminos y porque para m\u00ed es un acto de responsabilidad social. Soy muy cr\u00edtica cuando vamos por ah\u00ed naturalizando las cosas del mundo, convirti\u00e9ndolas en verdades absolutas. En este sentido, el tema de la familia me parece fundamental para desmenuzarlo, volver a nombrarlo, quitarle prejuicios, espejismos y todo lo dem\u00e1s que no nos deja estar tranquilos ni\u00a0 libres\u201d, agrega Palacio.<\/p>\n<p style=\"text-align: justify;\">Esta y otras discusiones, que se dar\u00e1n durante esta semana inclusiva, equilibran la balanza en una agenda p\u00fablica que privilegia los temas econ\u00f3micos, pol\u00edticos y\/o tecnol\u00f3gicos, y esconde los m\u00e1s esenciales, como el de la familia.\u00a0 La presencia de la investigadora Mar\u00eda Cristina y de otros panelistas expertos en sus l\u00edneas tem\u00e1ticas, demuestra que esta Semana de la Inclusi\u00f3n es una luz de esperanza para habitar un mundo m\u00e1s cr\u00edtico, m\u00e1s honesto y con menos violencias.<\/p>\n<p style=\"text-align: justify;\">La Semana cerrar\u00e1 el d\u00eda viernes a las 2 de la tarde en el \u00d3culo del Rogelio Salmona con el foro <em>La familia, eje fundamental de la pol\u00edtica social<\/em>, moderado por el secretario de Educaci\u00f3n Alcald\u00eda de Manizales, Dr. Andr\u00e9s Felipe Betancourth y a continuaci\u00f3n, las autoridades y representantes de organizaciones sociales realizar\u00e1n la firma del Pacto por las Familias Caldenses<\/p>\n<p><a href=\"https:\/\/www.ucaldas.edu.co\/portal\/wp-content\/uploads\/2024\/11\/Agenda-Semana-de-la-Inclusion-1.pdf\">Consulta aqu\u00ed la programaci\u00f3n de la Semana de la Inclusi\u00f3n\u00a0<\/a><\/p>\n<p><strong>Anexo:<\/strong><\/p>\n<p><a href=\"https:\/\/www.ucaldas.edu.co\/portal\/wp-content\/uploads\/2024\/11\/cristina-familia-voz.mp3\"><strong>-Audio soci\u00f3loga, investigadora y consultora internacional, Mar\u00eda Cristina Palacio.<\/strong><\/a><\/p>\n<audio class=\"wp-audio-shortcode\" id=\"audio-85271-1\" preload=\"none\" style=\"width: 100%;\" controls=\"controls\"><source type=\"audio\/mpeg\" src=\"https:\/\/www.ucaldas.edu.co\/portal\/wp-content\/uploads\/2024\/11\/cristina-familia-voz.mp3?_=1\" \/><a href=\"https:\/\/www.ucaldas.edu.co\/portal\/wp-content\/uploads\/2024\/11\/cristina-familia-voz.mp3\">https:\/\/www.ucaldas.edu.co\/portal\/wp-content\/uploads\/2024\/11\/cristina-familia-voz.mp3<\/a><\/audio>\n","protected":false},"excerpt":{"rendered":"<p>La s\u00e9ptima edici\u00f3n de la Semana de la Inclusi\u00f3n realizada por la Corporaci\u00f3n Buen Vivir, en alianza con la Universidad de Caldas, arranc\u00f3 con la conferencia de una de las panelistas m\u00e1s esperadas para este encuentro: la soci\u00f3loga, investigadora y consultora internacional, adem\u00e1s de docente em\u00e9rita de nuestra Instituci\u00f3n, Mar\u00eda Cristina Palacio.<\/p>\n","protected":false},"author":2,"featured_media":85274,"comment_status":"closed","ping_status":"open","sticky":false,"template":"","format":"standard","meta":{"footnotes":""},"categories":[48,53],"tags":[2192,2257],"class_list":["post-85271","post","type-post","status-publish","format-standard","has-post-thumbnail","hentry","category-actualidad","category-universidad-al-dia","tag-universidad-de-caldas-u-de-caldas","tag-inclusion"],"yoast_head":"<!-- This site is optimized with the Yoast SEO plugin v27.5 - https:\/\/yoast.com\/product\/yoast-seo-wordpress\/ -->\n<title>En la Semana de la Inclusi\u00f3n, la soci\u00f3loga Mar\u00eda Cristina Palacio propone reconocer a la familia como una estructura diversa. .<\/title>\n<meta name=\"robots\" content=\"index, follow, max-snippet:-1, max-image-preview:large, max-video-preview:-1\" \/>\n<link rel=\"canonical\" href=\"https:\/\/www.ucaldas.edu.co\/portal\/en-la-semana-de-la-inclusion-la-sociologa-maria-cristina-palacio-propone-reconocer-a-la-familia-como-una-estructura-diversa\/\" \/>\n<script type=\"application\/ld+json\" class=\"yoast-schema-graph\">{\"@context\":\"https:\\\/\\\/schema.org\",\"@graph\":[{\"@type\":\"Article\",\"@id\":\"https:\\\/\\\/www.ucaldas.edu.co\\\/portal\\\/en-la-semana-de-la-inclusion-la-sociologa-maria-cristina-palacio-propone-reconocer-a-la-familia-como-una-estructura-diversa\\\/#article\",\"isPartOf\":{\"@id\":\"https:\\\/\\\/www.ucaldas.edu.co\\\/portal\\\/en-la-semana-de-la-inclusion-la-sociologa-maria-cristina-palacio-propone-reconocer-a-la-familia-como-una-estructura-diversa\\\/\"},\"author\":{\"name\":\"ofiprensa\",\"@id\":\"https:\\\/\\\/www.ucaldas.edu.co\\\/portal\\\/#\\\/schema\\\/person\\\/a1b482e23449158b4bc319926c074fdf\"},\"headline\":\"En la Semana de la Inclusi\u00f3n, la soci\u00f3loga Mar\u00eda Cristina Palacio propone reconocer a la familia como una estructura diversa.\",\"datePublished\":\"2024-11-19T22:09:37+00:00\",\"mainEntityOfPage\":{\"@id\":\"https:\\\/\\\/www.ucaldas.edu.co\\\/portal\\\/en-la-semana-de-la-inclusion-la-sociologa-maria-cristina-palacio-propone-reconocer-a-la-familia-como-una-estructura-diversa\\\/\"},\"wordCount\":618,\"publisher\":{\"@id\":\"https:\\\/\\\/www.ucaldas.edu.co\\\/portal\\\/#organization\"},\"image\":{\"@id\":\"https:\\\/\\\/www.ucaldas.edu.co\\\/portal\\\/en-la-semana-de-la-inclusion-la-sociologa-maria-cristina-palacio-propone-reconocer-a-la-familia-como-una-estructura-diversa\\\/#primaryimage\"},\"thumbnailUrl\":\"https:\\\/\\\/www.ucaldas.edu.co\\\/portal\\\/wp-content\\\/uploads\\\/2024\\\/11\\\/cristina-inclusion-.jpg\",\"keywords\":[\"Universidad de Caldas. U. de Caldas\",\"inclusi\u00f3n\"],\"articleSection\":[\"Actualidad\",\"Universidad al D\u00eda\"],\"inLanguage\":\"es\"},{\"@type\":\"WebPage\",\"@id\":\"https:\\\/\\\/www.ucaldas.edu.co\\\/portal\\\/en-la-semana-de-la-inclusion-la-sociologa-maria-cristina-palacio-propone-reconocer-a-la-familia-como-una-estructura-diversa\\\/\",\"url\":\"https:\\\/\\\/www.ucaldas.edu.co\\\/portal\\\/en-la-semana-de-la-inclusion-la-sociologa-maria-cristina-palacio-propone-reconocer-a-la-familia-como-una-estructura-diversa\\\/\",\"name\":\"En la Semana de la Inclusi\u00f3n, la soci\u00f3loga Mar\u00eda Cristina Palacio propone reconocer a la familia como una estructura diversa. .\",\"isPartOf\":{\"@id\":\"https:\\\/\\\/www.ucaldas.edu.co\\\/portal\\\/#website\"},\"primaryImageOfPage\":{\"@id\":\"https:\\\/\\\/www.ucaldas.edu.co\\\/portal\\\/en-la-semana-de-la-inclusion-la-sociologa-maria-cristina-palacio-propone-reconocer-a-la-familia-como-una-estructura-diversa\\\/#primaryimage\"},\"image\":{\"@id\":\"https:\\\/\\\/www.ucaldas.edu.co\\\/portal\\\/en-la-semana-de-la-inclusion-la-sociologa-maria-cristina-palacio-propone-reconocer-a-la-familia-como-una-estructura-diversa\\\/#primaryimage\"},\"thumbnailUrl\":\"https:\\\/\\\/www.ucaldas.edu.co\\\/portal\\\/wp-content\\\/uploads\\\/2024\\\/11\\\/cristina-inclusion-.jpg\",\"datePublished\":\"2024-11-19T22:09:37+00:00\",\"breadcrumb\":{\"@id\":\"https:\\\/\\\/www.ucaldas.edu.co\\\/portal\\\/en-la-semana-de-la-inclusion-la-sociologa-maria-cristina-palacio-propone-reconocer-a-la-familia-como-una-estructura-diversa\\\/#breadcrumb\"},\"inLanguage\":\"es\",\"potentialAction\":[{\"@type\":\"ReadAction\",\"target\":[\"https:\\\/\\\/www.ucaldas.edu.co\\\/portal\\\/en-la-semana-de-la-inclusion-la-sociologa-maria-cristina-palacio-propone-reconocer-a-la-familia-como-una-estructura-diversa\\\/\"]}]},{\"@type\":\"ImageObject\",\"inLanguage\":\"es\",\"@id\":\"https:\\\/\\\/www.ucaldas.edu.co\\\/portal\\\/en-la-semana-de-la-inclusion-la-sociologa-maria-cristina-palacio-propone-reconocer-a-la-familia-como-una-estructura-diversa\\\/#primaryimage\",\"url\":\"https:\\\/\\\/www.ucaldas.edu.co\\\/portal\\\/wp-content\\\/uploads\\\/2024\\\/11\\\/cristina-inclusion-.jpg\",\"contentUrl\":\"https:\\\/\\\/www.ucaldas.edu.co\\\/portal\\\/wp-content\\\/uploads\\\/2024\\\/11\\\/cristina-inclusion-.jpg\",\"width\":1599,\"height\":1066},{\"@type\":\"BreadcrumbList\",\"@id\":\"https:\\\/\\\/www.ucaldas.edu.co\\\/portal\\\/en-la-semana-de-la-inclusion-la-sociologa-maria-cristina-palacio-propone-reconocer-a-la-familia-como-una-estructura-diversa\\\/#breadcrumb\",\"itemListElement\":[{\"@type\":\"ListItem\",\"position\":1,\"name\":\"Portada\",\"item\":\"https:\\\/\\\/www.ucaldas.edu.co\\\/portal\\\/\"},{\"@type\":\"ListItem\",\"position\":2,\"name\":\"En la Semana de la Inclusi\u00f3n, la soci\u00f3loga Mar\u00eda Cristina Palacio propone reconocer a la familia como una estructura diversa.\"}]},{\"@type\":\"WebSite\",\"@id\":\"https:\\\/\\\/www.ucaldas.edu.co\\\/portal\\\/#website\",\"url\":\"https:\\\/\\\/www.ucaldas.edu.co\\\/portal\\\/\",\"name\":\"Universidad de Caldas\",\"description\":\"\",\"publisher\":{\"@id\":\"https:\\\/\\\/www.ucaldas.edu.co\\\/portal\\\/#organization\"},\"alternateName\":\"U. de Caldas\",\"potentialAction\":[{\"@type\":\"SearchAction\",\"target\":{\"@type\":\"EntryPoint\",\"urlTemplate\":\"https:\\\/\\\/www.ucaldas.edu.co\\\/portal\\\/?s={search_term_string}\"},\"query-input\":{\"@type\":\"PropertyValueSpecification\",\"valueRequired\":true,\"valueName\":\"search_term_string\"}}],\"inLanguage\":\"es\"},{\"@type\":\"Organization\",\"@id\":\"https:\\\/\\\/www.ucaldas.edu.co\\\/portal\\\/#organization\",\"name\":\"Universidad de Caldas\",\"alternateName\":\"U. de Caldas\",\"url\":\"https:\\\/\\\/www.ucaldas.edu.co\\\/portal\\\/\",\"logo\":{\"@type\":\"ImageObject\",\"inLanguage\":\"es\",\"@id\":\"https:\\\/\\\/www.ucaldas.edu.co\\\/portal\\\/#\\\/schema\\\/logo\\\/image\\\/\",\"url\":\"https:\\\/\\\/www.ucaldas.edu.co\\\/portal\\\/wp-content\\\/uploads\\\/2023\\\/11\\\/Logo_horizontal_oscuroU-2023.png\",\"contentUrl\":\"https:\\\/\\\/www.ucaldas.edu.co\\\/portal\\\/wp-content\\\/uploads\\\/2023\\\/11\\\/Logo_horizontal_oscuroU-2023.png\",\"width\":263,\"height\":101,\"caption\":\"Universidad de Caldas\"},\"image\":{\"@id\":\"https:\\\/\\\/www.ucaldas.edu.co\\\/portal\\\/#\\\/schema\\\/logo\\\/image\\\/\"},\"sameAs\":[\"https:\\\/\\\/www.facebook.com\\\/udecaldas\",\"https:\\\/\\\/x.com\\\/udecaldas\",\"https:\\\/\\\/www.youtube.com\\\/universidadcaldas\",\"https:\\\/\\\/www.instagram.com\\\/udecaldas\\\/\"]},{\"@type\":\"Person\",\"@id\":\"https:\\\/\\\/www.ucaldas.edu.co\\\/portal\\\/#\\\/schema\\\/person\\\/a1b482e23449158b4bc319926c074fdf\",\"name\":\"ofiprensa\",\"image\":{\"@type\":\"ImageObject\",\"inLanguage\":\"es\",\"@id\":\"https:\\\/\\\/www.ucaldas.edu.co\\\/portal\\\/wp-content\\\/litespeed\\\/avatar\\\/09ea5085e600095a7a811142c6944527.jpg?ver=1777497608\",\"url\":\"https:\\\/\\\/www.ucaldas.edu.co\\\/portal\\\/wp-content\\\/litespeed\\\/avatar\\\/09ea5085e600095a7a811142c6944527.jpg?ver=1777497608\",\"contentUrl\":\"https:\\\/\\\/www.ucaldas.edu.co\\\/portal\\\/wp-content\\\/litespeed\\\/avatar\\\/09ea5085e600095a7a811142c6944527.jpg?ver=1777497608\",\"caption\":\"ofiprensa\"},\"url\":\"https:\\\/\\\/www.ucaldas.edu.co\\\/portal\\\/author\\\/ofiprensa\\\/\"}]}<\/script>\n<!-- \/ Yoast SEO plugin. -->","yoast_head_json":{"title":"En la Semana de la Inclusi\u00f3n, la soci\u00f3loga Mar\u00eda Cristina Palacio propone reconocer a la familia como una estructura diversa. .","robots":{"index":"index","follow":"follow","max-snippet":"max-snippet:-1","max-image-preview":"max-image-preview:large","max-video-preview":"max-video-preview:-1"},"canonical":"https:\/\/www.ucaldas.edu.co\/portal\/en-la-semana-de-la-inclusion-la-sociologa-maria-cristina-palacio-propone-reconocer-a-la-familia-como-una-estructura-diversa\/","schema":{"@context":"https:\/\/schema.org","@graph":[{"@type":"Article","@id":"https:\/\/www.ucaldas.edu.co\/portal\/en-la-semana-de-la-inclusion-la-sociologa-maria-cristina-palacio-propone-reconocer-a-la-familia-como-una-estructura-diversa\/#article","isPartOf":{"@id":"https:\/\/www.ucaldas.edu.co\/portal\/en-la-semana-de-la-inclusion-la-sociologa-maria-cristina-palacio-propone-reconocer-a-la-familia-como-una-estructura-diversa\/"},"author":{"name":"ofiprensa","@id":"https:\/\/www.ucaldas.edu.co\/portal\/#\/schema\/person\/a1b482e23449158b4bc319926c074fdf"},"headline":"En la Semana de la Inclusi\u00f3n, la soci\u00f3loga Mar\u00eda Cristina Palacio propone reconocer a la familia como una estructura diversa.","datePublished":"2024-11-19T22:09:37+00:00","mainEntityOfPage":{"@id":"https:\/\/www.ucaldas.edu.co\/portal\/en-la-semana-de-la-inclusion-la-sociologa-maria-cristina-palacio-propone-reconocer-a-la-familia-como-una-estructura-diversa\/"},"wordCount":618,"publisher":{"@id":"https:\/\/www.ucaldas.edu.co\/portal\/#organization"},"image":{"@id":"https:\/\/www.ucaldas.edu.co\/portal\/en-la-semana-de-la-inclusion-la-sociologa-maria-cristina-palacio-propone-reconocer-a-la-familia-como-una-estructura-diversa\/#primaryimage"},"thumbnailUrl":"https:\/\/www.ucaldas.edu.co\/portal\/wp-content\/uploads\/2024\/11\/cristina-inclusion-.jpg","keywords":["Universidad de Caldas. U. de Caldas","inclusi\u00f3n"],"articleSection":["Actualidad","Universidad al D\u00eda"],"inLanguage":"es"},{"@type":"WebPage","@id":"https:\/\/www.ucaldas.edu.co\/portal\/en-la-semana-de-la-inclusion-la-sociologa-maria-cristina-palacio-propone-reconocer-a-la-familia-como-una-estructura-diversa\/","url":"https:\/\/www.ucaldas.edu.co\/portal\/en-la-semana-de-la-inclusion-la-sociologa-maria-cristina-palacio-propone-reconocer-a-la-familia-como-una-estructura-diversa\/","name":"En la Semana de la Inclusi\u00f3n, la soci\u00f3loga Mar\u00eda Cristina Palacio propone reconocer a la familia como una estructura diversa. .","isPartOf":{"@id":"https:\/\/www.ucaldas.edu.co\/portal\/#website"},"primaryImageOfPage":{"@id":"https:\/\/www.ucaldas.edu.co\/portal\/en-la-semana-de-la-inclusion-la-sociologa-maria-cristina-palacio-propone-reconocer-a-la-familia-como-una-estructura-diversa\/#primaryimage"},"image":{"@id":"https:\/\/www.ucaldas.edu.co\/portal\/en-la-semana-de-la-inclusion-la-sociologa-maria-cristina-palacio-propone-reconocer-a-la-familia-como-una-estructura-diversa\/#primaryimage"},"thumbnailUrl":"https:\/\/www.ucaldas.edu.co\/portal\/wp-content\/uploads\/2024\/11\/cristina-inclusion-.jpg","datePublished":"2024-11-19T22:09:37+00:00","breadcrumb":{"@id":"https:\/\/www.ucaldas.edu.co\/portal\/en-la-semana-de-la-inclusion-la-sociologa-maria-cristina-palacio-propone-reconocer-a-la-familia-como-una-estructura-diversa\/#breadcrumb"},"inLanguage":"es","potentialAction":[{"@type":"ReadAction","target":["https:\/\/www.ucaldas.edu.co\/portal\/en-la-semana-de-la-inclusion-la-sociologa-maria-cristina-palacio-propone-reconocer-a-la-familia-como-una-estructura-diversa\/"]}]},{"@type":"ImageObject","inLanguage":"es","@id":"https:\/\/www.ucaldas.edu.co\/portal\/en-la-semana-de-la-inclusion-la-sociologa-maria-cristina-palacio-propone-reconocer-a-la-familia-como-una-estructura-diversa\/#primaryimage","url":"https:\/\/www.ucaldas.edu.co\/portal\/wp-content\/uploads\/2024\/11\/cristina-inclusion-.jpg","contentUrl":"https:\/\/www.ucaldas.edu.co\/portal\/wp-content\/uploads\/2024\/11\/cristina-inclusion-.jpg","width":1599,"height":1066},{"@type":"BreadcrumbList","@id":"https:\/\/www.ucaldas.edu.co\/portal\/en-la-semana-de-la-inclusion-la-sociologa-maria-cristina-palacio-propone-reconocer-a-la-familia-como-una-estructura-diversa\/#breadcrumb","itemListElement":[{"@type":"ListItem","position":1,"name":"Portada","item":"https:\/\/www.ucaldas.edu.co\/portal\/"},{"@type":"ListItem","position":2,"name":"En la Semana de la Inclusi\u00f3n, la soci\u00f3loga Mar\u00eda Cristina Palacio propone reconocer a la familia como una estructura diversa."}]},{"@type":"WebSite","@id":"https:\/\/www.ucaldas.edu.co\/portal\/#website","url":"https:\/\/www.ucaldas.edu.co\/portal\/","name":"Universidad de Caldas","description":"","publisher":{"@id":"https:\/\/www.ucaldas.edu.co\/portal\/#organization"},"alternateName":"U. de Caldas","potentialAction":[{"@type":"SearchAction","target":{"@type":"EntryPoint","urlTemplate":"https:\/\/www.ucaldas.edu.co\/portal\/?s={search_term_string}"},"query-input":{"@type":"PropertyValueSpecification","valueRequired":true,"valueName":"search_term_string"}}],"inLanguage":"es"},{"@type":"Organization","@id":"https:\/\/www.ucaldas.edu.co\/portal\/#organization","name":"Universidad de Caldas","alternateName":"U. de Caldas","url":"https:\/\/www.ucaldas.edu.co\/portal\/","logo":{"@type":"ImageObject","inLanguage":"es","@id":"https:\/\/www.ucaldas.edu.co\/portal\/#\/schema\/logo\/image\/","url":"https:\/\/www.ucaldas.edu.co\/portal\/wp-content\/uploads\/2023\/11\/Logo_horizontal_oscuroU-2023.png","contentUrl":"https:\/\/www.ucaldas.edu.co\/portal\/wp-content\/uploads\/2023\/11\/Logo_horizontal_oscuroU-2023.png","width":263,"height":101,"caption":"Universidad de Caldas"},"image":{"@id":"https:\/\/www.ucaldas.edu.co\/portal\/#\/schema\/logo\/image\/"},"sameAs":["https:\/\/www.facebook.com\/udecaldas","https:\/\/x.com\/udecaldas","https:\/\/www.youtube.com\/universidadcaldas","https:\/\/www.instagram.com\/udecaldas\/"]},{"@type":"Person","@id":"https:\/\/www.ucaldas.edu.co\/portal\/#\/schema\/person\/a1b482e23449158b4bc319926c074fdf","name":"ofiprensa","image":{"@type":"ImageObject","inLanguage":"es","@id":"https:\/\/www.ucaldas.edu.co\/portal\/wp-content\/litespeed\/avatar\/09ea5085e600095a7a811142c6944527.jpg?ver=1777497608","url":"https:\/\/www.ucaldas.edu.co\/portal\/wp-content\/litespeed\/avatar\/09ea5085e600095a7a811142c6944527.jpg?ver=1777497608","contentUrl":"https:\/\/www.ucaldas.edu.co\/portal\/wp-content\/litespeed\/avatar\/09ea5085e600095a7a811142c6944527.jpg?ver=1777497608","caption":"ofiprensa"},"url":"https:\/\/www.ucaldas.edu.co\/portal\/author\/ofiprensa\/"}]}},"_links":{"self":[{"href":"https:\/\/www.ucaldas.edu.co\/portal\/wp-json\/wp\/v2\/posts\/85271","targetHints":{"allow":["GET"]}}],"collection":[{"href":"https:\/\/www.ucaldas.edu.co\/portal\/wp-json\/wp\/v2\/posts"}],"about":[{"href":"https:\/\/www.ucaldas.edu.co\/portal\/wp-json\/wp\/v2\/types\/post"}],"author":[{"embeddable":true,"href":"https:\/\/www.ucaldas.edu.co\/portal\/wp-json\/wp\/v2\/users\/2"}],"replies":[{"embeddable":true,"href":"https:\/\/www.ucaldas.edu.co\/portal\/wp-json\/wp\/v2\/comments?post=85271"}],"version-history":[{"count":0,"href":"https:\/\/www.ucaldas.edu.co\/portal\/wp-json\/wp\/v2\/posts\/85271\/revisions"}],"wp:featuredmedia":[{"embeddable":true,"href":"https:\/\/www.ucaldas.edu.co\/portal\/wp-json\/wp\/v2\/media\/85274"}],"wp:attachment":[{"href":"https:\/\/www.ucaldas.edu.co\/portal\/wp-json\/wp\/v2\/media?parent=85271"}],"wp:term":[{"taxonomy":"category","embeddable":true,"href":"https:\/\/www.ucaldas.edu.co\/portal\/wp-json\/wp\/v2\/categories?post=85271"},{"taxonomy":"post_tag","embeddable":true,"href":"https:\/\/www.ucaldas.edu.co\/portal\/wp-json\/wp\/v2\/tags?post=85271"}],"curies":[{"name":"wp","href":"https:\/\/api.w.org\/{rel}","templated":true}]}}