{"id":85124,"date":"2024-11-12T16:35:07","date_gmt":"2024-11-12T21:35:07","guid":{"rendered":"https:\/\/www.ucaldas.edu.co\/portal\/?p=85124"},"modified":"2024-11-27T11:12:24","modified_gmt":"2024-11-27T16:12:24","slug":"inscripciones-abiertas-para-la-especializacion-en-administracion-y-evaluacion-de-proyectos-agropecuarios-y-agroindustriales","status":"publish","type":"post","link":"https:\/\/www.ucaldas.edu.co\/portal\/inscripciones-abiertas-para-la-especializacion-en-administracion-y-evaluacion-de-proyectos-agropecuarios-y-agroindustriales\/","title":{"rendered":"Inscripciones abiertas para la Especializaci\u00f3n en Administraci\u00f3n y Evaluaci\u00f3n de Proyectos Agropecuarios y Agroindustriales."},"content":{"rendered":"<p style=\"text-align: justify;\"><img loading=\"lazy\" decoding=\"async\" class=\"alignnone size-full wp-image-85126\" src=\"https:\/\/www.ucaldas.edu.co\/portal\/wp-content\/uploads\/2024\/11\/imagen-espec-proye-agrop.jpg\" alt=\"\" width=\"2560\" height=\"1707\" \/>Actualmente la planificaci\u00f3n en los procesos administrativos agropecuarios y agroindustriales, est\u00e1 reflejada en proyectos, convertidos en valiosas herramientas para la organizaci\u00f3n y participaci\u00f3n en el entorno econ\u00f3mico y social. En este contexto, la Especializaci\u00f3n en Administraci\u00f3n y Evaluaci\u00f3n de Proyectos Agropecuarios y Agroindustriales de la Universidad de Caldas, apunta a la actualizaci\u00f3n de profesionales de distintas disciplinas en el desarrollo de funciones dirigidas a la gesti\u00f3n de proyectos.<!--more--><\/p>\n<p style=\"text-align: justify;\">La actual pol\u00edtica agropecuaria colombiana, que se destaca por elementos como los Territorios PDET (Programas de Desarrollo con Enfoque Territorial), zonas ZIDRES (Zonas de Inter\u00e9s de Desarrollo Rural y Econ\u00f3mico), las zonas de Reserva Campesina y la nueva Ley de Innovaci\u00f3n Agropecuaria, entre otras, demanda en el profesional actual competencias y habilidades en la formulaci\u00f3n de proyectos que respondan a las necesidades de los territorios.<\/p>\n<p style=\"text-align: justify;\">\u201cEste es un programa de posgrado muy interesante porque articula la administraci\u00f3n agropecuaria con proyectos que tengan una perspectiva administrativa. De igual manera se desarrollan conocimientos y competencias asociadas con la direcci\u00f3n, la estrategia y la teor\u00eda de las organizaciones, as\u00ed como la formulaci\u00f3n y evaluaci\u00f3n financiera desde una perspectiva te\u00f3rico pr\u00e1ctica\u201d, afirma el docente de la Especializaci\u00f3n en Administraci\u00f3n y Evaluaci\u00f3n de Proyectos Agropecuarios y Agroindustriales de la Universidad de Caldas, Carlos Juli\u00e1n Ram\u00edrez G\u00f3mez.<\/p>\n<p style=\"text-align: justify;\"><strong>Perfil del Egresado<\/strong><\/p>\n<p style=\"text-align: justify;\">El Especialista en Administraci\u00f3n y Evaluaci\u00f3n de Proyectos Agropecuarios y Agroindustriales estar\u00e1 en capacidad de:<\/p>\n<ul style=\"text-align: justify;\">\n<li>Ejercer funciones directivas de car\u00e1cter administrativo en instituciones y empresas del sector agr\u00edcola, en lo relacionado con los procesos de direcci\u00f3n y gesti\u00f3n de proyectos.<\/li>\n<li>Adem\u00e1s, podr\u00e1 liderar actividades de planeaci\u00f3n, organizaci\u00f3n, control y evaluaci\u00f3n de proyectos tanto como funcionario de empresas agr\u00edcolas, como asesor o como empresarios en actividades de autogesti\u00f3n.<\/li>\n<\/ul>\n<p style=\"text-align: justify;\"><strong>T\u00edtulo que Otorga:<\/strong> Especialista en Administraci\u00f3n y Evaluaci\u00f3n de Proyectos Agropecuarios y Agroindustriales.<\/p>\n<p style=\"text-align: justify;\"><strong>N\u00famero M\u00ednimo de Cr\u00e9ditos:<\/strong> 29.<\/p>\n<p style=\"text-align: justify;\"><strong>Modalidad<\/strong>: Presencial.<\/p>\n<p style=\"text-align: justify;\"><strong>Horario:<\/strong> Viernes de 5 pm. a 9 pm. y S\u00e1bados de 8 am. a 2 pm.<\/p>\n<p style=\"text-align: justify;\"><strong>Duraci\u00f3n<\/strong>: 1 a\u00f1os (2 semestres).<\/p>\n<p style=\"text-align: justify;\"><strong>Ciudad de Oferta:<\/strong> Manizales, Riosucio,San Jos\u00e9, La Dorada, Saman\u00e1, Armenia.<\/p>\n<p style=\"text-align: justify;\"><strong>Costo del Semestre<\/strong>: Inscripci\u00f3n 35% del S.M.L.M.V. y Matricula 6 S.M.L.M.V. por periodo (Descuentos del 10% con certificado de votaci\u00f3n y del 10% con carnet de egresado).<\/p>\n<p><strong>Anexo:<\/strong><\/p>\n<p><a href=\"https:\/\/www.ucaldas.edu.co\/portal\/wp-content\/uploads\/2024\/11\/espec.-agropecuaria.m4a\"><strong>-Audio Docente Especializaci\u00f3n en Administraci\u00f3n y Evaluaci\u00f3n de Proyectos Agropecuarios y Agroindustriales, Carlos Juli\u00e1n Ram\u00edrez G\u00f3mez.<\/strong><\/a><\/p>\n<audio class=\"wp-audio-shortcode\" id=\"audio-85124-1\" preload=\"none\" style=\"width: 100%;\" controls=\"controls\"><source type=\"audio\/mpeg\" src=\"https:\/\/www.ucaldas.edu.co\/portal\/wp-content\/uploads\/2024\/11\/espec.-agropecuaria.m4a?_=1\" \/><a href=\"https:\/\/www.ucaldas.edu.co\/portal\/wp-content\/uploads\/2024\/11\/espec.-agropecuaria.m4a\">https:\/\/www.ucaldas.edu.co\/portal\/wp-content\/uploads\/2024\/11\/espec.-agropecuaria.m4a<\/a><\/audio>\n","protected":false},"excerpt":{"rendered":"<p>Actualmente la planificaci\u00f3n en los procesos administrativos agropecuarios y agroindustriales, est\u00e1 reflejada en proyectos, convertidos en valiosas herramientas para la organizaci\u00f3n y participaci\u00f3n en el entorno econ\u00f3mico y social. En este contexto, la Especializaci\u00f3n en Administraci\u00f3n y Evaluaci\u00f3n de Proyectos Agropecuarios y Agroindustriales de la Universidad de Caldas, apunta a la actualizaci\u00f3n de profesionales de [&hellip;]<\/p>\n","protected":false},"author":2,"featured_media":85126,"comment_status":"closed","ping_status":"open","sticky":false,"template":"","format":"standard","meta":{"footnotes":""},"categories":[48,53],"tags":[647,2192],"class_list":["post-85124","post","type-post","status-publish","format-standard","has-post-thumbnail","hentry","category-actualidad","category-universidad-al-dia","tag-especializacion-en-administracion-y-evaluacion-de-proyectos-agropecuarios-y-agroindustriales","tag-universidad-de-caldas-u-de-caldas"],"yoast_head":"<!-- This site is optimized with the Yoast SEO plugin v27.5 - https:\/\/yoast.com\/product\/yoast-seo-wordpress\/ -->\n<title>Inscripciones abiertas para la Especializaci\u00f3n en Administraci\u00f3n y Evaluaci\u00f3n de Proyectos Agropecuarios y Agroindustriales. .<\/title>\n<meta name=\"robots\" content=\"index, follow, max-snippet:-1, max-image-preview:large, max-video-preview:-1\" \/>\n<link rel=\"canonical\" href=\"https:\/\/www.ucaldas.edu.co\/portal\/inscripciones-abiertas-para-la-especializacion-en-administracion-y-evaluacion-de-proyectos-agropecuarios-y-agroindustriales\/\" \/>\n<script type=\"application\/ld+json\" class=\"yoast-schema-graph\">{\"@context\":\"https:\\\/\\\/schema.org\",\"@graph\":[{\"@type\":\"Article\",\"@id\":\"https:\\\/\\\/www.ucaldas.edu.co\\\/portal\\\/inscripciones-abiertas-para-la-especializacion-en-administracion-y-evaluacion-de-proyectos-agropecuarios-y-agroindustriales\\\/#article\",\"isPartOf\":{\"@id\":\"https:\\\/\\\/www.ucaldas.edu.co\\\/portal\\\/inscripciones-abiertas-para-la-especializacion-en-administracion-y-evaluacion-de-proyectos-agropecuarios-y-agroindustriales\\\/\"},\"author\":{\"name\":\"ofiprensa\",\"@id\":\"https:\\\/\\\/www.ucaldas.edu.co\\\/portal\\\/#\\\/schema\\\/person\\\/a1b482e23449158b4bc319926c074fdf\"},\"headline\":\"Inscripciones abiertas para la Especializaci\u00f3n en Administraci\u00f3n y Evaluaci\u00f3n de Proyectos Agropecuarios y Agroindustriales.\",\"datePublished\":\"2024-11-12T21:35:07+00:00\",\"dateModified\":\"2024-11-27T16:12:24+00:00\",\"mainEntityOfPage\":{\"@id\":\"https:\\\/\\\/www.ucaldas.edu.co\\\/portal\\\/inscripciones-abiertas-para-la-especializacion-en-administracion-y-evaluacion-de-proyectos-agropecuarios-y-agroindustriales\\\/\"},\"wordCount\":461,\"publisher\":{\"@id\":\"https:\\\/\\\/www.ucaldas.edu.co\\\/portal\\\/#organization\"},\"image\":{\"@id\":\"https:\\\/\\\/www.ucaldas.edu.co\\\/portal\\\/inscripciones-abiertas-para-la-especializacion-en-administracion-y-evaluacion-de-proyectos-agropecuarios-y-agroindustriales\\\/#primaryimage\"},\"thumbnailUrl\":\"https:\\\/\\\/www.ucaldas.edu.co\\\/portal\\\/wp-content\\\/uploads\\\/2024\\\/11\\\/imagen-espec-proye-agrop.jpg\",\"keywords\":[\"Especializaci\u00f3n en Administraci\u00f3n y Evaluaci\u00f3n de Proyectos Agropecuarios y Agroindustriales\",\"Universidad de Caldas. U. de Caldas\"],\"articleSection\":[\"Actualidad\",\"Universidad al D\u00eda\"],\"inLanguage\":\"es\"},{\"@type\":\"WebPage\",\"@id\":\"https:\\\/\\\/www.ucaldas.edu.co\\\/portal\\\/inscripciones-abiertas-para-la-especializacion-en-administracion-y-evaluacion-de-proyectos-agropecuarios-y-agroindustriales\\\/\",\"url\":\"https:\\\/\\\/www.ucaldas.edu.co\\\/portal\\\/inscripciones-abiertas-para-la-especializacion-en-administracion-y-evaluacion-de-proyectos-agropecuarios-y-agroindustriales\\\/\",\"name\":\"Inscripciones abiertas para la Especializaci\u00f3n en Administraci\u00f3n y Evaluaci\u00f3n de Proyectos Agropecuarios y Agroindustriales. .\",\"isPartOf\":{\"@id\":\"https:\\\/\\\/www.ucaldas.edu.co\\\/portal\\\/#website\"},\"primaryImageOfPage\":{\"@id\":\"https:\\\/\\\/www.ucaldas.edu.co\\\/portal\\\/inscripciones-abiertas-para-la-especializacion-en-administracion-y-evaluacion-de-proyectos-agropecuarios-y-agroindustriales\\\/#primaryimage\"},\"image\":{\"@id\":\"https:\\\/\\\/www.ucaldas.edu.co\\\/portal\\\/inscripciones-abiertas-para-la-especializacion-en-administracion-y-evaluacion-de-proyectos-agropecuarios-y-agroindustriales\\\/#primaryimage\"},\"thumbnailUrl\":\"https:\\\/\\\/www.ucaldas.edu.co\\\/portal\\\/wp-content\\\/uploads\\\/2024\\\/11\\\/imagen-espec-proye-agrop.jpg\",\"datePublished\":\"2024-11-12T21:35:07+00:00\",\"dateModified\":\"2024-11-27T16:12:24+00:00\",\"breadcrumb\":{\"@id\":\"https:\\\/\\\/www.ucaldas.edu.co\\\/portal\\\/inscripciones-abiertas-para-la-especializacion-en-administracion-y-evaluacion-de-proyectos-agropecuarios-y-agroindustriales\\\/#breadcrumb\"},\"inLanguage\":\"es\",\"potentialAction\":[{\"@type\":\"ReadAction\",\"target\":[\"https:\\\/\\\/www.ucaldas.edu.co\\\/portal\\\/inscripciones-abiertas-para-la-especializacion-en-administracion-y-evaluacion-de-proyectos-agropecuarios-y-agroindustriales\\\/\"]}]},{\"@type\":\"ImageObject\",\"inLanguage\":\"es\",\"@id\":\"https:\\\/\\\/www.ucaldas.edu.co\\\/portal\\\/inscripciones-abiertas-para-la-especializacion-en-administracion-y-evaluacion-de-proyectos-agropecuarios-y-agroindustriales\\\/#primaryimage\",\"url\":\"https:\\\/\\\/www.ucaldas.edu.co\\\/portal\\\/wp-content\\\/uploads\\\/2024\\\/11\\\/imagen-espec-proye-agrop.jpg\",\"contentUrl\":\"https:\\\/\\\/www.ucaldas.edu.co\\\/portal\\\/wp-content\\\/uploads\\\/2024\\\/11\\\/imagen-espec-proye-agrop.jpg\",\"width\":2560,\"height\":1707},{\"@type\":\"BreadcrumbList\",\"@id\":\"https:\\\/\\\/www.ucaldas.edu.co\\\/portal\\\/inscripciones-abiertas-para-la-especializacion-en-administracion-y-evaluacion-de-proyectos-agropecuarios-y-agroindustriales\\\/#breadcrumb\",\"itemListElement\":[{\"@type\":\"ListItem\",\"position\":1,\"name\":\"Portada\",\"item\":\"https:\\\/\\\/www.ucaldas.edu.co\\\/portal\\\/\"},{\"@type\":\"ListItem\",\"position\":2,\"name\":\"Inscripciones abiertas para la Especializaci\u00f3n en Administraci\u00f3n y Evaluaci\u00f3n de Proyectos Agropecuarios y Agroindustriales.\"}]},{\"@type\":\"WebSite\",\"@id\":\"https:\\\/\\\/www.ucaldas.edu.co\\\/portal\\\/#website\",\"url\":\"https:\\\/\\\/www.ucaldas.edu.co\\\/portal\\\/\",\"name\":\"Universidad de Caldas\",\"description\":\"\",\"publisher\":{\"@id\":\"https:\\\/\\\/www.ucaldas.edu.co\\\/portal\\\/#organization\"},\"alternateName\":\"U. de Caldas\",\"potentialAction\":[{\"@type\":\"SearchAction\",\"target\":{\"@type\":\"EntryPoint\",\"urlTemplate\":\"https:\\\/\\\/www.ucaldas.edu.co\\\/portal\\\/?s={search_term_string}\"},\"query-input\":{\"@type\":\"PropertyValueSpecification\",\"valueRequired\":true,\"valueName\":\"search_term_string\"}}],\"inLanguage\":\"es\"},{\"@type\":\"Organization\",\"@id\":\"https:\\\/\\\/www.ucaldas.edu.co\\\/portal\\\/#organization\",\"name\":\"Universidad de Caldas\",\"alternateName\":\"U. de Caldas\",\"url\":\"https:\\\/\\\/www.ucaldas.edu.co\\\/portal\\\/\",\"logo\":{\"@type\":\"ImageObject\",\"inLanguage\":\"es\",\"@id\":\"https:\\\/\\\/www.ucaldas.edu.co\\\/portal\\\/#\\\/schema\\\/logo\\\/image\\\/\",\"url\":\"https:\\\/\\\/www.ucaldas.edu.co\\\/portal\\\/wp-content\\\/uploads\\\/2023\\\/11\\\/Logo_horizontal_oscuroU-2023.png\",\"contentUrl\":\"https:\\\/\\\/www.ucaldas.edu.co\\\/portal\\\/wp-content\\\/uploads\\\/2023\\\/11\\\/Logo_horizontal_oscuroU-2023.png\",\"width\":263,\"height\":101,\"caption\":\"Universidad de Caldas\"},\"image\":{\"@id\":\"https:\\\/\\\/www.ucaldas.edu.co\\\/portal\\\/#\\\/schema\\\/logo\\\/image\\\/\"},\"sameAs\":[\"https:\\\/\\\/www.facebook.com\\\/udecaldas\",\"https:\\\/\\\/x.com\\\/udecaldas\",\"https:\\\/\\\/www.youtube.com\\\/universidadcaldas\",\"https:\\\/\\\/www.instagram.com\\\/udecaldas\\\/\"]},{\"@type\":\"Person\",\"@id\":\"https:\\\/\\\/www.ucaldas.edu.co\\\/portal\\\/#\\\/schema\\\/person\\\/a1b482e23449158b4bc319926c074fdf\",\"name\":\"ofiprensa\",\"image\":{\"@type\":\"ImageObject\",\"inLanguage\":\"es\",\"@id\":\"https:\\\/\\\/www.ucaldas.edu.co\\\/portal\\\/wp-content\\\/litespeed\\\/avatar\\\/09ea5085e600095a7a811142c6944527.jpg?ver=1777497608\",\"url\":\"https:\\\/\\\/www.ucaldas.edu.co\\\/portal\\\/wp-content\\\/litespeed\\\/avatar\\\/09ea5085e600095a7a811142c6944527.jpg?ver=1777497608\",\"contentUrl\":\"https:\\\/\\\/www.ucaldas.edu.co\\\/portal\\\/wp-content\\\/litespeed\\\/avatar\\\/09ea5085e600095a7a811142c6944527.jpg?ver=1777497608\",\"caption\":\"ofiprensa\"},\"url\":\"https:\\\/\\\/www.ucaldas.edu.co\\\/portal\\\/author\\\/ofiprensa\\\/\"}]}<\/script>\n<!-- \/ Yoast SEO plugin. -->","yoast_head_json":{"title":"Inscripciones abiertas para la Especializaci\u00f3n en Administraci\u00f3n y Evaluaci\u00f3n de Proyectos Agropecuarios y Agroindustriales. .","robots":{"index":"index","follow":"follow","max-snippet":"max-snippet:-1","max-image-preview":"max-image-preview:large","max-video-preview":"max-video-preview:-1"},"canonical":"https:\/\/www.ucaldas.edu.co\/portal\/inscripciones-abiertas-para-la-especializacion-en-administracion-y-evaluacion-de-proyectos-agropecuarios-y-agroindustriales\/","schema":{"@context":"https:\/\/schema.org","@graph":[{"@type":"Article","@id":"https:\/\/www.ucaldas.edu.co\/portal\/inscripciones-abiertas-para-la-especializacion-en-administracion-y-evaluacion-de-proyectos-agropecuarios-y-agroindustriales\/#article","isPartOf":{"@id":"https:\/\/www.ucaldas.edu.co\/portal\/inscripciones-abiertas-para-la-especializacion-en-administracion-y-evaluacion-de-proyectos-agropecuarios-y-agroindustriales\/"},"author":{"name":"ofiprensa","@id":"https:\/\/www.ucaldas.edu.co\/portal\/#\/schema\/person\/a1b482e23449158b4bc319926c074fdf"},"headline":"Inscripciones abiertas para la Especializaci\u00f3n en Administraci\u00f3n y Evaluaci\u00f3n de Proyectos Agropecuarios y Agroindustriales.","datePublished":"2024-11-12T21:35:07+00:00","dateModified":"2024-11-27T16:12:24+00:00","mainEntityOfPage":{"@id":"https:\/\/www.ucaldas.edu.co\/portal\/inscripciones-abiertas-para-la-especializacion-en-administracion-y-evaluacion-de-proyectos-agropecuarios-y-agroindustriales\/"},"wordCount":461,"publisher":{"@id":"https:\/\/www.ucaldas.edu.co\/portal\/#organization"},"image":{"@id":"https:\/\/www.ucaldas.edu.co\/portal\/inscripciones-abiertas-para-la-especializacion-en-administracion-y-evaluacion-de-proyectos-agropecuarios-y-agroindustriales\/#primaryimage"},"thumbnailUrl":"https:\/\/www.ucaldas.edu.co\/portal\/wp-content\/uploads\/2024\/11\/imagen-espec-proye-agrop.jpg","keywords":["Especializaci\u00f3n en Administraci\u00f3n y Evaluaci\u00f3n de Proyectos Agropecuarios y Agroindustriales","Universidad de Caldas. U. de Caldas"],"articleSection":["Actualidad","Universidad al D\u00eda"],"inLanguage":"es"},{"@type":"WebPage","@id":"https:\/\/www.ucaldas.edu.co\/portal\/inscripciones-abiertas-para-la-especializacion-en-administracion-y-evaluacion-de-proyectos-agropecuarios-y-agroindustriales\/","url":"https:\/\/www.ucaldas.edu.co\/portal\/inscripciones-abiertas-para-la-especializacion-en-administracion-y-evaluacion-de-proyectos-agropecuarios-y-agroindustriales\/","name":"Inscripciones abiertas para la Especializaci\u00f3n en Administraci\u00f3n y Evaluaci\u00f3n de Proyectos Agropecuarios y Agroindustriales. .","isPartOf":{"@id":"https:\/\/www.ucaldas.edu.co\/portal\/#website"},"primaryImageOfPage":{"@id":"https:\/\/www.ucaldas.edu.co\/portal\/inscripciones-abiertas-para-la-especializacion-en-administracion-y-evaluacion-de-proyectos-agropecuarios-y-agroindustriales\/#primaryimage"},"image":{"@id":"https:\/\/www.ucaldas.edu.co\/portal\/inscripciones-abiertas-para-la-especializacion-en-administracion-y-evaluacion-de-proyectos-agropecuarios-y-agroindustriales\/#primaryimage"},"thumbnailUrl":"https:\/\/www.ucaldas.edu.co\/portal\/wp-content\/uploads\/2024\/11\/imagen-espec-proye-agrop.jpg","datePublished":"2024-11-12T21:35:07+00:00","dateModified":"2024-11-27T16:12:24+00:00","breadcrumb":{"@id":"https:\/\/www.ucaldas.edu.co\/portal\/inscripciones-abiertas-para-la-especializacion-en-administracion-y-evaluacion-de-proyectos-agropecuarios-y-agroindustriales\/#breadcrumb"},"inLanguage":"es","potentialAction":[{"@type":"ReadAction","target":["https:\/\/www.ucaldas.edu.co\/portal\/inscripciones-abiertas-para-la-especializacion-en-administracion-y-evaluacion-de-proyectos-agropecuarios-y-agroindustriales\/"]}]},{"@type":"ImageObject","inLanguage":"es","@id":"https:\/\/www.ucaldas.edu.co\/portal\/inscripciones-abiertas-para-la-especializacion-en-administracion-y-evaluacion-de-proyectos-agropecuarios-y-agroindustriales\/#primaryimage","url":"https:\/\/www.ucaldas.edu.co\/portal\/wp-content\/uploads\/2024\/11\/imagen-espec-proye-agrop.jpg","contentUrl":"https:\/\/www.ucaldas.edu.co\/portal\/wp-content\/uploads\/2024\/11\/imagen-espec-proye-agrop.jpg","width":2560,"height":1707},{"@type":"BreadcrumbList","@id":"https:\/\/www.ucaldas.edu.co\/portal\/inscripciones-abiertas-para-la-especializacion-en-administracion-y-evaluacion-de-proyectos-agropecuarios-y-agroindustriales\/#breadcrumb","itemListElement":[{"@type":"ListItem","position":1,"name":"Portada","item":"https:\/\/www.ucaldas.edu.co\/portal\/"},{"@type":"ListItem","position":2,"name":"Inscripciones abiertas para la Especializaci\u00f3n en Administraci\u00f3n y Evaluaci\u00f3n de Proyectos Agropecuarios y Agroindustriales."}]},{"@type":"WebSite","@id":"https:\/\/www.ucaldas.edu.co\/portal\/#website","url":"https:\/\/www.ucaldas.edu.co\/portal\/","name":"Universidad de Caldas","description":"","publisher":{"@id":"https:\/\/www.ucaldas.edu.co\/portal\/#organization"},"alternateName":"U. de Caldas","potentialAction":[{"@type":"SearchAction","target":{"@type":"EntryPoint","urlTemplate":"https:\/\/www.ucaldas.edu.co\/portal\/?s={search_term_string}"},"query-input":{"@type":"PropertyValueSpecification","valueRequired":true,"valueName":"search_term_string"}}],"inLanguage":"es"},{"@type":"Organization","@id":"https:\/\/www.ucaldas.edu.co\/portal\/#organization","name":"Universidad de Caldas","alternateName":"U. de Caldas","url":"https:\/\/www.ucaldas.edu.co\/portal\/","logo":{"@type":"ImageObject","inLanguage":"es","@id":"https:\/\/www.ucaldas.edu.co\/portal\/#\/schema\/logo\/image\/","url":"https:\/\/www.ucaldas.edu.co\/portal\/wp-content\/uploads\/2023\/11\/Logo_horizontal_oscuroU-2023.png","contentUrl":"https:\/\/www.ucaldas.edu.co\/portal\/wp-content\/uploads\/2023\/11\/Logo_horizontal_oscuroU-2023.png","width":263,"height":101,"caption":"Universidad de Caldas"},"image":{"@id":"https:\/\/www.ucaldas.edu.co\/portal\/#\/schema\/logo\/image\/"},"sameAs":["https:\/\/www.facebook.com\/udecaldas","https:\/\/x.com\/udecaldas","https:\/\/www.youtube.com\/universidadcaldas","https:\/\/www.instagram.com\/udecaldas\/"]},{"@type":"Person","@id":"https:\/\/www.ucaldas.edu.co\/portal\/#\/schema\/person\/a1b482e23449158b4bc319926c074fdf","name":"ofiprensa","image":{"@type":"ImageObject","inLanguage":"es","@id":"https:\/\/www.ucaldas.edu.co\/portal\/wp-content\/litespeed\/avatar\/09ea5085e600095a7a811142c6944527.jpg?ver=1777497608","url":"https:\/\/www.ucaldas.edu.co\/portal\/wp-content\/litespeed\/avatar\/09ea5085e600095a7a811142c6944527.jpg?ver=1777497608","contentUrl":"https:\/\/www.ucaldas.edu.co\/portal\/wp-content\/litespeed\/avatar\/09ea5085e600095a7a811142c6944527.jpg?ver=1777497608","caption":"ofiprensa"},"url":"https:\/\/www.ucaldas.edu.co\/portal\/author\/ofiprensa\/"}]}},"_links":{"self":[{"href":"https:\/\/www.ucaldas.edu.co\/portal\/wp-json\/wp\/v2\/posts\/85124","targetHints":{"allow":["GET"]}}],"collection":[{"href":"https:\/\/www.ucaldas.edu.co\/portal\/wp-json\/wp\/v2\/posts"}],"about":[{"href":"https:\/\/www.ucaldas.edu.co\/portal\/wp-json\/wp\/v2\/types\/post"}],"author":[{"embeddable":true,"href":"https:\/\/www.ucaldas.edu.co\/portal\/wp-json\/wp\/v2\/users\/2"}],"replies":[{"embeddable":true,"href":"https:\/\/www.ucaldas.edu.co\/portal\/wp-json\/wp\/v2\/comments?post=85124"}],"version-history":[{"count":0,"href":"https:\/\/www.ucaldas.edu.co\/portal\/wp-json\/wp\/v2\/posts\/85124\/revisions"}],"wp:featuredmedia":[{"embeddable":true,"href":"https:\/\/www.ucaldas.edu.co\/portal\/wp-json\/wp\/v2\/media\/85126"}],"wp:attachment":[{"href":"https:\/\/www.ucaldas.edu.co\/portal\/wp-json\/wp\/v2\/media?parent=85124"}],"wp:term":[{"taxonomy":"category","embeddable":true,"href":"https:\/\/www.ucaldas.edu.co\/portal\/wp-json\/wp\/v2\/categories?post=85124"},{"taxonomy":"post_tag","embeddable":true,"href":"https:\/\/www.ucaldas.edu.co\/portal\/wp-json\/wp\/v2\/tags?post=85124"}],"curies":[{"name":"wp","href":"https:\/\/api.w.org\/{rel}","templated":true}]}}