{"id":85047,"date":"2024-11-08T06:56:17","date_gmt":"2024-11-08T11:56:17","guid":{"rendered":"https:\/\/www.ucaldas.edu.co\/portal\/?p=85047"},"modified":"2024-11-08T06:56:17","modified_gmt":"2024-11-08T11:56:17","slug":"la-universidad-de-caldas-y-la-corporacion-buen-vivir-promoveran-la-cultura-ciudadana-inclusiva-e-incluyente-con-dos-grandes-eventos","status":"publish","type":"post","link":"https:\/\/www.ucaldas.edu.co\/portal\/la-universidad-de-caldas-y-la-corporacion-buen-vivir-promoveran-la-cultura-ciudadana-inclusiva-e-incluyente-con-dos-grandes-eventos\/","title":{"rendered":"La Universidad de Caldas y la Corporaci\u00f3n Buen Vivir promover\u00e1n la cultura ciudadana inclusiva e incluyente con dos grandes eventos."},"content":{"rendered":"<p style=\"text-align: justify;\"><img loading=\"lazy\" decoding=\"async\" class=\"alignnone size-full wp-image-85050\" src=\"https:\/\/www.ucaldas.edu.co\/portal\/wp-content\/uploads\/2024\/11\/inclusivo-imagen-2.jpg\" alt=\"\" width=\"1600\" height=\"1066\" \/>El pr\u00f3ximo 18 de noviembre inicia la VII Semana de la Inclusi\u00f3n y el 25 del mismo mes, tendr\u00e1 lugar la I Muestra Internacional de Cine Inclusivo. Ambos espacios corresponden a iniciativas ciudadanas de la Corporaci\u00f3n Buen Vivir, dirigida por la trabajadora social Liliana Pinilla Gallego y respaldados por la Universidad de Caldas, el Instituto Colombiano de Bienestar Familiar, Regional Caldas, y varias entidades p\u00fablicas y privadas de la ciudad y del pa\u00eds.<!--more--><\/p>\n<p style=\"text-align: justify;\">Ser\u00e1n dos semanas a trav\u00e9s de las cuales se busca promover la cultura ciudadana inclusiva e incluyente, tan necesaria para un mundo que hoy reclama convivencias m\u00e1s justas, respetuosas y solidarias.<\/p>\n<p style=\"text-align: justify;\">La Oficina de Prensa convers\u00f3 con Liliana Pinilla acerca del arduo trabajo preparatorio detr\u00e1s de dos eventos que ir\u00e1n creciendo solo en la medida en que despierte la conciencia de la inclusi\u00f3n.<\/p>\n<p style=\"text-align: justify;\"><strong>Oficina de Prensa<\/strong><em>: \u00bfpodr\u00eda contarnos c\u00f3mo surge la idea de crear una muestra de Cinematograf\u00eda Inclusiva que acompa\u00f1ara la Semana de la Inclusi\u00f3n?<\/em><\/p>\n<p style=\"text-align: justify;\"><strong>Liliana Pinilla:<\/strong> Este proceso comenz\u00f3 en febrero con el lanzamiento del Diplomado en Cinematograf\u00eda Inclusiva. La Universidad de Caldas, como parte de la Alianza Suma, ha sido una pieza clave en este camino que ha sido enriquecedor en muchos sentidos, ya que hemos aprendido demasiado, especialmente en la gesti\u00f3n y en la creaci\u00f3n de alianzas.<\/p>\n<p style=\"text-align: justify;\"><strong>Oficina de Prensa:<\/strong> no es f\u00e1cil organizar actividades de ciudad como esta. \u00bfC\u00f3mo ha sido ese proceso de gestar alianzas y recursos?<\/p>\n<p style=\"text-align: justify;\"><strong>L.P:<\/strong> As\u00ed es, organizar un evento de esta magnitud no ha sido f\u00e1cil. La falta de recursos humanos y econ\u00f3micos ha sido un reto, pero hemos podido contar con valiosos apoyos en especie. La Universidad de Caldas ha sido fundamental, especialmente desde la rector\u00eda. Cuando te dicen: \u201c<em>s\u00ed, apoyo tu propuesta\u201d,<\/em> te infla el pecho como una paloma y te motiva a seguir, a pesar de las dificultades.<\/p>\n<p style=\"text-align: justify;\"><strong>Oficina de Prensa:<\/strong> <em>\u00bfQu\u00e9 impacto espera de estos eventos en el territorio?<\/em><\/p>\n<p style=\"text-align: justify;\"><strong>L.P:<\/strong> se espera que estas iniciativas se mantengan y sigan siendo promovidas en la Universidad de Caldas y en otros espacios. Esta es una oportunidad para que la inclusi\u00f3n y el respeto por la diversidad se conviertan en temas prioritarios. Nos gustar\u00eda que cada persona, desde su \u00e1rea de conocimiento, se involucre y reflexione sobre c\u00f3mo puede contribuir a un cambio social m\u00e1s inclusivo.<\/p>\n<p style=\"text-align: justify;\"><strong><img loading=\"lazy\" decoding=\"async\" class=\" wp-image-85049 alignleft\" src=\"https:\/\/www.ucaldas.edu.co\/portal\/wp-content\/uploads\/2024\/11\/inclusivo-imagen-1-300x200.jpg\" alt=\"\" width=\"336\" height=\"224\" srcset=\"https:\/\/www.ucaldas.edu.co\/portal\/wp-content\/uploads\/2024\/11\/inclusivo-imagen-1-300x200.jpg 300w, https:\/\/www.ucaldas.edu.co\/portal\/wp-content\/uploads\/2024\/11\/inclusivo-imagen-1-1024x682.jpg 1024w, https:\/\/www.ucaldas.edu.co\/portal\/wp-content\/uploads\/2024\/11\/inclusivo-imagen-1-768x512.jpg 768w, https:\/\/www.ucaldas.edu.co\/portal\/wp-content\/uploads\/2024\/11\/inclusivo-imagen-1-1536x1023.jpg 1536w, https:\/\/www.ucaldas.edu.co\/portal\/wp-content\/uploads\/2024\/11\/inclusivo-imagen-1.jpg 1600w\" sizes=\"auto, (max-width: 336px) 100vw, 336px\" \/>Oficina de Prensa:<\/strong> \u00bfQui\u00e9nes estar\u00e1n participando en la Semana de la Inclusi\u00f3n y en la Muestra Internacional de Cine Inclusivo?<\/p>\n<p style=\"text-align: justify;\"><strong>L.P:<\/strong> Tendremos alrededor de 100 invitados, entre expositores, panelistas y expertos en diferentes \u00e1reas como cine, arte, academia y organizaciones sociales. Adem\u00e1s, contaremos con representantes de entidades como el Instituto Colombiano de Bienestar Familiar, el Sena y la Federaci\u00f3n de ONGs de Caldas. En el evento, se abordar\u00e1n temas como la inclusi\u00f3n en el \u00e1mbito familiar, la diversidad en la salud y la legislaci\u00f3n, entre otros.<\/p>\n<p style=\"text-align: justify;\"><strong>Oficina de Prensa:<\/strong> <em>vemos que la familia es un tema importante en este proyecto. \u00bfQu\u00e9 nos puede contar sobre este enfoque?<\/em><\/p>\n<p style=\"text-align: justify;\"><strong>L.P:<\/strong> Este a\u00f1o estamos haciendo una apuesta fuerte por la familia, vi\u00e9ndola como un espacio de diversidades donde podemos promover la inclusi\u00f3n. En la Semana de la Inclusi\u00f3n tendremos un foro sobre pol\u00edticas p\u00fablicas en este tema, y nuestra meta es avanzar hacia una pol\u00edtica p\u00fablica de familia para Manizales y Caldas. La familia es el primer n\u00facleo social donde se expresan y se aprenden valores de inclusi\u00f3n y por eso queremos destacarlo.<\/p>\n<p style=\"text-align: justify;\"><strong>Oficina de Prensa:<\/strong><em> \u00bfC\u00f3mo se ha desarrollado la convocatoria de la Muestra de Cine Inclusivo<\/em>?<\/p>\n<p style=\"text-align: justify;\"><strong>L.P:<\/strong> La convocatoria para la muestra dur\u00f3 cerca de dos meses y fue una experiencia reveladora. Nos dimos cuenta de que el cine inclusivo es un \u00e1rea poco explorada y que a\u00fan falta mucho material espec\u00edfico, especialmente en temas de discapacidad. La respuesta ha sido muy positiva; muchas personas se interesaron en nuestra propuesta y expresaron su deseo de participar.<\/p>\n<p style=\"text-align: justify;\"><strong>Oficina de Prensa:<\/strong> <em>\u00bfQu\u00e9 desaf\u00edos y aprendizajes personales le ha dejado todo esto?<\/em><\/p>\n<p style=\"text-align: justify;\"><strong>L.P:<\/strong> Salir de la seguridad de un trabajo convencional para entregarme completamente a este proyecto ha sido muy retador pero incre\u00edblemente satisfactorio. Me motiva ver c\u00f3mo muchas personas creen en esta causa y ofrecen su ayuda. Las personas suelen ver el trabajo de las organizaciones sociales como un pasatiempo, pero para m\u00ed es el trabajo m\u00e1s valioso que he tenido. Mi mam\u00e1, que falleci\u00f3 hace unos meses, me da una fuerza incre\u00edble desde el cielo para superar todas las dificultades.<\/p>\n<p style=\"text-align: justify;\"><strong>Oficina de Prensa:<\/strong> <em>Finalmente, \u00bfcu\u00e1les son sus planes a futuro con este proyecto?<\/em><\/p>\n<p style=\"text-align: justify;\"><strong>L.P:<\/strong> Mi esperanza es que la Semana de la Inclusi\u00f3n y la Muestra de Cine Inclusivo sean un referente a nivel nacional e internacional. Debo contar que la Universidad de Caldas nos ha apoyado en conseguir una reuni\u00f3n con el Ministerio de Cultura donde presentaremos nuestra propuesta de cinematograf\u00eda inclusiva. Queremos que este movimiento crezca y que cada vez m\u00e1s personas se sumen a la causa.<\/p>\n<p><strong>Anexo<\/strong><\/p>\n<p><a href=\"https:\/\/www.ucaldas.edu.co\/portal\/wp-content\/uploads\/2024\/11\/lili-inclusion.mp3\"><strong>Audio directora de la Corporaci\u00f3n Buen Vivir, Liliana Pinilla.<\/strong><\/a><\/p>\n<audio class=\"wp-audio-shortcode\" id=\"audio-85047-1\" preload=\"none\" style=\"width: 100%;\" controls=\"controls\"><source type=\"audio\/mpeg\" src=\"https:\/\/www.ucaldas.edu.co\/portal\/wp-content\/uploads\/2024\/11\/lili-inclusion.mp3?_=1\" \/><a href=\"https:\/\/www.ucaldas.edu.co\/portal\/wp-content\/uploads\/2024\/11\/lili-inclusion.mp3\">https:\/\/www.ucaldas.edu.co\/portal\/wp-content\/uploads\/2024\/11\/lili-inclusion.mp3<\/a><\/audio>\n<p>&nbsp;<\/p>\n<p>&nbsp;<\/p>\n","protected":false},"excerpt":{"rendered":"<p>El pr\u00f3ximo 18 de noviembre inicia la VII Semana de la Inclusi\u00f3n y el 25 del mismo mes, tendr\u00e1 lugar la I Muestra Internacional de Cine Inclusivo. Ambos espacios corresponden a iniciativas ciudadanas de la Corporaci\u00f3n Buen Vivir, dirigida por la trabajadora social Liliana Pinilla Gallego y respaldados por la Universidad de Caldas, el Instituto [&hellip;]<\/p>\n","protected":false},"author":2,"featured_media":85050,"comment_status":"closed","ping_status":"open","sticky":false,"template":"","format":"standard","meta":{"footnotes":""},"categories":[48,53],"tags":[2192,2257],"class_list":["post-85047","post","type-post","status-publish","format-standard","has-post-thumbnail","hentry","category-actualidad","category-universidad-al-dia","tag-universidad-de-caldas-u-de-caldas","tag-inclusion"],"yoast_head":"<!-- This site is optimized with the Yoast SEO plugin v27.5 - https:\/\/yoast.com\/product\/yoast-seo-wordpress\/ -->\n<title>La Universidad de Caldas y la Corporaci\u00f3n Buen Vivir promover\u00e1n la cultura ciudadana inclusiva e incluyente con dos grandes eventos. .<\/title>\n<meta name=\"robots\" content=\"index, follow, max-snippet:-1, max-image-preview:large, max-video-preview:-1\" \/>\n<link rel=\"canonical\" href=\"https:\/\/www.ucaldas.edu.co\/portal\/la-universidad-de-caldas-y-la-corporacion-buen-vivir-promoveran-la-cultura-ciudadana-inclusiva-e-incluyente-con-dos-grandes-eventos\/\" \/>\n<script type=\"application\/ld+json\" class=\"yoast-schema-graph\">{\"@context\":\"https:\\\/\\\/schema.org\",\"@graph\":[{\"@type\":\"Article\",\"@id\":\"https:\\\/\\\/www.ucaldas.edu.co\\\/portal\\\/la-universidad-de-caldas-y-la-corporacion-buen-vivir-promoveran-la-cultura-ciudadana-inclusiva-e-incluyente-con-dos-grandes-eventos\\\/#article\",\"isPartOf\":{\"@id\":\"https:\\\/\\\/www.ucaldas.edu.co\\\/portal\\\/la-universidad-de-caldas-y-la-corporacion-buen-vivir-promoveran-la-cultura-ciudadana-inclusiva-e-incluyente-con-dos-grandes-eventos\\\/\"},\"author\":{\"name\":\"ofiprensa\",\"@id\":\"https:\\\/\\\/www.ucaldas.edu.co\\\/portal\\\/#\\\/schema\\\/person\\\/a1b482e23449158b4bc319926c074fdf\"},\"headline\":\"La Universidad de Caldas y la Corporaci\u00f3n Buen Vivir promover\u00e1n la cultura ciudadana inclusiva e incluyente con dos grandes eventos.\",\"datePublished\":\"2024-11-08T11:56:17+00:00\",\"mainEntityOfPage\":{\"@id\":\"https:\\\/\\\/www.ucaldas.edu.co\\\/portal\\\/la-universidad-de-caldas-y-la-corporacion-buen-vivir-promoveran-la-cultura-ciudadana-inclusiva-e-incluyente-con-dos-grandes-eventos\\\/\"},\"wordCount\":918,\"publisher\":{\"@id\":\"https:\\\/\\\/www.ucaldas.edu.co\\\/portal\\\/#organization\"},\"image\":{\"@id\":\"https:\\\/\\\/www.ucaldas.edu.co\\\/portal\\\/la-universidad-de-caldas-y-la-corporacion-buen-vivir-promoveran-la-cultura-ciudadana-inclusiva-e-incluyente-con-dos-grandes-eventos\\\/#primaryimage\"},\"thumbnailUrl\":\"https:\\\/\\\/www.ucaldas.edu.co\\\/portal\\\/wp-content\\\/uploads\\\/2024\\\/11\\\/inclusivo-imagen-2.jpg\",\"keywords\":[\"Universidad de Caldas. U. de Caldas\",\"inclusi\u00f3n\"],\"articleSection\":[\"Actualidad\",\"Universidad al D\u00eda\"],\"inLanguage\":\"es\"},{\"@type\":\"WebPage\",\"@id\":\"https:\\\/\\\/www.ucaldas.edu.co\\\/portal\\\/la-universidad-de-caldas-y-la-corporacion-buen-vivir-promoveran-la-cultura-ciudadana-inclusiva-e-incluyente-con-dos-grandes-eventos\\\/\",\"url\":\"https:\\\/\\\/www.ucaldas.edu.co\\\/portal\\\/la-universidad-de-caldas-y-la-corporacion-buen-vivir-promoveran-la-cultura-ciudadana-inclusiva-e-incluyente-con-dos-grandes-eventos\\\/\",\"name\":\"La Universidad de Caldas y la Corporaci\u00f3n Buen Vivir promover\u00e1n la cultura ciudadana inclusiva e incluyente con dos grandes eventos. .\",\"isPartOf\":{\"@id\":\"https:\\\/\\\/www.ucaldas.edu.co\\\/portal\\\/#website\"},\"primaryImageOfPage\":{\"@id\":\"https:\\\/\\\/www.ucaldas.edu.co\\\/portal\\\/la-universidad-de-caldas-y-la-corporacion-buen-vivir-promoveran-la-cultura-ciudadana-inclusiva-e-incluyente-con-dos-grandes-eventos\\\/#primaryimage\"},\"image\":{\"@id\":\"https:\\\/\\\/www.ucaldas.edu.co\\\/portal\\\/la-universidad-de-caldas-y-la-corporacion-buen-vivir-promoveran-la-cultura-ciudadana-inclusiva-e-incluyente-con-dos-grandes-eventos\\\/#primaryimage\"},\"thumbnailUrl\":\"https:\\\/\\\/www.ucaldas.edu.co\\\/portal\\\/wp-content\\\/uploads\\\/2024\\\/11\\\/inclusivo-imagen-2.jpg\",\"datePublished\":\"2024-11-08T11:56:17+00:00\",\"breadcrumb\":{\"@id\":\"https:\\\/\\\/www.ucaldas.edu.co\\\/portal\\\/la-universidad-de-caldas-y-la-corporacion-buen-vivir-promoveran-la-cultura-ciudadana-inclusiva-e-incluyente-con-dos-grandes-eventos\\\/#breadcrumb\"},\"inLanguage\":\"es\",\"potentialAction\":[{\"@type\":\"ReadAction\",\"target\":[\"https:\\\/\\\/www.ucaldas.edu.co\\\/portal\\\/la-universidad-de-caldas-y-la-corporacion-buen-vivir-promoveran-la-cultura-ciudadana-inclusiva-e-incluyente-con-dos-grandes-eventos\\\/\"]}]},{\"@type\":\"ImageObject\",\"inLanguage\":\"es\",\"@id\":\"https:\\\/\\\/www.ucaldas.edu.co\\\/portal\\\/la-universidad-de-caldas-y-la-corporacion-buen-vivir-promoveran-la-cultura-ciudadana-inclusiva-e-incluyente-con-dos-grandes-eventos\\\/#primaryimage\",\"url\":\"https:\\\/\\\/www.ucaldas.edu.co\\\/portal\\\/wp-content\\\/uploads\\\/2024\\\/11\\\/inclusivo-imagen-2.jpg\",\"contentUrl\":\"https:\\\/\\\/www.ucaldas.edu.co\\\/portal\\\/wp-content\\\/uploads\\\/2024\\\/11\\\/inclusivo-imagen-2.jpg\",\"width\":1600,\"height\":1066},{\"@type\":\"BreadcrumbList\",\"@id\":\"https:\\\/\\\/www.ucaldas.edu.co\\\/portal\\\/la-universidad-de-caldas-y-la-corporacion-buen-vivir-promoveran-la-cultura-ciudadana-inclusiva-e-incluyente-con-dos-grandes-eventos\\\/#breadcrumb\",\"itemListElement\":[{\"@type\":\"ListItem\",\"position\":1,\"name\":\"Portada\",\"item\":\"https:\\\/\\\/www.ucaldas.edu.co\\\/portal\\\/\"},{\"@type\":\"ListItem\",\"position\":2,\"name\":\"La Universidad de Caldas y la Corporaci\u00f3n Buen Vivir promover\u00e1n la cultura ciudadana inclusiva e incluyente con dos grandes eventos.\"}]},{\"@type\":\"WebSite\",\"@id\":\"https:\\\/\\\/www.ucaldas.edu.co\\\/portal\\\/#website\",\"url\":\"https:\\\/\\\/www.ucaldas.edu.co\\\/portal\\\/\",\"name\":\"Universidad de Caldas\",\"description\":\"\",\"publisher\":{\"@id\":\"https:\\\/\\\/www.ucaldas.edu.co\\\/portal\\\/#organization\"},\"alternateName\":\"U. de Caldas\",\"potentialAction\":[{\"@type\":\"SearchAction\",\"target\":{\"@type\":\"EntryPoint\",\"urlTemplate\":\"https:\\\/\\\/www.ucaldas.edu.co\\\/portal\\\/?s={search_term_string}\"},\"query-input\":{\"@type\":\"PropertyValueSpecification\",\"valueRequired\":true,\"valueName\":\"search_term_string\"}}],\"inLanguage\":\"es\"},{\"@type\":\"Organization\",\"@id\":\"https:\\\/\\\/www.ucaldas.edu.co\\\/portal\\\/#organization\",\"name\":\"Universidad de Caldas\",\"alternateName\":\"U. de Caldas\",\"url\":\"https:\\\/\\\/www.ucaldas.edu.co\\\/portal\\\/\",\"logo\":{\"@type\":\"ImageObject\",\"inLanguage\":\"es\",\"@id\":\"https:\\\/\\\/www.ucaldas.edu.co\\\/portal\\\/#\\\/schema\\\/logo\\\/image\\\/\",\"url\":\"https:\\\/\\\/www.ucaldas.edu.co\\\/portal\\\/wp-content\\\/uploads\\\/2023\\\/11\\\/Logo_horizontal_oscuroU-2023.png\",\"contentUrl\":\"https:\\\/\\\/www.ucaldas.edu.co\\\/portal\\\/wp-content\\\/uploads\\\/2023\\\/11\\\/Logo_horizontal_oscuroU-2023.png\",\"width\":263,\"height\":101,\"caption\":\"Universidad de Caldas\"},\"image\":{\"@id\":\"https:\\\/\\\/www.ucaldas.edu.co\\\/portal\\\/#\\\/schema\\\/logo\\\/image\\\/\"},\"sameAs\":[\"https:\\\/\\\/www.facebook.com\\\/udecaldas\",\"https:\\\/\\\/x.com\\\/udecaldas\",\"https:\\\/\\\/www.youtube.com\\\/universidadcaldas\",\"https:\\\/\\\/www.instagram.com\\\/udecaldas\\\/\"]},{\"@type\":\"Person\",\"@id\":\"https:\\\/\\\/www.ucaldas.edu.co\\\/portal\\\/#\\\/schema\\\/person\\\/a1b482e23449158b4bc319926c074fdf\",\"name\":\"ofiprensa\",\"image\":{\"@type\":\"ImageObject\",\"inLanguage\":\"es\",\"@id\":\"https:\\\/\\\/www.ucaldas.edu.co\\\/portal\\\/wp-content\\\/litespeed\\\/avatar\\\/09ea5085e600095a7a811142c6944527.jpg?ver=1777497608\",\"url\":\"https:\\\/\\\/www.ucaldas.edu.co\\\/portal\\\/wp-content\\\/litespeed\\\/avatar\\\/09ea5085e600095a7a811142c6944527.jpg?ver=1777497608\",\"contentUrl\":\"https:\\\/\\\/www.ucaldas.edu.co\\\/portal\\\/wp-content\\\/litespeed\\\/avatar\\\/09ea5085e600095a7a811142c6944527.jpg?ver=1777497608\",\"caption\":\"ofiprensa\"},\"url\":\"https:\\\/\\\/www.ucaldas.edu.co\\\/portal\\\/author\\\/ofiprensa\\\/\"}]}<\/script>\n<!-- \/ Yoast SEO plugin. -->","yoast_head_json":{"title":"La Universidad de Caldas y la Corporaci\u00f3n Buen Vivir promover\u00e1n la cultura ciudadana inclusiva e incluyente con dos grandes eventos. .","robots":{"index":"index","follow":"follow","max-snippet":"max-snippet:-1","max-image-preview":"max-image-preview:large","max-video-preview":"max-video-preview:-1"},"canonical":"https:\/\/www.ucaldas.edu.co\/portal\/la-universidad-de-caldas-y-la-corporacion-buen-vivir-promoveran-la-cultura-ciudadana-inclusiva-e-incluyente-con-dos-grandes-eventos\/","schema":{"@context":"https:\/\/schema.org","@graph":[{"@type":"Article","@id":"https:\/\/www.ucaldas.edu.co\/portal\/la-universidad-de-caldas-y-la-corporacion-buen-vivir-promoveran-la-cultura-ciudadana-inclusiva-e-incluyente-con-dos-grandes-eventos\/#article","isPartOf":{"@id":"https:\/\/www.ucaldas.edu.co\/portal\/la-universidad-de-caldas-y-la-corporacion-buen-vivir-promoveran-la-cultura-ciudadana-inclusiva-e-incluyente-con-dos-grandes-eventos\/"},"author":{"name":"ofiprensa","@id":"https:\/\/www.ucaldas.edu.co\/portal\/#\/schema\/person\/a1b482e23449158b4bc319926c074fdf"},"headline":"La Universidad de Caldas y la Corporaci\u00f3n Buen Vivir promover\u00e1n la cultura ciudadana inclusiva e incluyente con dos grandes eventos.","datePublished":"2024-11-08T11:56:17+00:00","mainEntityOfPage":{"@id":"https:\/\/www.ucaldas.edu.co\/portal\/la-universidad-de-caldas-y-la-corporacion-buen-vivir-promoveran-la-cultura-ciudadana-inclusiva-e-incluyente-con-dos-grandes-eventos\/"},"wordCount":918,"publisher":{"@id":"https:\/\/www.ucaldas.edu.co\/portal\/#organization"},"image":{"@id":"https:\/\/www.ucaldas.edu.co\/portal\/la-universidad-de-caldas-y-la-corporacion-buen-vivir-promoveran-la-cultura-ciudadana-inclusiva-e-incluyente-con-dos-grandes-eventos\/#primaryimage"},"thumbnailUrl":"https:\/\/www.ucaldas.edu.co\/portal\/wp-content\/uploads\/2024\/11\/inclusivo-imagen-2.jpg","keywords":["Universidad de Caldas. U. de Caldas","inclusi\u00f3n"],"articleSection":["Actualidad","Universidad al D\u00eda"],"inLanguage":"es"},{"@type":"WebPage","@id":"https:\/\/www.ucaldas.edu.co\/portal\/la-universidad-de-caldas-y-la-corporacion-buen-vivir-promoveran-la-cultura-ciudadana-inclusiva-e-incluyente-con-dos-grandes-eventos\/","url":"https:\/\/www.ucaldas.edu.co\/portal\/la-universidad-de-caldas-y-la-corporacion-buen-vivir-promoveran-la-cultura-ciudadana-inclusiva-e-incluyente-con-dos-grandes-eventos\/","name":"La Universidad de Caldas y la Corporaci\u00f3n Buen Vivir promover\u00e1n la cultura ciudadana inclusiva e incluyente con dos grandes eventos. .","isPartOf":{"@id":"https:\/\/www.ucaldas.edu.co\/portal\/#website"},"primaryImageOfPage":{"@id":"https:\/\/www.ucaldas.edu.co\/portal\/la-universidad-de-caldas-y-la-corporacion-buen-vivir-promoveran-la-cultura-ciudadana-inclusiva-e-incluyente-con-dos-grandes-eventos\/#primaryimage"},"image":{"@id":"https:\/\/www.ucaldas.edu.co\/portal\/la-universidad-de-caldas-y-la-corporacion-buen-vivir-promoveran-la-cultura-ciudadana-inclusiva-e-incluyente-con-dos-grandes-eventos\/#primaryimage"},"thumbnailUrl":"https:\/\/www.ucaldas.edu.co\/portal\/wp-content\/uploads\/2024\/11\/inclusivo-imagen-2.jpg","datePublished":"2024-11-08T11:56:17+00:00","breadcrumb":{"@id":"https:\/\/www.ucaldas.edu.co\/portal\/la-universidad-de-caldas-y-la-corporacion-buen-vivir-promoveran-la-cultura-ciudadana-inclusiva-e-incluyente-con-dos-grandes-eventos\/#breadcrumb"},"inLanguage":"es","potentialAction":[{"@type":"ReadAction","target":["https:\/\/www.ucaldas.edu.co\/portal\/la-universidad-de-caldas-y-la-corporacion-buen-vivir-promoveran-la-cultura-ciudadana-inclusiva-e-incluyente-con-dos-grandes-eventos\/"]}]},{"@type":"ImageObject","inLanguage":"es","@id":"https:\/\/www.ucaldas.edu.co\/portal\/la-universidad-de-caldas-y-la-corporacion-buen-vivir-promoveran-la-cultura-ciudadana-inclusiva-e-incluyente-con-dos-grandes-eventos\/#primaryimage","url":"https:\/\/www.ucaldas.edu.co\/portal\/wp-content\/uploads\/2024\/11\/inclusivo-imagen-2.jpg","contentUrl":"https:\/\/www.ucaldas.edu.co\/portal\/wp-content\/uploads\/2024\/11\/inclusivo-imagen-2.jpg","width":1600,"height":1066},{"@type":"BreadcrumbList","@id":"https:\/\/www.ucaldas.edu.co\/portal\/la-universidad-de-caldas-y-la-corporacion-buen-vivir-promoveran-la-cultura-ciudadana-inclusiva-e-incluyente-con-dos-grandes-eventos\/#breadcrumb","itemListElement":[{"@type":"ListItem","position":1,"name":"Portada","item":"https:\/\/www.ucaldas.edu.co\/portal\/"},{"@type":"ListItem","position":2,"name":"La Universidad de Caldas y la Corporaci\u00f3n Buen Vivir promover\u00e1n la cultura ciudadana inclusiva e incluyente con dos grandes eventos."}]},{"@type":"WebSite","@id":"https:\/\/www.ucaldas.edu.co\/portal\/#website","url":"https:\/\/www.ucaldas.edu.co\/portal\/","name":"Universidad de Caldas","description":"","publisher":{"@id":"https:\/\/www.ucaldas.edu.co\/portal\/#organization"},"alternateName":"U. de Caldas","potentialAction":[{"@type":"SearchAction","target":{"@type":"EntryPoint","urlTemplate":"https:\/\/www.ucaldas.edu.co\/portal\/?s={search_term_string}"},"query-input":{"@type":"PropertyValueSpecification","valueRequired":true,"valueName":"search_term_string"}}],"inLanguage":"es"},{"@type":"Organization","@id":"https:\/\/www.ucaldas.edu.co\/portal\/#organization","name":"Universidad de Caldas","alternateName":"U. de Caldas","url":"https:\/\/www.ucaldas.edu.co\/portal\/","logo":{"@type":"ImageObject","inLanguage":"es","@id":"https:\/\/www.ucaldas.edu.co\/portal\/#\/schema\/logo\/image\/","url":"https:\/\/www.ucaldas.edu.co\/portal\/wp-content\/uploads\/2023\/11\/Logo_horizontal_oscuroU-2023.png","contentUrl":"https:\/\/www.ucaldas.edu.co\/portal\/wp-content\/uploads\/2023\/11\/Logo_horizontal_oscuroU-2023.png","width":263,"height":101,"caption":"Universidad de Caldas"},"image":{"@id":"https:\/\/www.ucaldas.edu.co\/portal\/#\/schema\/logo\/image\/"},"sameAs":["https:\/\/www.facebook.com\/udecaldas","https:\/\/x.com\/udecaldas","https:\/\/www.youtube.com\/universidadcaldas","https:\/\/www.instagram.com\/udecaldas\/"]},{"@type":"Person","@id":"https:\/\/www.ucaldas.edu.co\/portal\/#\/schema\/person\/a1b482e23449158b4bc319926c074fdf","name":"ofiprensa","image":{"@type":"ImageObject","inLanguage":"es","@id":"https:\/\/www.ucaldas.edu.co\/portal\/wp-content\/litespeed\/avatar\/09ea5085e600095a7a811142c6944527.jpg?ver=1777497608","url":"https:\/\/www.ucaldas.edu.co\/portal\/wp-content\/litespeed\/avatar\/09ea5085e600095a7a811142c6944527.jpg?ver=1777497608","contentUrl":"https:\/\/www.ucaldas.edu.co\/portal\/wp-content\/litespeed\/avatar\/09ea5085e600095a7a811142c6944527.jpg?ver=1777497608","caption":"ofiprensa"},"url":"https:\/\/www.ucaldas.edu.co\/portal\/author\/ofiprensa\/"}]}},"_links":{"self":[{"href":"https:\/\/www.ucaldas.edu.co\/portal\/wp-json\/wp\/v2\/posts\/85047","targetHints":{"allow":["GET"]}}],"collection":[{"href":"https:\/\/www.ucaldas.edu.co\/portal\/wp-json\/wp\/v2\/posts"}],"about":[{"href":"https:\/\/www.ucaldas.edu.co\/portal\/wp-json\/wp\/v2\/types\/post"}],"author":[{"embeddable":true,"href":"https:\/\/www.ucaldas.edu.co\/portal\/wp-json\/wp\/v2\/users\/2"}],"replies":[{"embeddable":true,"href":"https:\/\/www.ucaldas.edu.co\/portal\/wp-json\/wp\/v2\/comments?post=85047"}],"version-history":[{"count":0,"href":"https:\/\/www.ucaldas.edu.co\/portal\/wp-json\/wp\/v2\/posts\/85047\/revisions"}],"wp:featuredmedia":[{"embeddable":true,"href":"https:\/\/www.ucaldas.edu.co\/portal\/wp-json\/wp\/v2\/media\/85050"}],"wp:attachment":[{"href":"https:\/\/www.ucaldas.edu.co\/portal\/wp-json\/wp\/v2\/media?parent=85047"}],"wp:term":[{"taxonomy":"category","embeddable":true,"href":"https:\/\/www.ucaldas.edu.co\/portal\/wp-json\/wp\/v2\/categories?post=85047"},{"taxonomy":"post_tag","embeddable":true,"href":"https:\/\/www.ucaldas.edu.co\/portal\/wp-json\/wp\/v2\/tags?post=85047"}],"curies":[{"name":"wp","href":"https:\/\/api.w.org\/{rel}","templated":true}]}}