{"id":84992,"date":"2024-11-06T10:14:59","date_gmt":"2024-11-06T15:14:59","guid":{"rendered":"https:\/\/www.ucaldas.edu.co\/portal\/?p=84992"},"modified":"2024-11-06T10:14:59","modified_gmt":"2024-11-06T15:14:59","slug":"inicia-la-cuenta-regresiva-para-el-v-congreso-latinoamericano-de-trabajo-social-critico","status":"publish","type":"post","link":"https:\/\/www.ucaldas.edu.co\/portal\/inicia-la-cuenta-regresiva-para-el-v-congreso-latinoamericano-de-trabajo-social-critico\/","title":{"rendered":"Inicia la cuenta regresiva para el V Congreso Latinoamericano de Trabajo Social Cr\u00edtico."},"content":{"rendered":"<p style=\"text-align: justify;\"><img loading=\"lazy\" decoding=\"async\" class=\"alignnone size-full wp-image-84994\" src=\"https:\/\/www.ucaldas.edu.co\/portal\/wp-content\/uploads\/2024\/11\/TRABAJO-SOCIAL-IMAGEN.jpg\" alt=\"\" width=\"1080\" height=\"1080\" \/>El Colectivo de Trabajo Social Cr\u00edtico en Colombia, integrado por acad\u00e9micos e investigadores de Bogot\u00e1, Cali, Medell\u00edn y Manizales, ya tiene todo listo para realizar el V Congreso Latinoamericano de Trabajo Social Cr\u00edtico.<!--more--><\/p>\n<p style=\"text-align: justify;\">El Teatro 8 de Junio de la Universidad de Caldas fue el lugar escogido este a\u00f1o para ser el punto de encuentro de este evento que viene fortaleciendo la perspectiva cr\u00edtica marxista en el trabajo social, gracias a los aportes de hombres y mujeres que han desarrollado sus procesos de formaci\u00f3n en maestr\u00edas y doctorados y que tambi\u00e9n han contribuido con el desarrollo de la investigaci\u00f3n en ciencias sociales. En el marco del Congreso, el Colectivo conmemorar\u00e1 sus 20 a\u00f1os de creaci\u00f3n, dedicados a entender la sociedad en que vivimos.<\/p>\n<p style=\"text-align: justify;\">En la fase preparatoria del Congreso se contaba con tres conferencistas internacionales: uno de Brasil, otro de Argentina y uno m\u00e1s de Chile. \u201cActualmente, complementaremos esta participaci\u00f3n internacional con conferencistas de Per\u00fa y Uruguay. Este aumento en el n\u00famero de ponentes le da mucho m\u00e1s peso al Congreso y reafirma el car\u00e1cter internacional del mismo\u201d, afirma el docente del programa de Desarrollo Humano, Sergio Andr\u00e9s Quintero Londo\u00f1o.<\/p>\n<p style=\"text-align: justify;\">La crisis en Latinoam\u00e9rica, que en algunos casos ha sido denominada como una crisis estructural, se expresa en manifestaciones econ\u00f3micas, culturales, pol\u00edticas, sociales y ambientales. Hoy en d\u00eda, en cada una de esas esferas, se aprecia una degradaci\u00f3n\u00a0 y precarizaci\u00f3n de la vida humana y ambiental.<\/p>\n<p style=\"text-align: justify;\">\u201cEn este Congreso queremos ver cu\u00e1les son los elementos estructurales de la crisis civilizatoria que hoy atraviesa la humanidad; pero tambi\u00e9n las formas y expresiones particulares que se presentan en el territorio latinoamericano y colombiano en el tiempo presente\u201d, concluye el docente Quintero Londo\u00f1o.<\/p>\n<p><strong>Anexo<\/strong><\/p>\n<p><a href=\"https:\/\/www.ucaldas.edu.co\/portal\/wp-content\/uploads\/2024\/11\/sergio-trabajo-social.mp3\"><strong>Audio docente del programa de Desarrollo Humano, Sergio Andr\u00e9s Quintero Londo\u00f1o.<\/strong><\/a><\/p>\n<audio class=\"wp-audio-shortcode\" id=\"audio-84992-1\" preload=\"none\" style=\"width: 100%;\" controls=\"controls\"><source type=\"audio\/mpeg\" src=\"https:\/\/www.ucaldas.edu.co\/portal\/wp-content\/uploads\/2024\/11\/sergio-trabajo-social.mp3?_=1\" \/><a href=\"https:\/\/www.ucaldas.edu.co\/portal\/wp-content\/uploads\/2024\/11\/sergio-trabajo-social.mp3\">https:\/\/www.ucaldas.edu.co\/portal\/wp-content\/uploads\/2024\/11\/sergio-trabajo-social.mp3<\/a><\/audio>\n","protected":false},"excerpt":{"rendered":"<p>El Colectivo de Trabajo Social Cr\u00edtico en Colombia, integrado por acad\u00e9micos e investigadores de Bogot\u00e1, Cali, Medell\u00edn y Manizales, ya tiene todo listo para realizar el V Congreso Latinoamericano de Trabajo Social Cr\u00edtico.<\/p>\n","protected":false},"author":2,"featured_media":84994,"comment_status":"closed","ping_status":"open","sticky":false,"template":"","format":"standard","meta":{"footnotes":""},"categories":[48,53],"tags":[171,1690,2192,9425],"class_list":["post-84992","post","type-post","status-publish","format-standard","has-post-thumbnail","hentry","category-actualidad","category-universidad-al-dia","tag-congreso","tag-trabajo-social","tag-universidad-de-caldas-u-de-caldas","tag-academia-e-investigacion"],"yoast_head":"<!-- This site is optimized with the Yoast SEO plugin v27.5 - https:\/\/yoast.com\/product\/yoast-seo-wordpress\/ -->\n<title>Inicia la cuenta regresiva para el V Congreso Latinoamericano de Trabajo Social Cr\u00edtico. .<\/title>\n<meta name=\"robots\" content=\"index, follow, max-snippet:-1, max-image-preview:large, max-video-preview:-1\" \/>\n<link rel=\"canonical\" href=\"https:\/\/www.ucaldas.edu.co\/portal\/inicia-la-cuenta-regresiva-para-el-v-congreso-latinoamericano-de-trabajo-social-critico\/\" \/>\n<script type=\"application\/ld+json\" class=\"yoast-schema-graph\">{\"@context\":\"https:\\\/\\\/schema.org\",\"@graph\":[{\"@type\":\"Article\",\"@id\":\"https:\\\/\\\/www.ucaldas.edu.co\\\/portal\\\/inicia-la-cuenta-regresiva-para-el-v-congreso-latinoamericano-de-trabajo-social-critico\\\/#article\",\"isPartOf\":{\"@id\":\"https:\\\/\\\/www.ucaldas.edu.co\\\/portal\\\/inicia-la-cuenta-regresiva-para-el-v-congreso-latinoamericano-de-trabajo-social-critico\\\/\"},\"author\":{\"name\":\"ofiprensa\",\"@id\":\"https:\\\/\\\/www.ucaldas.edu.co\\\/portal\\\/#\\\/schema\\\/person\\\/a1b482e23449158b4bc319926c074fdf\"},\"headline\":\"Inicia la cuenta regresiva para el V Congreso Latinoamericano de Trabajo Social Cr\u00edtico.\",\"datePublished\":\"2024-11-06T15:14:59+00:00\",\"mainEntityOfPage\":{\"@id\":\"https:\\\/\\\/www.ucaldas.edu.co\\\/portal\\\/inicia-la-cuenta-regresiva-para-el-v-congreso-latinoamericano-de-trabajo-social-critico\\\/\"},\"wordCount\":347,\"publisher\":{\"@id\":\"https:\\\/\\\/www.ucaldas.edu.co\\\/portal\\\/#organization\"},\"image\":{\"@id\":\"https:\\\/\\\/www.ucaldas.edu.co\\\/portal\\\/inicia-la-cuenta-regresiva-para-el-v-congreso-latinoamericano-de-trabajo-social-critico\\\/#primaryimage\"},\"thumbnailUrl\":\"https:\\\/\\\/www.ucaldas.edu.co\\\/portal\\\/wp-content\\\/uploads\\\/2024\\\/11\\\/TRABAJO-SOCIAL-IMAGEN.jpg\",\"keywords\":[\"congreso\",\"Trabajo Social\",\"Universidad de Caldas. U. de Caldas\",\"academia e investigaci\u00f3n\"],\"articleSection\":[\"Actualidad\",\"Universidad al D\u00eda\"],\"inLanguage\":\"es\"},{\"@type\":\"WebPage\",\"@id\":\"https:\\\/\\\/www.ucaldas.edu.co\\\/portal\\\/inicia-la-cuenta-regresiva-para-el-v-congreso-latinoamericano-de-trabajo-social-critico\\\/\",\"url\":\"https:\\\/\\\/www.ucaldas.edu.co\\\/portal\\\/inicia-la-cuenta-regresiva-para-el-v-congreso-latinoamericano-de-trabajo-social-critico\\\/\",\"name\":\"Inicia la cuenta regresiva para el V Congreso Latinoamericano de Trabajo Social Cr\u00edtico. .\",\"isPartOf\":{\"@id\":\"https:\\\/\\\/www.ucaldas.edu.co\\\/portal\\\/#website\"},\"primaryImageOfPage\":{\"@id\":\"https:\\\/\\\/www.ucaldas.edu.co\\\/portal\\\/inicia-la-cuenta-regresiva-para-el-v-congreso-latinoamericano-de-trabajo-social-critico\\\/#primaryimage\"},\"image\":{\"@id\":\"https:\\\/\\\/www.ucaldas.edu.co\\\/portal\\\/inicia-la-cuenta-regresiva-para-el-v-congreso-latinoamericano-de-trabajo-social-critico\\\/#primaryimage\"},\"thumbnailUrl\":\"https:\\\/\\\/www.ucaldas.edu.co\\\/portal\\\/wp-content\\\/uploads\\\/2024\\\/11\\\/TRABAJO-SOCIAL-IMAGEN.jpg\",\"datePublished\":\"2024-11-06T15:14:59+00:00\",\"breadcrumb\":{\"@id\":\"https:\\\/\\\/www.ucaldas.edu.co\\\/portal\\\/inicia-la-cuenta-regresiva-para-el-v-congreso-latinoamericano-de-trabajo-social-critico\\\/#breadcrumb\"},\"inLanguage\":\"es\",\"potentialAction\":[{\"@type\":\"ReadAction\",\"target\":[\"https:\\\/\\\/www.ucaldas.edu.co\\\/portal\\\/inicia-la-cuenta-regresiva-para-el-v-congreso-latinoamericano-de-trabajo-social-critico\\\/\"]}]},{\"@type\":\"ImageObject\",\"inLanguage\":\"es\",\"@id\":\"https:\\\/\\\/www.ucaldas.edu.co\\\/portal\\\/inicia-la-cuenta-regresiva-para-el-v-congreso-latinoamericano-de-trabajo-social-critico\\\/#primaryimage\",\"url\":\"https:\\\/\\\/www.ucaldas.edu.co\\\/portal\\\/wp-content\\\/uploads\\\/2024\\\/11\\\/TRABAJO-SOCIAL-IMAGEN.jpg\",\"contentUrl\":\"https:\\\/\\\/www.ucaldas.edu.co\\\/portal\\\/wp-content\\\/uploads\\\/2024\\\/11\\\/TRABAJO-SOCIAL-IMAGEN.jpg\",\"width\":1080,\"height\":1080},{\"@type\":\"BreadcrumbList\",\"@id\":\"https:\\\/\\\/www.ucaldas.edu.co\\\/portal\\\/inicia-la-cuenta-regresiva-para-el-v-congreso-latinoamericano-de-trabajo-social-critico\\\/#breadcrumb\",\"itemListElement\":[{\"@type\":\"ListItem\",\"position\":1,\"name\":\"Portada\",\"item\":\"https:\\\/\\\/www.ucaldas.edu.co\\\/portal\\\/\"},{\"@type\":\"ListItem\",\"position\":2,\"name\":\"Inicia la cuenta regresiva para el V Congreso Latinoamericano de Trabajo Social Cr\u00edtico.\"}]},{\"@type\":\"WebSite\",\"@id\":\"https:\\\/\\\/www.ucaldas.edu.co\\\/portal\\\/#website\",\"url\":\"https:\\\/\\\/www.ucaldas.edu.co\\\/portal\\\/\",\"name\":\"Universidad de Caldas\",\"description\":\"\",\"publisher\":{\"@id\":\"https:\\\/\\\/www.ucaldas.edu.co\\\/portal\\\/#organization\"},\"alternateName\":\"U. de Caldas\",\"potentialAction\":[{\"@type\":\"SearchAction\",\"target\":{\"@type\":\"EntryPoint\",\"urlTemplate\":\"https:\\\/\\\/www.ucaldas.edu.co\\\/portal\\\/?s={search_term_string}\"},\"query-input\":{\"@type\":\"PropertyValueSpecification\",\"valueRequired\":true,\"valueName\":\"search_term_string\"}}],\"inLanguage\":\"es\"},{\"@type\":\"Organization\",\"@id\":\"https:\\\/\\\/www.ucaldas.edu.co\\\/portal\\\/#organization\",\"name\":\"Universidad de Caldas\",\"alternateName\":\"U. de Caldas\",\"url\":\"https:\\\/\\\/www.ucaldas.edu.co\\\/portal\\\/\",\"logo\":{\"@type\":\"ImageObject\",\"inLanguage\":\"es\",\"@id\":\"https:\\\/\\\/www.ucaldas.edu.co\\\/portal\\\/#\\\/schema\\\/logo\\\/image\\\/\",\"url\":\"https:\\\/\\\/www.ucaldas.edu.co\\\/portal\\\/wp-content\\\/uploads\\\/2023\\\/11\\\/Logo_horizontal_oscuroU-2023.png\",\"contentUrl\":\"https:\\\/\\\/www.ucaldas.edu.co\\\/portal\\\/wp-content\\\/uploads\\\/2023\\\/11\\\/Logo_horizontal_oscuroU-2023.png\",\"width\":263,\"height\":101,\"caption\":\"Universidad de Caldas\"},\"image\":{\"@id\":\"https:\\\/\\\/www.ucaldas.edu.co\\\/portal\\\/#\\\/schema\\\/logo\\\/image\\\/\"},\"sameAs\":[\"https:\\\/\\\/www.facebook.com\\\/udecaldas\",\"https:\\\/\\\/x.com\\\/udecaldas\",\"https:\\\/\\\/www.youtube.com\\\/universidadcaldas\",\"https:\\\/\\\/www.instagram.com\\\/udecaldas\\\/\"]},{\"@type\":\"Person\",\"@id\":\"https:\\\/\\\/www.ucaldas.edu.co\\\/portal\\\/#\\\/schema\\\/person\\\/a1b482e23449158b4bc319926c074fdf\",\"name\":\"ofiprensa\",\"image\":{\"@type\":\"ImageObject\",\"inLanguage\":\"es\",\"@id\":\"https:\\\/\\\/www.ucaldas.edu.co\\\/portal\\\/wp-content\\\/litespeed\\\/avatar\\\/09ea5085e600095a7a811142c6944527.jpg?ver=1777497608\",\"url\":\"https:\\\/\\\/www.ucaldas.edu.co\\\/portal\\\/wp-content\\\/litespeed\\\/avatar\\\/09ea5085e600095a7a811142c6944527.jpg?ver=1777497608\",\"contentUrl\":\"https:\\\/\\\/www.ucaldas.edu.co\\\/portal\\\/wp-content\\\/litespeed\\\/avatar\\\/09ea5085e600095a7a811142c6944527.jpg?ver=1777497608\",\"caption\":\"ofiprensa\"},\"url\":\"https:\\\/\\\/www.ucaldas.edu.co\\\/portal\\\/author\\\/ofiprensa\\\/\"}]}<\/script>\n<!-- \/ Yoast SEO plugin. -->","yoast_head_json":{"title":"Inicia la cuenta regresiva para el V Congreso Latinoamericano de Trabajo Social Cr\u00edtico. .","robots":{"index":"index","follow":"follow","max-snippet":"max-snippet:-1","max-image-preview":"max-image-preview:large","max-video-preview":"max-video-preview:-1"},"canonical":"https:\/\/www.ucaldas.edu.co\/portal\/inicia-la-cuenta-regresiva-para-el-v-congreso-latinoamericano-de-trabajo-social-critico\/","schema":{"@context":"https:\/\/schema.org","@graph":[{"@type":"Article","@id":"https:\/\/www.ucaldas.edu.co\/portal\/inicia-la-cuenta-regresiva-para-el-v-congreso-latinoamericano-de-trabajo-social-critico\/#article","isPartOf":{"@id":"https:\/\/www.ucaldas.edu.co\/portal\/inicia-la-cuenta-regresiva-para-el-v-congreso-latinoamericano-de-trabajo-social-critico\/"},"author":{"name":"ofiprensa","@id":"https:\/\/www.ucaldas.edu.co\/portal\/#\/schema\/person\/a1b482e23449158b4bc319926c074fdf"},"headline":"Inicia la cuenta regresiva para el V Congreso Latinoamericano de Trabajo Social Cr\u00edtico.","datePublished":"2024-11-06T15:14:59+00:00","mainEntityOfPage":{"@id":"https:\/\/www.ucaldas.edu.co\/portal\/inicia-la-cuenta-regresiva-para-el-v-congreso-latinoamericano-de-trabajo-social-critico\/"},"wordCount":347,"publisher":{"@id":"https:\/\/www.ucaldas.edu.co\/portal\/#organization"},"image":{"@id":"https:\/\/www.ucaldas.edu.co\/portal\/inicia-la-cuenta-regresiva-para-el-v-congreso-latinoamericano-de-trabajo-social-critico\/#primaryimage"},"thumbnailUrl":"https:\/\/www.ucaldas.edu.co\/portal\/wp-content\/uploads\/2024\/11\/TRABAJO-SOCIAL-IMAGEN.jpg","keywords":["congreso","Trabajo Social","Universidad de Caldas. U. de Caldas","academia e investigaci\u00f3n"],"articleSection":["Actualidad","Universidad al D\u00eda"],"inLanguage":"es"},{"@type":"WebPage","@id":"https:\/\/www.ucaldas.edu.co\/portal\/inicia-la-cuenta-regresiva-para-el-v-congreso-latinoamericano-de-trabajo-social-critico\/","url":"https:\/\/www.ucaldas.edu.co\/portal\/inicia-la-cuenta-regresiva-para-el-v-congreso-latinoamericano-de-trabajo-social-critico\/","name":"Inicia la cuenta regresiva para el V Congreso Latinoamericano de Trabajo Social Cr\u00edtico. .","isPartOf":{"@id":"https:\/\/www.ucaldas.edu.co\/portal\/#website"},"primaryImageOfPage":{"@id":"https:\/\/www.ucaldas.edu.co\/portal\/inicia-la-cuenta-regresiva-para-el-v-congreso-latinoamericano-de-trabajo-social-critico\/#primaryimage"},"image":{"@id":"https:\/\/www.ucaldas.edu.co\/portal\/inicia-la-cuenta-regresiva-para-el-v-congreso-latinoamericano-de-trabajo-social-critico\/#primaryimage"},"thumbnailUrl":"https:\/\/www.ucaldas.edu.co\/portal\/wp-content\/uploads\/2024\/11\/TRABAJO-SOCIAL-IMAGEN.jpg","datePublished":"2024-11-06T15:14:59+00:00","breadcrumb":{"@id":"https:\/\/www.ucaldas.edu.co\/portal\/inicia-la-cuenta-regresiva-para-el-v-congreso-latinoamericano-de-trabajo-social-critico\/#breadcrumb"},"inLanguage":"es","potentialAction":[{"@type":"ReadAction","target":["https:\/\/www.ucaldas.edu.co\/portal\/inicia-la-cuenta-regresiva-para-el-v-congreso-latinoamericano-de-trabajo-social-critico\/"]}]},{"@type":"ImageObject","inLanguage":"es","@id":"https:\/\/www.ucaldas.edu.co\/portal\/inicia-la-cuenta-regresiva-para-el-v-congreso-latinoamericano-de-trabajo-social-critico\/#primaryimage","url":"https:\/\/www.ucaldas.edu.co\/portal\/wp-content\/uploads\/2024\/11\/TRABAJO-SOCIAL-IMAGEN.jpg","contentUrl":"https:\/\/www.ucaldas.edu.co\/portal\/wp-content\/uploads\/2024\/11\/TRABAJO-SOCIAL-IMAGEN.jpg","width":1080,"height":1080},{"@type":"BreadcrumbList","@id":"https:\/\/www.ucaldas.edu.co\/portal\/inicia-la-cuenta-regresiva-para-el-v-congreso-latinoamericano-de-trabajo-social-critico\/#breadcrumb","itemListElement":[{"@type":"ListItem","position":1,"name":"Portada","item":"https:\/\/www.ucaldas.edu.co\/portal\/"},{"@type":"ListItem","position":2,"name":"Inicia la cuenta regresiva para el V Congreso Latinoamericano de Trabajo Social Cr\u00edtico."}]},{"@type":"WebSite","@id":"https:\/\/www.ucaldas.edu.co\/portal\/#website","url":"https:\/\/www.ucaldas.edu.co\/portal\/","name":"Universidad de Caldas","description":"","publisher":{"@id":"https:\/\/www.ucaldas.edu.co\/portal\/#organization"},"alternateName":"U. de Caldas","potentialAction":[{"@type":"SearchAction","target":{"@type":"EntryPoint","urlTemplate":"https:\/\/www.ucaldas.edu.co\/portal\/?s={search_term_string}"},"query-input":{"@type":"PropertyValueSpecification","valueRequired":true,"valueName":"search_term_string"}}],"inLanguage":"es"},{"@type":"Organization","@id":"https:\/\/www.ucaldas.edu.co\/portal\/#organization","name":"Universidad de Caldas","alternateName":"U. de Caldas","url":"https:\/\/www.ucaldas.edu.co\/portal\/","logo":{"@type":"ImageObject","inLanguage":"es","@id":"https:\/\/www.ucaldas.edu.co\/portal\/#\/schema\/logo\/image\/","url":"https:\/\/www.ucaldas.edu.co\/portal\/wp-content\/uploads\/2023\/11\/Logo_horizontal_oscuroU-2023.png","contentUrl":"https:\/\/www.ucaldas.edu.co\/portal\/wp-content\/uploads\/2023\/11\/Logo_horizontal_oscuroU-2023.png","width":263,"height":101,"caption":"Universidad de Caldas"},"image":{"@id":"https:\/\/www.ucaldas.edu.co\/portal\/#\/schema\/logo\/image\/"},"sameAs":["https:\/\/www.facebook.com\/udecaldas","https:\/\/x.com\/udecaldas","https:\/\/www.youtube.com\/universidadcaldas","https:\/\/www.instagram.com\/udecaldas\/"]},{"@type":"Person","@id":"https:\/\/www.ucaldas.edu.co\/portal\/#\/schema\/person\/a1b482e23449158b4bc319926c074fdf","name":"ofiprensa","image":{"@type":"ImageObject","inLanguage":"es","@id":"https:\/\/www.ucaldas.edu.co\/portal\/wp-content\/litespeed\/avatar\/09ea5085e600095a7a811142c6944527.jpg?ver=1777497608","url":"https:\/\/www.ucaldas.edu.co\/portal\/wp-content\/litespeed\/avatar\/09ea5085e600095a7a811142c6944527.jpg?ver=1777497608","contentUrl":"https:\/\/www.ucaldas.edu.co\/portal\/wp-content\/litespeed\/avatar\/09ea5085e600095a7a811142c6944527.jpg?ver=1777497608","caption":"ofiprensa"},"url":"https:\/\/www.ucaldas.edu.co\/portal\/author\/ofiprensa\/"}]}},"_links":{"self":[{"href":"https:\/\/www.ucaldas.edu.co\/portal\/wp-json\/wp\/v2\/posts\/84992","targetHints":{"allow":["GET"]}}],"collection":[{"href":"https:\/\/www.ucaldas.edu.co\/portal\/wp-json\/wp\/v2\/posts"}],"about":[{"href":"https:\/\/www.ucaldas.edu.co\/portal\/wp-json\/wp\/v2\/types\/post"}],"author":[{"embeddable":true,"href":"https:\/\/www.ucaldas.edu.co\/portal\/wp-json\/wp\/v2\/users\/2"}],"replies":[{"embeddable":true,"href":"https:\/\/www.ucaldas.edu.co\/portal\/wp-json\/wp\/v2\/comments?post=84992"}],"version-history":[{"count":0,"href":"https:\/\/www.ucaldas.edu.co\/portal\/wp-json\/wp\/v2\/posts\/84992\/revisions"}],"wp:featuredmedia":[{"embeddable":true,"href":"https:\/\/www.ucaldas.edu.co\/portal\/wp-json\/wp\/v2\/media\/84994"}],"wp:attachment":[{"href":"https:\/\/www.ucaldas.edu.co\/portal\/wp-json\/wp\/v2\/media?parent=84992"}],"wp:term":[{"taxonomy":"category","embeddable":true,"href":"https:\/\/www.ucaldas.edu.co\/portal\/wp-json\/wp\/v2\/categories?post=84992"},{"taxonomy":"post_tag","embeddable":true,"href":"https:\/\/www.ucaldas.edu.co\/portal\/wp-json\/wp\/v2\/tags?post=84992"}],"curies":[{"name":"wp","href":"https:\/\/api.w.org\/{rel}","templated":true}]}}