{"id":84628,"date":"2024-10-22T17:38:01","date_gmt":"2024-10-22T22:38:01","guid":{"rendered":"https:\/\/www.ucaldas.edu.co\/portal\/?p=84628"},"modified":"2024-10-22T17:38:01","modified_gmt":"2024-10-22T22:38:01","slug":"en-la-universidad-de-caldas-germinan-semillas-para-dignificar-la-vida-de-las-mujeres-rurales","status":"publish","type":"post","link":"https:\/\/www.ucaldas.edu.co\/portal\/en-la-universidad-de-caldas-germinan-semillas-para-dignificar-la-vida-de-las-mujeres-rurales\/","title":{"rendered":"En la Universidad de Caldas germinan semillas para dignificar la vida de las mujeres rurales."},"content":{"rendered":"<p style=\"text-align: justify;\"><img loading=\"lazy\" decoding=\"async\" class=\"alignnone size-full wp-image-84630\" src=\"https:\/\/www.ucaldas.edu.co\/portal\/wp-content\/uploads\/2024\/10\/semilla-4.jpg\" alt=\"\" width=\"1599\" height=\"1200\" \/>La Escuela Popular y Campesina, adscrita al Departamento de Desarrollo Rural y Recursos Naturales de la U. de Caldas, present\u00f3 recientemente la exposici\u00f3n <em>Germinando caminos: semillas, saberes y tradiciones.<\/em> Este evento puso en evidencia los saberes y experiencias de mujeres ind\u00edgenas, campesinas y afrodescendientes, respecto a lo que significa semillar en un sentido m\u00e1s amplio y diverso.<!--more--><\/p>\n<p style=\"text-align: justify;\">La Escuela Popular y Campesina, creada hace 3 a\u00f1os, es un proyecto de extensi\u00f3n vinculado a la Facultad de Ciencias Agropecuarias, en el que se realiza un trabajo de articulaci\u00f3n continuo con mujeres que habitan la ruralidad colombiana. Para este a\u00f1o, el tema central que se apropi\u00f3 en los territorios fue el de las semillas y el cuidado de la vida, dirigido a custodios y custodias en diversos lugares del pa\u00eds, como Boyac\u00e1, Pasto y Manizales.<\/p>\n<p style=\"text-align: justify;\">\u201cEn principio, uno se lleva la idea de que la semilla est\u00e1 asociada a la siembra y cultivo de alimentos, pero tambi\u00e9n significa germinar la vida en su m\u00e1s amplia expresi\u00f3n: no solo son las especies vegetales, tambi\u00e9n es la vida que construimos como humanos y los recursos que nos permiten estar ac\u00e1. De ah\u00ed el nombre\u00a0 Germinando Caminos para la exposici\u00f3n\u201d, explica la docente del Departamento de Desarrollo Rural y Recursos Naturales y coordinadora de la Escuela Popular y Campesina, Sandra Milena Franco Pati\u00f1o.<\/p>\n<p style=\"text-align: justify;\">El tema del cuidado de las semillas hace parte de la soberan\u00eda alimentaria. En este contexto, las campesinas participantes de la exposici\u00f3n, buscan rescatar el papel de los cuidados como una acci\u00f3n pol\u00edtica orientada a generar bienestar en todas las sociedades. \u201cEsto es muy potente porque resituar los cuidados de las semillas, en un momento de control y monopolio de las grandes multinacionales, es un acto de resistencia para preservar la vida vegetal y de todas las especies\u201d, agrega la docente.<\/p>\n<p><strong>Anexo:<\/strong><\/p>\n<p><a href=\"https:\/\/www.ucaldas.edu.co\/portal\/wp-content\/uploads\/2024\/10\/sandra-semilla.mp3\"><strong>-Audio Docente Departamento de Desarrollo Rural y Recursos Naturales y Coordinadora de la Escuela Popular y Campesina, Sandra Milena Franco Pati\u00f1o.<\/strong><\/a><\/p>\n<audio class=\"wp-audio-shortcode\" id=\"audio-84628-1\" preload=\"none\" style=\"width: 100%;\" controls=\"controls\"><source type=\"audio\/mpeg\" src=\"https:\/\/www.ucaldas.edu.co\/portal\/wp-content\/uploads\/2024\/10\/sandra-semilla.mp3?_=1\" \/><a href=\"https:\/\/www.ucaldas.edu.co\/portal\/wp-content\/uploads\/2024\/10\/sandra-semilla.mp3\">https:\/\/www.ucaldas.edu.co\/portal\/wp-content\/uploads\/2024\/10\/sandra-semilla.mp3<\/a><\/audio>\n<p><strong>\u00a0<\/strong><\/p>\n<p><strong>\u00a0<\/strong><\/p>\n<p><strong>\u00a0<\/strong><\/p>\n","protected":false},"excerpt":{"rendered":"<p>La Escuela Popular y Campesina, adscrita al Departamento de Desarrollo Rural y Recursos Naturales de la U. de Caldas, present\u00f3 recientemente la exposici\u00f3n Germinando caminos: semillas, saberes y tradiciones. Este evento puso en evidencia los saberes y experiencias de mujeres ind\u00edgenas, campesinas y afrodescendientes, respecto a lo que significa semillar en un sentido m\u00e1s amplio [&hellip;]<\/p>\n","protected":false},"author":2,"featured_media":84630,"comment_status":"closed","ping_status":"open","sticky":false,"template":"","format":"standard","meta":{"footnotes":""},"categories":[48,53],"tags":[3078,6191,9263],"class_list":["post-84628","post","type-post","status-publish","format-standard","has-post-thumbnail","hentry","category-actualidad","category-universidad-al-dia","tag-comunidades-rurales","tag-guardianes-de-semillas","tag-derechos-mujeres"],"yoast_head":"<!-- This site is optimized with the Yoast SEO plugin v27.5 - https:\/\/yoast.com\/product\/yoast-seo-wordpress\/ -->\n<title>En la Universidad de Caldas germinan semillas para dignificar la vida de las mujeres rurales. .<\/title>\n<meta name=\"robots\" content=\"index, follow, max-snippet:-1, max-image-preview:large, max-video-preview:-1\" \/>\n<link rel=\"canonical\" href=\"https:\/\/www.ucaldas.edu.co\/portal\/en-la-universidad-de-caldas-germinan-semillas-para-dignificar-la-vida-de-las-mujeres-rurales\/\" \/>\n<script type=\"application\/ld+json\" class=\"yoast-schema-graph\">{\"@context\":\"https:\\\/\\\/schema.org\",\"@graph\":[{\"@type\":\"Article\",\"@id\":\"https:\\\/\\\/www.ucaldas.edu.co\\\/portal\\\/en-la-universidad-de-caldas-germinan-semillas-para-dignificar-la-vida-de-las-mujeres-rurales\\\/#article\",\"isPartOf\":{\"@id\":\"https:\\\/\\\/www.ucaldas.edu.co\\\/portal\\\/en-la-universidad-de-caldas-germinan-semillas-para-dignificar-la-vida-de-las-mujeres-rurales\\\/\"},\"author\":{\"name\":\"ofiprensa\",\"@id\":\"https:\\\/\\\/www.ucaldas.edu.co\\\/portal\\\/#\\\/schema\\\/person\\\/a1b482e23449158b4bc319926c074fdf\"},\"headline\":\"En la Universidad de Caldas germinan semillas para dignificar la vida de las mujeres rurales.\",\"datePublished\":\"2024-10-22T22:38:01+00:00\",\"mainEntityOfPage\":{\"@id\":\"https:\\\/\\\/www.ucaldas.edu.co\\\/portal\\\/en-la-universidad-de-caldas-germinan-semillas-para-dignificar-la-vida-de-las-mujeres-rurales\\\/\"},\"wordCount\":367,\"publisher\":{\"@id\":\"https:\\\/\\\/www.ucaldas.edu.co\\\/portal\\\/#organization\"},\"image\":{\"@id\":\"https:\\\/\\\/www.ucaldas.edu.co\\\/portal\\\/en-la-universidad-de-caldas-germinan-semillas-para-dignificar-la-vida-de-las-mujeres-rurales\\\/#primaryimage\"},\"thumbnailUrl\":\"https:\\\/\\\/www.ucaldas.edu.co\\\/portal\\\/wp-content\\\/uploads\\\/2024\\\/10\\\/semilla-4.jpg\",\"keywords\":[\"comunidades rurales\",\"guardianes de semillas\",\"derechos mujeres\"],\"articleSection\":[\"Actualidad\",\"Universidad al D\u00eda\"],\"inLanguage\":\"es\"},{\"@type\":\"WebPage\",\"@id\":\"https:\\\/\\\/www.ucaldas.edu.co\\\/portal\\\/en-la-universidad-de-caldas-germinan-semillas-para-dignificar-la-vida-de-las-mujeres-rurales\\\/\",\"url\":\"https:\\\/\\\/www.ucaldas.edu.co\\\/portal\\\/en-la-universidad-de-caldas-germinan-semillas-para-dignificar-la-vida-de-las-mujeres-rurales\\\/\",\"name\":\"En la Universidad de Caldas germinan semillas para dignificar la vida de las mujeres rurales. .\",\"isPartOf\":{\"@id\":\"https:\\\/\\\/www.ucaldas.edu.co\\\/portal\\\/#website\"},\"primaryImageOfPage\":{\"@id\":\"https:\\\/\\\/www.ucaldas.edu.co\\\/portal\\\/en-la-universidad-de-caldas-germinan-semillas-para-dignificar-la-vida-de-las-mujeres-rurales\\\/#primaryimage\"},\"image\":{\"@id\":\"https:\\\/\\\/www.ucaldas.edu.co\\\/portal\\\/en-la-universidad-de-caldas-germinan-semillas-para-dignificar-la-vida-de-las-mujeres-rurales\\\/#primaryimage\"},\"thumbnailUrl\":\"https:\\\/\\\/www.ucaldas.edu.co\\\/portal\\\/wp-content\\\/uploads\\\/2024\\\/10\\\/semilla-4.jpg\",\"datePublished\":\"2024-10-22T22:38:01+00:00\",\"breadcrumb\":{\"@id\":\"https:\\\/\\\/www.ucaldas.edu.co\\\/portal\\\/en-la-universidad-de-caldas-germinan-semillas-para-dignificar-la-vida-de-las-mujeres-rurales\\\/#breadcrumb\"},\"inLanguage\":\"es\",\"potentialAction\":[{\"@type\":\"ReadAction\",\"target\":[\"https:\\\/\\\/www.ucaldas.edu.co\\\/portal\\\/en-la-universidad-de-caldas-germinan-semillas-para-dignificar-la-vida-de-las-mujeres-rurales\\\/\"]}]},{\"@type\":\"ImageObject\",\"inLanguage\":\"es\",\"@id\":\"https:\\\/\\\/www.ucaldas.edu.co\\\/portal\\\/en-la-universidad-de-caldas-germinan-semillas-para-dignificar-la-vida-de-las-mujeres-rurales\\\/#primaryimage\",\"url\":\"https:\\\/\\\/www.ucaldas.edu.co\\\/portal\\\/wp-content\\\/uploads\\\/2024\\\/10\\\/semilla-4.jpg\",\"contentUrl\":\"https:\\\/\\\/www.ucaldas.edu.co\\\/portal\\\/wp-content\\\/uploads\\\/2024\\\/10\\\/semilla-4.jpg\",\"width\":1599,\"height\":1200},{\"@type\":\"BreadcrumbList\",\"@id\":\"https:\\\/\\\/www.ucaldas.edu.co\\\/portal\\\/en-la-universidad-de-caldas-germinan-semillas-para-dignificar-la-vida-de-las-mujeres-rurales\\\/#breadcrumb\",\"itemListElement\":[{\"@type\":\"ListItem\",\"position\":1,\"name\":\"Portada\",\"item\":\"https:\\\/\\\/www.ucaldas.edu.co\\\/portal\\\/\"},{\"@type\":\"ListItem\",\"position\":2,\"name\":\"En la Universidad de Caldas germinan semillas para dignificar la vida de las mujeres rurales.\"}]},{\"@type\":\"WebSite\",\"@id\":\"https:\\\/\\\/www.ucaldas.edu.co\\\/portal\\\/#website\",\"url\":\"https:\\\/\\\/www.ucaldas.edu.co\\\/portal\\\/\",\"name\":\"Universidad de Caldas\",\"description\":\"\",\"publisher\":{\"@id\":\"https:\\\/\\\/www.ucaldas.edu.co\\\/portal\\\/#organization\"},\"alternateName\":\"U. de Caldas\",\"potentialAction\":[{\"@type\":\"SearchAction\",\"target\":{\"@type\":\"EntryPoint\",\"urlTemplate\":\"https:\\\/\\\/www.ucaldas.edu.co\\\/portal\\\/?s={search_term_string}\"},\"query-input\":{\"@type\":\"PropertyValueSpecification\",\"valueRequired\":true,\"valueName\":\"search_term_string\"}}],\"inLanguage\":\"es\"},{\"@type\":\"Organization\",\"@id\":\"https:\\\/\\\/www.ucaldas.edu.co\\\/portal\\\/#organization\",\"name\":\"Universidad de Caldas\",\"alternateName\":\"U. de Caldas\",\"url\":\"https:\\\/\\\/www.ucaldas.edu.co\\\/portal\\\/\",\"logo\":{\"@type\":\"ImageObject\",\"inLanguage\":\"es\",\"@id\":\"https:\\\/\\\/www.ucaldas.edu.co\\\/portal\\\/#\\\/schema\\\/logo\\\/image\\\/\",\"url\":\"https:\\\/\\\/www.ucaldas.edu.co\\\/portal\\\/wp-content\\\/uploads\\\/2023\\\/11\\\/Logo_horizontal_oscuroU-2023.png\",\"contentUrl\":\"https:\\\/\\\/www.ucaldas.edu.co\\\/portal\\\/wp-content\\\/uploads\\\/2023\\\/11\\\/Logo_horizontal_oscuroU-2023.png\",\"width\":263,\"height\":101,\"caption\":\"Universidad de Caldas\"},\"image\":{\"@id\":\"https:\\\/\\\/www.ucaldas.edu.co\\\/portal\\\/#\\\/schema\\\/logo\\\/image\\\/\"},\"sameAs\":[\"https:\\\/\\\/www.facebook.com\\\/udecaldas\",\"https:\\\/\\\/x.com\\\/udecaldas\",\"https:\\\/\\\/www.youtube.com\\\/universidadcaldas\",\"https:\\\/\\\/www.instagram.com\\\/udecaldas\\\/\"]},{\"@type\":\"Person\",\"@id\":\"https:\\\/\\\/www.ucaldas.edu.co\\\/portal\\\/#\\\/schema\\\/person\\\/a1b482e23449158b4bc319926c074fdf\",\"name\":\"ofiprensa\",\"image\":{\"@type\":\"ImageObject\",\"inLanguage\":\"es\",\"@id\":\"https:\\\/\\\/www.ucaldas.edu.co\\\/portal\\\/wp-content\\\/litespeed\\\/avatar\\\/09ea5085e600095a7a811142c6944527.jpg?ver=1777497608\",\"url\":\"https:\\\/\\\/www.ucaldas.edu.co\\\/portal\\\/wp-content\\\/litespeed\\\/avatar\\\/09ea5085e600095a7a811142c6944527.jpg?ver=1777497608\",\"contentUrl\":\"https:\\\/\\\/www.ucaldas.edu.co\\\/portal\\\/wp-content\\\/litespeed\\\/avatar\\\/09ea5085e600095a7a811142c6944527.jpg?ver=1777497608\",\"caption\":\"ofiprensa\"},\"url\":\"https:\\\/\\\/www.ucaldas.edu.co\\\/portal\\\/author\\\/ofiprensa\\\/\"}]}<\/script>\n<!-- \/ Yoast SEO plugin. -->","yoast_head_json":{"title":"En la Universidad de Caldas germinan semillas para dignificar la vida de las mujeres rurales. .","robots":{"index":"index","follow":"follow","max-snippet":"max-snippet:-1","max-image-preview":"max-image-preview:large","max-video-preview":"max-video-preview:-1"},"canonical":"https:\/\/www.ucaldas.edu.co\/portal\/en-la-universidad-de-caldas-germinan-semillas-para-dignificar-la-vida-de-las-mujeres-rurales\/","schema":{"@context":"https:\/\/schema.org","@graph":[{"@type":"Article","@id":"https:\/\/www.ucaldas.edu.co\/portal\/en-la-universidad-de-caldas-germinan-semillas-para-dignificar-la-vida-de-las-mujeres-rurales\/#article","isPartOf":{"@id":"https:\/\/www.ucaldas.edu.co\/portal\/en-la-universidad-de-caldas-germinan-semillas-para-dignificar-la-vida-de-las-mujeres-rurales\/"},"author":{"name":"ofiprensa","@id":"https:\/\/www.ucaldas.edu.co\/portal\/#\/schema\/person\/a1b482e23449158b4bc319926c074fdf"},"headline":"En la Universidad de Caldas germinan semillas para dignificar la vida de las mujeres rurales.","datePublished":"2024-10-22T22:38:01+00:00","mainEntityOfPage":{"@id":"https:\/\/www.ucaldas.edu.co\/portal\/en-la-universidad-de-caldas-germinan-semillas-para-dignificar-la-vida-de-las-mujeres-rurales\/"},"wordCount":367,"publisher":{"@id":"https:\/\/www.ucaldas.edu.co\/portal\/#organization"},"image":{"@id":"https:\/\/www.ucaldas.edu.co\/portal\/en-la-universidad-de-caldas-germinan-semillas-para-dignificar-la-vida-de-las-mujeres-rurales\/#primaryimage"},"thumbnailUrl":"https:\/\/www.ucaldas.edu.co\/portal\/wp-content\/uploads\/2024\/10\/semilla-4.jpg","keywords":["comunidades rurales","guardianes de semillas","derechos mujeres"],"articleSection":["Actualidad","Universidad al D\u00eda"],"inLanguage":"es"},{"@type":"WebPage","@id":"https:\/\/www.ucaldas.edu.co\/portal\/en-la-universidad-de-caldas-germinan-semillas-para-dignificar-la-vida-de-las-mujeres-rurales\/","url":"https:\/\/www.ucaldas.edu.co\/portal\/en-la-universidad-de-caldas-germinan-semillas-para-dignificar-la-vida-de-las-mujeres-rurales\/","name":"En la Universidad de Caldas germinan semillas para dignificar la vida de las mujeres rurales. .","isPartOf":{"@id":"https:\/\/www.ucaldas.edu.co\/portal\/#website"},"primaryImageOfPage":{"@id":"https:\/\/www.ucaldas.edu.co\/portal\/en-la-universidad-de-caldas-germinan-semillas-para-dignificar-la-vida-de-las-mujeres-rurales\/#primaryimage"},"image":{"@id":"https:\/\/www.ucaldas.edu.co\/portal\/en-la-universidad-de-caldas-germinan-semillas-para-dignificar-la-vida-de-las-mujeres-rurales\/#primaryimage"},"thumbnailUrl":"https:\/\/www.ucaldas.edu.co\/portal\/wp-content\/uploads\/2024\/10\/semilla-4.jpg","datePublished":"2024-10-22T22:38:01+00:00","breadcrumb":{"@id":"https:\/\/www.ucaldas.edu.co\/portal\/en-la-universidad-de-caldas-germinan-semillas-para-dignificar-la-vida-de-las-mujeres-rurales\/#breadcrumb"},"inLanguage":"es","potentialAction":[{"@type":"ReadAction","target":["https:\/\/www.ucaldas.edu.co\/portal\/en-la-universidad-de-caldas-germinan-semillas-para-dignificar-la-vida-de-las-mujeres-rurales\/"]}]},{"@type":"ImageObject","inLanguage":"es","@id":"https:\/\/www.ucaldas.edu.co\/portal\/en-la-universidad-de-caldas-germinan-semillas-para-dignificar-la-vida-de-las-mujeres-rurales\/#primaryimage","url":"https:\/\/www.ucaldas.edu.co\/portal\/wp-content\/uploads\/2024\/10\/semilla-4.jpg","contentUrl":"https:\/\/www.ucaldas.edu.co\/portal\/wp-content\/uploads\/2024\/10\/semilla-4.jpg","width":1599,"height":1200},{"@type":"BreadcrumbList","@id":"https:\/\/www.ucaldas.edu.co\/portal\/en-la-universidad-de-caldas-germinan-semillas-para-dignificar-la-vida-de-las-mujeres-rurales\/#breadcrumb","itemListElement":[{"@type":"ListItem","position":1,"name":"Portada","item":"https:\/\/www.ucaldas.edu.co\/portal\/"},{"@type":"ListItem","position":2,"name":"En la Universidad de Caldas germinan semillas para dignificar la vida de las mujeres rurales."}]},{"@type":"WebSite","@id":"https:\/\/www.ucaldas.edu.co\/portal\/#website","url":"https:\/\/www.ucaldas.edu.co\/portal\/","name":"Universidad de Caldas","description":"","publisher":{"@id":"https:\/\/www.ucaldas.edu.co\/portal\/#organization"},"alternateName":"U. de Caldas","potentialAction":[{"@type":"SearchAction","target":{"@type":"EntryPoint","urlTemplate":"https:\/\/www.ucaldas.edu.co\/portal\/?s={search_term_string}"},"query-input":{"@type":"PropertyValueSpecification","valueRequired":true,"valueName":"search_term_string"}}],"inLanguage":"es"},{"@type":"Organization","@id":"https:\/\/www.ucaldas.edu.co\/portal\/#organization","name":"Universidad de Caldas","alternateName":"U. de Caldas","url":"https:\/\/www.ucaldas.edu.co\/portal\/","logo":{"@type":"ImageObject","inLanguage":"es","@id":"https:\/\/www.ucaldas.edu.co\/portal\/#\/schema\/logo\/image\/","url":"https:\/\/www.ucaldas.edu.co\/portal\/wp-content\/uploads\/2023\/11\/Logo_horizontal_oscuroU-2023.png","contentUrl":"https:\/\/www.ucaldas.edu.co\/portal\/wp-content\/uploads\/2023\/11\/Logo_horizontal_oscuroU-2023.png","width":263,"height":101,"caption":"Universidad de Caldas"},"image":{"@id":"https:\/\/www.ucaldas.edu.co\/portal\/#\/schema\/logo\/image\/"},"sameAs":["https:\/\/www.facebook.com\/udecaldas","https:\/\/x.com\/udecaldas","https:\/\/www.youtube.com\/universidadcaldas","https:\/\/www.instagram.com\/udecaldas\/"]},{"@type":"Person","@id":"https:\/\/www.ucaldas.edu.co\/portal\/#\/schema\/person\/a1b482e23449158b4bc319926c074fdf","name":"ofiprensa","image":{"@type":"ImageObject","inLanguage":"es","@id":"https:\/\/www.ucaldas.edu.co\/portal\/wp-content\/litespeed\/avatar\/09ea5085e600095a7a811142c6944527.jpg?ver=1777497608","url":"https:\/\/www.ucaldas.edu.co\/portal\/wp-content\/litespeed\/avatar\/09ea5085e600095a7a811142c6944527.jpg?ver=1777497608","contentUrl":"https:\/\/www.ucaldas.edu.co\/portal\/wp-content\/litespeed\/avatar\/09ea5085e600095a7a811142c6944527.jpg?ver=1777497608","caption":"ofiprensa"},"url":"https:\/\/www.ucaldas.edu.co\/portal\/author\/ofiprensa\/"}]}},"_links":{"self":[{"href":"https:\/\/www.ucaldas.edu.co\/portal\/wp-json\/wp\/v2\/posts\/84628","targetHints":{"allow":["GET"]}}],"collection":[{"href":"https:\/\/www.ucaldas.edu.co\/portal\/wp-json\/wp\/v2\/posts"}],"about":[{"href":"https:\/\/www.ucaldas.edu.co\/portal\/wp-json\/wp\/v2\/types\/post"}],"author":[{"embeddable":true,"href":"https:\/\/www.ucaldas.edu.co\/portal\/wp-json\/wp\/v2\/users\/2"}],"replies":[{"embeddable":true,"href":"https:\/\/www.ucaldas.edu.co\/portal\/wp-json\/wp\/v2\/comments?post=84628"}],"version-history":[{"count":0,"href":"https:\/\/www.ucaldas.edu.co\/portal\/wp-json\/wp\/v2\/posts\/84628\/revisions"}],"wp:featuredmedia":[{"embeddable":true,"href":"https:\/\/www.ucaldas.edu.co\/portal\/wp-json\/wp\/v2\/media\/84630"}],"wp:attachment":[{"href":"https:\/\/www.ucaldas.edu.co\/portal\/wp-json\/wp\/v2\/media?parent=84628"}],"wp:term":[{"taxonomy":"category","embeddable":true,"href":"https:\/\/www.ucaldas.edu.co\/portal\/wp-json\/wp\/v2\/categories?post=84628"},{"taxonomy":"post_tag","embeddable":true,"href":"https:\/\/www.ucaldas.edu.co\/portal\/wp-json\/wp\/v2\/tags?post=84628"}],"curies":[{"name":"wp","href":"https:\/\/api.w.org\/{rel}","templated":true}]}}