{"id":84567,"date":"2024-10-17T17:38:15","date_gmt":"2024-10-17T22:38:15","guid":{"rendered":"https:\/\/www.ucaldas.edu.co\/portal\/?p=84567"},"modified":"2024-10-17T17:38:15","modified_gmt":"2024-10-17T22:38:15","slug":"universidad-de-caldas-gradua-primer-estudiante-acreditando-su-lengua-nativa-en-requisitos-de-grado","status":"publish","type":"post","link":"https:\/\/www.ucaldas.edu.co\/portal\/universidad-de-caldas-gradua-primer-estudiante-acreditando-su-lengua-nativa-en-requisitos-de-grado\/","title":{"rendered":"Universidad de Caldas grad\u00faa primer estudiante, acreditando su lengua nativa en requisitos de grado"},"content":{"rendered":"<p style=\"text-align: justify;\"><img loading=\"lazy\" decoding=\"async\" class=\"alignnone size-full wp-image-84573\" src=\"https:\/\/www.ucaldas.edu.co\/portal\/wp-content\/uploads\/2024\/10\/rodri.jpg\" alt=\"\" width=\"1280\" height=\"960\" \/>En cumplimiento a la reciente reforma del Reglamento Estudiantil, por medio de la cual se avanz\u00f3 la implementaci\u00f3n de la Pol\u00edtica Ling\u00fc\u00edstica, seg\u00fan Acuerdo No. 4 de 2023 del Consejo Acad\u00e9mico, la Universidad de Caldas tiene el gusto de compartir la graduaci\u00f3n del primer estudiante de posgrado que cumpli\u00f3 sus requisitos de titulaci\u00f3n acreditando la Nasa Yuwe como lengua adicional.<!--more--><\/p>\n<p style=\"text-align: justify;\">Rodrigo Dagua Guetio fue estudiante de la Maestr\u00eda en Ciencias Sociales y su logro es un referente en Colombia para cientos de familias ind\u00edgenas que buscan preservar su cultura a partir de su lengua originaria.<\/p>\n<p style=\"text-align: justify;\">Actualmente, la Universidad de Caldas es la primera del pa\u00eds en implementar el concepto de lengua adicional en reemplazo de los conceptos de segunda lengua y lengua extranjera, entendiendo que estas \u00faltimas hacen referencia a una lengua diferente a la materna, aprendida por el estudiante dentro o fuera de su contexto.<\/p>\n<p style=\"text-align: justify;\">\u201cImplementar la pol\u00edtica de lengua adicional es muy importante para la Universidad de Caldas y para todo el sistema universitario colombiano, pues con ello estamos valorando las lenguas ind\u00edgenas en el contexto educativo y cultural de nuestros estudiantes\u201d, afirma el Vicerrector Acad\u00e9mico de la Universidad de Caldas, Germ\u00e1n G\u00f3mez Londo\u00f1o.<\/p>\n<p style=\"text-align: justify;\">Vale la pena resaltar la labor de los profesores Juan Manuel Castellanos Obreg\u00f3n, del departamento de Antropolog\u00eda y Sociolog\u00eda y Paula Andrea Hoyos Giraldo, perteneciente al departamento de Ling\u00fc\u00edstica y Literatura, quienes se encargaron del desarrollo metodol\u00f3gico de la prueba que acredita la lengua Nasa Yuwe en el \u00e1mbito de la Pol\u00edtica Ling\u00fc\u00edstica.<\/p>\n<p style=\"text-align: justify;\">La prueba dise\u00f1ada tiene como objetivo contribuir a la inclusi\u00f3n de los estudiantes pertenecientes a comunidades ind\u00edgenas e incentivar el respeto y el reconocimiento de su lengua y cultura en los procesos de ense\u00f1anza y evaluaci\u00f3n, en concordancia con la Pol\u00edtica de Educaci\u00f3n Inclusiva e Intercultural promovida por el Ministerio de Educaci\u00f3n Nacional.<\/p>\n<p style=\"text-align: justify;\">\u201cLos departamentos de Ling\u00fc\u00edstica y Literatura y de Antropolog\u00eda y Sociolog\u00eda realizaron el dise\u00f1o metodol\u00f3gico de una prueba en Nasa Yuwe, seg\u00fan los est\u00e1ndares del Marco Com\u00fan Europeo de Referencia para las Lenguas en el nivel B1. Esto permiti\u00f3 que Rodrigo pudiera presentar la prueba y certificar su nivel en lengua nativa en vez de segunda lengua\u201d, explica la Directora del Departamento de Ling\u00fc\u00edstica y Literatura, Paula Andrea Hoyos Giraldo.<\/p>\n<p style=\"text-align: justify;\">Con estas acciones la instituci\u00f3n contin\u00faa promoviendo el biling\u00fcismo como una pol\u00edtica de formaci\u00f3n, eliminando cualquier tipo de discriminaci\u00f3n basada en la lengua y reconociendo que este no se limita a las lenguas extranjeras. Con este primer paso se espera que m\u00e1s estudiantes hagan la solicitud de validaci\u00f3n de lengua adicional y no de segunda lengua o lengua extranjera.<\/p>\n<p style=\"text-align: justify;\">Se espera que los estudiantes de pregrado y posgrado contin\u00faen haciendo uso de estas acciones afirmativas que ha implementado la Universidad, con el prop\u00f3sito de preservar las lenguas ind\u00edgenas, su desarrollo y pr\u00e1ctica.<\/p>\n<p style=\"text-align: justify;\"><strong>Testimonio de Rodrigo Dagua<\/strong><\/p>\n<p style=\"text-align: justify;\">Mi nombre es Rodrigo Dagua, soy docente del Instituto T\u00e9cnico Agropecuario y pertenezco al pueblo Nasa, del resguardo ind\u00edgena San Lorenzo, ubicado en el departamento del Cauca.<\/p>\n<p style=\"text-align: justify;\">La mayor parte de mi ni\u00f1ez, so\u00f1aba con ser odont\u00f3logo. Me acuerdo de esos tiempos en los que jugaba con mis hermanos a sacarles las muelas o quitarles las caries, pero nunca se dio la oportunidad de estudiar esa carrera. En el a\u00f1o 2021, por las redes sociales, encontr\u00e9 una oferta en la Universidad de Caldas y pude inscribirme gracias a la ayuda de mi familia y de los mayores espirituales.<\/p>\n<p style=\"text-align: justify;\">En esta universidad constru\u00ed una bonita relaci\u00f3n con mis compa\u00f1eros. Les hablaba de mi vida en la comunidad y hasta pude ense\u00f1arlas unas cuantas palabras. Agradezco a mi alma mater por motivarme a continuar mi formaci\u00f3n, dando ejemplo a mi familia y a otros j\u00f3venes de la comunidad.<\/p>\n<p style=\"text-align: justify;\">Para nosotros, la lengua materna es el idioma oficial, tal como lo dice la Constituci\u00f3n Nacional. Adem\u00e1s, como pueblos ind\u00edgenas, tenemos Ley de Lenguas y con eso pude justificar que mi idioma Nasa fuera reconocido en la universidad.<\/p>\n<p><strong>Anexo:<\/strong><\/p>\n<p><a href=\"https:\/\/www.ucaldas.edu.co\/portal\/wp-content\/uploads\/2024\/10\/vice-indigena.mp3\"><strong>-Audio Vicerrector Acad\u00e9mico Universidad de Caldas, Germ\u00e1n G\u00f3mez Londo\u00f1o.<\/strong><\/a><\/p>\n<audio class=\"wp-audio-shortcode\" id=\"audio-84567-1\" preload=\"none\" style=\"width: 100%;\" controls=\"controls\"><source type=\"audio\/mpeg\" src=\"https:\/\/www.ucaldas.edu.co\/portal\/wp-content\/uploads\/2024\/10\/vice-indigena.mp3?_=1\" \/><a href=\"https:\/\/www.ucaldas.edu.co\/portal\/wp-content\/uploads\/2024\/10\/vice-indigena.mp3\">https:\/\/www.ucaldas.edu.co\/portal\/wp-content\/uploads\/2024\/10\/vice-indigena.mp3<\/a><\/audio>\n<p><a href=\"https:\/\/www.ucaldas.edu.co\/portal\/wp-content\/uploads\/2024\/10\/paula-hoyos-indigena.mp3\"><strong>-Audio Directora Departamento de Ling\u00fc\u00edstica y Literatura, Paula Andrea Hoyos Giraldo.<\/strong><\/a><\/p>\n<audio class=\"wp-audio-shortcode\" id=\"audio-84567-2\" preload=\"none\" style=\"width: 100%;\" controls=\"controls\"><source type=\"audio\/mpeg\" src=\"https:\/\/www.ucaldas.edu.co\/portal\/wp-content\/uploads\/2024\/10\/paula-hoyos-indigena.mp3?_=2\" \/><a href=\"https:\/\/www.ucaldas.edu.co\/portal\/wp-content\/uploads\/2024\/10\/paula-hoyos-indigena.mp3\">https:\/\/www.ucaldas.edu.co\/portal\/wp-content\/uploads\/2024\/10\/paula-hoyos-indigena.mp3<\/a><\/audio>\n<p><a href=\"https:\/\/www.ucaldas.edu.co\/portal\/wp-content\/uploads\/2024\/10\/rodri-indigena.mp3\"><strong>-Audio Graduado de la comunidad Nasa, Rodrigo Dagua.<\/strong><\/a><\/p>\n<audio class=\"wp-audio-shortcode\" id=\"audio-84567-3\" preload=\"none\" style=\"width: 100%;\" controls=\"controls\"><source type=\"audio\/mpeg\" src=\"https:\/\/www.ucaldas.edu.co\/portal\/wp-content\/uploads\/2024\/10\/rodri-indigena.mp3?_=3\" \/><a href=\"https:\/\/www.ucaldas.edu.co\/portal\/wp-content\/uploads\/2024\/10\/rodri-indigena.mp3\">https:\/\/www.ucaldas.edu.co\/portal\/wp-content\/uploads\/2024\/10\/rodri-indigena.mp3<\/a><\/audio>\n<p>&nbsp;<\/p>\n<p>&nbsp;<\/p>\n<p><strong>\u00a0<\/strong><\/p>\n<p><strong>\u00a0<\/strong><\/p>\n<p><strong>\u00a0<\/strong><\/p>\n","protected":false},"excerpt":{"rendered":"<p>En cumplimiento a la reciente reforma del Reglamento Estudiantil, por medio de la cual se avanz\u00f3 la implementaci\u00f3n de la Pol\u00edtica Ling\u00fc\u00edstica, seg\u00fan Acuerdo No. 4 de 2023 del Consejo Acad\u00e9mico, la Universidad de Caldas tiene el gusto de compartir la graduaci\u00f3n del primer estudiante de posgrado que cumpli\u00f3 sus requisitos de titulaci\u00f3n acreditando la [&hellip;]<\/p>\n","protected":false},"author":2,"featured_media":84573,"comment_status":"closed","ping_status":"open","sticky":false,"template":"","format":"standard","meta":{"footnotes":""},"categories":[48,53],"tags":[2192,2257,5175],"class_list":["post-84567","post","type-post","status-publish","format-standard","has-post-thumbnail","hentry","category-actualidad","category-universidad-al-dia","tag-universidad-de-caldas-u-de-caldas","tag-inclusion","tag-comunidades-indigenas"],"yoast_head":"<!-- This site is optimized with the Yoast SEO plugin v27.5 - https:\/\/yoast.com\/product\/yoast-seo-wordpress\/ -->\n<title>Universidad de Caldas grad\u00faa primer estudiante, acreditando su lengua nativa en requisitos de grado .<\/title>\n<meta name=\"robots\" content=\"index, follow, max-snippet:-1, max-image-preview:large, max-video-preview:-1\" \/>\n<link rel=\"canonical\" href=\"https:\/\/www.ucaldas.edu.co\/portal\/universidad-de-caldas-gradua-primer-estudiante-acreditando-su-lengua-nativa-en-requisitos-de-grado\/\" \/>\n<script type=\"application\/ld+json\" class=\"yoast-schema-graph\">{\"@context\":\"https:\\\/\\\/schema.org\",\"@graph\":[{\"@type\":\"Article\",\"@id\":\"https:\\\/\\\/www.ucaldas.edu.co\\\/portal\\\/universidad-de-caldas-gradua-primer-estudiante-acreditando-su-lengua-nativa-en-requisitos-de-grado\\\/#article\",\"isPartOf\":{\"@id\":\"https:\\\/\\\/www.ucaldas.edu.co\\\/portal\\\/universidad-de-caldas-gradua-primer-estudiante-acreditando-su-lengua-nativa-en-requisitos-de-grado\\\/\"},\"author\":{\"name\":\"ofiprensa\",\"@id\":\"https:\\\/\\\/www.ucaldas.edu.co\\\/portal\\\/#\\\/schema\\\/person\\\/a1b482e23449158b4bc319926c074fdf\"},\"headline\":\"Universidad de Caldas grad\u00faa primer estudiante, acreditando su lengua nativa en requisitos de grado\",\"datePublished\":\"2024-10-17T22:38:15+00:00\",\"mainEntityOfPage\":{\"@id\":\"https:\\\/\\\/www.ucaldas.edu.co\\\/portal\\\/universidad-de-caldas-gradua-primer-estudiante-acreditando-su-lengua-nativa-en-requisitos-de-grado\\\/\"},\"wordCount\":805,\"publisher\":{\"@id\":\"https:\\\/\\\/www.ucaldas.edu.co\\\/portal\\\/#organization\"},\"image\":{\"@id\":\"https:\\\/\\\/www.ucaldas.edu.co\\\/portal\\\/universidad-de-caldas-gradua-primer-estudiante-acreditando-su-lengua-nativa-en-requisitos-de-grado\\\/#primaryimage\"},\"thumbnailUrl\":\"https:\\\/\\\/www.ucaldas.edu.co\\\/portal\\\/wp-content\\\/uploads\\\/2024\\\/10\\\/rodri.jpg\",\"keywords\":[\"Universidad de Caldas. U. de Caldas\",\"inclusi\u00f3n\",\"comunidades ind\u00edgenas\"],\"articleSection\":[\"Actualidad\",\"Universidad al D\u00eda\"],\"inLanguage\":\"es\"},{\"@type\":\"WebPage\",\"@id\":\"https:\\\/\\\/www.ucaldas.edu.co\\\/portal\\\/universidad-de-caldas-gradua-primer-estudiante-acreditando-su-lengua-nativa-en-requisitos-de-grado\\\/\",\"url\":\"https:\\\/\\\/www.ucaldas.edu.co\\\/portal\\\/universidad-de-caldas-gradua-primer-estudiante-acreditando-su-lengua-nativa-en-requisitos-de-grado\\\/\",\"name\":\"Universidad de Caldas grad\u00faa primer estudiante, acreditando su lengua nativa en requisitos de grado .\",\"isPartOf\":{\"@id\":\"https:\\\/\\\/www.ucaldas.edu.co\\\/portal\\\/#website\"},\"primaryImageOfPage\":{\"@id\":\"https:\\\/\\\/www.ucaldas.edu.co\\\/portal\\\/universidad-de-caldas-gradua-primer-estudiante-acreditando-su-lengua-nativa-en-requisitos-de-grado\\\/#primaryimage\"},\"image\":{\"@id\":\"https:\\\/\\\/www.ucaldas.edu.co\\\/portal\\\/universidad-de-caldas-gradua-primer-estudiante-acreditando-su-lengua-nativa-en-requisitos-de-grado\\\/#primaryimage\"},\"thumbnailUrl\":\"https:\\\/\\\/www.ucaldas.edu.co\\\/portal\\\/wp-content\\\/uploads\\\/2024\\\/10\\\/rodri.jpg\",\"datePublished\":\"2024-10-17T22:38:15+00:00\",\"breadcrumb\":{\"@id\":\"https:\\\/\\\/www.ucaldas.edu.co\\\/portal\\\/universidad-de-caldas-gradua-primer-estudiante-acreditando-su-lengua-nativa-en-requisitos-de-grado\\\/#breadcrumb\"},\"inLanguage\":\"es\",\"potentialAction\":[{\"@type\":\"ReadAction\",\"target\":[\"https:\\\/\\\/www.ucaldas.edu.co\\\/portal\\\/universidad-de-caldas-gradua-primer-estudiante-acreditando-su-lengua-nativa-en-requisitos-de-grado\\\/\"]}]},{\"@type\":\"ImageObject\",\"inLanguage\":\"es\",\"@id\":\"https:\\\/\\\/www.ucaldas.edu.co\\\/portal\\\/universidad-de-caldas-gradua-primer-estudiante-acreditando-su-lengua-nativa-en-requisitos-de-grado\\\/#primaryimage\",\"url\":\"https:\\\/\\\/www.ucaldas.edu.co\\\/portal\\\/wp-content\\\/uploads\\\/2024\\\/10\\\/rodri.jpg\",\"contentUrl\":\"https:\\\/\\\/www.ucaldas.edu.co\\\/portal\\\/wp-content\\\/uploads\\\/2024\\\/10\\\/rodri.jpg\",\"width\":1280,\"height\":960},{\"@type\":\"BreadcrumbList\",\"@id\":\"https:\\\/\\\/www.ucaldas.edu.co\\\/portal\\\/universidad-de-caldas-gradua-primer-estudiante-acreditando-su-lengua-nativa-en-requisitos-de-grado\\\/#breadcrumb\",\"itemListElement\":[{\"@type\":\"ListItem\",\"position\":1,\"name\":\"Portada\",\"item\":\"https:\\\/\\\/www.ucaldas.edu.co\\\/portal\\\/\"},{\"@type\":\"ListItem\",\"position\":2,\"name\":\"Universidad de Caldas grad\u00faa primer estudiante, acreditando su lengua nativa en requisitos de grado\"}]},{\"@type\":\"WebSite\",\"@id\":\"https:\\\/\\\/www.ucaldas.edu.co\\\/portal\\\/#website\",\"url\":\"https:\\\/\\\/www.ucaldas.edu.co\\\/portal\\\/\",\"name\":\"Universidad de Caldas\",\"description\":\"\",\"publisher\":{\"@id\":\"https:\\\/\\\/www.ucaldas.edu.co\\\/portal\\\/#organization\"},\"alternateName\":\"U. de Caldas\",\"potentialAction\":[{\"@type\":\"SearchAction\",\"target\":{\"@type\":\"EntryPoint\",\"urlTemplate\":\"https:\\\/\\\/www.ucaldas.edu.co\\\/portal\\\/?s={search_term_string}\"},\"query-input\":{\"@type\":\"PropertyValueSpecification\",\"valueRequired\":true,\"valueName\":\"search_term_string\"}}],\"inLanguage\":\"es\"},{\"@type\":\"Organization\",\"@id\":\"https:\\\/\\\/www.ucaldas.edu.co\\\/portal\\\/#organization\",\"name\":\"Universidad de Caldas\",\"alternateName\":\"U. de Caldas\",\"url\":\"https:\\\/\\\/www.ucaldas.edu.co\\\/portal\\\/\",\"logo\":{\"@type\":\"ImageObject\",\"inLanguage\":\"es\",\"@id\":\"https:\\\/\\\/www.ucaldas.edu.co\\\/portal\\\/#\\\/schema\\\/logo\\\/image\\\/\",\"url\":\"https:\\\/\\\/www.ucaldas.edu.co\\\/portal\\\/wp-content\\\/uploads\\\/2023\\\/11\\\/Logo_horizontal_oscuroU-2023.png\",\"contentUrl\":\"https:\\\/\\\/www.ucaldas.edu.co\\\/portal\\\/wp-content\\\/uploads\\\/2023\\\/11\\\/Logo_horizontal_oscuroU-2023.png\",\"width\":263,\"height\":101,\"caption\":\"Universidad de Caldas\"},\"image\":{\"@id\":\"https:\\\/\\\/www.ucaldas.edu.co\\\/portal\\\/#\\\/schema\\\/logo\\\/image\\\/\"},\"sameAs\":[\"https:\\\/\\\/www.facebook.com\\\/udecaldas\",\"https:\\\/\\\/x.com\\\/udecaldas\",\"https:\\\/\\\/www.youtube.com\\\/universidadcaldas\",\"https:\\\/\\\/www.instagram.com\\\/udecaldas\\\/\"]},{\"@type\":\"Person\",\"@id\":\"https:\\\/\\\/www.ucaldas.edu.co\\\/portal\\\/#\\\/schema\\\/person\\\/a1b482e23449158b4bc319926c074fdf\",\"name\":\"ofiprensa\",\"image\":{\"@type\":\"ImageObject\",\"inLanguage\":\"es\",\"@id\":\"https:\\\/\\\/www.ucaldas.edu.co\\\/portal\\\/wp-content\\\/litespeed\\\/avatar\\\/09ea5085e600095a7a811142c6944527.jpg?ver=1777497608\",\"url\":\"https:\\\/\\\/www.ucaldas.edu.co\\\/portal\\\/wp-content\\\/litespeed\\\/avatar\\\/09ea5085e600095a7a811142c6944527.jpg?ver=1777497608\",\"contentUrl\":\"https:\\\/\\\/www.ucaldas.edu.co\\\/portal\\\/wp-content\\\/litespeed\\\/avatar\\\/09ea5085e600095a7a811142c6944527.jpg?ver=1777497608\",\"caption\":\"ofiprensa\"},\"url\":\"https:\\\/\\\/www.ucaldas.edu.co\\\/portal\\\/author\\\/ofiprensa\\\/\"}]}<\/script>\n<!-- \/ Yoast SEO plugin. -->","yoast_head_json":{"title":"Universidad de Caldas grad\u00faa primer estudiante, acreditando su lengua nativa en requisitos de grado .","robots":{"index":"index","follow":"follow","max-snippet":"max-snippet:-1","max-image-preview":"max-image-preview:large","max-video-preview":"max-video-preview:-1"},"canonical":"https:\/\/www.ucaldas.edu.co\/portal\/universidad-de-caldas-gradua-primer-estudiante-acreditando-su-lengua-nativa-en-requisitos-de-grado\/","schema":{"@context":"https:\/\/schema.org","@graph":[{"@type":"Article","@id":"https:\/\/www.ucaldas.edu.co\/portal\/universidad-de-caldas-gradua-primer-estudiante-acreditando-su-lengua-nativa-en-requisitos-de-grado\/#article","isPartOf":{"@id":"https:\/\/www.ucaldas.edu.co\/portal\/universidad-de-caldas-gradua-primer-estudiante-acreditando-su-lengua-nativa-en-requisitos-de-grado\/"},"author":{"name":"ofiprensa","@id":"https:\/\/www.ucaldas.edu.co\/portal\/#\/schema\/person\/a1b482e23449158b4bc319926c074fdf"},"headline":"Universidad de Caldas grad\u00faa primer estudiante, acreditando su lengua nativa en requisitos de grado","datePublished":"2024-10-17T22:38:15+00:00","mainEntityOfPage":{"@id":"https:\/\/www.ucaldas.edu.co\/portal\/universidad-de-caldas-gradua-primer-estudiante-acreditando-su-lengua-nativa-en-requisitos-de-grado\/"},"wordCount":805,"publisher":{"@id":"https:\/\/www.ucaldas.edu.co\/portal\/#organization"},"image":{"@id":"https:\/\/www.ucaldas.edu.co\/portal\/universidad-de-caldas-gradua-primer-estudiante-acreditando-su-lengua-nativa-en-requisitos-de-grado\/#primaryimage"},"thumbnailUrl":"https:\/\/www.ucaldas.edu.co\/portal\/wp-content\/uploads\/2024\/10\/rodri.jpg","keywords":["Universidad de Caldas. U. de Caldas","inclusi\u00f3n","comunidades ind\u00edgenas"],"articleSection":["Actualidad","Universidad al D\u00eda"],"inLanguage":"es"},{"@type":"WebPage","@id":"https:\/\/www.ucaldas.edu.co\/portal\/universidad-de-caldas-gradua-primer-estudiante-acreditando-su-lengua-nativa-en-requisitos-de-grado\/","url":"https:\/\/www.ucaldas.edu.co\/portal\/universidad-de-caldas-gradua-primer-estudiante-acreditando-su-lengua-nativa-en-requisitos-de-grado\/","name":"Universidad de Caldas grad\u00faa primer estudiante, acreditando su lengua nativa en requisitos de grado .","isPartOf":{"@id":"https:\/\/www.ucaldas.edu.co\/portal\/#website"},"primaryImageOfPage":{"@id":"https:\/\/www.ucaldas.edu.co\/portal\/universidad-de-caldas-gradua-primer-estudiante-acreditando-su-lengua-nativa-en-requisitos-de-grado\/#primaryimage"},"image":{"@id":"https:\/\/www.ucaldas.edu.co\/portal\/universidad-de-caldas-gradua-primer-estudiante-acreditando-su-lengua-nativa-en-requisitos-de-grado\/#primaryimage"},"thumbnailUrl":"https:\/\/www.ucaldas.edu.co\/portal\/wp-content\/uploads\/2024\/10\/rodri.jpg","datePublished":"2024-10-17T22:38:15+00:00","breadcrumb":{"@id":"https:\/\/www.ucaldas.edu.co\/portal\/universidad-de-caldas-gradua-primer-estudiante-acreditando-su-lengua-nativa-en-requisitos-de-grado\/#breadcrumb"},"inLanguage":"es","potentialAction":[{"@type":"ReadAction","target":["https:\/\/www.ucaldas.edu.co\/portal\/universidad-de-caldas-gradua-primer-estudiante-acreditando-su-lengua-nativa-en-requisitos-de-grado\/"]}]},{"@type":"ImageObject","inLanguage":"es","@id":"https:\/\/www.ucaldas.edu.co\/portal\/universidad-de-caldas-gradua-primer-estudiante-acreditando-su-lengua-nativa-en-requisitos-de-grado\/#primaryimage","url":"https:\/\/www.ucaldas.edu.co\/portal\/wp-content\/uploads\/2024\/10\/rodri.jpg","contentUrl":"https:\/\/www.ucaldas.edu.co\/portal\/wp-content\/uploads\/2024\/10\/rodri.jpg","width":1280,"height":960},{"@type":"BreadcrumbList","@id":"https:\/\/www.ucaldas.edu.co\/portal\/universidad-de-caldas-gradua-primer-estudiante-acreditando-su-lengua-nativa-en-requisitos-de-grado\/#breadcrumb","itemListElement":[{"@type":"ListItem","position":1,"name":"Portada","item":"https:\/\/www.ucaldas.edu.co\/portal\/"},{"@type":"ListItem","position":2,"name":"Universidad de Caldas grad\u00faa primer estudiante, acreditando su lengua nativa en requisitos de grado"}]},{"@type":"WebSite","@id":"https:\/\/www.ucaldas.edu.co\/portal\/#website","url":"https:\/\/www.ucaldas.edu.co\/portal\/","name":"Universidad de Caldas","description":"","publisher":{"@id":"https:\/\/www.ucaldas.edu.co\/portal\/#organization"},"alternateName":"U. de Caldas","potentialAction":[{"@type":"SearchAction","target":{"@type":"EntryPoint","urlTemplate":"https:\/\/www.ucaldas.edu.co\/portal\/?s={search_term_string}"},"query-input":{"@type":"PropertyValueSpecification","valueRequired":true,"valueName":"search_term_string"}}],"inLanguage":"es"},{"@type":"Organization","@id":"https:\/\/www.ucaldas.edu.co\/portal\/#organization","name":"Universidad de Caldas","alternateName":"U. de Caldas","url":"https:\/\/www.ucaldas.edu.co\/portal\/","logo":{"@type":"ImageObject","inLanguage":"es","@id":"https:\/\/www.ucaldas.edu.co\/portal\/#\/schema\/logo\/image\/","url":"https:\/\/www.ucaldas.edu.co\/portal\/wp-content\/uploads\/2023\/11\/Logo_horizontal_oscuroU-2023.png","contentUrl":"https:\/\/www.ucaldas.edu.co\/portal\/wp-content\/uploads\/2023\/11\/Logo_horizontal_oscuroU-2023.png","width":263,"height":101,"caption":"Universidad de Caldas"},"image":{"@id":"https:\/\/www.ucaldas.edu.co\/portal\/#\/schema\/logo\/image\/"},"sameAs":["https:\/\/www.facebook.com\/udecaldas","https:\/\/x.com\/udecaldas","https:\/\/www.youtube.com\/universidadcaldas","https:\/\/www.instagram.com\/udecaldas\/"]},{"@type":"Person","@id":"https:\/\/www.ucaldas.edu.co\/portal\/#\/schema\/person\/a1b482e23449158b4bc319926c074fdf","name":"ofiprensa","image":{"@type":"ImageObject","inLanguage":"es","@id":"https:\/\/www.ucaldas.edu.co\/portal\/wp-content\/litespeed\/avatar\/09ea5085e600095a7a811142c6944527.jpg?ver=1777497608","url":"https:\/\/www.ucaldas.edu.co\/portal\/wp-content\/litespeed\/avatar\/09ea5085e600095a7a811142c6944527.jpg?ver=1777497608","contentUrl":"https:\/\/www.ucaldas.edu.co\/portal\/wp-content\/litespeed\/avatar\/09ea5085e600095a7a811142c6944527.jpg?ver=1777497608","caption":"ofiprensa"},"url":"https:\/\/www.ucaldas.edu.co\/portal\/author\/ofiprensa\/"}]}},"_links":{"self":[{"href":"https:\/\/www.ucaldas.edu.co\/portal\/wp-json\/wp\/v2\/posts\/84567","targetHints":{"allow":["GET"]}}],"collection":[{"href":"https:\/\/www.ucaldas.edu.co\/portal\/wp-json\/wp\/v2\/posts"}],"about":[{"href":"https:\/\/www.ucaldas.edu.co\/portal\/wp-json\/wp\/v2\/types\/post"}],"author":[{"embeddable":true,"href":"https:\/\/www.ucaldas.edu.co\/portal\/wp-json\/wp\/v2\/users\/2"}],"replies":[{"embeddable":true,"href":"https:\/\/www.ucaldas.edu.co\/portal\/wp-json\/wp\/v2\/comments?post=84567"}],"version-history":[{"count":0,"href":"https:\/\/www.ucaldas.edu.co\/portal\/wp-json\/wp\/v2\/posts\/84567\/revisions"}],"wp:featuredmedia":[{"embeddable":true,"href":"https:\/\/www.ucaldas.edu.co\/portal\/wp-json\/wp\/v2\/media\/84573"}],"wp:attachment":[{"href":"https:\/\/www.ucaldas.edu.co\/portal\/wp-json\/wp\/v2\/media?parent=84567"}],"wp:term":[{"taxonomy":"category","embeddable":true,"href":"https:\/\/www.ucaldas.edu.co\/portal\/wp-json\/wp\/v2\/categories?post=84567"},{"taxonomy":"post_tag","embeddable":true,"href":"https:\/\/www.ucaldas.edu.co\/portal\/wp-json\/wp\/v2\/tags?post=84567"}],"curies":[{"name":"wp","href":"https:\/\/api.w.org\/{rel}","templated":true}]}}