{"id":8434,"date":"2011-09-06T10:23:37","date_gmt":"2011-09-06T15:23:37","guid":{"rendered":"https:\/\/www.ucaldas.edu.co\/portal\/?p=8434"},"modified":"2011-09-06T10:23:37","modified_gmt":"2011-09-06T15:23:37","slug":"usted-puede-ser-parte-de-los-consejos-superior-y-academico-de-la-u-de-caldas","status":"publish","type":"post","link":"https:\/\/www.ucaldas.edu.co\/portal\/usted-puede-ser-parte-de-los-consejos-superior-y-academico-de-la-u-de-caldas\/","title":{"rendered":"Usted puede ser parte de los consejos Superior y Acad\u00e9mico de la U. de Caldas"},"content":{"rendered":"<p>Tambi\u00e9n se elegir\u00e1n representantes ante facultades y otras instancias<\/p>\n<hr \/>\n<p>&nbsp;<\/p>\n<p align=\"right\"><b>06\/09\/2011<\/b><\/p>\n<p><b>\u00a0<\/b><\/p>\n<table border=\"0\">\n<tbody>\n<tr>\n<td><img loading=\"lazy\" decoding=\"async\" style=\"border: 0px\" alt=\"Consejo superior\" src=\"http:\/\/www.ucaldas.edu.co\/images\/tmp\/consejo_superior_academico.jpg\" width=\"160\" height=\"100\" border=\"0\" \/><\/td>\n<td>La <b>Universidad de Caldas<\/b> <b>elegir\u00e1<\/b> sus <b>representantes profesorales, estudiantiles y de egresados<\/b> ante sus consejos Superior, Acad\u00e9mico y de cada facultad, al igual que ante el Comit\u00e9 Interno de Asignaci\u00f3n y Reconocimiento de Puntaje (CIARP), y la Comisi\u00f3n Central de Educaci\u00f3n a Distancia.<\/td>\n<\/tr>\n<\/tbody>\n<\/table>\n<p>La <b>inscripci\u00f3n<\/b> de candidatos ser\u00e1 <b>hasta el martes 20 de septiembre<\/b> del 2011 y las <b>elecciones<\/b> se llevar\u00e1n a cabo el <b>viernes 7 de octubre<\/b> en las diferentes sedes de la U. de Caldas.<\/p>\n<p>&nbsp;<\/p>\n<p>Conozca m\u00e1s detalles, haciendo clic en <b><a href=\"http:\/\/desarrollo.ucaldas.edu.co\/archivo\/images\/tmp\/resolucion_convocatoria_elecciones_representantes_consejo_sup.pdf\" target=\"_blank\">Convocatoria<\/a><\/b><\/p>\n<p><b>\u00a0<\/b><\/p>\n<p>Tambi\u00e9n puede consultar los requisitos de las convocatorias a cada uno de los organismos universitarios en los siguientes enlaces:<\/p>\n<p>&nbsp;<\/p>\n<p>Candidatos al <b><a href=\"http:\/\/desarrollo.ucaldas.edu.co\/archivo\/images\/tmp\/requisitos_representante_docente_egresados_superior.pdf\" target=\"_blank\">Consejo Superior<\/a><\/b><\/p>\n<p>Candidatos al <b><a href=\"http:\/\/desarrollo.ucaldas.edu.co\/archivo\/images\/tmp\/requitos_representantes_consejo_academico.pdf\" target=\"_blank\">Consejo Acad\u00e9mico<\/a><\/b><\/p>\n<p>Candidatos a la <b><a href=\"http:\/\/desarrollo.ucaldas.edu.co\/archivo\/images\/tmp\/requisitos_representante_estudiante_comision_central_educacion_distancia.pdf\" target=\"_blank\">Comisi\u00f3n Central de Educaci\u00f3n a Distancia<\/a><\/b><\/p>\n<p>Candidatos al <b><a href=\"http:\/\/desarrollo.ucaldas.edu.co\/archivo\/images\/tmp\/requisitos_representantes_ciarp.pdf\" target=\"_blank\">CIARP<\/a><\/b><\/p>\n<p>Candidatos a <b><a href=\"http:\/\/desarrollo.ucaldas.edu.co\/archivo\/images\/tmp\/requisitos_representantes_consecum_facultad.pdf\" target=\"_blank\">consejos de facultad<\/a><\/b><\/p>\n<p>&nbsp;<\/p>\n<p><b>Informes: <\/b>en la Secretar\u00eda General. Tel\u00e9fono: 878 15 00, extensi\u00f3n 11 104.<\/p>\n<p><b>\u00a0<\/b><\/p>\n","protected":false},"excerpt":{"rendered":"<p>Tambi\u00e9n se elegir\u00e1n representantes ante facultades y otras instancias &nbsp; 06\/09\/2011 \u00a0 La Universidad de Caldas elegir\u00e1 sus representantes profesorales, estudiantiles y de egresados ante sus consejos Superior, Acad\u00e9mico y de cada facultad, al igual que ante el Comit\u00e9 Interno de Asignaci\u00f3n y Reconocimiento de Puntaje (CIARP), y la Comisi\u00f3n Central de Educaci\u00f3n a Distancia. [&hellip;]<\/p>\n","protected":false},"author":2,"featured_media":0,"comment_status":"closed","ping_status":"closed","sticky":false,"template":"","format":"standard","meta":{"footnotes":""},"categories":[48,53],"tags":[],"class_list":["post-8434","post","type-post","status-publish","format-standard","hentry","category-actualidad","category-universidad-al-dia"],"yoast_head":"<!-- This site is optimized with the Yoast SEO plugin v27.5 - https:\/\/yoast.com\/product\/yoast-seo-wordpress\/ -->\n<title>Usted puede ser parte de los consejos Superior y Acad\u00e9mico de la U. de Caldas .<\/title>\n<meta name=\"robots\" content=\"index, follow, max-snippet:-1, max-image-preview:large, max-video-preview:-1\" \/>\n<link rel=\"canonical\" href=\"https:\/\/www.ucaldas.edu.co\/portal\/usted-puede-ser-parte-de-los-consejos-superior-y-academico-de-la-u-de-caldas\/\" \/>\n<script type=\"application\/ld+json\" class=\"yoast-schema-graph\">{\"@context\":\"https:\\\/\\\/schema.org\",\"@graph\":[{\"@type\":\"Article\",\"@id\":\"https:\\\/\\\/www.ucaldas.edu.co\\\/portal\\\/usted-puede-ser-parte-de-los-consejos-superior-y-academico-de-la-u-de-caldas\\\/#article\",\"isPartOf\":{\"@id\":\"https:\\\/\\\/www.ucaldas.edu.co\\\/portal\\\/usted-puede-ser-parte-de-los-consejos-superior-y-academico-de-la-u-de-caldas\\\/\"},\"author\":{\"name\":\"ofiprensa\",\"@id\":\"https:\\\/\\\/www.ucaldas.edu.co\\\/portal\\\/#\\\/schema\\\/person\\\/a1b482e23449158b4bc319926c074fdf\"},\"headline\":\"Usted puede ser parte de los consejos Superior y Acad\u00e9mico de la U. de Caldas\",\"datePublished\":\"2011-09-06T15:23:37+00:00\",\"mainEntityOfPage\":{\"@id\":\"https:\\\/\\\/www.ucaldas.edu.co\\\/portal\\\/usted-puede-ser-parte-de-los-consejos-superior-y-academico-de-la-u-de-caldas\\\/\"},\"wordCount\":177,\"publisher\":{\"@id\":\"https:\\\/\\\/www.ucaldas.edu.co\\\/portal\\\/#organization\"},\"image\":{\"@id\":\"https:\\\/\\\/www.ucaldas.edu.co\\\/portal\\\/usted-puede-ser-parte-de-los-consejos-superior-y-academico-de-la-u-de-caldas\\\/#primaryimage\"},\"thumbnailUrl\":\"http:\\\/\\\/www.ucaldas.edu.co\\\/images\\\/tmp\\\/consejo_superior_academico.jpg\",\"articleSection\":[\"Actualidad\",\"Universidad al D\u00eda\"],\"inLanguage\":\"es\"},{\"@type\":\"WebPage\",\"@id\":\"https:\\\/\\\/www.ucaldas.edu.co\\\/portal\\\/usted-puede-ser-parte-de-los-consejos-superior-y-academico-de-la-u-de-caldas\\\/\",\"url\":\"https:\\\/\\\/www.ucaldas.edu.co\\\/portal\\\/usted-puede-ser-parte-de-los-consejos-superior-y-academico-de-la-u-de-caldas\\\/\",\"name\":\"Usted puede ser parte de los consejos Superior y Acad\u00e9mico de la U. de Caldas .\",\"isPartOf\":{\"@id\":\"https:\\\/\\\/www.ucaldas.edu.co\\\/portal\\\/#website\"},\"primaryImageOfPage\":{\"@id\":\"https:\\\/\\\/www.ucaldas.edu.co\\\/portal\\\/usted-puede-ser-parte-de-los-consejos-superior-y-academico-de-la-u-de-caldas\\\/#primaryimage\"},\"image\":{\"@id\":\"https:\\\/\\\/www.ucaldas.edu.co\\\/portal\\\/usted-puede-ser-parte-de-los-consejos-superior-y-academico-de-la-u-de-caldas\\\/#primaryimage\"},\"thumbnailUrl\":\"http:\\\/\\\/www.ucaldas.edu.co\\\/images\\\/tmp\\\/consejo_superior_academico.jpg\",\"datePublished\":\"2011-09-06T15:23:37+00:00\",\"breadcrumb\":{\"@id\":\"https:\\\/\\\/www.ucaldas.edu.co\\\/portal\\\/usted-puede-ser-parte-de-los-consejos-superior-y-academico-de-la-u-de-caldas\\\/#breadcrumb\"},\"inLanguage\":\"es\",\"potentialAction\":[{\"@type\":\"ReadAction\",\"target\":[\"https:\\\/\\\/www.ucaldas.edu.co\\\/portal\\\/usted-puede-ser-parte-de-los-consejos-superior-y-academico-de-la-u-de-caldas\\\/\"]}]},{\"@type\":\"ImageObject\",\"inLanguage\":\"es\",\"@id\":\"https:\\\/\\\/www.ucaldas.edu.co\\\/portal\\\/usted-puede-ser-parte-de-los-consejos-superior-y-academico-de-la-u-de-caldas\\\/#primaryimage\",\"url\":\"http:\\\/\\\/www.ucaldas.edu.co\\\/images\\\/tmp\\\/consejo_superior_academico.jpg\",\"contentUrl\":\"http:\\\/\\\/www.ucaldas.edu.co\\\/images\\\/tmp\\\/consejo_superior_academico.jpg\"},{\"@type\":\"BreadcrumbList\",\"@id\":\"https:\\\/\\\/www.ucaldas.edu.co\\\/portal\\\/usted-puede-ser-parte-de-los-consejos-superior-y-academico-de-la-u-de-caldas\\\/#breadcrumb\",\"itemListElement\":[{\"@type\":\"ListItem\",\"position\":1,\"name\":\"Portada\",\"item\":\"https:\\\/\\\/www.ucaldas.edu.co\\\/portal\\\/\"},{\"@type\":\"ListItem\",\"position\":2,\"name\":\"Usted puede ser parte de los consejos Superior y Acad\u00e9mico de la U. de Caldas\"}]},{\"@type\":\"WebSite\",\"@id\":\"https:\\\/\\\/www.ucaldas.edu.co\\\/portal\\\/#website\",\"url\":\"https:\\\/\\\/www.ucaldas.edu.co\\\/portal\\\/\",\"name\":\"Universidad de Caldas\",\"description\":\"\",\"publisher\":{\"@id\":\"https:\\\/\\\/www.ucaldas.edu.co\\\/portal\\\/#organization\"},\"alternateName\":\"U. de Caldas\",\"potentialAction\":[{\"@type\":\"SearchAction\",\"target\":{\"@type\":\"EntryPoint\",\"urlTemplate\":\"https:\\\/\\\/www.ucaldas.edu.co\\\/portal\\\/?s={search_term_string}\"},\"query-input\":{\"@type\":\"PropertyValueSpecification\",\"valueRequired\":true,\"valueName\":\"search_term_string\"}}],\"inLanguage\":\"es\"},{\"@type\":\"Organization\",\"@id\":\"https:\\\/\\\/www.ucaldas.edu.co\\\/portal\\\/#organization\",\"name\":\"Universidad de Caldas\",\"alternateName\":\"U. de Caldas\",\"url\":\"https:\\\/\\\/www.ucaldas.edu.co\\\/portal\\\/\",\"logo\":{\"@type\":\"ImageObject\",\"inLanguage\":\"es\",\"@id\":\"https:\\\/\\\/www.ucaldas.edu.co\\\/portal\\\/#\\\/schema\\\/logo\\\/image\\\/\",\"url\":\"https:\\\/\\\/www.ucaldas.edu.co\\\/portal\\\/wp-content\\\/uploads\\\/2023\\\/11\\\/Logo_horizontal_oscuroU-2023.png\",\"contentUrl\":\"https:\\\/\\\/www.ucaldas.edu.co\\\/portal\\\/wp-content\\\/uploads\\\/2023\\\/11\\\/Logo_horizontal_oscuroU-2023.png\",\"width\":263,\"height\":101,\"caption\":\"Universidad de Caldas\"},\"image\":{\"@id\":\"https:\\\/\\\/www.ucaldas.edu.co\\\/portal\\\/#\\\/schema\\\/logo\\\/image\\\/\"},\"sameAs\":[\"https:\\\/\\\/www.facebook.com\\\/udecaldas\",\"https:\\\/\\\/x.com\\\/udecaldas\",\"https:\\\/\\\/www.youtube.com\\\/universidadcaldas\",\"https:\\\/\\\/www.instagram.com\\\/udecaldas\\\/\"]},{\"@type\":\"Person\",\"@id\":\"https:\\\/\\\/www.ucaldas.edu.co\\\/portal\\\/#\\\/schema\\\/person\\\/a1b482e23449158b4bc319926c074fdf\",\"name\":\"ofiprensa\",\"image\":{\"@type\":\"ImageObject\",\"inLanguage\":\"es\",\"@id\":\"https:\\\/\\\/www.ucaldas.edu.co\\\/portal\\\/wp-content\\\/litespeed\\\/avatar\\\/09ea5085e600095a7a811142c6944527.jpg?ver=1777497608\",\"url\":\"https:\\\/\\\/www.ucaldas.edu.co\\\/portal\\\/wp-content\\\/litespeed\\\/avatar\\\/09ea5085e600095a7a811142c6944527.jpg?ver=1777497608\",\"contentUrl\":\"https:\\\/\\\/www.ucaldas.edu.co\\\/portal\\\/wp-content\\\/litespeed\\\/avatar\\\/09ea5085e600095a7a811142c6944527.jpg?ver=1777497608\",\"caption\":\"ofiprensa\"},\"url\":\"https:\\\/\\\/www.ucaldas.edu.co\\\/portal\\\/author\\\/ofiprensa\\\/\"}]}<\/script>\n<!-- \/ Yoast SEO plugin. -->","yoast_head_json":{"title":"Usted puede ser parte de los consejos Superior y Acad\u00e9mico de la U. de Caldas .","robots":{"index":"index","follow":"follow","max-snippet":"max-snippet:-1","max-image-preview":"max-image-preview:large","max-video-preview":"max-video-preview:-1"},"canonical":"https:\/\/www.ucaldas.edu.co\/portal\/usted-puede-ser-parte-de-los-consejos-superior-y-academico-de-la-u-de-caldas\/","schema":{"@context":"https:\/\/schema.org","@graph":[{"@type":"Article","@id":"https:\/\/www.ucaldas.edu.co\/portal\/usted-puede-ser-parte-de-los-consejos-superior-y-academico-de-la-u-de-caldas\/#article","isPartOf":{"@id":"https:\/\/www.ucaldas.edu.co\/portal\/usted-puede-ser-parte-de-los-consejos-superior-y-academico-de-la-u-de-caldas\/"},"author":{"name":"ofiprensa","@id":"https:\/\/www.ucaldas.edu.co\/portal\/#\/schema\/person\/a1b482e23449158b4bc319926c074fdf"},"headline":"Usted puede ser parte de los consejos Superior y Acad\u00e9mico de la U. de Caldas","datePublished":"2011-09-06T15:23:37+00:00","mainEntityOfPage":{"@id":"https:\/\/www.ucaldas.edu.co\/portal\/usted-puede-ser-parte-de-los-consejos-superior-y-academico-de-la-u-de-caldas\/"},"wordCount":177,"publisher":{"@id":"https:\/\/www.ucaldas.edu.co\/portal\/#organization"},"image":{"@id":"https:\/\/www.ucaldas.edu.co\/portal\/usted-puede-ser-parte-de-los-consejos-superior-y-academico-de-la-u-de-caldas\/#primaryimage"},"thumbnailUrl":"http:\/\/www.ucaldas.edu.co\/images\/tmp\/consejo_superior_academico.jpg","articleSection":["Actualidad","Universidad al D\u00eda"],"inLanguage":"es"},{"@type":"WebPage","@id":"https:\/\/www.ucaldas.edu.co\/portal\/usted-puede-ser-parte-de-los-consejos-superior-y-academico-de-la-u-de-caldas\/","url":"https:\/\/www.ucaldas.edu.co\/portal\/usted-puede-ser-parte-de-los-consejos-superior-y-academico-de-la-u-de-caldas\/","name":"Usted puede ser parte de los consejos Superior y Acad\u00e9mico de la U. de Caldas .","isPartOf":{"@id":"https:\/\/www.ucaldas.edu.co\/portal\/#website"},"primaryImageOfPage":{"@id":"https:\/\/www.ucaldas.edu.co\/portal\/usted-puede-ser-parte-de-los-consejos-superior-y-academico-de-la-u-de-caldas\/#primaryimage"},"image":{"@id":"https:\/\/www.ucaldas.edu.co\/portal\/usted-puede-ser-parte-de-los-consejos-superior-y-academico-de-la-u-de-caldas\/#primaryimage"},"thumbnailUrl":"http:\/\/www.ucaldas.edu.co\/images\/tmp\/consejo_superior_academico.jpg","datePublished":"2011-09-06T15:23:37+00:00","breadcrumb":{"@id":"https:\/\/www.ucaldas.edu.co\/portal\/usted-puede-ser-parte-de-los-consejos-superior-y-academico-de-la-u-de-caldas\/#breadcrumb"},"inLanguage":"es","potentialAction":[{"@type":"ReadAction","target":["https:\/\/www.ucaldas.edu.co\/portal\/usted-puede-ser-parte-de-los-consejos-superior-y-academico-de-la-u-de-caldas\/"]}]},{"@type":"ImageObject","inLanguage":"es","@id":"https:\/\/www.ucaldas.edu.co\/portal\/usted-puede-ser-parte-de-los-consejos-superior-y-academico-de-la-u-de-caldas\/#primaryimage","url":"http:\/\/www.ucaldas.edu.co\/images\/tmp\/consejo_superior_academico.jpg","contentUrl":"http:\/\/www.ucaldas.edu.co\/images\/tmp\/consejo_superior_academico.jpg"},{"@type":"BreadcrumbList","@id":"https:\/\/www.ucaldas.edu.co\/portal\/usted-puede-ser-parte-de-los-consejos-superior-y-academico-de-la-u-de-caldas\/#breadcrumb","itemListElement":[{"@type":"ListItem","position":1,"name":"Portada","item":"https:\/\/www.ucaldas.edu.co\/portal\/"},{"@type":"ListItem","position":2,"name":"Usted puede ser parte de los consejos Superior y Acad\u00e9mico de la U. de Caldas"}]},{"@type":"WebSite","@id":"https:\/\/www.ucaldas.edu.co\/portal\/#website","url":"https:\/\/www.ucaldas.edu.co\/portal\/","name":"Universidad de Caldas","description":"","publisher":{"@id":"https:\/\/www.ucaldas.edu.co\/portal\/#organization"},"alternateName":"U. de Caldas","potentialAction":[{"@type":"SearchAction","target":{"@type":"EntryPoint","urlTemplate":"https:\/\/www.ucaldas.edu.co\/portal\/?s={search_term_string}"},"query-input":{"@type":"PropertyValueSpecification","valueRequired":true,"valueName":"search_term_string"}}],"inLanguage":"es"},{"@type":"Organization","@id":"https:\/\/www.ucaldas.edu.co\/portal\/#organization","name":"Universidad de Caldas","alternateName":"U. de Caldas","url":"https:\/\/www.ucaldas.edu.co\/portal\/","logo":{"@type":"ImageObject","inLanguage":"es","@id":"https:\/\/www.ucaldas.edu.co\/portal\/#\/schema\/logo\/image\/","url":"https:\/\/www.ucaldas.edu.co\/portal\/wp-content\/uploads\/2023\/11\/Logo_horizontal_oscuroU-2023.png","contentUrl":"https:\/\/www.ucaldas.edu.co\/portal\/wp-content\/uploads\/2023\/11\/Logo_horizontal_oscuroU-2023.png","width":263,"height":101,"caption":"Universidad de Caldas"},"image":{"@id":"https:\/\/www.ucaldas.edu.co\/portal\/#\/schema\/logo\/image\/"},"sameAs":["https:\/\/www.facebook.com\/udecaldas","https:\/\/x.com\/udecaldas","https:\/\/www.youtube.com\/universidadcaldas","https:\/\/www.instagram.com\/udecaldas\/"]},{"@type":"Person","@id":"https:\/\/www.ucaldas.edu.co\/portal\/#\/schema\/person\/a1b482e23449158b4bc319926c074fdf","name":"ofiprensa","image":{"@type":"ImageObject","inLanguage":"es","@id":"https:\/\/www.ucaldas.edu.co\/portal\/wp-content\/litespeed\/avatar\/09ea5085e600095a7a811142c6944527.jpg?ver=1777497608","url":"https:\/\/www.ucaldas.edu.co\/portal\/wp-content\/litespeed\/avatar\/09ea5085e600095a7a811142c6944527.jpg?ver=1777497608","contentUrl":"https:\/\/www.ucaldas.edu.co\/portal\/wp-content\/litespeed\/avatar\/09ea5085e600095a7a811142c6944527.jpg?ver=1777497608","caption":"ofiprensa"},"url":"https:\/\/www.ucaldas.edu.co\/portal\/author\/ofiprensa\/"}]}},"_links":{"self":[{"href":"https:\/\/www.ucaldas.edu.co\/portal\/wp-json\/wp\/v2\/posts\/8434","targetHints":{"allow":["GET"]}}],"collection":[{"href":"https:\/\/www.ucaldas.edu.co\/portal\/wp-json\/wp\/v2\/posts"}],"about":[{"href":"https:\/\/www.ucaldas.edu.co\/portal\/wp-json\/wp\/v2\/types\/post"}],"author":[{"embeddable":true,"href":"https:\/\/www.ucaldas.edu.co\/portal\/wp-json\/wp\/v2\/users\/2"}],"replies":[{"embeddable":true,"href":"https:\/\/www.ucaldas.edu.co\/portal\/wp-json\/wp\/v2\/comments?post=8434"}],"version-history":[{"count":0,"href":"https:\/\/www.ucaldas.edu.co\/portal\/wp-json\/wp\/v2\/posts\/8434\/revisions"}],"wp:attachment":[{"href":"https:\/\/www.ucaldas.edu.co\/portal\/wp-json\/wp\/v2\/media?parent=8434"}],"wp:term":[{"taxonomy":"category","embeddable":true,"href":"https:\/\/www.ucaldas.edu.co\/portal\/wp-json\/wp\/v2\/categories?post=8434"},{"taxonomy":"post_tag","embeddable":true,"href":"https:\/\/www.ucaldas.edu.co\/portal\/wp-json\/wp\/v2\/tags?post=8434"}],"curies":[{"name":"wp","href":"https:\/\/api.w.org\/{rel}","templated":true}]}}