{"id":84330,"date":"2024-10-08T17:40:35","date_gmt":"2024-10-08T22:40:35","guid":{"rendered":"https:\/\/www.ucaldas.edu.co\/portal\/?p=84330"},"modified":"2024-10-08T17:40:35","modified_gmt":"2024-10-08T22:40:35","slug":"universidad-de-caldas-lanza-sus-primeros-programas-virtuales-marcando-un-precedente-en-su-oferta-institucional","status":"publish","type":"post","link":"https:\/\/www.ucaldas.edu.co\/portal\/universidad-de-caldas-lanza-sus-primeros-programas-virtuales-marcando-un-precedente-en-su-oferta-institucional\/","title":{"rendered":"Universidad de Caldas lanza sus primeros programas virtuales, marcando un precedente en su oferta Institucional"},"content":{"rendered":"<p style=\"text-align: justify;\"><img loading=\"lazy\" decoding=\"async\" class=\"alignnone size-full wp-image-84335\" src=\"https:\/\/www.ucaldas.edu.co\/portal\/wp-content\/uploads\/2024\/10\/presentacion-3-VIRTUALESs-2.png\" alt=\"\" width=\"960\" height=\"540\" \/><\/p>\n<p style=\"text-align: justify;\">Gracias a la apuesta de la rector\u00eda por fortalecer la virtualidad en la Universidad de Caldas, a trav\u00e9s de la Vicerrector\u00eda Acad\u00e9mica, la oficina de educaci\u00f3n a Distancia y Virtualidad y la Facultad de Inteligencia Artificial e Ingenier\u00edas de la Universidad de Caldas, se ha concretado la primera oferta virtual de la Universidad de Caldas a trav\u00e9s de sus primeros programas t\u00e9cnicos profesionales en esta modalidad, un acontecimiento que marcar\u00e1 la formaci\u00f3n acad\u00e9mica en virtud del alcance de la comunidad. Estos programas, que estar\u00e1n disponibles para el primer semestre de 2025, representan un avance significativo en la oferta educativa de la universidad y un paso clave hacia la democratizaci\u00f3n del acceso a la educaci\u00f3n superior.<!--more--><\/p>\n<p style=\"text-align: justify;\">Los nuevos programas virtuales que incluyen el T\u00e9cnico en Programaci\u00f3n Web, el T\u00e9cnico en Programaci\u00f3n para Videojuegos, y el T\u00e9cnico en Programaci\u00f3n para Dispositivos M\u00f3viles, son los primeros en la historia de la universidad en obtener la aprobaci\u00f3n del Ministerio de Educaci\u00f3n Nacional (MEN) para ser ofertados en modalidad completamente virtual y se logran gracias a la pol\u00edtica de Educaci\u00f3n Virtual \u201cMarco Tulio Jaramillo Salazar\u201d, aprobada por el Consejo Superior en el acuerdo 047 de 2021.<\/p>\n<p style=\"text-align: justify;\">Es importante realizar una distinci\u00f3n especial a los docentes que estuvieron liderando y estructurando el proyecto, Luis Fernando Castillo Ossa, Diego L\u00f3pez Franco y Oscar Mauricio Bedoya, el apoyo de la oficina de acreditaci\u00f3n Institucional Juli\u00e1n Orozco, agradecemos su labor y el compromiso en pro de la calidad de la Facultad; y adem\u00e1s un agradecimiento muy especial a las personas que hicieron parte de este proceso de U Caldas Virtual, un trabajo conjunto que a hoy tiene su recompensa.<\/p>\n<p style=\"text-align: justify;\">Los programas virtuales ofrecen una serie de ventajas clave, entre ellas la flexibilidad horaria, que permite a los estudiantes acceder a clases y materiales en l\u00ednea desde cualquier lugar con conexi\u00f3n a internet, facilitando el estudio a su propio ritmo. Adem\u00e1s, los estudiantes podr\u00e1n beneficiarse de una metodolog\u00eda que promueve la autonom\u00eda y la autorregulaci\u00f3n, prepar\u00e1ndolos para los desaf\u00edos del mundo laboral digital.<\/p>\n<p><strong>Anexo:<\/strong><\/p>\n<p><a href=\"https:\/\/www.ucaldas.edu.co\/portal\/wp-content\/uploads\/2024\/10\/Luis-castillo-prog-virtuales-online-audio-converter.com_.mp3\"><strong>-Audio Docentes Facultad de Inteligencia artificial e ingenier\u00edas, Luis Fernando Castillo Ossa.<\/strong><\/a><\/p>\n<audio class=\"wp-audio-shortcode\" id=\"audio-84330-1\" preload=\"none\" style=\"width: 100%;\" controls=\"controls\"><source type=\"audio\/mpeg\" src=\"https:\/\/www.ucaldas.edu.co\/portal\/wp-content\/uploads\/2024\/10\/Luis-castillo-prog-virtuales-online-audio-converter.com_.mp3?_=1\" \/><a href=\"https:\/\/www.ucaldas.edu.co\/portal\/wp-content\/uploads\/2024\/10\/Luis-castillo-prog-virtuales-online-audio-converter.com_.mp3\">https:\/\/www.ucaldas.edu.co\/portal\/wp-content\/uploads\/2024\/10\/Luis-castillo-prog-virtuales-online-audio-converter.com_.mp3<\/a><\/audio>\n<p><a href=\"https:\/\/www.ucaldas.edu.co\/portal\/wp-content\/uploads\/2024\/10\/oscar-bedoya-prog-virtuales-online-audio-converter.com_.mp3\"><strong>-Audio Director de programas Facultad de Inteligencia artificial e ingenier\u00edas, \u00d3scar Mauricio Bedoya.<\/strong><\/a><\/p>\n<audio class=\"wp-audio-shortcode\" id=\"audio-84330-2\" preload=\"none\" style=\"width: 100%;\" controls=\"controls\"><source type=\"audio\/mpeg\" src=\"https:\/\/www.ucaldas.edu.co\/portal\/wp-content\/uploads\/2024\/10\/oscar-bedoya-prog-virtuales-online-audio-converter.com_.mp3?_=2\" \/><a href=\"https:\/\/www.ucaldas.edu.co\/portal\/wp-content\/uploads\/2024\/10\/oscar-bedoya-prog-virtuales-online-audio-converter.com_.mp3\">https:\/\/www.ucaldas.edu.co\/portal\/wp-content\/uploads\/2024\/10\/oscar-bedoya-prog-virtuales-online-audio-converter.com_.mp3<\/a><\/audio>\n","protected":false},"excerpt":{"rendered":"<p>Gracias a la apuesta de la rector\u00eda por fortalecer la virtualidad en la Universidad de Caldas, a trav\u00e9s de la Vicerrector\u00eda Acad\u00e9mica, la oficina de educaci\u00f3n a Distancia y Virtualidad y la Facultad de Inteligencia Artificial e Ingenier\u00edas de la Universidad de Caldas, se ha concretado la primera oferta virtual de la Universidad de Caldas [&hellip;]<\/p>\n","protected":false},"author":2,"featured_media":84335,"comment_status":"closed","ping_status":"open","sticky":false,"template":"","format":"standard","meta":{"footnotes":""},"categories":[48,53],"tags":[1112,8902],"class_list":["post-84330","post","type-post","status-publish","format-standard","has-post-thumbnail","hentry","category-actualidad","category-universidad-al-dia","tag-virtualidad","tag-actualidad-educacion"],"yoast_head":"<!-- This site is optimized with the Yoast SEO plugin v27.5 - https:\/\/yoast.com\/product\/yoast-seo-wordpress\/ -->\n<title>Universidad de Caldas lanza sus primeros programas virtuales, marcando un precedente en su oferta Institucional .<\/title>\n<meta name=\"robots\" content=\"index, follow, max-snippet:-1, max-image-preview:large, max-video-preview:-1\" \/>\n<link rel=\"canonical\" href=\"https:\/\/www.ucaldas.edu.co\/portal\/universidad-de-caldas-lanza-sus-primeros-programas-virtuales-marcando-un-precedente-en-su-oferta-institucional\/\" \/>\n<script type=\"application\/ld+json\" class=\"yoast-schema-graph\">{\"@context\":\"https:\\\/\\\/schema.org\",\"@graph\":[{\"@type\":\"Article\",\"@id\":\"https:\\\/\\\/www.ucaldas.edu.co\\\/portal\\\/universidad-de-caldas-lanza-sus-primeros-programas-virtuales-marcando-un-precedente-en-su-oferta-institucional\\\/#article\",\"isPartOf\":{\"@id\":\"https:\\\/\\\/www.ucaldas.edu.co\\\/portal\\\/universidad-de-caldas-lanza-sus-primeros-programas-virtuales-marcando-un-precedente-en-su-oferta-institucional\\\/\"},\"author\":{\"name\":\"ofiprensa\",\"@id\":\"https:\\\/\\\/www.ucaldas.edu.co\\\/portal\\\/#\\\/schema\\\/person\\\/a1b482e23449158b4bc319926c074fdf\"},\"headline\":\"Universidad de Caldas lanza sus primeros programas virtuales, marcando un precedente en su oferta Institucional\",\"datePublished\":\"2024-10-08T22:40:35+00:00\",\"mainEntityOfPage\":{\"@id\":\"https:\\\/\\\/www.ucaldas.edu.co\\\/portal\\\/universidad-de-caldas-lanza-sus-primeros-programas-virtuales-marcando-un-precedente-en-su-oferta-institucional\\\/\"},\"wordCount\":439,\"publisher\":{\"@id\":\"https:\\\/\\\/www.ucaldas.edu.co\\\/portal\\\/#organization\"},\"image\":{\"@id\":\"https:\\\/\\\/www.ucaldas.edu.co\\\/portal\\\/universidad-de-caldas-lanza-sus-primeros-programas-virtuales-marcando-un-precedente-en-su-oferta-institucional\\\/#primaryimage\"},\"thumbnailUrl\":\"https:\\\/\\\/www.ucaldas.edu.co\\\/portal\\\/wp-content\\\/uploads\\\/2024\\\/10\\\/presentacion-3-VIRTUALESs-2.png\",\"keywords\":[\"Virtualidad\",\"actualidad educaci\u00f3n\"],\"articleSection\":[\"Actualidad\",\"Universidad al D\u00eda\"],\"inLanguage\":\"es\"},{\"@type\":\"WebPage\",\"@id\":\"https:\\\/\\\/www.ucaldas.edu.co\\\/portal\\\/universidad-de-caldas-lanza-sus-primeros-programas-virtuales-marcando-un-precedente-en-su-oferta-institucional\\\/\",\"url\":\"https:\\\/\\\/www.ucaldas.edu.co\\\/portal\\\/universidad-de-caldas-lanza-sus-primeros-programas-virtuales-marcando-un-precedente-en-su-oferta-institucional\\\/\",\"name\":\"Universidad de Caldas lanza sus primeros programas virtuales, marcando un precedente en su oferta Institucional .\",\"isPartOf\":{\"@id\":\"https:\\\/\\\/www.ucaldas.edu.co\\\/portal\\\/#website\"},\"primaryImageOfPage\":{\"@id\":\"https:\\\/\\\/www.ucaldas.edu.co\\\/portal\\\/universidad-de-caldas-lanza-sus-primeros-programas-virtuales-marcando-un-precedente-en-su-oferta-institucional\\\/#primaryimage\"},\"image\":{\"@id\":\"https:\\\/\\\/www.ucaldas.edu.co\\\/portal\\\/universidad-de-caldas-lanza-sus-primeros-programas-virtuales-marcando-un-precedente-en-su-oferta-institucional\\\/#primaryimage\"},\"thumbnailUrl\":\"https:\\\/\\\/www.ucaldas.edu.co\\\/portal\\\/wp-content\\\/uploads\\\/2024\\\/10\\\/presentacion-3-VIRTUALESs-2.png\",\"datePublished\":\"2024-10-08T22:40:35+00:00\",\"breadcrumb\":{\"@id\":\"https:\\\/\\\/www.ucaldas.edu.co\\\/portal\\\/universidad-de-caldas-lanza-sus-primeros-programas-virtuales-marcando-un-precedente-en-su-oferta-institucional\\\/#breadcrumb\"},\"inLanguage\":\"es\",\"potentialAction\":[{\"@type\":\"ReadAction\",\"target\":[\"https:\\\/\\\/www.ucaldas.edu.co\\\/portal\\\/universidad-de-caldas-lanza-sus-primeros-programas-virtuales-marcando-un-precedente-en-su-oferta-institucional\\\/\"]}]},{\"@type\":\"ImageObject\",\"inLanguage\":\"es\",\"@id\":\"https:\\\/\\\/www.ucaldas.edu.co\\\/portal\\\/universidad-de-caldas-lanza-sus-primeros-programas-virtuales-marcando-un-precedente-en-su-oferta-institucional\\\/#primaryimage\",\"url\":\"https:\\\/\\\/www.ucaldas.edu.co\\\/portal\\\/wp-content\\\/uploads\\\/2024\\\/10\\\/presentacion-3-VIRTUALESs-2.png\",\"contentUrl\":\"https:\\\/\\\/www.ucaldas.edu.co\\\/portal\\\/wp-content\\\/uploads\\\/2024\\\/10\\\/presentacion-3-VIRTUALESs-2.png\",\"width\":960,\"height\":540},{\"@type\":\"BreadcrumbList\",\"@id\":\"https:\\\/\\\/www.ucaldas.edu.co\\\/portal\\\/universidad-de-caldas-lanza-sus-primeros-programas-virtuales-marcando-un-precedente-en-su-oferta-institucional\\\/#breadcrumb\",\"itemListElement\":[{\"@type\":\"ListItem\",\"position\":1,\"name\":\"Portada\",\"item\":\"https:\\\/\\\/www.ucaldas.edu.co\\\/portal\\\/\"},{\"@type\":\"ListItem\",\"position\":2,\"name\":\"Universidad de Caldas lanza sus primeros programas virtuales, marcando un precedente en su oferta Institucional\"}]},{\"@type\":\"WebSite\",\"@id\":\"https:\\\/\\\/www.ucaldas.edu.co\\\/portal\\\/#website\",\"url\":\"https:\\\/\\\/www.ucaldas.edu.co\\\/portal\\\/\",\"name\":\"Universidad de Caldas\",\"description\":\"\",\"publisher\":{\"@id\":\"https:\\\/\\\/www.ucaldas.edu.co\\\/portal\\\/#organization\"},\"alternateName\":\"U. de Caldas\",\"potentialAction\":[{\"@type\":\"SearchAction\",\"target\":{\"@type\":\"EntryPoint\",\"urlTemplate\":\"https:\\\/\\\/www.ucaldas.edu.co\\\/portal\\\/?s={search_term_string}\"},\"query-input\":{\"@type\":\"PropertyValueSpecification\",\"valueRequired\":true,\"valueName\":\"search_term_string\"}}],\"inLanguage\":\"es\"},{\"@type\":\"Organization\",\"@id\":\"https:\\\/\\\/www.ucaldas.edu.co\\\/portal\\\/#organization\",\"name\":\"Universidad de Caldas\",\"alternateName\":\"U. de Caldas\",\"url\":\"https:\\\/\\\/www.ucaldas.edu.co\\\/portal\\\/\",\"logo\":{\"@type\":\"ImageObject\",\"inLanguage\":\"es\",\"@id\":\"https:\\\/\\\/www.ucaldas.edu.co\\\/portal\\\/#\\\/schema\\\/logo\\\/image\\\/\",\"url\":\"https:\\\/\\\/www.ucaldas.edu.co\\\/portal\\\/wp-content\\\/uploads\\\/2023\\\/11\\\/Logo_horizontal_oscuroU-2023.png\",\"contentUrl\":\"https:\\\/\\\/www.ucaldas.edu.co\\\/portal\\\/wp-content\\\/uploads\\\/2023\\\/11\\\/Logo_horizontal_oscuroU-2023.png\",\"width\":263,\"height\":101,\"caption\":\"Universidad de Caldas\"},\"image\":{\"@id\":\"https:\\\/\\\/www.ucaldas.edu.co\\\/portal\\\/#\\\/schema\\\/logo\\\/image\\\/\"},\"sameAs\":[\"https:\\\/\\\/www.facebook.com\\\/udecaldas\",\"https:\\\/\\\/x.com\\\/udecaldas\",\"https:\\\/\\\/www.youtube.com\\\/universidadcaldas\",\"https:\\\/\\\/www.instagram.com\\\/udecaldas\\\/\"]},{\"@type\":\"Person\",\"@id\":\"https:\\\/\\\/www.ucaldas.edu.co\\\/portal\\\/#\\\/schema\\\/person\\\/a1b482e23449158b4bc319926c074fdf\",\"name\":\"ofiprensa\",\"image\":{\"@type\":\"ImageObject\",\"inLanguage\":\"es\",\"@id\":\"https:\\\/\\\/www.ucaldas.edu.co\\\/portal\\\/wp-content\\\/litespeed\\\/avatar\\\/09ea5085e600095a7a811142c6944527.jpg?ver=1777497608\",\"url\":\"https:\\\/\\\/www.ucaldas.edu.co\\\/portal\\\/wp-content\\\/litespeed\\\/avatar\\\/09ea5085e600095a7a811142c6944527.jpg?ver=1777497608\",\"contentUrl\":\"https:\\\/\\\/www.ucaldas.edu.co\\\/portal\\\/wp-content\\\/litespeed\\\/avatar\\\/09ea5085e600095a7a811142c6944527.jpg?ver=1777497608\",\"caption\":\"ofiprensa\"},\"url\":\"https:\\\/\\\/www.ucaldas.edu.co\\\/portal\\\/author\\\/ofiprensa\\\/\"}]}<\/script>\n<!-- \/ Yoast SEO plugin. -->","yoast_head_json":{"title":"Universidad de Caldas lanza sus primeros programas virtuales, marcando un precedente en su oferta Institucional .","robots":{"index":"index","follow":"follow","max-snippet":"max-snippet:-1","max-image-preview":"max-image-preview:large","max-video-preview":"max-video-preview:-1"},"canonical":"https:\/\/www.ucaldas.edu.co\/portal\/universidad-de-caldas-lanza-sus-primeros-programas-virtuales-marcando-un-precedente-en-su-oferta-institucional\/","schema":{"@context":"https:\/\/schema.org","@graph":[{"@type":"Article","@id":"https:\/\/www.ucaldas.edu.co\/portal\/universidad-de-caldas-lanza-sus-primeros-programas-virtuales-marcando-un-precedente-en-su-oferta-institucional\/#article","isPartOf":{"@id":"https:\/\/www.ucaldas.edu.co\/portal\/universidad-de-caldas-lanza-sus-primeros-programas-virtuales-marcando-un-precedente-en-su-oferta-institucional\/"},"author":{"name":"ofiprensa","@id":"https:\/\/www.ucaldas.edu.co\/portal\/#\/schema\/person\/a1b482e23449158b4bc319926c074fdf"},"headline":"Universidad de Caldas lanza sus primeros programas virtuales, marcando un precedente en su oferta Institucional","datePublished":"2024-10-08T22:40:35+00:00","mainEntityOfPage":{"@id":"https:\/\/www.ucaldas.edu.co\/portal\/universidad-de-caldas-lanza-sus-primeros-programas-virtuales-marcando-un-precedente-en-su-oferta-institucional\/"},"wordCount":439,"publisher":{"@id":"https:\/\/www.ucaldas.edu.co\/portal\/#organization"},"image":{"@id":"https:\/\/www.ucaldas.edu.co\/portal\/universidad-de-caldas-lanza-sus-primeros-programas-virtuales-marcando-un-precedente-en-su-oferta-institucional\/#primaryimage"},"thumbnailUrl":"https:\/\/www.ucaldas.edu.co\/portal\/wp-content\/uploads\/2024\/10\/presentacion-3-VIRTUALESs-2.png","keywords":["Virtualidad","actualidad educaci\u00f3n"],"articleSection":["Actualidad","Universidad al D\u00eda"],"inLanguage":"es"},{"@type":"WebPage","@id":"https:\/\/www.ucaldas.edu.co\/portal\/universidad-de-caldas-lanza-sus-primeros-programas-virtuales-marcando-un-precedente-en-su-oferta-institucional\/","url":"https:\/\/www.ucaldas.edu.co\/portal\/universidad-de-caldas-lanza-sus-primeros-programas-virtuales-marcando-un-precedente-en-su-oferta-institucional\/","name":"Universidad de Caldas lanza sus primeros programas virtuales, marcando un precedente en su oferta Institucional .","isPartOf":{"@id":"https:\/\/www.ucaldas.edu.co\/portal\/#website"},"primaryImageOfPage":{"@id":"https:\/\/www.ucaldas.edu.co\/portal\/universidad-de-caldas-lanza-sus-primeros-programas-virtuales-marcando-un-precedente-en-su-oferta-institucional\/#primaryimage"},"image":{"@id":"https:\/\/www.ucaldas.edu.co\/portal\/universidad-de-caldas-lanza-sus-primeros-programas-virtuales-marcando-un-precedente-en-su-oferta-institucional\/#primaryimage"},"thumbnailUrl":"https:\/\/www.ucaldas.edu.co\/portal\/wp-content\/uploads\/2024\/10\/presentacion-3-VIRTUALESs-2.png","datePublished":"2024-10-08T22:40:35+00:00","breadcrumb":{"@id":"https:\/\/www.ucaldas.edu.co\/portal\/universidad-de-caldas-lanza-sus-primeros-programas-virtuales-marcando-un-precedente-en-su-oferta-institucional\/#breadcrumb"},"inLanguage":"es","potentialAction":[{"@type":"ReadAction","target":["https:\/\/www.ucaldas.edu.co\/portal\/universidad-de-caldas-lanza-sus-primeros-programas-virtuales-marcando-un-precedente-en-su-oferta-institucional\/"]}]},{"@type":"ImageObject","inLanguage":"es","@id":"https:\/\/www.ucaldas.edu.co\/portal\/universidad-de-caldas-lanza-sus-primeros-programas-virtuales-marcando-un-precedente-en-su-oferta-institucional\/#primaryimage","url":"https:\/\/www.ucaldas.edu.co\/portal\/wp-content\/uploads\/2024\/10\/presentacion-3-VIRTUALESs-2.png","contentUrl":"https:\/\/www.ucaldas.edu.co\/portal\/wp-content\/uploads\/2024\/10\/presentacion-3-VIRTUALESs-2.png","width":960,"height":540},{"@type":"BreadcrumbList","@id":"https:\/\/www.ucaldas.edu.co\/portal\/universidad-de-caldas-lanza-sus-primeros-programas-virtuales-marcando-un-precedente-en-su-oferta-institucional\/#breadcrumb","itemListElement":[{"@type":"ListItem","position":1,"name":"Portada","item":"https:\/\/www.ucaldas.edu.co\/portal\/"},{"@type":"ListItem","position":2,"name":"Universidad de Caldas lanza sus primeros programas virtuales, marcando un precedente en su oferta Institucional"}]},{"@type":"WebSite","@id":"https:\/\/www.ucaldas.edu.co\/portal\/#website","url":"https:\/\/www.ucaldas.edu.co\/portal\/","name":"Universidad de Caldas","description":"","publisher":{"@id":"https:\/\/www.ucaldas.edu.co\/portal\/#organization"},"alternateName":"U. de Caldas","potentialAction":[{"@type":"SearchAction","target":{"@type":"EntryPoint","urlTemplate":"https:\/\/www.ucaldas.edu.co\/portal\/?s={search_term_string}"},"query-input":{"@type":"PropertyValueSpecification","valueRequired":true,"valueName":"search_term_string"}}],"inLanguage":"es"},{"@type":"Organization","@id":"https:\/\/www.ucaldas.edu.co\/portal\/#organization","name":"Universidad de Caldas","alternateName":"U. de Caldas","url":"https:\/\/www.ucaldas.edu.co\/portal\/","logo":{"@type":"ImageObject","inLanguage":"es","@id":"https:\/\/www.ucaldas.edu.co\/portal\/#\/schema\/logo\/image\/","url":"https:\/\/www.ucaldas.edu.co\/portal\/wp-content\/uploads\/2023\/11\/Logo_horizontal_oscuroU-2023.png","contentUrl":"https:\/\/www.ucaldas.edu.co\/portal\/wp-content\/uploads\/2023\/11\/Logo_horizontal_oscuroU-2023.png","width":263,"height":101,"caption":"Universidad de Caldas"},"image":{"@id":"https:\/\/www.ucaldas.edu.co\/portal\/#\/schema\/logo\/image\/"},"sameAs":["https:\/\/www.facebook.com\/udecaldas","https:\/\/x.com\/udecaldas","https:\/\/www.youtube.com\/universidadcaldas","https:\/\/www.instagram.com\/udecaldas\/"]},{"@type":"Person","@id":"https:\/\/www.ucaldas.edu.co\/portal\/#\/schema\/person\/a1b482e23449158b4bc319926c074fdf","name":"ofiprensa","image":{"@type":"ImageObject","inLanguage":"es","@id":"https:\/\/www.ucaldas.edu.co\/portal\/wp-content\/litespeed\/avatar\/09ea5085e600095a7a811142c6944527.jpg?ver=1777497608","url":"https:\/\/www.ucaldas.edu.co\/portal\/wp-content\/litespeed\/avatar\/09ea5085e600095a7a811142c6944527.jpg?ver=1777497608","contentUrl":"https:\/\/www.ucaldas.edu.co\/portal\/wp-content\/litespeed\/avatar\/09ea5085e600095a7a811142c6944527.jpg?ver=1777497608","caption":"ofiprensa"},"url":"https:\/\/www.ucaldas.edu.co\/portal\/author\/ofiprensa\/"}]}},"_links":{"self":[{"href":"https:\/\/www.ucaldas.edu.co\/portal\/wp-json\/wp\/v2\/posts\/84330","targetHints":{"allow":["GET"]}}],"collection":[{"href":"https:\/\/www.ucaldas.edu.co\/portal\/wp-json\/wp\/v2\/posts"}],"about":[{"href":"https:\/\/www.ucaldas.edu.co\/portal\/wp-json\/wp\/v2\/types\/post"}],"author":[{"embeddable":true,"href":"https:\/\/www.ucaldas.edu.co\/portal\/wp-json\/wp\/v2\/users\/2"}],"replies":[{"embeddable":true,"href":"https:\/\/www.ucaldas.edu.co\/portal\/wp-json\/wp\/v2\/comments?post=84330"}],"version-history":[{"count":0,"href":"https:\/\/www.ucaldas.edu.co\/portal\/wp-json\/wp\/v2\/posts\/84330\/revisions"}],"wp:featuredmedia":[{"embeddable":true,"href":"https:\/\/www.ucaldas.edu.co\/portal\/wp-json\/wp\/v2\/media\/84335"}],"wp:attachment":[{"href":"https:\/\/www.ucaldas.edu.co\/portal\/wp-json\/wp\/v2\/media?parent=84330"}],"wp:term":[{"taxonomy":"category","embeddable":true,"href":"https:\/\/www.ucaldas.edu.co\/portal\/wp-json\/wp\/v2\/categories?post=84330"},{"taxonomy":"post_tag","embeddable":true,"href":"https:\/\/www.ucaldas.edu.co\/portal\/wp-json\/wp\/v2\/tags?post=84330"}],"curies":[{"name":"wp","href":"https:\/\/api.w.org\/{rel}","templated":true}]}}