{"id":8429,"date":"2011-09-05T17:03:59","date_gmt":"2011-09-05T22:03:59","guid":{"rendered":"https:\/\/www.ucaldas.edu.co\/portal\/?p=8429"},"modified":"2011-09-05T17:03:59","modified_gmt":"2011-09-05T22:03:59","slug":"profesor-de-la-u-de-caldas-dirigira-area-de-integracion-academica-de-la-red-alma-mater","status":"publish","type":"post","link":"https:\/\/www.ucaldas.edu.co\/portal\/profesor-de-la-u-de-caldas-dirigira-area-de-integracion-academica-de-la-red-alma-mater\/","title":{"rendered":"Profesor de la U. de Caldas dirigir\u00e1 \u00e1rea de Integraci\u00f3n Acad\u00e9mica de la Red Alma M\u00e1ter"},"content":{"rendered":"<p>Se trata de Gabriel Armando M\u00e9ndez Hincapi\u00e9, docente de ciencias pol\u00edticas<\/p>\n<hr \/>\n<p><b>\u00a0<\/b><\/p>\n<p align=\"right\"><b>05\/09\/2011<\/b><\/p>\n<p>&nbsp;<\/p>\n<table border=\"0\">\n<tbody>\n<tr>\n<td><img loading=\"lazy\" decoding=\"async\" style=\"border: 0px\" alt=\"Gabriel\" src=\"http:\/\/www.ucaldas.edu.co\/images\/tmp\/gabriel_armando_mendez.jpg\" width=\"240\" height=\"150\" border=\"0\" \/><\/td>\n<td><b>A partir de septiembre<\/b>\u00a0del 2011,\u00a0<b>Gabriel Armando M\u00e9ndez Hincapi\u00e9, docente<\/b>\u00a0de ciencias pol\u00edticas de la\u00a0<b>U. de Caldas<\/b>,<b>\u00a0<\/b>ser\u00e1 el\u00a0<b>responsable del \u00c1rea de Integraci\u00f3n Acad\u00e9mica de la Red Alma M\u00e1ter<\/b>\u00a0(RAM).<\/td>\n<\/tr>\n<\/tbody>\n<\/table>\n<p>&nbsp;<\/p>\n<p>M\u00e9ndez Hincapie, quien es fil\u00f3sofo de la U. Nacional de Colombia y Doctor en Ciencias Pol\u00edticas de la U. Complutense de Madrid,\u00a0<b>tendr\u00e1 bajo su cargo<\/b>\u00a0proyectos como los<b>posgrados en red<\/b>,\u00a0<b>movilidad acad\u00e9mica<\/b>, el\u00a0<b>Sello Editorial RAM<\/b>\u00a0y el\u00a0<b>Fondo Regional de Investigaciones<\/b>, entre otros.<\/p>\n<p>&nbsp;<\/p>\n<p>\u201cNecesitamos empezar el proceso de conversi\u00f3n de nuestra academia y la RAM, mir\u00e1ndolo como un escenario importante e interesante para hacerlo\u201d, coment\u00f3 M\u00e9ndez Hincapi\u00e9, quien se\u00f1al\u00f3 que el principal reto que afrontar\u00e1 es la transici\u00f3n que deben hacer las universidades a verdaderas comunidades acad\u00e9micas virtuales.<\/p>\n<p>&nbsp;<\/p>\n<p><b>Informes:\u00a0<\/b>en Oficina de Prensa. Tel\u00e9fono: 878 15 00, extensi\u00f3n 12 167.<\/p>\n<p><b>\u00a0<\/b><\/p>\n","protected":false},"excerpt":{"rendered":"<p>Se trata de Gabriel Armando M\u00e9ndez Hincapi\u00e9, docente de ciencias pol\u00edticas \u00a0 05\/09\/2011 &nbsp; A partir de septiembre\u00a0del 2011,\u00a0Gabriel Armando M\u00e9ndez Hincapi\u00e9, docente\u00a0de ciencias pol\u00edticas de la\u00a0U. de Caldas,\u00a0ser\u00e1 el\u00a0responsable del \u00c1rea de Integraci\u00f3n Acad\u00e9mica de la Red Alma M\u00e1ter\u00a0(RAM). &nbsp; M\u00e9ndez Hincapie, quien es fil\u00f3sofo de la U. Nacional de Colombia y Doctor en [&hellip;]<\/p>\n","protected":false},"author":2,"featured_media":0,"comment_status":"closed","ping_status":"closed","sticky":false,"template":"","format":"standard","meta":{"footnotes":""},"categories":[48,53],"tags":[],"class_list":["post-8429","post","type-post","status-publish","format-standard","hentry","category-actualidad","category-universidad-al-dia"],"yoast_head":"<!-- This site is optimized with the Yoast SEO plugin v27.5 - https:\/\/yoast.com\/product\/yoast-seo-wordpress\/ -->\n<title>Profesor de la U. de Caldas dirigir\u00e1 \u00e1rea de Integraci\u00f3n Acad\u00e9mica de la Red Alma M\u00e1ter .<\/title>\n<meta name=\"robots\" content=\"index, follow, max-snippet:-1, max-image-preview:large, max-video-preview:-1\" \/>\n<link rel=\"canonical\" href=\"https:\/\/www.ucaldas.edu.co\/portal\/profesor-de-la-u-de-caldas-dirigira-area-de-integracion-academica-de-la-red-alma-mater\/\" \/>\n<script type=\"application\/ld+json\" class=\"yoast-schema-graph\">{\"@context\":\"https:\\\/\\\/schema.org\",\"@graph\":[{\"@type\":\"Article\",\"@id\":\"https:\\\/\\\/www.ucaldas.edu.co\\\/portal\\\/profesor-de-la-u-de-caldas-dirigira-area-de-integracion-academica-de-la-red-alma-mater\\\/#article\",\"isPartOf\":{\"@id\":\"https:\\\/\\\/www.ucaldas.edu.co\\\/portal\\\/profesor-de-la-u-de-caldas-dirigira-area-de-integracion-academica-de-la-red-alma-mater\\\/\"},\"author\":{\"name\":\"ofiprensa\",\"@id\":\"https:\\\/\\\/www.ucaldas.edu.co\\\/portal\\\/#\\\/schema\\\/person\\\/a1b482e23449158b4bc319926c074fdf\"},\"headline\":\"Profesor de la U. de Caldas dirigir\u00e1 \u00e1rea de Integraci\u00f3n Acad\u00e9mica de la Red Alma M\u00e1ter\",\"datePublished\":\"2011-09-05T22:03:59+00:00\",\"mainEntityOfPage\":{\"@id\":\"https:\\\/\\\/www.ucaldas.edu.co\\\/portal\\\/profesor-de-la-u-de-caldas-dirigira-area-de-integracion-academica-de-la-red-alma-mater\\\/\"},\"wordCount\":182,\"publisher\":{\"@id\":\"https:\\\/\\\/www.ucaldas.edu.co\\\/portal\\\/#organization\"},\"image\":{\"@id\":\"https:\\\/\\\/www.ucaldas.edu.co\\\/portal\\\/profesor-de-la-u-de-caldas-dirigira-area-de-integracion-academica-de-la-red-alma-mater\\\/#primaryimage\"},\"thumbnailUrl\":\"http:\\\/\\\/www.ucaldas.edu.co\\\/images\\\/tmp\\\/gabriel_armando_mendez.jpg\",\"articleSection\":[\"Actualidad\",\"Universidad al D\u00eda\"],\"inLanguage\":\"es\"},{\"@type\":\"WebPage\",\"@id\":\"https:\\\/\\\/www.ucaldas.edu.co\\\/portal\\\/profesor-de-la-u-de-caldas-dirigira-area-de-integracion-academica-de-la-red-alma-mater\\\/\",\"url\":\"https:\\\/\\\/www.ucaldas.edu.co\\\/portal\\\/profesor-de-la-u-de-caldas-dirigira-area-de-integracion-academica-de-la-red-alma-mater\\\/\",\"name\":\"Profesor de la U. de Caldas dirigir\u00e1 \u00e1rea de Integraci\u00f3n Acad\u00e9mica de la Red Alma M\u00e1ter .\",\"isPartOf\":{\"@id\":\"https:\\\/\\\/www.ucaldas.edu.co\\\/portal\\\/#website\"},\"primaryImageOfPage\":{\"@id\":\"https:\\\/\\\/www.ucaldas.edu.co\\\/portal\\\/profesor-de-la-u-de-caldas-dirigira-area-de-integracion-academica-de-la-red-alma-mater\\\/#primaryimage\"},\"image\":{\"@id\":\"https:\\\/\\\/www.ucaldas.edu.co\\\/portal\\\/profesor-de-la-u-de-caldas-dirigira-area-de-integracion-academica-de-la-red-alma-mater\\\/#primaryimage\"},\"thumbnailUrl\":\"http:\\\/\\\/www.ucaldas.edu.co\\\/images\\\/tmp\\\/gabriel_armando_mendez.jpg\",\"datePublished\":\"2011-09-05T22:03:59+00:00\",\"breadcrumb\":{\"@id\":\"https:\\\/\\\/www.ucaldas.edu.co\\\/portal\\\/profesor-de-la-u-de-caldas-dirigira-area-de-integracion-academica-de-la-red-alma-mater\\\/#breadcrumb\"},\"inLanguage\":\"es\",\"potentialAction\":[{\"@type\":\"ReadAction\",\"target\":[\"https:\\\/\\\/www.ucaldas.edu.co\\\/portal\\\/profesor-de-la-u-de-caldas-dirigira-area-de-integracion-academica-de-la-red-alma-mater\\\/\"]}]},{\"@type\":\"ImageObject\",\"inLanguage\":\"es\",\"@id\":\"https:\\\/\\\/www.ucaldas.edu.co\\\/portal\\\/profesor-de-la-u-de-caldas-dirigira-area-de-integracion-academica-de-la-red-alma-mater\\\/#primaryimage\",\"url\":\"http:\\\/\\\/www.ucaldas.edu.co\\\/images\\\/tmp\\\/gabriel_armando_mendez.jpg\",\"contentUrl\":\"http:\\\/\\\/www.ucaldas.edu.co\\\/images\\\/tmp\\\/gabriel_armando_mendez.jpg\"},{\"@type\":\"BreadcrumbList\",\"@id\":\"https:\\\/\\\/www.ucaldas.edu.co\\\/portal\\\/profesor-de-la-u-de-caldas-dirigira-area-de-integracion-academica-de-la-red-alma-mater\\\/#breadcrumb\",\"itemListElement\":[{\"@type\":\"ListItem\",\"position\":1,\"name\":\"Portada\",\"item\":\"https:\\\/\\\/www.ucaldas.edu.co\\\/portal\\\/\"},{\"@type\":\"ListItem\",\"position\":2,\"name\":\"Profesor de la U. de Caldas dirigir\u00e1 \u00e1rea de Integraci\u00f3n Acad\u00e9mica de la Red Alma M\u00e1ter\"}]},{\"@type\":\"WebSite\",\"@id\":\"https:\\\/\\\/www.ucaldas.edu.co\\\/portal\\\/#website\",\"url\":\"https:\\\/\\\/www.ucaldas.edu.co\\\/portal\\\/\",\"name\":\"Universidad de Caldas\",\"description\":\"\",\"publisher\":{\"@id\":\"https:\\\/\\\/www.ucaldas.edu.co\\\/portal\\\/#organization\"},\"alternateName\":\"U. de Caldas\",\"potentialAction\":[{\"@type\":\"SearchAction\",\"target\":{\"@type\":\"EntryPoint\",\"urlTemplate\":\"https:\\\/\\\/www.ucaldas.edu.co\\\/portal\\\/?s={search_term_string}\"},\"query-input\":{\"@type\":\"PropertyValueSpecification\",\"valueRequired\":true,\"valueName\":\"search_term_string\"}}],\"inLanguage\":\"es\"},{\"@type\":\"Organization\",\"@id\":\"https:\\\/\\\/www.ucaldas.edu.co\\\/portal\\\/#organization\",\"name\":\"Universidad de Caldas\",\"alternateName\":\"U. de Caldas\",\"url\":\"https:\\\/\\\/www.ucaldas.edu.co\\\/portal\\\/\",\"logo\":{\"@type\":\"ImageObject\",\"inLanguage\":\"es\",\"@id\":\"https:\\\/\\\/www.ucaldas.edu.co\\\/portal\\\/#\\\/schema\\\/logo\\\/image\\\/\",\"url\":\"https:\\\/\\\/www.ucaldas.edu.co\\\/portal\\\/wp-content\\\/uploads\\\/2023\\\/11\\\/Logo_horizontal_oscuroU-2023.png\",\"contentUrl\":\"https:\\\/\\\/www.ucaldas.edu.co\\\/portal\\\/wp-content\\\/uploads\\\/2023\\\/11\\\/Logo_horizontal_oscuroU-2023.png\",\"width\":263,\"height\":101,\"caption\":\"Universidad de Caldas\"},\"image\":{\"@id\":\"https:\\\/\\\/www.ucaldas.edu.co\\\/portal\\\/#\\\/schema\\\/logo\\\/image\\\/\"},\"sameAs\":[\"https:\\\/\\\/www.facebook.com\\\/udecaldas\",\"https:\\\/\\\/x.com\\\/udecaldas\",\"https:\\\/\\\/www.youtube.com\\\/universidadcaldas\",\"https:\\\/\\\/www.instagram.com\\\/udecaldas\\\/\"]},{\"@type\":\"Person\",\"@id\":\"https:\\\/\\\/www.ucaldas.edu.co\\\/portal\\\/#\\\/schema\\\/person\\\/a1b482e23449158b4bc319926c074fdf\",\"name\":\"ofiprensa\",\"image\":{\"@type\":\"ImageObject\",\"inLanguage\":\"es\",\"@id\":\"https:\\\/\\\/www.ucaldas.edu.co\\\/portal\\\/wp-content\\\/litespeed\\\/avatar\\\/09ea5085e600095a7a811142c6944527.jpg?ver=1777497608\",\"url\":\"https:\\\/\\\/www.ucaldas.edu.co\\\/portal\\\/wp-content\\\/litespeed\\\/avatar\\\/09ea5085e600095a7a811142c6944527.jpg?ver=1777497608\",\"contentUrl\":\"https:\\\/\\\/www.ucaldas.edu.co\\\/portal\\\/wp-content\\\/litespeed\\\/avatar\\\/09ea5085e600095a7a811142c6944527.jpg?ver=1777497608\",\"caption\":\"ofiprensa\"},\"url\":\"https:\\\/\\\/www.ucaldas.edu.co\\\/portal\\\/author\\\/ofiprensa\\\/\"}]}<\/script>\n<!-- \/ Yoast SEO plugin. -->","yoast_head_json":{"title":"Profesor de la U. de Caldas dirigir\u00e1 \u00e1rea de Integraci\u00f3n Acad\u00e9mica de la Red Alma M\u00e1ter .","robots":{"index":"index","follow":"follow","max-snippet":"max-snippet:-1","max-image-preview":"max-image-preview:large","max-video-preview":"max-video-preview:-1"},"canonical":"https:\/\/www.ucaldas.edu.co\/portal\/profesor-de-la-u-de-caldas-dirigira-area-de-integracion-academica-de-la-red-alma-mater\/","schema":{"@context":"https:\/\/schema.org","@graph":[{"@type":"Article","@id":"https:\/\/www.ucaldas.edu.co\/portal\/profesor-de-la-u-de-caldas-dirigira-area-de-integracion-academica-de-la-red-alma-mater\/#article","isPartOf":{"@id":"https:\/\/www.ucaldas.edu.co\/portal\/profesor-de-la-u-de-caldas-dirigira-area-de-integracion-academica-de-la-red-alma-mater\/"},"author":{"name":"ofiprensa","@id":"https:\/\/www.ucaldas.edu.co\/portal\/#\/schema\/person\/a1b482e23449158b4bc319926c074fdf"},"headline":"Profesor de la U. de Caldas dirigir\u00e1 \u00e1rea de Integraci\u00f3n Acad\u00e9mica de la Red Alma M\u00e1ter","datePublished":"2011-09-05T22:03:59+00:00","mainEntityOfPage":{"@id":"https:\/\/www.ucaldas.edu.co\/portal\/profesor-de-la-u-de-caldas-dirigira-area-de-integracion-academica-de-la-red-alma-mater\/"},"wordCount":182,"publisher":{"@id":"https:\/\/www.ucaldas.edu.co\/portal\/#organization"},"image":{"@id":"https:\/\/www.ucaldas.edu.co\/portal\/profesor-de-la-u-de-caldas-dirigira-area-de-integracion-academica-de-la-red-alma-mater\/#primaryimage"},"thumbnailUrl":"http:\/\/www.ucaldas.edu.co\/images\/tmp\/gabriel_armando_mendez.jpg","articleSection":["Actualidad","Universidad al D\u00eda"],"inLanguage":"es"},{"@type":"WebPage","@id":"https:\/\/www.ucaldas.edu.co\/portal\/profesor-de-la-u-de-caldas-dirigira-area-de-integracion-academica-de-la-red-alma-mater\/","url":"https:\/\/www.ucaldas.edu.co\/portal\/profesor-de-la-u-de-caldas-dirigira-area-de-integracion-academica-de-la-red-alma-mater\/","name":"Profesor de la U. de Caldas dirigir\u00e1 \u00e1rea de Integraci\u00f3n Acad\u00e9mica de la Red Alma M\u00e1ter .","isPartOf":{"@id":"https:\/\/www.ucaldas.edu.co\/portal\/#website"},"primaryImageOfPage":{"@id":"https:\/\/www.ucaldas.edu.co\/portal\/profesor-de-la-u-de-caldas-dirigira-area-de-integracion-academica-de-la-red-alma-mater\/#primaryimage"},"image":{"@id":"https:\/\/www.ucaldas.edu.co\/portal\/profesor-de-la-u-de-caldas-dirigira-area-de-integracion-academica-de-la-red-alma-mater\/#primaryimage"},"thumbnailUrl":"http:\/\/www.ucaldas.edu.co\/images\/tmp\/gabriel_armando_mendez.jpg","datePublished":"2011-09-05T22:03:59+00:00","breadcrumb":{"@id":"https:\/\/www.ucaldas.edu.co\/portal\/profesor-de-la-u-de-caldas-dirigira-area-de-integracion-academica-de-la-red-alma-mater\/#breadcrumb"},"inLanguage":"es","potentialAction":[{"@type":"ReadAction","target":["https:\/\/www.ucaldas.edu.co\/portal\/profesor-de-la-u-de-caldas-dirigira-area-de-integracion-academica-de-la-red-alma-mater\/"]}]},{"@type":"ImageObject","inLanguage":"es","@id":"https:\/\/www.ucaldas.edu.co\/portal\/profesor-de-la-u-de-caldas-dirigira-area-de-integracion-academica-de-la-red-alma-mater\/#primaryimage","url":"http:\/\/www.ucaldas.edu.co\/images\/tmp\/gabriel_armando_mendez.jpg","contentUrl":"http:\/\/www.ucaldas.edu.co\/images\/tmp\/gabriel_armando_mendez.jpg"},{"@type":"BreadcrumbList","@id":"https:\/\/www.ucaldas.edu.co\/portal\/profesor-de-la-u-de-caldas-dirigira-area-de-integracion-academica-de-la-red-alma-mater\/#breadcrumb","itemListElement":[{"@type":"ListItem","position":1,"name":"Portada","item":"https:\/\/www.ucaldas.edu.co\/portal\/"},{"@type":"ListItem","position":2,"name":"Profesor de la U. de Caldas dirigir\u00e1 \u00e1rea de Integraci\u00f3n Acad\u00e9mica de la Red Alma M\u00e1ter"}]},{"@type":"WebSite","@id":"https:\/\/www.ucaldas.edu.co\/portal\/#website","url":"https:\/\/www.ucaldas.edu.co\/portal\/","name":"Universidad de Caldas","description":"","publisher":{"@id":"https:\/\/www.ucaldas.edu.co\/portal\/#organization"},"alternateName":"U. de Caldas","potentialAction":[{"@type":"SearchAction","target":{"@type":"EntryPoint","urlTemplate":"https:\/\/www.ucaldas.edu.co\/portal\/?s={search_term_string}"},"query-input":{"@type":"PropertyValueSpecification","valueRequired":true,"valueName":"search_term_string"}}],"inLanguage":"es"},{"@type":"Organization","@id":"https:\/\/www.ucaldas.edu.co\/portal\/#organization","name":"Universidad de Caldas","alternateName":"U. de Caldas","url":"https:\/\/www.ucaldas.edu.co\/portal\/","logo":{"@type":"ImageObject","inLanguage":"es","@id":"https:\/\/www.ucaldas.edu.co\/portal\/#\/schema\/logo\/image\/","url":"https:\/\/www.ucaldas.edu.co\/portal\/wp-content\/uploads\/2023\/11\/Logo_horizontal_oscuroU-2023.png","contentUrl":"https:\/\/www.ucaldas.edu.co\/portal\/wp-content\/uploads\/2023\/11\/Logo_horizontal_oscuroU-2023.png","width":263,"height":101,"caption":"Universidad de Caldas"},"image":{"@id":"https:\/\/www.ucaldas.edu.co\/portal\/#\/schema\/logo\/image\/"},"sameAs":["https:\/\/www.facebook.com\/udecaldas","https:\/\/x.com\/udecaldas","https:\/\/www.youtube.com\/universidadcaldas","https:\/\/www.instagram.com\/udecaldas\/"]},{"@type":"Person","@id":"https:\/\/www.ucaldas.edu.co\/portal\/#\/schema\/person\/a1b482e23449158b4bc319926c074fdf","name":"ofiprensa","image":{"@type":"ImageObject","inLanguage":"es","@id":"https:\/\/www.ucaldas.edu.co\/portal\/wp-content\/litespeed\/avatar\/09ea5085e600095a7a811142c6944527.jpg?ver=1777497608","url":"https:\/\/www.ucaldas.edu.co\/portal\/wp-content\/litespeed\/avatar\/09ea5085e600095a7a811142c6944527.jpg?ver=1777497608","contentUrl":"https:\/\/www.ucaldas.edu.co\/portal\/wp-content\/litespeed\/avatar\/09ea5085e600095a7a811142c6944527.jpg?ver=1777497608","caption":"ofiprensa"},"url":"https:\/\/www.ucaldas.edu.co\/portal\/author\/ofiprensa\/"}]}},"_links":{"self":[{"href":"https:\/\/www.ucaldas.edu.co\/portal\/wp-json\/wp\/v2\/posts\/8429","targetHints":{"allow":["GET"]}}],"collection":[{"href":"https:\/\/www.ucaldas.edu.co\/portal\/wp-json\/wp\/v2\/posts"}],"about":[{"href":"https:\/\/www.ucaldas.edu.co\/portal\/wp-json\/wp\/v2\/types\/post"}],"author":[{"embeddable":true,"href":"https:\/\/www.ucaldas.edu.co\/portal\/wp-json\/wp\/v2\/users\/2"}],"replies":[{"embeddable":true,"href":"https:\/\/www.ucaldas.edu.co\/portal\/wp-json\/wp\/v2\/comments?post=8429"}],"version-history":[{"count":0,"href":"https:\/\/www.ucaldas.edu.co\/portal\/wp-json\/wp\/v2\/posts\/8429\/revisions"}],"wp:attachment":[{"href":"https:\/\/www.ucaldas.edu.co\/portal\/wp-json\/wp\/v2\/media?parent=8429"}],"wp:term":[{"taxonomy":"category","embeddable":true,"href":"https:\/\/www.ucaldas.edu.co\/portal\/wp-json\/wp\/v2\/categories?post=8429"},{"taxonomy":"post_tag","embeddable":true,"href":"https:\/\/www.ucaldas.edu.co\/portal\/wp-json\/wp\/v2\/tags?post=8429"}],"curies":[{"name":"wp","href":"https:\/\/api.w.org\/{rel}","templated":true}]}}