{"id":8425,"date":"2011-09-05T16:59:08","date_gmt":"2011-09-05T21:59:08","guid":{"rendered":"https:\/\/www.ucaldas.edu.co\/portal\/?p=8425"},"modified":"2011-09-05T16:59:08","modified_gmt":"2011-09-05T21:59:08","slug":"manizales-conocera-el-secreto-de-vanessa","status":"publish","type":"post","link":"https:\/\/www.ucaldas.edu.co\/portal\/manizales-conocera-el-secreto-de-vanessa\/","title":{"rendered":"Manizales conocer\u00e1 El secreto de Vanessa"},"content":{"rendered":"<p>Performance de la U. de Caldas estar\u00e1 en el festival internacional de teatro<\/p>\n<hr \/>\n<p>&nbsp;<\/p>\n<p align=\"right\"><b>05\/09\/2011<\/b><\/p>\n<p>&nbsp;<\/p>\n<table border=\"0\">\n<tbody>\n<tr>\n<td><img loading=\"lazy\" decoding=\"async\" style=\"border: 0px\" alt=\"Secreto vannesa\" src=\"http:\/\/www.ucaldas.edu.co\/images\/tmp\/secreto_vannesa.jpg\" width=\"240\" height=\"150\" border=\"0\" \/><\/td>\n<td>Despu\u00e9s del \u00e9xito del<b>\u00a0performance\u00a0<\/b><b><i>El secreto de Vanessa<\/i><\/b><i>\u00a0<\/i>en el XV\u00a0F\u00eates Internationales du Th\u00e9\u00e2tre (Festival Internacional de Teatro, en Franc\u00e9s)<i>,<\/i>\u00a0que se realiz\u00f3 en abril de este a\u00f1o en Canad\u00e1, este montaje\u00a0<b>se presentar\u00e1<\/b>\u00a0en la versi\u00f3n 33 del\u00a0<b>Festival Internacional de Teatro de Manizales<\/b>.<\/td>\n<\/tr>\n<\/tbody>\n<\/table>\n<p>&nbsp;<\/p>\n<p>Ser\u00e1 el martes 13 de septiembre a las 3:00 p.m. y a las 6:00 p.m. Tambi\u00e9n, el mi\u00e9rcoles 14\u00a0 de septiembre a las 4:00 p.m. y a las 7:00 p.m. S\u00f3lo podr\u00e1n ingresar 15 personas por presentaci\u00f3n y los interesados en participar deben inscribirse al correo electr\u00f3nico:<\/p>\n<p><a href=\"mailto:elsecretodevanessa@gmail.com\" target=\"_blank\">elsecretodevanessa@gmail.com<\/a><\/p>\n<p>&nbsp;<\/p>\n<p>La obra corresponde a los resultados de la investigaci\u00f3n \u2013creaci\u00f3n\u00a0<b>Inter\u2013Face<\/b>, que dirige<\/p>\n<p>Daniel Enrique Ariza G\u00f3mez, docente del Departamento de Artes Esc\u00e9nicas de la U. de Caldas. Es un trabajo de la Instituci\u00f3n, en asocio con la compa\u00f1\u00eda teatral europea Fiksie<i>\u00a0<\/i>y las universidades de Bolonia (Italia) y\u00a0Tecnol\u00f3gica de Pereira (UTP).<\/p>\n<p>&nbsp;<\/p>\n<p>La propuesta permite que el espectador tenga contacto interactivo con los personajes a trav\u00e9s de interfaces virtuales, logrando poner la ficci\u00f3n y la realidad en un l\u00edmite permanente.<\/p>\n<p>&nbsp;<\/p>\n<p>Consulte otra nota sobre esta obra\u00a0<b><a href=\"http:\/\/desarrollo.ucaldas.edu.co\/archivo\/index.php?option=com_content&amp;view=article&amp;catid=419%3Auniversidad-al-dia&amp;id=5283%3Au-de-caldas-presente-en-xv-festival-internacional-de-teatro-en-canada&amp;Itemid=1039\" target=\"_blank\">aqu\u00ed<\/a><\/b><\/p>\n<p>&nbsp;<\/p>\n<p><b>Informes:\u00a0<\/b>con Daniel Enrique Ariza G\u00f3mez, docente del Departamento de Artes Esc\u00e9nicas de la U. de Caldas. Tel\u00e9fono: 880 21 70, extensi\u00f3n 41 105, o en el celular 310 508 2671. Tambi\u00e9n, en el correo electr\u00f3nico\u00a0<a href=\"mailto:daniel.ariza@ucaldas.edu.co\" target=\"_blank\">daniel.ariza@ucaldas.edu.co<\/a><\/p>\n<p>&nbsp;<\/p>\n<p>&nbsp;<\/p>\n","protected":false},"excerpt":{"rendered":"<p>Performance de la U. de Caldas estar\u00e1 en el festival internacional de teatro &nbsp; 05\/09\/2011 &nbsp; Despu\u00e9s del \u00e9xito del\u00a0performance\u00a0El secreto de Vanessa\u00a0en el XV\u00a0F\u00eates Internationales du Th\u00e9\u00e2tre (Festival Internacional de Teatro, en Franc\u00e9s),\u00a0que se realiz\u00f3 en abril de este a\u00f1o en Canad\u00e1, este montaje\u00a0se presentar\u00e1\u00a0en la versi\u00f3n 33 del\u00a0Festival Internacional de Teatro de Manizales. [&hellip;]<\/p>\n","protected":false},"author":2,"featured_media":0,"comment_status":"closed","ping_status":"closed","sticky":false,"template":"","format":"standard","meta":{"footnotes":""},"categories":[48,53],"tags":[],"class_list":["post-8425","post","type-post","status-publish","format-standard","hentry","category-actualidad","category-universidad-al-dia"],"yoast_head":"<!-- This site is optimized with the Yoast SEO plugin v27.5 - https:\/\/yoast.com\/product\/yoast-seo-wordpress\/ -->\n<title>Manizales conocer\u00e1 El secreto de Vanessa .<\/title>\n<meta name=\"robots\" content=\"index, follow, max-snippet:-1, max-image-preview:large, max-video-preview:-1\" \/>\n<link rel=\"canonical\" href=\"https:\/\/www.ucaldas.edu.co\/portal\/manizales-conocera-el-secreto-de-vanessa\/\" \/>\n<script type=\"application\/ld+json\" class=\"yoast-schema-graph\">{\"@context\":\"https:\\\/\\\/schema.org\",\"@graph\":[{\"@type\":\"Article\",\"@id\":\"https:\\\/\\\/www.ucaldas.edu.co\\\/portal\\\/manizales-conocera-el-secreto-de-vanessa\\\/#article\",\"isPartOf\":{\"@id\":\"https:\\\/\\\/www.ucaldas.edu.co\\\/portal\\\/manizales-conocera-el-secreto-de-vanessa\\\/\"},\"author\":{\"name\":\"ofiprensa\",\"@id\":\"https:\\\/\\\/www.ucaldas.edu.co\\\/portal\\\/#\\\/schema\\\/person\\\/a1b482e23449158b4bc319926c074fdf\"},\"headline\":\"Manizales conocer\u00e1 El secreto de Vanessa\",\"datePublished\":\"2011-09-05T21:59:08+00:00\",\"mainEntityOfPage\":{\"@id\":\"https:\\\/\\\/www.ucaldas.edu.co\\\/portal\\\/manizales-conocera-el-secreto-de-vanessa\\\/\"},\"wordCount\":271,\"publisher\":{\"@id\":\"https:\\\/\\\/www.ucaldas.edu.co\\\/portal\\\/#organization\"},\"image\":{\"@id\":\"https:\\\/\\\/www.ucaldas.edu.co\\\/portal\\\/manizales-conocera-el-secreto-de-vanessa\\\/#primaryimage\"},\"thumbnailUrl\":\"http:\\\/\\\/www.ucaldas.edu.co\\\/images\\\/tmp\\\/secreto_vannesa.jpg\",\"articleSection\":[\"Actualidad\",\"Universidad al D\u00eda\"],\"inLanguage\":\"es\"},{\"@type\":\"WebPage\",\"@id\":\"https:\\\/\\\/www.ucaldas.edu.co\\\/portal\\\/manizales-conocera-el-secreto-de-vanessa\\\/\",\"url\":\"https:\\\/\\\/www.ucaldas.edu.co\\\/portal\\\/manizales-conocera-el-secreto-de-vanessa\\\/\",\"name\":\"Manizales conocer\u00e1 El secreto de Vanessa .\",\"isPartOf\":{\"@id\":\"https:\\\/\\\/www.ucaldas.edu.co\\\/portal\\\/#website\"},\"primaryImageOfPage\":{\"@id\":\"https:\\\/\\\/www.ucaldas.edu.co\\\/portal\\\/manizales-conocera-el-secreto-de-vanessa\\\/#primaryimage\"},\"image\":{\"@id\":\"https:\\\/\\\/www.ucaldas.edu.co\\\/portal\\\/manizales-conocera-el-secreto-de-vanessa\\\/#primaryimage\"},\"thumbnailUrl\":\"http:\\\/\\\/www.ucaldas.edu.co\\\/images\\\/tmp\\\/secreto_vannesa.jpg\",\"datePublished\":\"2011-09-05T21:59:08+00:00\",\"breadcrumb\":{\"@id\":\"https:\\\/\\\/www.ucaldas.edu.co\\\/portal\\\/manizales-conocera-el-secreto-de-vanessa\\\/#breadcrumb\"},\"inLanguage\":\"es\",\"potentialAction\":[{\"@type\":\"ReadAction\",\"target\":[\"https:\\\/\\\/www.ucaldas.edu.co\\\/portal\\\/manizales-conocera-el-secreto-de-vanessa\\\/\"]}]},{\"@type\":\"ImageObject\",\"inLanguage\":\"es\",\"@id\":\"https:\\\/\\\/www.ucaldas.edu.co\\\/portal\\\/manizales-conocera-el-secreto-de-vanessa\\\/#primaryimage\",\"url\":\"http:\\\/\\\/www.ucaldas.edu.co\\\/images\\\/tmp\\\/secreto_vannesa.jpg\",\"contentUrl\":\"http:\\\/\\\/www.ucaldas.edu.co\\\/images\\\/tmp\\\/secreto_vannesa.jpg\"},{\"@type\":\"BreadcrumbList\",\"@id\":\"https:\\\/\\\/www.ucaldas.edu.co\\\/portal\\\/manizales-conocera-el-secreto-de-vanessa\\\/#breadcrumb\",\"itemListElement\":[{\"@type\":\"ListItem\",\"position\":1,\"name\":\"Portada\",\"item\":\"https:\\\/\\\/www.ucaldas.edu.co\\\/portal\\\/\"},{\"@type\":\"ListItem\",\"position\":2,\"name\":\"Manizales conocer\u00e1 El secreto de Vanessa\"}]},{\"@type\":\"WebSite\",\"@id\":\"https:\\\/\\\/www.ucaldas.edu.co\\\/portal\\\/#website\",\"url\":\"https:\\\/\\\/www.ucaldas.edu.co\\\/portal\\\/\",\"name\":\"Universidad de Caldas\",\"description\":\"\",\"publisher\":{\"@id\":\"https:\\\/\\\/www.ucaldas.edu.co\\\/portal\\\/#organization\"},\"alternateName\":\"U. de Caldas\",\"potentialAction\":[{\"@type\":\"SearchAction\",\"target\":{\"@type\":\"EntryPoint\",\"urlTemplate\":\"https:\\\/\\\/www.ucaldas.edu.co\\\/portal\\\/?s={search_term_string}\"},\"query-input\":{\"@type\":\"PropertyValueSpecification\",\"valueRequired\":true,\"valueName\":\"search_term_string\"}}],\"inLanguage\":\"es\"},{\"@type\":\"Organization\",\"@id\":\"https:\\\/\\\/www.ucaldas.edu.co\\\/portal\\\/#organization\",\"name\":\"Universidad de Caldas\",\"alternateName\":\"U. de Caldas\",\"url\":\"https:\\\/\\\/www.ucaldas.edu.co\\\/portal\\\/\",\"logo\":{\"@type\":\"ImageObject\",\"inLanguage\":\"es\",\"@id\":\"https:\\\/\\\/www.ucaldas.edu.co\\\/portal\\\/#\\\/schema\\\/logo\\\/image\\\/\",\"url\":\"https:\\\/\\\/www.ucaldas.edu.co\\\/portal\\\/wp-content\\\/uploads\\\/2023\\\/11\\\/Logo_horizontal_oscuroU-2023.png\",\"contentUrl\":\"https:\\\/\\\/www.ucaldas.edu.co\\\/portal\\\/wp-content\\\/uploads\\\/2023\\\/11\\\/Logo_horizontal_oscuroU-2023.png\",\"width\":263,\"height\":101,\"caption\":\"Universidad de Caldas\"},\"image\":{\"@id\":\"https:\\\/\\\/www.ucaldas.edu.co\\\/portal\\\/#\\\/schema\\\/logo\\\/image\\\/\"},\"sameAs\":[\"https:\\\/\\\/www.facebook.com\\\/udecaldas\",\"https:\\\/\\\/x.com\\\/udecaldas\",\"https:\\\/\\\/www.youtube.com\\\/universidadcaldas\",\"https:\\\/\\\/www.instagram.com\\\/udecaldas\\\/\"]},{\"@type\":\"Person\",\"@id\":\"https:\\\/\\\/www.ucaldas.edu.co\\\/portal\\\/#\\\/schema\\\/person\\\/a1b482e23449158b4bc319926c074fdf\",\"name\":\"ofiprensa\",\"image\":{\"@type\":\"ImageObject\",\"inLanguage\":\"es\",\"@id\":\"https:\\\/\\\/www.ucaldas.edu.co\\\/portal\\\/wp-content\\\/litespeed\\\/avatar\\\/09ea5085e600095a7a811142c6944527.jpg?ver=1777497608\",\"url\":\"https:\\\/\\\/www.ucaldas.edu.co\\\/portal\\\/wp-content\\\/litespeed\\\/avatar\\\/09ea5085e600095a7a811142c6944527.jpg?ver=1777497608\",\"contentUrl\":\"https:\\\/\\\/www.ucaldas.edu.co\\\/portal\\\/wp-content\\\/litespeed\\\/avatar\\\/09ea5085e600095a7a811142c6944527.jpg?ver=1777497608\",\"caption\":\"ofiprensa\"},\"url\":\"https:\\\/\\\/www.ucaldas.edu.co\\\/portal\\\/author\\\/ofiprensa\\\/\"}]}<\/script>\n<!-- \/ Yoast SEO plugin. -->","yoast_head_json":{"title":"Manizales conocer\u00e1 El secreto de Vanessa .","robots":{"index":"index","follow":"follow","max-snippet":"max-snippet:-1","max-image-preview":"max-image-preview:large","max-video-preview":"max-video-preview:-1"},"canonical":"https:\/\/www.ucaldas.edu.co\/portal\/manizales-conocera-el-secreto-de-vanessa\/","schema":{"@context":"https:\/\/schema.org","@graph":[{"@type":"Article","@id":"https:\/\/www.ucaldas.edu.co\/portal\/manizales-conocera-el-secreto-de-vanessa\/#article","isPartOf":{"@id":"https:\/\/www.ucaldas.edu.co\/portal\/manizales-conocera-el-secreto-de-vanessa\/"},"author":{"name":"ofiprensa","@id":"https:\/\/www.ucaldas.edu.co\/portal\/#\/schema\/person\/a1b482e23449158b4bc319926c074fdf"},"headline":"Manizales conocer\u00e1 El secreto de Vanessa","datePublished":"2011-09-05T21:59:08+00:00","mainEntityOfPage":{"@id":"https:\/\/www.ucaldas.edu.co\/portal\/manizales-conocera-el-secreto-de-vanessa\/"},"wordCount":271,"publisher":{"@id":"https:\/\/www.ucaldas.edu.co\/portal\/#organization"},"image":{"@id":"https:\/\/www.ucaldas.edu.co\/portal\/manizales-conocera-el-secreto-de-vanessa\/#primaryimage"},"thumbnailUrl":"http:\/\/www.ucaldas.edu.co\/images\/tmp\/secreto_vannesa.jpg","articleSection":["Actualidad","Universidad al D\u00eda"],"inLanguage":"es"},{"@type":"WebPage","@id":"https:\/\/www.ucaldas.edu.co\/portal\/manizales-conocera-el-secreto-de-vanessa\/","url":"https:\/\/www.ucaldas.edu.co\/portal\/manizales-conocera-el-secreto-de-vanessa\/","name":"Manizales conocer\u00e1 El secreto de Vanessa .","isPartOf":{"@id":"https:\/\/www.ucaldas.edu.co\/portal\/#website"},"primaryImageOfPage":{"@id":"https:\/\/www.ucaldas.edu.co\/portal\/manizales-conocera-el-secreto-de-vanessa\/#primaryimage"},"image":{"@id":"https:\/\/www.ucaldas.edu.co\/portal\/manizales-conocera-el-secreto-de-vanessa\/#primaryimage"},"thumbnailUrl":"http:\/\/www.ucaldas.edu.co\/images\/tmp\/secreto_vannesa.jpg","datePublished":"2011-09-05T21:59:08+00:00","breadcrumb":{"@id":"https:\/\/www.ucaldas.edu.co\/portal\/manizales-conocera-el-secreto-de-vanessa\/#breadcrumb"},"inLanguage":"es","potentialAction":[{"@type":"ReadAction","target":["https:\/\/www.ucaldas.edu.co\/portal\/manizales-conocera-el-secreto-de-vanessa\/"]}]},{"@type":"ImageObject","inLanguage":"es","@id":"https:\/\/www.ucaldas.edu.co\/portal\/manizales-conocera-el-secreto-de-vanessa\/#primaryimage","url":"http:\/\/www.ucaldas.edu.co\/images\/tmp\/secreto_vannesa.jpg","contentUrl":"http:\/\/www.ucaldas.edu.co\/images\/tmp\/secreto_vannesa.jpg"},{"@type":"BreadcrumbList","@id":"https:\/\/www.ucaldas.edu.co\/portal\/manizales-conocera-el-secreto-de-vanessa\/#breadcrumb","itemListElement":[{"@type":"ListItem","position":1,"name":"Portada","item":"https:\/\/www.ucaldas.edu.co\/portal\/"},{"@type":"ListItem","position":2,"name":"Manizales conocer\u00e1 El secreto de Vanessa"}]},{"@type":"WebSite","@id":"https:\/\/www.ucaldas.edu.co\/portal\/#website","url":"https:\/\/www.ucaldas.edu.co\/portal\/","name":"Universidad de Caldas","description":"","publisher":{"@id":"https:\/\/www.ucaldas.edu.co\/portal\/#organization"},"alternateName":"U. de Caldas","potentialAction":[{"@type":"SearchAction","target":{"@type":"EntryPoint","urlTemplate":"https:\/\/www.ucaldas.edu.co\/portal\/?s={search_term_string}"},"query-input":{"@type":"PropertyValueSpecification","valueRequired":true,"valueName":"search_term_string"}}],"inLanguage":"es"},{"@type":"Organization","@id":"https:\/\/www.ucaldas.edu.co\/portal\/#organization","name":"Universidad de Caldas","alternateName":"U. de Caldas","url":"https:\/\/www.ucaldas.edu.co\/portal\/","logo":{"@type":"ImageObject","inLanguage":"es","@id":"https:\/\/www.ucaldas.edu.co\/portal\/#\/schema\/logo\/image\/","url":"https:\/\/www.ucaldas.edu.co\/portal\/wp-content\/uploads\/2023\/11\/Logo_horizontal_oscuroU-2023.png","contentUrl":"https:\/\/www.ucaldas.edu.co\/portal\/wp-content\/uploads\/2023\/11\/Logo_horizontal_oscuroU-2023.png","width":263,"height":101,"caption":"Universidad de Caldas"},"image":{"@id":"https:\/\/www.ucaldas.edu.co\/portal\/#\/schema\/logo\/image\/"},"sameAs":["https:\/\/www.facebook.com\/udecaldas","https:\/\/x.com\/udecaldas","https:\/\/www.youtube.com\/universidadcaldas","https:\/\/www.instagram.com\/udecaldas\/"]},{"@type":"Person","@id":"https:\/\/www.ucaldas.edu.co\/portal\/#\/schema\/person\/a1b482e23449158b4bc319926c074fdf","name":"ofiprensa","image":{"@type":"ImageObject","inLanguage":"es","@id":"https:\/\/www.ucaldas.edu.co\/portal\/wp-content\/litespeed\/avatar\/09ea5085e600095a7a811142c6944527.jpg?ver=1777497608","url":"https:\/\/www.ucaldas.edu.co\/portal\/wp-content\/litespeed\/avatar\/09ea5085e600095a7a811142c6944527.jpg?ver=1777497608","contentUrl":"https:\/\/www.ucaldas.edu.co\/portal\/wp-content\/litespeed\/avatar\/09ea5085e600095a7a811142c6944527.jpg?ver=1777497608","caption":"ofiprensa"},"url":"https:\/\/www.ucaldas.edu.co\/portal\/author\/ofiprensa\/"}]}},"_links":{"self":[{"href":"https:\/\/www.ucaldas.edu.co\/portal\/wp-json\/wp\/v2\/posts\/8425","targetHints":{"allow":["GET"]}}],"collection":[{"href":"https:\/\/www.ucaldas.edu.co\/portal\/wp-json\/wp\/v2\/posts"}],"about":[{"href":"https:\/\/www.ucaldas.edu.co\/portal\/wp-json\/wp\/v2\/types\/post"}],"author":[{"embeddable":true,"href":"https:\/\/www.ucaldas.edu.co\/portal\/wp-json\/wp\/v2\/users\/2"}],"replies":[{"embeddable":true,"href":"https:\/\/www.ucaldas.edu.co\/portal\/wp-json\/wp\/v2\/comments?post=8425"}],"version-history":[{"count":0,"href":"https:\/\/www.ucaldas.edu.co\/portal\/wp-json\/wp\/v2\/posts\/8425\/revisions"}],"wp:attachment":[{"href":"https:\/\/www.ucaldas.edu.co\/portal\/wp-json\/wp\/v2\/media?parent=8425"}],"wp:term":[{"taxonomy":"category","embeddable":true,"href":"https:\/\/www.ucaldas.edu.co\/portal\/wp-json\/wp\/v2\/categories?post=8425"},{"taxonomy":"post_tag","embeddable":true,"href":"https:\/\/www.ucaldas.edu.co\/portal\/wp-json\/wp\/v2\/tags?post=8425"}],"curies":[{"name":"wp","href":"https:\/\/api.w.org\/{rel}","templated":true}]}}