{"id":8419,"date":"2011-09-02T16:54:22","date_gmt":"2011-09-02T21:54:22","guid":{"rendered":"https:\/\/www.ucaldas.edu.co\/portal\/?p=8419"},"modified":"2011-09-02T16:54:22","modified_gmt":"2011-09-02T21:54:22","slug":"alcance-de-los-delitos-sexuales-en-colombia-se-analizo-en-la-u-de-caldas","status":"publish","type":"post","link":"https:\/\/www.ucaldas.edu.co\/portal\/alcance-de-los-delitos-sexuales-en-colombia-se-analizo-en-la-u-de-caldas\/","title":{"rendered":"Alcance de los delitos sexuales en Colombia se analiz\u00f3 en la U. de Caldas"},"content":{"rendered":"<p>En jornada sobre pol\u00edtica criminal, este viernes 2 de septiembre<\/p>\n<hr \/>\n<p align=\"right\"><b>02\/09\/2011<\/b><\/p>\n<p><b>\u00a0<\/b><\/p>\n<table border=\"0\">\n<tbody>\n<tr>\n<td><img loading=\"lazy\" decoding=\"async\" style=\"border: 0px\" alt=\"Delitos\" src=\"http:\/\/www.ucaldas.edu.co\/images\/tmp\/delitos_sexuales.jpg\" width=\"240\" height=\"150\" border=\"0\" \/><\/td>\n<td><b>Cuatro expertos<\/b>\u00a0en\u00a0<b>educaci\u00f3n sexual, filosof\u00eda, medicina y derecho<\/b>\u00a0<b>analizaron<\/b>\u00a0los\u00a0<b>delitos sexuales<\/b>\u00a0desde sus campos de trabajo, este viernes 2 de septiembre del 2011 en la Universidad de Caldas, durante la\u00a0<b>Jornada sobre Pol\u00edtica Criminal Actual en los Delitos Sexuales en Colombia<\/b>.<\/td>\n<\/tr>\n<\/tbody>\n<\/table>\n<p><b>Uno de los invitados<\/b>\u00a0a este certamen fue\u00a0<b>Jos\u00e9 Fernando Reyes Cuartas<\/b>,\u00a0<b>Magistrado de la Sala Penal del Tribunal Superior<\/b>\u00a0del Distrito Judicial de Manizales, quien reflexion\u00f3 sobre los rumbos de la pol\u00edtica criminal en Colombia, en cuanto a c\u00f3mo deber\u00edan controlarse los abusos sexuales.<\/p>\n<p>&nbsp;<\/p>\n<p>\u201cLas pol\u00edticas p\u00fablicas seguir\u00e1n siendo la mejor pol\u00edtica criminal. Las personas ya denuncian, porque se cometen muchos delitos sexuales al interior de la familia. Eso ha hecho que se visibilicen y se castiguen a los delincuentes. Hay demasiada repercusi\u00f3n medi\u00e1tica y eso hace creer que la mejor forma de controlar el crimen es poniendo penas irracionales\u201d, coment\u00f3 el invitado.<\/p>\n<p>&nbsp;<\/p>\n<p>Tambi\u00e9n participaron\u00a0<b>Andrea del Pilar Arcila Rivera<\/b>, especialista en Educaci\u00f3n Sexual, m\u00e1ster en Terapia Sexual y mag\u00edster en Filosof\u00eda;\u00a0<b>Dulcinea Osorio Montoya<\/b>, m\u00e9dica residente de Psiquiatr\u00eda; los abogados penalistas\u00a0<b>Jairo Alberto G\u00f3mez Fl\u00f3rez<\/b>\u00a0y\u00a0<b>C\u00e9sar Augusto L\u00f3pez Londo\u00f1o<\/b>, y\u00a0<b>Pablo Rolando Arango<\/b>, fil\u00f3sofo.<\/p>\n<p>&nbsp;<\/p>\n<p>El evento\u00a0<b>lo organiz\u00f3 el \u00c1rea Penal del\u00a0<\/b><b>Consultorio Jur\u00eddico Daniel Restrepo Escobar<\/b>,\u00a0Departamento de Salud Mental y Comportamiento Humano, y las facultades de Ciencias para la Salud y de Ciencias Jur\u00eddicas y Sociales de la U. de Caldas, al igual que el Tribunal Superior del Distrito Judicial de Manizales.<\/p>\n<p>&nbsp;<\/p>\n<p>Conozca el\u00a0<b><a href=\"http:\/\/www.facebook.com\/media\/set\/?set=a.207937249268148.51058.107054166023124\" target=\"_blank\">\u00e1lbum en Facebook<\/a><\/b><\/p>\n<p>&nbsp;<\/p>\n<p><b>Informes:\u00a0<\/b>en el Consultorio Jur\u00eddico Daniel Restrepo Escobar. Tel\u00e9fono: 886 27 20, extensi\u00f3n \u00a021 128.<\/p>\n<p>&nbsp;<\/p>\n","protected":false},"excerpt":{"rendered":"<p>En jornada sobre pol\u00edtica criminal, este viernes 2 de septiembre 02\/09\/2011 \u00a0 Cuatro expertos\u00a0en\u00a0educaci\u00f3n sexual, filosof\u00eda, medicina y derecho\u00a0analizaron\u00a0los\u00a0delitos sexuales\u00a0desde sus campos de trabajo, este viernes 2 de septiembre del 2011 en la Universidad de Caldas, durante la\u00a0Jornada sobre Pol\u00edtica Criminal Actual en los Delitos Sexuales en Colombia. Uno de los invitados\u00a0a este certamen fue\u00a0Jos\u00e9 [&hellip;]<\/p>\n","protected":false},"author":2,"featured_media":0,"comment_status":"closed","ping_status":"closed","sticky":false,"template":"","format":"standard","meta":{"footnotes":""},"categories":[48,53],"tags":[],"class_list":["post-8419","post","type-post","status-publish","format-standard","hentry","category-actualidad","category-universidad-al-dia"],"yoast_head":"<!-- This site is optimized with the Yoast SEO plugin v27.5 - https:\/\/yoast.com\/product\/yoast-seo-wordpress\/ -->\n<title>Alcance de los delitos sexuales en Colombia se analiz\u00f3 en la U. de Caldas .<\/title>\n<meta name=\"robots\" content=\"index, follow, max-snippet:-1, max-image-preview:large, max-video-preview:-1\" \/>\n<link rel=\"canonical\" href=\"https:\/\/www.ucaldas.edu.co\/portal\/alcance-de-los-delitos-sexuales-en-colombia-se-analizo-en-la-u-de-caldas\/\" \/>\n<script type=\"application\/ld+json\" class=\"yoast-schema-graph\">{\"@context\":\"https:\\\/\\\/schema.org\",\"@graph\":[{\"@type\":\"Article\",\"@id\":\"https:\\\/\\\/www.ucaldas.edu.co\\\/portal\\\/alcance-de-los-delitos-sexuales-en-colombia-se-analizo-en-la-u-de-caldas\\\/#article\",\"isPartOf\":{\"@id\":\"https:\\\/\\\/www.ucaldas.edu.co\\\/portal\\\/alcance-de-los-delitos-sexuales-en-colombia-se-analizo-en-la-u-de-caldas\\\/\"},\"author\":{\"name\":\"ofiprensa\",\"@id\":\"https:\\\/\\\/www.ucaldas.edu.co\\\/portal\\\/#\\\/schema\\\/person\\\/a1b482e23449158b4bc319926c074fdf\"},\"headline\":\"Alcance de los delitos sexuales en Colombia se analiz\u00f3 en la U. de Caldas\",\"datePublished\":\"2011-09-02T21:54:22+00:00\",\"mainEntityOfPage\":{\"@id\":\"https:\\\/\\\/www.ucaldas.edu.co\\\/portal\\\/alcance-de-los-delitos-sexuales-en-colombia-se-analizo-en-la-u-de-caldas\\\/\"},\"wordCount\":313,\"publisher\":{\"@id\":\"https:\\\/\\\/www.ucaldas.edu.co\\\/portal\\\/#organization\"},\"image\":{\"@id\":\"https:\\\/\\\/www.ucaldas.edu.co\\\/portal\\\/alcance-de-los-delitos-sexuales-en-colombia-se-analizo-en-la-u-de-caldas\\\/#primaryimage\"},\"thumbnailUrl\":\"http:\\\/\\\/www.ucaldas.edu.co\\\/images\\\/tmp\\\/delitos_sexuales.jpg\",\"articleSection\":[\"Actualidad\",\"Universidad al D\u00eda\"],\"inLanguage\":\"es\"},{\"@type\":\"WebPage\",\"@id\":\"https:\\\/\\\/www.ucaldas.edu.co\\\/portal\\\/alcance-de-los-delitos-sexuales-en-colombia-se-analizo-en-la-u-de-caldas\\\/\",\"url\":\"https:\\\/\\\/www.ucaldas.edu.co\\\/portal\\\/alcance-de-los-delitos-sexuales-en-colombia-se-analizo-en-la-u-de-caldas\\\/\",\"name\":\"Alcance de los delitos sexuales en Colombia se analiz\u00f3 en la U. de Caldas .\",\"isPartOf\":{\"@id\":\"https:\\\/\\\/www.ucaldas.edu.co\\\/portal\\\/#website\"},\"primaryImageOfPage\":{\"@id\":\"https:\\\/\\\/www.ucaldas.edu.co\\\/portal\\\/alcance-de-los-delitos-sexuales-en-colombia-se-analizo-en-la-u-de-caldas\\\/#primaryimage\"},\"image\":{\"@id\":\"https:\\\/\\\/www.ucaldas.edu.co\\\/portal\\\/alcance-de-los-delitos-sexuales-en-colombia-se-analizo-en-la-u-de-caldas\\\/#primaryimage\"},\"thumbnailUrl\":\"http:\\\/\\\/www.ucaldas.edu.co\\\/images\\\/tmp\\\/delitos_sexuales.jpg\",\"datePublished\":\"2011-09-02T21:54:22+00:00\",\"breadcrumb\":{\"@id\":\"https:\\\/\\\/www.ucaldas.edu.co\\\/portal\\\/alcance-de-los-delitos-sexuales-en-colombia-se-analizo-en-la-u-de-caldas\\\/#breadcrumb\"},\"inLanguage\":\"es\",\"potentialAction\":[{\"@type\":\"ReadAction\",\"target\":[\"https:\\\/\\\/www.ucaldas.edu.co\\\/portal\\\/alcance-de-los-delitos-sexuales-en-colombia-se-analizo-en-la-u-de-caldas\\\/\"]}]},{\"@type\":\"ImageObject\",\"inLanguage\":\"es\",\"@id\":\"https:\\\/\\\/www.ucaldas.edu.co\\\/portal\\\/alcance-de-los-delitos-sexuales-en-colombia-se-analizo-en-la-u-de-caldas\\\/#primaryimage\",\"url\":\"http:\\\/\\\/www.ucaldas.edu.co\\\/images\\\/tmp\\\/delitos_sexuales.jpg\",\"contentUrl\":\"http:\\\/\\\/www.ucaldas.edu.co\\\/images\\\/tmp\\\/delitos_sexuales.jpg\"},{\"@type\":\"BreadcrumbList\",\"@id\":\"https:\\\/\\\/www.ucaldas.edu.co\\\/portal\\\/alcance-de-los-delitos-sexuales-en-colombia-se-analizo-en-la-u-de-caldas\\\/#breadcrumb\",\"itemListElement\":[{\"@type\":\"ListItem\",\"position\":1,\"name\":\"Portada\",\"item\":\"https:\\\/\\\/www.ucaldas.edu.co\\\/portal\\\/\"},{\"@type\":\"ListItem\",\"position\":2,\"name\":\"Alcance de los delitos sexuales en Colombia se analiz\u00f3 en la U. de Caldas\"}]},{\"@type\":\"WebSite\",\"@id\":\"https:\\\/\\\/www.ucaldas.edu.co\\\/portal\\\/#website\",\"url\":\"https:\\\/\\\/www.ucaldas.edu.co\\\/portal\\\/\",\"name\":\"Universidad de Caldas\",\"description\":\"\",\"publisher\":{\"@id\":\"https:\\\/\\\/www.ucaldas.edu.co\\\/portal\\\/#organization\"},\"alternateName\":\"U. de Caldas\",\"potentialAction\":[{\"@type\":\"SearchAction\",\"target\":{\"@type\":\"EntryPoint\",\"urlTemplate\":\"https:\\\/\\\/www.ucaldas.edu.co\\\/portal\\\/?s={search_term_string}\"},\"query-input\":{\"@type\":\"PropertyValueSpecification\",\"valueRequired\":true,\"valueName\":\"search_term_string\"}}],\"inLanguage\":\"es\"},{\"@type\":\"Organization\",\"@id\":\"https:\\\/\\\/www.ucaldas.edu.co\\\/portal\\\/#organization\",\"name\":\"Universidad de Caldas\",\"alternateName\":\"U. de Caldas\",\"url\":\"https:\\\/\\\/www.ucaldas.edu.co\\\/portal\\\/\",\"logo\":{\"@type\":\"ImageObject\",\"inLanguage\":\"es\",\"@id\":\"https:\\\/\\\/www.ucaldas.edu.co\\\/portal\\\/#\\\/schema\\\/logo\\\/image\\\/\",\"url\":\"https:\\\/\\\/www.ucaldas.edu.co\\\/portal\\\/wp-content\\\/uploads\\\/2023\\\/11\\\/Logo_horizontal_oscuroU-2023.png\",\"contentUrl\":\"https:\\\/\\\/www.ucaldas.edu.co\\\/portal\\\/wp-content\\\/uploads\\\/2023\\\/11\\\/Logo_horizontal_oscuroU-2023.png\",\"width\":263,\"height\":101,\"caption\":\"Universidad de Caldas\"},\"image\":{\"@id\":\"https:\\\/\\\/www.ucaldas.edu.co\\\/portal\\\/#\\\/schema\\\/logo\\\/image\\\/\"},\"sameAs\":[\"https:\\\/\\\/www.facebook.com\\\/udecaldas\",\"https:\\\/\\\/x.com\\\/udecaldas\",\"https:\\\/\\\/www.youtube.com\\\/universidadcaldas\",\"https:\\\/\\\/www.instagram.com\\\/udecaldas\\\/\"]},{\"@type\":\"Person\",\"@id\":\"https:\\\/\\\/www.ucaldas.edu.co\\\/portal\\\/#\\\/schema\\\/person\\\/a1b482e23449158b4bc319926c074fdf\",\"name\":\"ofiprensa\",\"image\":{\"@type\":\"ImageObject\",\"inLanguage\":\"es\",\"@id\":\"https:\\\/\\\/www.ucaldas.edu.co\\\/portal\\\/wp-content\\\/litespeed\\\/avatar\\\/09ea5085e600095a7a811142c6944527.jpg?ver=1777497608\",\"url\":\"https:\\\/\\\/www.ucaldas.edu.co\\\/portal\\\/wp-content\\\/litespeed\\\/avatar\\\/09ea5085e600095a7a811142c6944527.jpg?ver=1777497608\",\"contentUrl\":\"https:\\\/\\\/www.ucaldas.edu.co\\\/portal\\\/wp-content\\\/litespeed\\\/avatar\\\/09ea5085e600095a7a811142c6944527.jpg?ver=1777497608\",\"caption\":\"ofiprensa\"},\"url\":\"https:\\\/\\\/www.ucaldas.edu.co\\\/portal\\\/author\\\/ofiprensa\\\/\"}]}<\/script>\n<!-- \/ Yoast SEO plugin. -->","yoast_head_json":{"title":"Alcance de los delitos sexuales en Colombia se analiz\u00f3 en la U. de Caldas .","robots":{"index":"index","follow":"follow","max-snippet":"max-snippet:-1","max-image-preview":"max-image-preview:large","max-video-preview":"max-video-preview:-1"},"canonical":"https:\/\/www.ucaldas.edu.co\/portal\/alcance-de-los-delitos-sexuales-en-colombia-se-analizo-en-la-u-de-caldas\/","schema":{"@context":"https:\/\/schema.org","@graph":[{"@type":"Article","@id":"https:\/\/www.ucaldas.edu.co\/portal\/alcance-de-los-delitos-sexuales-en-colombia-se-analizo-en-la-u-de-caldas\/#article","isPartOf":{"@id":"https:\/\/www.ucaldas.edu.co\/portal\/alcance-de-los-delitos-sexuales-en-colombia-se-analizo-en-la-u-de-caldas\/"},"author":{"name":"ofiprensa","@id":"https:\/\/www.ucaldas.edu.co\/portal\/#\/schema\/person\/a1b482e23449158b4bc319926c074fdf"},"headline":"Alcance de los delitos sexuales en Colombia se analiz\u00f3 en la U. de Caldas","datePublished":"2011-09-02T21:54:22+00:00","mainEntityOfPage":{"@id":"https:\/\/www.ucaldas.edu.co\/portal\/alcance-de-los-delitos-sexuales-en-colombia-se-analizo-en-la-u-de-caldas\/"},"wordCount":313,"publisher":{"@id":"https:\/\/www.ucaldas.edu.co\/portal\/#organization"},"image":{"@id":"https:\/\/www.ucaldas.edu.co\/portal\/alcance-de-los-delitos-sexuales-en-colombia-se-analizo-en-la-u-de-caldas\/#primaryimage"},"thumbnailUrl":"http:\/\/www.ucaldas.edu.co\/images\/tmp\/delitos_sexuales.jpg","articleSection":["Actualidad","Universidad al D\u00eda"],"inLanguage":"es"},{"@type":"WebPage","@id":"https:\/\/www.ucaldas.edu.co\/portal\/alcance-de-los-delitos-sexuales-en-colombia-se-analizo-en-la-u-de-caldas\/","url":"https:\/\/www.ucaldas.edu.co\/portal\/alcance-de-los-delitos-sexuales-en-colombia-se-analizo-en-la-u-de-caldas\/","name":"Alcance de los delitos sexuales en Colombia se analiz\u00f3 en la U. de Caldas .","isPartOf":{"@id":"https:\/\/www.ucaldas.edu.co\/portal\/#website"},"primaryImageOfPage":{"@id":"https:\/\/www.ucaldas.edu.co\/portal\/alcance-de-los-delitos-sexuales-en-colombia-se-analizo-en-la-u-de-caldas\/#primaryimage"},"image":{"@id":"https:\/\/www.ucaldas.edu.co\/portal\/alcance-de-los-delitos-sexuales-en-colombia-se-analizo-en-la-u-de-caldas\/#primaryimage"},"thumbnailUrl":"http:\/\/www.ucaldas.edu.co\/images\/tmp\/delitos_sexuales.jpg","datePublished":"2011-09-02T21:54:22+00:00","breadcrumb":{"@id":"https:\/\/www.ucaldas.edu.co\/portal\/alcance-de-los-delitos-sexuales-en-colombia-se-analizo-en-la-u-de-caldas\/#breadcrumb"},"inLanguage":"es","potentialAction":[{"@type":"ReadAction","target":["https:\/\/www.ucaldas.edu.co\/portal\/alcance-de-los-delitos-sexuales-en-colombia-se-analizo-en-la-u-de-caldas\/"]}]},{"@type":"ImageObject","inLanguage":"es","@id":"https:\/\/www.ucaldas.edu.co\/portal\/alcance-de-los-delitos-sexuales-en-colombia-se-analizo-en-la-u-de-caldas\/#primaryimage","url":"http:\/\/www.ucaldas.edu.co\/images\/tmp\/delitos_sexuales.jpg","contentUrl":"http:\/\/www.ucaldas.edu.co\/images\/tmp\/delitos_sexuales.jpg"},{"@type":"BreadcrumbList","@id":"https:\/\/www.ucaldas.edu.co\/portal\/alcance-de-los-delitos-sexuales-en-colombia-se-analizo-en-la-u-de-caldas\/#breadcrumb","itemListElement":[{"@type":"ListItem","position":1,"name":"Portada","item":"https:\/\/www.ucaldas.edu.co\/portal\/"},{"@type":"ListItem","position":2,"name":"Alcance de los delitos sexuales en Colombia se analiz\u00f3 en la U. de Caldas"}]},{"@type":"WebSite","@id":"https:\/\/www.ucaldas.edu.co\/portal\/#website","url":"https:\/\/www.ucaldas.edu.co\/portal\/","name":"Universidad de Caldas","description":"","publisher":{"@id":"https:\/\/www.ucaldas.edu.co\/portal\/#organization"},"alternateName":"U. de Caldas","potentialAction":[{"@type":"SearchAction","target":{"@type":"EntryPoint","urlTemplate":"https:\/\/www.ucaldas.edu.co\/portal\/?s={search_term_string}"},"query-input":{"@type":"PropertyValueSpecification","valueRequired":true,"valueName":"search_term_string"}}],"inLanguage":"es"},{"@type":"Organization","@id":"https:\/\/www.ucaldas.edu.co\/portal\/#organization","name":"Universidad de Caldas","alternateName":"U. de Caldas","url":"https:\/\/www.ucaldas.edu.co\/portal\/","logo":{"@type":"ImageObject","inLanguage":"es","@id":"https:\/\/www.ucaldas.edu.co\/portal\/#\/schema\/logo\/image\/","url":"https:\/\/www.ucaldas.edu.co\/portal\/wp-content\/uploads\/2023\/11\/Logo_horizontal_oscuroU-2023.png","contentUrl":"https:\/\/www.ucaldas.edu.co\/portal\/wp-content\/uploads\/2023\/11\/Logo_horizontal_oscuroU-2023.png","width":263,"height":101,"caption":"Universidad de Caldas"},"image":{"@id":"https:\/\/www.ucaldas.edu.co\/portal\/#\/schema\/logo\/image\/"},"sameAs":["https:\/\/www.facebook.com\/udecaldas","https:\/\/x.com\/udecaldas","https:\/\/www.youtube.com\/universidadcaldas","https:\/\/www.instagram.com\/udecaldas\/"]},{"@type":"Person","@id":"https:\/\/www.ucaldas.edu.co\/portal\/#\/schema\/person\/a1b482e23449158b4bc319926c074fdf","name":"ofiprensa","image":{"@type":"ImageObject","inLanguage":"es","@id":"https:\/\/www.ucaldas.edu.co\/portal\/wp-content\/litespeed\/avatar\/09ea5085e600095a7a811142c6944527.jpg?ver=1777497608","url":"https:\/\/www.ucaldas.edu.co\/portal\/wp-content\/litespeed\/avatar\/09ea5085e600095a7a811142c6944527.jpg?ver=1777497608","contentUrl":"https:\/\/www.ucaldas.edu.co\/portal\/wp-content\/litespeed\/avatar\/09ea5085e600095a7a811142c6944527.jpg?ver=1777497608","caption":"ofiprensa"},"url":"https:\/\/www.ucaldas.edu.co\/portal\/author\/ofiprensa\/"}]}},"_links":{"self":[{"href":"https:\/\/www.ucaldas.edu.co\/portal\/wp-json\/wp\/v2\/posts\/8419","targetHints":{"allow":["GET"]}}],"collection":[{"href":"https:\/\/www.ucaldas.edu.co\/portal\/wp-json\/wp\/v2\/posts"}],"about":[{"href":"https:\/\/www.ucaldas.edu.co\/portal\/wp-json\/wp\/v2\/types\/post"}],"author":[{"embeddable":true,"href":"https:\/\/www.ucaldas.edu.co\/portal\/wp-json\/wp\/v2\/users\/2"}],"replies":[{"embeddable":true,"href":"https:\/\/www.ucaldas.edu.co\/portal\/wp-json\/wp\/v2\/comments?post=8419"}],"version-history":[{"count":0,"href":"https:\/\/www.ucaldas.edu.co\/portal\/wp-json\/wp\/v2\/posts\/8419\/revisions"}],"wp:attachment":[{"href":"https:\/\/www.ucaldas.edu.co\/portal\/wp-json\/wp\/v2\/media?parent=8419"}],"wp:term":[{"taxonomy":"category","embeddable":true,"href":"https:\/\/www.ucaldas.edu.co\/portal\/wp-json\/wp\/v2\/categories?post=8419"},{"taxonomy":"post_tag","embeddable":true,"href":"https:\/\/www.ucaldas.edu.co\/portal\/wp-json\/wp\/v2\/tags?post=8419"}],"curies":[{"name":"wp","href":"https:\/\/api.w.org\/{rel}","templated":true}]}}