{"id":8417,"date":"2011-09-02T16:52:31","date_gmt":"2011-09-02T21:52:31","guid":{"rendered":"https:\/\/www.ucaldas.edu.co\/portal\/?p=8417"},"modified":"2011-09-02T16:52:31","modified_gmt":"2011-09-02T21:52:31","slug":"ordenamiento-territorial-y-desarrollo-regional-un-compromiso-de-todos","status":"publish","type":"post","link":"https:\/\/www.ucaldas.edu.co\/portal\/ordenamiento-territorial-y-desarrollo-regional-un-compromiso-de-todos\/","title":{"rendered":"Ordenamiento territorial y desarrollo regional, un compromiso de todos"},"content":{"rendered":"<p>En Caldas se trat\u00f3 el enfoque de asociatividad<\/p>\n<hr \/>\n<p align=\"center\">\n<p align=\"right\"><b>02\/09\/2011<\/b><\/p>\n<p align=\"right\">\n<table border=\"0\">\n<tbody>\n<tr>\n<td><img loading=\"lazy\" decoding=\"async\" style=\"border: 0px\" alt=\"Foro\" src=\"http:\/\/www.ucaldas.edu.co\/images\/tmp\/foro_odenamiento_territorial.jpg\" width=\"240\" height=\"150\" border=\"0\" \/><\/td>\n<td>Se realiz\u00f3 el\u00a0<b>Foro de Ordenamiento Territorial y Desarrollo Regional<\/b>, un evento itinerante en la Ecorregi\u00f3n Eje Cafetero, este\u00a0<b>1 de septiembre<\/b>\u00a0en el auditorio principal de la\u00a0<b>Chec.\u00a0\u00a0<\/b>La asociatividad fue el enfoque del encuentro en Manizales.<\/td>\n<\/tr>\n<\/tbody>\n<\/table>\n<p>La\u00a0<b>Universidad de Caldas<\/b>\u00a0a trav\u00e9s de la\u00a0<b>Vicerrector\u00eda de Proyecci\u00f3n Universitaria<\/b>\u00a0se uni\u00f3 al evento, acorde con el papel de la academia en el desarrollo regional.<\/p>\n<p>&nbsp;<\/p>\n<p>El conferencista chileno Sergio Boisier, uno de los invitados al evento, habl\u00f3 sobre la asociatividad y explic\u00f3 que una convocatoria regional debe fortalecer la \u201cinfraestructura comunicacional, adecuado sistema urbano, recursos humanos calificados, tejido productivo, excelencia en servicios de producci\u00f3n, accesibilidad geogr\u00e1fica y autoridades pol\u00edticas aut\u00f3nomas\u201d.<\/p>\n<p>&nbsp;<\/p>\n<p>El marketing y la innovaci\u00f3n fue otro de los temas del d\u00eda y estuvo a cargo de Dora Mar\u00eda Pe\u00f1alosa Yabur, Directora Ejecutiva del Abcnet Servizi de Italia, quien dijo que \u201cel marketing regional debe ser un sinn\u00famero de estrategias para competir en los territorios y que su promoci\u00f3n debe ser econ\u00f3mica\u201d.<\/p>\n<p>&nbsp;<\/p>\n<p>En el final del encuentro tambi\u00e9n se trat\u00f3 sobre Paisaje Cultural Cafetero. \u201cEs relevante que este tema se incluya en los planes de ordenamiento territorial y que los candidatos a alcald\u00edas, gobernaciones, concejos y asambleas incluyan este tema como un compromiso para sacar adelante\u201d, expres\u00f3 Juan Carlos Arbel\u00e1ez Hoyos, Concejal de Manizales.<\/p>\n<p>&nbsp;<\/p>\n<p>Las universidades que hacen parte del Sistema Universitario de Manizales (Suma) participaron en el encuentro, adem\u00e1s de la Gobernaci\u00f3n de Caldas, Asoeje, la Alcald\u00eda de Manizales, la C\u00e1mara de Comercio y la Escuela Superior de Administraci\u00f3n P\u00fablica (ESAP).<\/p>\n<p>&nbsp;<\/p>\n<p><b>Informes:\u00a0<\/b>en la Oficina de Prensa de la U. de Caldas. Tel\u00e9fono: 878 15 00, extensi\u00f3n \u00a012 167.<\/p>\n<p>&nbsp;<\/p>\n","protected":false},"excerpt":{"rendered":"<p>En Caldas se trat\u00f3 el enfoque de asociatividad 02\/09\/2011 Se realiz\u00f3 el\u00a0Foro de Ordenamiento Territorial y Desarrollo Regional, un evento itinerante en la Ecorregi\u00f3n Eje Cafetero, este\u00a01 de septiembre\u00a0en el auditorio principal de la\u00a0Chec.\u00a0\u00a0La asociatividad fue el enfoque del encuentro en Manizales. La\u00a0Universidad de Caldas\u00a0a trav\u00e9s de la\u00a0Vicerrector\u00eda de Proyecci\u00f3n Universitaria\u00a0se uni\u00f3 al evento, acorde [&hellip;]<\/p>\n","protected":false},"author":2,"featured_media":0,"comment_status":"closed","ping_status":"closed","sticky":false,"template":"","format":"standard","meta":{"footnotes":""},"categories":[48,53],"tags":[],"class_list":["post-8417","post","type-post","status-publish","format-standard","hentry","category-actualidad","category-universidad-al-dia"],"yoast_head":"<!-- This site is optimized with the Yoast SEO plugin v27.5 - https:\/\/yoast.com\/product\/yoast-seo-wordpress\/ -->\n<title>Ordenamiento territorial y desarrollo regional, un compromiso de todos .<\/title>\n<meta name=\"robots\" content=\"index, follow, max-snippet:-1, max-image-preview:large, max-video-preview:-1\" \/>\n<link rel=\"canonical\" href=\"https:\/\/www.ucaldas.edu.co\/portal\/ordenamiento-territorial-y-desarrollo-regional-un-compromiso-de-todos\/\" \/>\n<script type=\"application\/ld+json\" class=\"yoast-schema-graph\">{\"@context\":\"https:\\\/\\\/schema.org\",\"@graph\":[{\"@type\":\"Article\",\"@id\":\"https:\\\/\\\/www.ucaldas.edu.co\\\/portal\\\/ordenamiento-territorial-y-desarrollo-regional-un-compromiso-de-todos\\\/#article\",\"isPartOf\":{\"@id\":\"https:\\\/\\\/www.ucaldas.edu.co\\\/portal\\\/ordenamiento-territorial-y-desarrollo-regional-un-compromiso-de-todos\\\/\"},\"author\":{\"name\":\"ofiprensa\",\"@id\":\"https:\\\/\\\/www.ucaldas.edu.co\\\/portal\\\/#\\\/schema\\\/person\\\/a1b482e23449158b4bc319926c074fdf\"},\"headline\":\"Ordenamiento territorial y desarrollo regional, un compromiso de todos\",\"datePublished\":\"2011-09-02T21:52:31+00:00\",\"mainEntityOfPage\":{\"@id\":\"https:\\\/\\\/www.ucaldas.edu.co\\\/portal\\\/ordenamiento-territorial-y-desarrollo-regional-un-compromiso-de-todos\\\/\"},\"wordCount\":313,\"publisher\":{\"@id\":\"https:\\\/\\\/www.ucaldas.edu.co\\\/portal\\\/#organization\"},\"image\":{\"@id\":\"https:\\\/\\\/www.ucaldas.edu.co\\\/portal\\\/ordenamiento-territorial-y-desarrollo-regional-un-compromiso-de-todos\\\/#primaryimage\"},\"thumbnailUrl\":\"http:\\\/\\\/www.ucaldas.edu.co\\\/images\\\/tmp\\\/foro_odenamiento_territorial.jpg\",\"articleSection\":[\"Actualidad\",\"Universidad al D\u00eda\"],\"inLanguage\":\"es\"},{\"@type\":\"WebPage\",\"@id\":\"https:\\\/\\\/www.ucaldas.edu.co\\\/portal\\\/ordenamiento-territorial-y-desarrollo-regional-un-compromiso-de-todos\\\/\",\"url\":\"https:\\\/\\\/www.ucaldas.edu.co\\\/portal\\\/ordenamiento-territorial-y-desarrollo-regional-un-compromiso-de-todos\\\/\",\"name\":\"Ordenamiento territorial y desarrollo regional, un compromiso de todos .\",\"isPartOf\":{\"@id\":\"https:\\\/\\\/www.ucaldas.edu.co\\\/portal\\\/#website\"},\"primaryImageOfPage\":{\"@id\":\"https:\\\/\\\/www.ucaldas.edu.co\\\/portal\\\/ordenamiento-territorial-y-desarrollo-regional-un-compromiso-de-todos\\\/#primaryimage\"},\"image\":{\"@id\":\"https:\\\/\\\/www.ucaldas.edu.co\\\/portal\\\/ordenamiento-territorial-y-desarrollo-regional-un-compromiso-de-todos\\\/#primaryimage\"},\"thumbnailUrl\":\"http:\\\/\\\/www.ucaldas.edu.co\\\/images\\\/tmp\\\/foro_odenamiento_territorial.jpg\",\"datePublished\":\"2011-09-02T21:52:31+00:00\",\"breadcrumb\":{\"@id\":\"https:\\\/\\\/www.ucaldas.edu.co\\\/portal\\\/ordenamiento-territorial-y-desarrollo-regional-un-compromiso-de-todos\\\/#breadcrumb\"},\"inLanguage\":\"es\",\"potentialAction\":[{\"@type\":\"ReadAction\",\"target\":[\"https:\\\/\\\/www.ucaldas.edu.co\\\/portal\\\/ordenamiento-territorial-y-desarrollo-regional-un-compromiso-de-todos\\\/\"]}]},{\"@type\":\"ImageObject\",\"inLanguage\":\"es\",\"@id\":\"https:\\\/\\\/www.ucaldas.edu.co\\\/portal\\\/ordenamiento-territorial-y-desarrollo-regional-un-compromiso-de-todos\\\/#primaryimage\",\"url\":\"http:\\\/\\\/www.ucaldas.edu.co\\\/images\\\/tmp\\\/foro_odenamiento_territorial.jpg\",\"contentUrl\":\"http:\\\/\\\/www.ucaldas.edu.co\\\/images\\\/tmp\\\/foro_odenamiento_territorial.jpg\"},{\"@type\":\"BreadcrumbList\",\"@id\":\"https:\\\/\\\/www.ucaldas.edu.co\\\/portal\\\/ordenamiento-territorial-y-desarrollo-regional-un-compromiso-de-todos\\\/#breadcrumb\",\"itemListElement\":[{\"@type\":\"ListItem\",\"position\":1,\"name\":\"Portada\",\"item\":\"https:\\\/\\\/www.ucaldas.edu.co\\\/portal\\\/\"},{\"@type\":\"ListItem\",\"position\":2,\"name\":\"Ordenamiento territorial y desarrollo regional, un compromiso de todos\"}]},{\"@type\":\"WebSite\",\"@id\":\"https:\\\/\\\/www.ucaldas.edu.co\\\/portal\\\/#website\",\"url\":\"https:\\\/\\\/www.ucaldas.edu.co\\\/portal\\\/\",\"name\":\"Universidad de Caldas\",\"description\":\"\",\"publisher\":{\"@id\":\"https:\\\/\\\/www.ucaldas.edu.co\\\/portal\\\/#organization\"},\"alternateName\":\"U. de Caldas\",\"potentialAction\":[{\"@type\":\"SearchAction\",\"target\":{\"@type\":\"EntryPoint\",\"urlTemplate\":\"https:\\\/\\\/www.ucaldas.edu.co\\\/portal\\\/?s={search_term_string}\"},\"query-input\":{\"@type\":\"PropertyValueSpecification\",\"valueRequired\":true,\"valueName\":\"search_term_string\"}}],\"inLanguage\":\"es\"},{\"@type\":\"Organization\",\"@id\":\"https:\\\/\\\/www.ucaldas.edu.co\\\/portal\\\/#organization\",\"name\":\"Universidad de Caldas\",\"alternateName\":\"U. de Caldas\",\"url\":\"https:\\\/\\\/www.ucaldas.edu.co\\\/portal\\\/\",\"logo\":{\"@type\":\"ImageObject\",\"inLanguage\":\"es\",\"@id\":\"https:\\\/\\\/www.ucaldas.edu.co\\\/portal\\\/#\\\/schema\\\/logo\\\/image\\\/\",\"url\":\"https:\\\/\\\/www.ucaldas.edu.co\\\/portal\\\/wp-content\\\/uploads\\\/2023\\\/11\\\/Logo_horizontal_oscuroU-2023.png\",\"contentUrl\":\"https:\\\/\\\/www.ucaldas.edu.co\\\/portal\\\/wp-content\\\/uploads\\\/2023\\\/11\\\/Logo_horizontal_oscuroU-2023.png\",\"width\":263,\"height\":101,\"caption\":\"Universidad de Caldas\"},\"image\":{\"@id\":\"https:\\\/\\\/www.ucaldas.edu.co\\\/portal\\\/#\\\/schema\\\/logo\\\/image\\\/\"},\"sameAs\":[\"https:\\\/\\\/www.facebook.com\\\/udecaldas\",\"https:\\\/\\\/x.com\\\/udecaldas\",\"https:\\\/\\\/www.youtube.com\\\/universidadcaldas\",\"https:\\\/\\\/www.instagram.com\\\/udecaldas\\\/\"]},{\"@type\":\"Person\",\"@id\":\"https:\\\/\\\/www.ucaldas.edu.co\\\/portal\\\/#\\\/schema\\\/person\\\/a1b482e23449158b4bc319926c074fdf\",\"name\":\"ofiprensa\",\"image\":{\"@type\":\"ImageObject\",\"inLanguage\":\"es\",\"@id\":\"https:\\\/\\\/www.ucaldas.edu.co\\\/portal\\\/wp-content\\\/litespeed\\\/avatar\\\/09ea5085e600095a7a811142c6944527.jpg?ver=1777497608\",\"url\":\"https:\\\/\\\/www.ucaldas.edu.co\\\/portal\\\/wp-content\\\/litespeed\\\/avatar\\\/09ea5085e600095a7a811142c6944527.jpg?ver=1777497608\",\"contentUrl\":\"https:\\\/\\\/www.ucaldas.edu.co\\\/portal\\\/wp-content\\\/litespeed\\\/avatar\\\/09ea5085e600095a7a811142c6944527.jpg?ver=1777497608\",\"caption\":\"ofiprensa\"},\"url\":\"https:\\\/\\\/www.ucaldas.edu.co\\\/portal\\\/author\\\/ofiprensa\\\/\"}]}<\/script>\n<!-- \/ Yoast SEO plugin. -->","yoast_head_json":{"title":"Ordenamiento territorial y desarrollo regional, un compromiso de todos .","robots":{"index":"index","follow":"follow","max-snippet":"max-snippet:-1","max-image-preview":"max-image-preview:large","max-video-preview":"max-video-preview:-1"},"canonical":"https:\/\/www.ucaldas.edu.co\/portal\/ordenamiento-territorial-y-desarrollo-regional-un-compromiso-de-todos\/","schema":{"@context":"https:\/\/schema.org","@graph":[{"@type":"Article","@id":"https:\/\/www.ucaldas.edu.co\/portal\/ordenamiento-territorial-y-desarrollo-regional-un-compromiso-de-todos\/#article","isPartOf":{"@id":"https:\/\/www.ucaldas.edu.co\/portal\/ordenamiento-territorial-y-desarrollo-regional-un-compromiso-de-todos\/"},"author":{"name":"ofiprensa","@id":"https:\/\/www.ucaldas.edu.co\/portal\/#\/schema\/person\/a1b482e23449158b4bc319926c074fdf"},"headline":"Ordenamiento territorial y desarrollo regional, un compromiso de todos","datePublished":"2011-09-02T21:52:31+00:00","mainEntityOfPage":{"@id":"https:\/\/www.ucaldas.edu.co\/portal\/ordenamiento-territorial-y-desarrollo-regional-un-compromiso-de-todos\/"},"wordCount":313,"publisher":{"@id":"https:\/\/www.ucaldas.edu.co\/portal\/#organization"},"image":{"@id":"https:\/\/www.ucaldas.edu.co\/portal\/ordenamiento-territorial-y-desarrollo-regional-un-compromiso-de-todos\/#primaryimage"},"thumbnailUrl":"http:\/\/www.ucaldas.edu.co\/images\/tmp\/foro_odenamiento_territorial.jpg","articleSection":["Actualidad","Universidad al D\u00eda"],"inLanguage":"es"},{"@type":"WebPage","@id":"https:\/\/www.ucaldas.edu.co\/portal\/ordenamiento-territorial-y-desarrollo-regional-un-compromiso-de-todos\/","url":"https:\/\/www.ucaldas.edu.co\/portal\/ordenamiento-territorial-y-desarrollo-regional-un-compromiso-de-todos\/","name":"Ordenamiento territorial y desarrollo regional, un compromiso de todos .","isPartOf":{"@id":"https:\/\/www.ucaldas.edu.co\/portal\/#website"},"primaryImageOfPage":{"@id":"https:\/\/www.ucaldas.edu.co\/portal\/ordenamiento-territorial-y-desarrollo-regional-un-compromiso-de-todos\/#primaryimage"},"image":{"@id":"https:\/\/www.ucaldas.edu.co\/portal\/ordenamiento-territorial-y-desarrollo-regional-un-compromiso-de-todos\/#primaryimage"},"thumbnailUrl":"http:\/\/www.ucaldas.edu.co\/images\/tmp\/foro_odenamiento_territorial.jpg","datePublished":"2011-09-02T21:52:31+00:00","breadcrumb":{"@id":"https:\/\/www.ucaldas.edu.co\/portal\/ordenamiento-territorial-y-desarrollo-regional-un-compromiso-de-todos\/#breadcrumb"},"inLanguage":"es","potentialAction":[{"@type":"ReadAction","target":["https:\/\/www.ucaldas.edu.co\/portal\/ordenamiento-territorial-y-desarrollo-regional-un-compromiso-de-todos\/"]}]},{"@type":"ImageObject","inLanguage":"es","@id":"https:\/\/www.ucaldas.edu.co\/portal\/ordenamiento-territorial-y-desarrollo-regional-un-compromiso-de-todos\/#primaryimage","url":"http:\/\/www.ucaldas.edu.co\/images\/tmp\/foro_odenamiento_territorial.jpg","contentUrl":"http:\/\/www.ucaldas.edu.co\/images\/tmp\/foro_odenamiento_territorial.jpg"},{"@type":"BreadcrumbList","@id":"https:\/\/www.ucaldas.edu.co\/portal\/ordenamiento-territorial-y-desarrollo-regional-un-compromiso-de-todos\/#breadcrumb","itemListElement":[{"@type":"ListItem","position":1,"name":"Portada","item":"https:\/\/www.ucaldas.edu.co\/portal\/"},{"@type":"ListItem","position":2,"name":"Ordenamiento territorial y desarrollo regional, un compromiso de todos"}]},{"@type":"WebSite","@id":"https:\/\/www.ucaldas.edu.co\/portal\/#website","url":"https:\/\/www.ucaldas.edu.co\/portal\/","name":"Universidad de Caldas","description":"","publisher":{"@id":"https:\/\/www.ucaldas.edu.co\/portal\/#organization"},"alternateName":"U. de Caldas","potentialAction":[{"@type":"SearchAction","target":{"@type":"EntryPoint","urlTemplate":"https:\/\/www.ucaldas.edu.co\/portal\/?s={search_term_string}"},"query-input":{"@type":"PropertyValueSpecification","valueRequired":true,"valueName":"search_term_string"}}],"inLanguage":"es"},{"@type":"Organization","@id":"https:\/\/www.ucaldas.edu.co\/portal\/#organization","name":"Universidad de Caldas","alternateName":"U. de Caldas","url":"https:\/\/www.ucaldas.edu.co\/portal\/","logo":{"@type":"ImageObject","inLanguage":"es","@id":"https:\/\/www.ucaldas.edu.co\/portal\/#\/schema\/logo\/image\/","url":"https:\/\/www.ucaldas.edu.co\/portal\/wp-content\/uploads\/2023\/11\/Logo_horizontal_oscuroU-2023.png","contentUrl":"https:\/\/www.ucaldas.edu.co\/portal\/wp-content\/uploads\/2023\/11\/Logo_horizontal_oscuroU-2023.png","width":263,"height":101,"caption":"Universidad de Caldas"},"image":{"@id":"https:\/\/www.ucaldas.edu.co\/portal\/#\/schema\/logo\/image\/"},"sameAs":["https:\/\/www.facebook.com\/udecaldas","https:\/\/x.com\/udecaldas","https:\/\/www.youtube.com\/universidadcaldas","https:\/\/www.instagram.com\/udecaldas\/"]},{"@type":"Person","@id":"https:\/\/www.ucaldas.edu.co\/portal\/#\/schema\/person\/a1b482e23449158b4bc319926c074fdf","name":"ofiprensa","image":{"@type":"ImageObject","inLanguage":"es","@id":"https:\/\/www.ucaldas.edu.co\/portal\/wp-content\/litespeed\/avatar\/09ea5085e600095a7a811142c6944527.jpg?ver=1777497608","url":"https:\/\/www.ucaldas.edu.co\/portal\/wp-content\/litespeed\/avatar\/09ea5085e600095a7a811142c6944527.jpg?ver=1777497608","contentUrl":"https:\/\/www.ucaldas.edu.co\/portal\/wp-content\/litespeed\/avatar\/09ea5085e600095a7a811142c6944527.jpg?ver=1777497608","caption":"ofiprensa"},"url":"https:\/\/www.ucaldas.edu.co\/portal\/author\/ofiprensa\/"}]}},"_links":{"self":[{"href":"https:\/\/www.ucaldas.edu.co\/portal\/wp-json\/wp\/v2\/posts\/8417","targetHints":{"allow":["GET"]}}],"collection":[{"href":"https:\/\/www.ucaldas.edu.co\/portal\/wp-json\/wp\/v2\/posts"}],"about":[{"href":"https:\/\/www.ucaldas.edu.co\/portal\/wp-json\/wp\/v2\/types\/post"}],"author":[{"embeddable":true,"href":"https:\/\/www.ucaldas.edu.co\/portal\/wp-json\/wp\/v2\/users\/2"}],"replies":[{"embeddable":true,"href":"https:\/\/www.ucaldas.edu.co\/portal\/wp-json\/wp\/v2\/comments?post=8417"}],"version-history":[{"count":0,"href":"https:\/\/www.ucaldas.edu.co\/portal\/wp-json\/wp\/v2\/posts\/8417\/revisions"}],"wp:attachment":[{"href":"https:\/\/www.ucaldas.edu.co\/portal\/wp-json\/wp\/v2\/media?parent=8417"}],"wp:term":[{"taxonomy":"category","embeddable":true,"href":"https:\/\/www.ucaldas.edu.co\/portal\/wp-json\/wp\/v2\/categories?post=8417"},{"taxonomy":"post_tag","embeddable":true,"href":"https:\/\/www.ucaldas.edu.co\/portal\/wp-json\/wp\/v2\/tags?post=8417"}],"curies":[{"name":"wp","href":"https:\/\/api.w.org\/{rel}","templated":true}]}}