{"id":8415,"date":"2011-09-02T16:51:09","date_gmt":"2011-09-02T21:51:09","guid":{"rendered":"https:\/\/www.ucaldas.edu.co\/portal\/?p=8415"},"modified":"2011-09-02T16:51:09","modified_gmt":"2011-09-02T21:51:09","slug":"rector-de-la-u-de-caldas-tendra-su-cuarto-encuentro-con-candidatos","status":"publish","type":"post","link":"https:\/\/www.ucaldas.edu.co\/portal\/rector-de-la-u-de-caldas-tendra-su-cuarto-encuentro-con-candidatos\/","title":{"rendered":"Rector de la U. de Caldas tendr\u00e1 su  cuarto encuentro con candidatos"},"content":{"rendered":"<p>Participar\u00e1 Jorge Eduardo Rojas, aspirante a la alcald\u00eda de Manizales<\/p>\n<hr \/>\n<p>&nbsp;<\/p>\n<p align=\"right\"><b>02\/09\/2011<\/b><\/p>\n<p><b>\u00a0<\/b><\/p>\n<table border=\"0\">\n<tbody>\n<tr>\n<td><img loading=\"lazy\" decoding=\"async\" style=\"color: #333333;font-size: 10.399999618530273px;border: 0px\" alt=\"Rector\" src=\"http:\/\/www.ucaldas.edu.co\/images\/tmp\/teleconferencia_rector.jpg\" width=\"240\" height=\"150\" border=\"0\" \/><\/td>\n<td><b>Jorge Eduardo Rojas,\u00a0<\/b>postulado a la\u00a0<b>Alcald\u00eda de Manizales<\/b>, se reunir\u00e1 con el\u00a0<b>Rector de la Universidad de Caldas<\/b>, Ricardo G\u00f3mez Giraldo, este\u00a0<b>martes 6 de septiembre<\/b>\u00a0del 2011 a las\u00a0<b>11:00 a.m.<\/b><\/td>\n<\/tr>\n<\/tbody>\n<\/table>\n<p>La reuni\u00f3n ser\u00e1 en el<b>\u00a0Media Lab,\u00a0<\/b>ubicado en el\u00a0<b>tercer piso del Bloque C<\/b>\u00a0(Edificio Orlando Sierra Hern\u00e1ndez), en la Sede Central de la Instituci\u00f3n.<\/p>\n<p>&nbsp;<\/p>\n<p>Esta es la cuarta jornada de encuentros del rector y su equipo directivo, con candidatos a los m\u00e1ximos cargos del poder ejecutivo en Caldas, en las que se exponen los avances de la U. de Caldas y sus fortalezas.<\/p>\n<p>&nbsp;<\/p>\n<p><b>Informes:\u00a0<\/b>en la Oficina de Prensa. Tel\u00e9fono: 878 15 00, extensi\u00f3n \u00a012 167.<\/p>\n<p>&nbsp;<\/p>\n","protected":false},"excerpt":{"rendered":"<p>Participar\u00e1 Jorge Eduardo Rojas, aspirante a la alcald\u00eda de Manizales &nbsp; 02\/09\/2011 \u00a0 Jorge Eduardo Rojas,\u00a0postulado a la\u00a0Alcald\u00eda de Manizales, se reunir\u00e1 con el\u00a0Rector de la Universidad de Caldas, Ricardo G\u00f3mez Giraldo, este\u00a0martes 6 de septiembre\u00a0del 2011 a las\u00a011:00 a.m. La reuni\u00f3n ser\u00e1 en el\u00a0Media Lab,\u00a0ubicado en el\u00a0tercer piso del Bloque C\u00a0(Edificio Orlando Sierra Hern\u00e1ndez), [&hellip;]<\/p>\n","protected":false},"author":2,"featured_media":0,"comment_status":"closed","ping_status":"closed","sticky":false,"template":"","format":"standard","meta":{"footnotes":""},"categories":[48,53],"tags":[],"class_list":["post-8415","post","type-post","status-publish","format-standard","hentry","category-actualidad","category-universidad-al-dia"],"yoast_head":"<!-- This site is optimized with the Yoast SEO plugin v27.5 - https:\/\/yoast.com\/product\/yoast-seo-wordpress\/ -->\n<title>Rector de la U. de Caldas tendr\u00e1 su cuarto encuentro con candidatos .<\/title>\n<meta name=\"robots\" content=\"index, follow, max-snippet:-1, max-image-preview:large, max-video-preview:-1\" \/>\n<link rel=\"canonical\" href=\"https:\/\/www.ucaldas.edu.co\/portal\/rector-de-la-u-de-caldas-tendra-su-cuarto-encuentro-con-candidatos\/\" \/>\n<script type=\"application\/ld+json\" class=\"yoast-schema-graph\">{\"@context\":\"https:\\\/\\\/schema.org\",\"@graph\":[{\"@type\":\"Article\",\"@id\":\"https:\\\/\\\/www.ucaldas.edu.co\\\/portal\\\/rector-de-la-u-de-caldas-tendra-su-cuarto-encuentro-con-candidatos\\\/#article\",\"isPartOf\":{\"@id\":\"https:\\\/\\\/www.ucaldas.edu.co\\\/portal\\\/rector-de-la-u-de-caldas-tendra-su-cuarto-encuentro-con-candidatos\\\/\"},\"author\":{\"name\":\"ofiprensa\",\"@id\":\"https:\\\/\\\/www.ucaldas.edu.co\\\/portal\\\/#\\\/schema\\\/person\\\/a1b482e23449158b4bc319926c074fdf\"},\"headline\":\"Rector de la U. de Caldas tendr\u00e1 su cuarto encuentro con candidatos\",\"datePublished\":\"2011-09-02T21:51:09+00:00\",\"mainEntityOfPage\":{\"@id\":\"https:\\\/\\\/www.ucaldas.edu.co\\\/portal\\\/rector-de-la-u-de-caldas-tendra-su-cuarto-encuentro-con-candidatos\\\/\"},\"wordCount\":139,\"publisher\":{\"@id\":\"https:\\\/\\\/www.ucaldas.edu.co\\\/portal\\\/#organization\"},\"image\":{\"@id\":\"https:\\\/\\\/www.ucaldas.edu.co\\\/portal\\\/rector-de-la-u-de-caldas-tendra-su-cuarto-encuentro-con-candidatos\\\/#primaryimage\"},\"thumbnailUrl\":\"http:\\\/\\\/www.ucaldas.edu.co\\\/images\\\/tmp\\\/teleconferencia_rector.jpg\",\"articleSection\":[\"Actualidad\",\"Universidad al D\u00eda\"],\"inLanguage\":\"es\"},{\"@type\":\"WebPage\",\"@id\":\"https:\\\/\\\/www.ucaldas.edu.co\\\/portal\\\/rector-de-la-u-de-caldas-tendra-su-cuarto-encuentro-con-candidatos\\\/\",\"url\":\"https:\\\/\\\/www.ucaldas.edu.co\\\/portal\\\/rector-de-la-u-de-caldas-tendra-su-cuarto-encuentro-con-candidatos\\\/\",\"name\":\"Rector de la U. de Caldas tendr\u00e1 su cuarto encuentro con candidatos .\",\"isPartOf\":{\"@id\":\"https:\\\/\\\/www.ucaldas.edu.co\\\/portal\\\/#website\"},\"primaryImageOfPage\":{\"@id\":\"https:\\\/\\\/www.ucaldas.edu.co\\\/portal\\\/rector-de-la-u-de-caldas-tendra-su-cuarto-encuentro-con-candidatos\\\/#primaryimage\"},\"image\":{\"@id\":\"https:\\\/\\\/www.ucaldas.edu.co\\\/portal\\\/rector-de-la-u-de-caldas-tendra-su-cuarto-encuentro-con-candidatos\\\/#primaryimage\"},\"thumbnailUrl\":\"http:\\\/\\\/www.ucaldas.edu.co\\\/images\\\/tmp\\\/teleconferencia_rector.jpg\",\"datePublished\":\"2011-09-02T21:51:09+00:00\",\"breadcrumb\":{\"@id\":\"https:\\\/\\\/www.ucaldas.edu.co\\\/portal\\\/rector-de-la-u-de-caldas-tendra-su-cuarto-encuentro-con-candidatos\\\/#breadcrumb\"},\"inLanguage\":\"es\",\"potentialAction\":[{\"@type\":\"ReadAction\",\"target\":[\"https:\\\/\\\/www.ucaldas.edu.co\\\/portal\\\/rector-de-la-u-de-caldas-tendra-su-cuarto-encuentro-con-candidatos\\\/\"]}]},{\"@type\":\"ImageObject\",\"inLanguage\":\"es\",\"@id\":\"https:\\\/\\\/www.ucaldas.edu.co\\\/portal\\\/rector-de-la-u-de-caldas-tendra-su-cuarto-encuentro-con-candidatos\\\/#primaryimage\",\"url\":\"http:\\\/\\\/www.ucaldas.edu.co\\\/images\\\/tmp\\\/teleconferencia_rector.jpg\",\"contentUrl\":\"http:\\\/\\\/www.ucaldas.edu.co\\\/images\\\/tmp\\\/teleconferencia_rector.jpg\"},{\"@type\":\"BreadcrumbList\",\"@id\":\"https:\\\/\\\/www.ucaldas.edu.co\\\/portal\\\/rector-de-la-u-de-caldas-tendra-su-cuarto-encuentro-con-candidatos\\\/#breadcrumb\",\"itemListElement\":[{\"@type\":\"ListItem\",\"position\":1,\"name\":\"Portada\",\"item\":\"https:\\\/\\\/www.ucaldas.edu.co\\\/portal\\\/\"},{\"@type\":\"ListItem\",\"position\":2,\"name\":\"Rector de la U. de Caldas tendr\u00e1 su cuarto encuentro con candidatos\"}]},{\"@type\":\"WebSite\",\"@id\":\"https:\\\/\\\/www.ucaldas.edu.co\\\/portal\\\/#website\",\"url\":\"https:\\\/\\\/www.ucaldas.edu.co\\\/portal\\\/\",\"name\":\"Universidad de Caldas\",\"description\":\"\",\"publisher\":{\"@id\":\"https:\\\/\\\/www.ucaldas.edu.co\\\/portal\\\/#organization\"},\"alternateName\":\"U. de Caldas\",\"potentialAction\":[{\"@type\":\"SearchAction\",\"target\":{\"@type\":\"EntryPoint\",\"urlTemplate\":\"https:\\\/\\\/www.ucaldas.edu.co\\\/portal\\\/?s={search_term_string}\"},\"query-input\":{\"@type\":\"PropertyValueSpecification\",\"valueRequired\":true,\"valueName\":\"search_term_string\"}}],\"inLanguage\":\"es\"},{\"@type\":\"Organization\",\"@id\":\"https:\\\/\\\/www.ucaldas.edu.co\\\/portal\\\/#organization\",\"name\":\"Universidad de Caldas\",\"alternateName\":\"U. de Caldas\",\"url\":\"https:\\\/\\\/www.ucaldas.edu.co\\\/portal\\\/\",\"logo\":{\"@type\":\"ImageObject\",\"inLanguage\":\"es\",\"@id\":\"https:\\\/\\\/www.ucaldas.edu.co\\\/portal\\\/#\\\/schema\\\/logo\\\/image\\\/\",\"url\":\"https:\\\/\\\/www.ucaldas.edu.co\\\/portal\\\/wp-content\\\/uploads\\\/2023\\\/11\\\/Logo_horizontal_oscuroU-2023.png\",\"contentUrl\":\"https:\\\/\\\/www.ucaldas.edu.co\\\/portal\\\/wp-content\\\/uploads\\\/2023\\\/11\\\/Logo_horizontal_oscuroU-2023.png\",\"width\":263,\"height\":101,\"caption\":\"Universidad de Caldas\"},\"image\":{\"@id\":\"https:\\\/\\\/www.ucaldas.edu.co\\\/portal\\\/#\\\/schema\\\/logo\\\/image\\\/\"},\"sameAs\":[\"https:\\\/\\\/www.facebook.com\\\/udecaldas\",\"https:\\\/\\\/x.com\\\/udecaldas\",\"https:\\\/\\\/www.youtube.com\\\/universidadcaldas\",\"https:\\\/\\\/www.instagram.com\\\/udecaldas\\\/\"]},{\"@type\":\"Person\",\"@id\":\"https:\\\/\\\/www.ucaldas.edu.co\\\/portal\\\/#\\\/schema\\\/person\\\/a1b482e23449158b4bc319926c074fdf\",\"name\":\"ofiprensa\",\"image\":{\"@type\":\"ImageObject\",\"inLanguage\":\"es\",\"@id\":\"https:\\\/\\\/www.ucaldas.edu.co\\\/portal\\\/wp-content\\\/litespeed\\\/avatar\\\/09ea5085e600095a7a811142c6944527.jpg?ver=1777497608\",\"url\":\"https:\\\/\\\/www.ucaldas.edu.co\\\/portal\\\/wp-content\\\/litespeed\\\/avatar\\\/09ea5085e600095a7a811142c6944527.jpg?ver=1777497608\",\"contentUrl\":\"https:\\\/\\\/www.ucaldas.edu.co\\\/portal\\\/wp-content\\\/litespeed\\\/avatar\\\/09ea5085e600095a7a811142c6944527.jpg?ver=1777497608\",\"caption\":\"ofiprensa\"},\"url\":\"https:\\\/\\\/www.ucaldas.edu.co\\\/portal\\\/author\\\/ofiprensa\\\/\"}]}<\/script>\n<!-- \/ Yoast SEO plugin. -->","yoast_head_json":{"title":"Rector de la U. de Caldas tendr\u00e1 su cuarto encuentro con candidatos .","robots":{"index":"index","follow":"follow","max-snippet":"max-snippet:-1","max-image-preview":"max-image-preview:large","max-video-preview":"max-video-preview:-1"},"canonical":"https:\/\/www.ucaldas.edu.co\/portal\/rector-de-la-u-de-caldas-tendra-su-cuarto-encuentro-con-candidatos\/","schema":{"@context":"https:\/\/schema.org","@graph":[{"@type":"Article","@id":"https:\/\/www.ucaldas.edu.co\/portal\/rector-de-la-u-de-caldas-tendra-su-cuarto-encuentro-con-candidatos\/#article","isPartOf":{"@id":"https:\/\/www.ucaldas.edu.co\/portal\/rector-de-la-u-de-caldas-tendra-su-cuarto-encuentro-con-candidatos\/"},"author":{"name":"ofiprensa","@id":"https:\/\/www.ucaldas.edu.co\/portal\/#\/schema\/person\/a1b482e23449158b4bc319926c074fdf"},"headline":"Rector de la U. de Caldas tendr\u00e1 su cuarto encuentro con candidatos","datePublished":"2011-09-02T21:51:09+00:00","mainEntityOfPage":{"@id":"https:\/\/www.ucaldas.edu.co\/portal\/rector-de-la-u-de-caldas-tendra-su-cuarto-encuentro-con-candidatos\/"},"wordCount":139,"publisher":{"@id":"https:\/\/www.ucaldas.edu.co\/portal\/#organization"},"image":{"@id":"https:\/\/www.ucaldas.edu.co\/portal\/rector-de-la-u-de-caldas-tendra-su-cuarto-encuentro-con-candidatos\/#primaryimage"},"thumbnailUrl":"http:\/\/www.ucaldas.edu.co\/images\/tmp\/teleconferencia_rector.jpg","articleSection":["Actualidad","Universidad al D\u00eda"],"inLanguage":"es"},{"@type":"WebPage","@id":"https:\/\/www.ucaldas.edu.co\/portal\/rector-de-la-u-de-caldas-tendra-su-cuarto-encuentro-con-candidatos\/","url":"https:\/\/www.ucaldas.edu.co\/portal\/rector-de-la-u-de-caldas-tendra-su-cuarto-encuentro-con-candidatos\/","name":"Rector de la U. de Caldas tendr\u00e1 su cuarto encuentro con candidatos .","isPartOf":{"@id":"https:\/\/www.ucaldas.edu.co\/portal\/#website"},"primaryImageOfPage":{"@id":"https:\/\/www.ucaldas.edu.co\/portal\/rector-de-la-u-de-caldas-tendra-su-cuarto-encuentro-con-candidatos\/#primaryimage"},"image":{"@id":"https:\/\/www.ucaldas.edu.co\/portal\/rector-de-la-u-de-caldas-tendra-su-cuarto-encuentro-con-candidatos\/#primaryimage"},"thumbnailUrl":"http:\/\/www.ucaldas.edu.co\/images\/tmp\/teleconferencia_rector.jpg","datePublished":"2011-09-02T21:51:09+00:00","breadcrumb":{"@id":"https:\/\/www.ucaldas.edu.co\/portal\/rector-de-la-u-de-caldas-tendra-su-cuarto-encuentro-con-candidatos\/#breadcrumb"},"inLanguage":"es","potentialAction":[{"@type":"ReadAction","target":["https:\/\/www.ucaldas.edu.co\/portal\/rector-de-la-u-de-caldas-tendra-su-cuarto-encuentro-con-candidatos\/"]}]},{"@type":"ImageObject","inLanguage":"es","@id":"https:\/\/www.ucaldas.edu.co\/portal\/rector-de-la-u-de-caldas-tendra-su-cuarto-encuentro-con-candidatos\/#primaryimage","url":"http:\/\/www.ucaldas.edu.co\/images\/tmp\/teleconferencia_rector.jpg","contentUrl":"http:\/\/www.ucaldas.edu.co\/images\/tmp\/teleconferencia_rector.jpg"},{"@type":"BreadcrumbList","@id":"https:\/\/www.ucaldas.edu.co\/portal\/rector-de-la-u-de-caldas-tendra-su-cuarto-encuentro-con-candidatos\/#breadcrumb","itemListElement":[{"@type":"ListItem","position":1,"name":"Portada","item":"https:\/\/www.ucaldas.edu.co\/portal\/"},{"@type":"ListItem","position":2,"name":"Rector de la U. de Caldas tendr\u00e1 su cuarto encuentro con candidatos"}]},{"@type":"WebSite","@id":"https:\/\/www.ucaldas.edu.co\/portal\/#website","url":"https:\/\/www.ucaldas.edu.co\/portal\/","name":"Universidad de Caldas","description":"","publisher":{"@id":"https:\/\/www.ucaldas.edu.co\/portal\/#organization"},"alternateName":"U. de Caldas","potentialAction":[{"@type":"SearchAction","target":{"@type":"EntryPoint","urlTemplate":"https:\/\/www.ucaldas.edu.co\/portal\/?s={search_term_string}"},"query-input":{"@type":"PropertyValueSpecification","valueRequired":true,"valueName":"search_term_string"}}],"inLanguage":"es"},{"@type":"Organization","@id":"https:\/\/www.ucaldas.edu.co\/portal\/#organization","name":"Universidad de Caldas","alternateName":"U. de Caldas","url":"https:\/\/www.ucaldas.edu.co\/portal\/","logo":{"@type":"ImageObject","inLanguage":"es","@id":"https:\/\/www.ucaldas.edu.co\/portal\/#\/schema\/logo\/image\/","url":"https:\/\/www.ucaldas.edu.co\/portal\/wp-content\/uploads\/2023\/11\/Logo_horizontal_oscuroU-2023.png","contentUrl":"https:\/\/www.ucaldas.edu.co\/portal\/wp-content\/uploads\/2023\/11\/Logo_horizontal_oscuroU-2023.png","width":263,"height":101,"caption":"Universidad de Caldas"},"image":{"@id":"https:\/\/www.ucaldas.edu.co\/portal\/#\/schema\/logo\/image\/"},"sameAs":["https:\/\/www.facebook.com\/udecaldas","https:\/\/x.com\/udecaldas","https:\/\/www.youtube.com\/universidadcaldas","https:\/\/www.instagram.com\/udecaldas\/"]},{"@type":"Person","@id":"https:\/\/www.ucaldas.edu.co\/portal\/#\/schema\/person\/a1b482e23449158b4bc319926c074fdf","name":"ofiprensa","image":{"@type":"ImageObject","inLanguage":"es","@id":"https:\/\/www.ucaldas.edu.co\/portal\/wp-content\/litespeed\/avatar\/09ea5085e600095a7a811142c6944527.jpg?ver=1777497608","url":"https:\/\/www.ucaldas.edu.co\/portal\/wp-content\/litespeed\/avatar\/09ea5085e600095a7a811142c6944527.jpg?ver=1777497608","contentUrl":"https:\/\/www.ucaldas.edu.co\/portal\/wp-content\/litespeed\/avatar\/09ea5085e600095a7a811142c6944527.jpg?ver=1777497608","caption":"ofiprensa"},"url":"https:\/\/www.ucaldas.edu.co\/portal\/author\/ofiprensa\/"}]}},"_links":{"self":[{"href":"https:\/\/www.ucaldas.edu.co\/portal\/wp-json\/wp\/v2\/posts\/8415","targetHints":{"allow":["GET"]}}],"collection":[{"href":"https:\/\/www.ucaldas.edu.co\/portal\/wp-json\/wp\/v2\/posts"}],"about":[{"href":"https:\/\/www.ucaldas.edu.co\/portal\/wp-json\/wp\/v2\/types\/post"}],"author":[{"embeddable":true,"href":"https:\/\/www.ucaldas.edu.co\/portal\/wp-json\/wp\/v2\/users\/2"}],"replies":[{"embeddable":true,"href":"https:\/\/www.ucaldas.edu.co\/portal\/wp-json\/wp\/v2\/comments?post=8415"}],"version-history":[{"count":0,"href":"https:\/\/www.ucaldas.edu.co\/portal\/wp-json\/wp\/v2\/posts\/8415\/revisions"}],"wp:attachment":[{"href":"https:\/\/www.ucaldas.edu.co\/portal\/wp-json\/wp\/v2\/media?parent=8415"}],"wp:term":[{"taxonomy":"category","embeddable":true,"href":"https:\/\/www.ucaldas.edu.co\/portal\/wp-json\/wp\/v2\/categories?post=8415"},{"taxonomy":"post_tag","embeddable":true,"href":"https:\/\/www.ucaldas.edu.co\/portal\/wp-json\/wp\/v2\/tags?post=8415"}],"curies":[{"name":"wp","href":"https:\/\/api.w.org\/{rel}","templated":true}]}}