{"id":8405,"date":"2011-09-01T16:41:52","date_gmt":"2011-09-01T21:41:52","guid":{"rendered":"https:\/\/www.ucaldas.edu.co\/portal\/?p=8405"},"modified":"2011-09-01T16:41:52","modified_gmt":"2011-09-01T21:41:52","slug":"proyecto-de-la-u-de-caldas-centro-cultural-universitario-ya-tiene-gerente","status":"publish","type":"post","link":"https:\/\/www.ucaldas.edu.co\/portal\/proyecto-de-la-u-de-caldas-centro-cultural-universitario-ya-tiene-gerente\/","title":{"rendered":"Proyecto de la U. de Caldas Centro Cultural Universitario ya tiene gerente"},"content":{"rendered":"<p>Se trata de Felipe C\u00e9sar Londo\u00f1o, director del doctorado en dise\u00f1o y creaci\u00f3n<\/p>\n<hr \/>\n<p align=\"right\"><b>\u00a0<\/b><\/p>\n<p align=\"right\"><b>01\/09\/2011<\/b><\/p>\n<table border=\"0\">\n<tbody>\n<tr>\n<td><img loading=\"lazy\" decoding=\"async\" style=\"border: 0px\" alt=\"Centro Cultural\" src=\"http:\/\/www.ucaldas.edu.co\/images\/tmp\/felipe_cesar_luz_maria.jpg\" width=\"240\" height=\"150\" border=\"0\" \/><\/td>\n<td>Con la invitada especial Luz Mar\u00eda Cabarcas Santoya, exdirectora de la Biblioteca de la Pontificia Universidad Javeriana,\u00a0<b>se present\u00f3 el proyecto del Centro Cultural Universitario\u00a0<\/b>-promovido por la Universidad de Caldas-<b>\u00a0ante varios gestores culturales de Manizales.<\/b><\/td>\n<\/tr>\n<\/tbody>\n<\/table>\n<p>La reuni\u00f3n se realiz\u00f3 este jueves 1 de septiembre del 2011,\u00a0<b>por iniciativa de Ricardo G\u00f3mez Giraldo<\/b>, Rector de la U. de Caldas,\u00a0<b>y de Felipe C\u00e9sar Londo\u00f1o L\u00f3pez<\/b>,\u00a0<b>nuevo Gerente del Centro Cultural Universitario<\/b>, quien tambi\u00e9n se desempe\u00f1a como Director del\u00a0<a href=\"http:\/\/desarrollo.ucaldas.edu.co\/archivo\/index.php?option=com_content&amp;view=category&amp;id=478&amp;Itemid=763\" target=\"_blank\">Doctorado en Dise\u00f1o y Creaci\u00f3n<\/a>.<\/p>\n<p>&nbsp;<\/p>\n<p>\u201cEl Centro Cultural Universitario se concibe no como un espacio arquitect\u00f3nico, sino como un centro con alto impacto en la ciudad y en la regi\u00f3n. Estamos finalizando el proyecto arquitect\u00f3nico, donde se involucran los procesos internos. Debemos articular iniciativas para que sea un espacio donde los j\u00f3venes puedan compartir conocimiento\u201d, explic\u00f3 Londo\u00f1o L\u00f3pez<\/p>\n<p>&nbsp;<\/p>\n<p><b>Vanguardia en bibliotecas<\/b><\/p>\n<p>Por su parte, Cabarcas Santoya coment\u00f3: \u201cCuando creamos confianza mantenemos la interacci\u00f3n. Debemos sintonizarnos con la \u00e9poca, entorno y usuarios, pues una biblioteca hoy debe ser contempor\u00e1nea y ofrecer espacios c\u00f3modos y confortables a la comunidad. Lo m\u00e1s importante para una biblioteca es que sus usuarios est\u00e9n felices.\u201d.<\/p>\n<p>&nbsp;<\/p>\n<p>Cabarcas Santoya comparti\u00f3 experiencias de trabajo y recomend\u00f3 varios aspectos para la biblioteca del\u00a0<a href=\"http:\/\/www.centroculturaluniversitario.org\/\" target=\"_blank\">Centro Cultural Universitario<\/a>, dise\u00f1ado por el arquitecto colombiano Rogelio Salmona.<\/p>\n<p>&nbsp;<\/p>\n<p>La primera fase del Centro Cultural Universitario tendr\u00e1 un costo de $18 mil millones (<a href=\"http:\/\/desarrollo.ucaldas.edu.co\/archivo\/index.php?option=com_content&amp;view=article&amp;id=5118:centro-cultural-de-la-u-de-caldas-tema-del-primer-contacto-universitario-del-2011&amp;catid=419:universidad-al-dia&amp;Itemid=1039\" target=\"_blank\">m\u00e1s informaci\u00f3n<\/a>). La U. de Caldas ya cuenta con un cr\u00e9dito por ese valor, aprobado por Findeter y s\u00f3lo est\u00e1 a la espera del visto bueno del Ministerio de Hacienda. Al mismo tiempo, contin\u00faa la gesti\u00f3n de recursos para su cofinanciaci\u00f3n, dado que es un proyecto de inter\u00e9s general para la ciudad.<\/p>\n<p>&nbsp;<\/p>\n<p>&nbsp;<\/p>\n<p><b>Satisfechos con el proyecto<\/b><\/p>\n<p><b>Claudia Villegas Yepes, Coordinadora \u00c1rea Cultural del Banco de la Rep\u00fablica sucursal Manizales<\/b><\/p>\n<p>\u201cEl proyecto en s\u00ed es muy importante para la ciudad, aunque tiene cosas por definir como la ubicaci\u00f3n de la biblioteca. Es una necesidad sentida no s\u00f3lo de Manizales sino de la regi\u00f3n\u201d.<\/p>\n<p>&nbsp;<\/p>\n<p><b>Olga Luc\u00eda Serrano Ortiz, Gerente del Banco de la Rep\u00fablica sucursal Manizales<\/b><\/p>\n<p>\u201cEs una iniciativa absolutamente maravillosa y necesaria para la ciudad\u201d.<\/p>\n<p>&nbsp;<\/p>\n<p><b>Elsie Duque de Ram\u00edrez, fundadora de la Biblioteca de la U. Aut\u00f3noma de Manizales<\/b><\/p>\n<p>\u201cEl proyecto es muy importante y propongo que el nombre debe ser corto, para dar cabida a la parte p\u00fablica y agregar otros recursos\u201d.<\/p>\n<p>&nbsp;<\/p>\n<p><b>Elvira Escobar de Restrepo, Directora Ejecutiva del Museo de Arte de Caldas<\/b><\/p>\n<p>\u201cEs un proyecto que ya est\u00e1 maduro para que sea una realidad. Llevamos mucho tiempo con esta iniciativa y el Rector de la U. de Caldas tiene la camiseta puesta y est\u00e1 muy comprometido con la propuesta\u201d.<\/p>\n<p>&nbsp;<\/p>\n<p><b>Clara Luc\u00eda L\u00f3pez de Estrada. Directora Ejecutiva del Centro Colombo Americano de Manizales<\/b><\/p>\n<p>\u201cEste es un nuevo punto de partida de un proyecto que es trascendental para la ciudad y la regi\u00f3n. En este momento se requiere de una estrategia muy fuerte para apropiarnos de \u00e9l y sacarlo adelante\u201d.<\/p>\n<p>&nbsp;<\/p>\n<p><b>Olga del Socorro Serna, Gerente de Batuta Caldas y de la Orquesta Sinf\u00f3nica de Caldas<\/b><\/p>\n<p>\u201cEste es un proyecto que no s\u00f3lo requiere la U. de Caldas, sino de Manizales. Necesitamos una iniciativa cultural como esta\u201d.<\/p>\n<p>&nbsp;<\/p>\n<p><b>Mar\u00eda Cecilia S\u00e1nchez Bravo, Directora de la Biblioteca de la U. Aut\u00f3noma de Manizales<\/b><\/p>\n<p>\u201cEs algo que Manizales se merece y estamos necesitando. Me siento muy comprometida con esta causa\u201d.<\/p>\n<p>&nbsp;<\/p>\n<p>En diciembre de este a\u00f1o se finalizar\u00e1 el proyecto arquitect\u00f3nico del Centro Cultural Universitario. Conozca m\u00e1s informaci\u00f3n en<a href=\"http:\/\/www.centroculturaluniversitario.org\/\" target=\"_blank\">www.centroculturaluniversitario.org<\/a><\/p>\n<p>&nbsp;<\/p>\n<p>Conozca el\u00a0<b><a href=\"http:\/\/www.facebook.com\/media\/set\/?set=a.207585445969995.50987.107054166023124\" target=\"_blank\">\u00e1lbum en Facebook<\/a><\/b><\/p>\n<p>&nbsp;<\/p>\n<p><b>Informes:\u00a0<\/b>en la Oficina de Prensa. Tel\u00e9fono: 878 15 00, extensi\u00f3n 12 167.<\/p>\n<p>&nbsp;<\/p>\n","protected":false},"excerpt":{"rendered":"<p>Se trata de Felipe C\u00e9sar Londo\u00f1o, director del doctorado en dise\u00f1o y creaci\u00f3n \u00a0 01\/09\/2011 Con la invitada especial Luz Mar\u00eda Cabarcas Santoya, exdirectora de la Biblioteca de la Pontificia Universidad Javeriana,\u00a0se present\u00f3 el proyecto del Centro Cultural Universitario\u00a0-promovido por la Universidad de Caldas-\u00a0ante varios gestores culturales de Manizales. La reuni\u00f3n se realiz\u00f3 este jueves [&hellip;]<\/p>\n","protected":false},"author":2,"featured_media":0,"comment_status":"closed","ping_status":"closed","sticky":false,"template":"","format":"standard","meta":{"footnotes":""},"categories":[48,53],"tags":[],"class_list":["post-8405","post","type-post","status-publish","format-standard","hentry","category-actualidad","category-universidad-al-dia"],"yoast_head":"<!-- This site is optimized with the Yoast SEO plugin v27.5 - https:\/\/yoast.com\/product\/yoast-seo-wordpress\/ -->\n<title>Proyecto de la U. de Caldas Centro Cultural Universitario ya tiene gerente .<\/title>\n<meta name=\"robots\" content=\"index, follow, max-snippet:-1, max-image-preview:large, max-video-preview:-1\" \/>\n<link rel=\"canonical\" href=\"https:\/\/www.ucaldas.edu.co\/portal\/proyecto-de-la-u-de-caldas-centro-cultural-universitario-ya-tiene-gerente\/\" \/>\n<script type=\"application\/ld+json\" class=\"yoast-schema-graph\">{\"@context\":\"https:\\\/\\\/schema.org\",\"@graph\":[{\"@type\":\"Article\",\"@id\":\"https:\\\/\\\/www.ucaldas.edu.co\\\/portal\\\/proyecto-de-la-u-de-caldas-centro-cultural-universitario-ya-tiene-gerente\\\/#article\",\"isPartOf\":{\"@id\":\"https:\\\/\\\/www.ucaldas.edu.co\\\/portal\\\/proyecto-de-la-u-de-caldas-centro-cultural-universitario-ya-tiene-gerente\\\/\"},\"author\":{\"name\":\"ofiprensa\",\"@id\":\"https:\\\/\\\/www.ucaldas.edu.co\\\/portal\\\/#\\\/schema\\\/person\\\/a1b482e23449158b4bc319926c074fdf\"},\"headline\":\"Proyecto de la U. de Caldas Centro Cultural Universitario ya tiene gerente\",\"datePublished\":\"2011-09-01T21:41:52+00:00\",\"mainEntityOfPage\":{\"@id\":\"https:\\\/\\\/www.ucaldas.edu.co\\\/portal\\\/proyecto-de-la-u-de-caldas-centro-cultural-universitario-ya-tiene-gerente\\\/\"},\"wordCount\":680,\"publisher\":{\"@id\":\"https:\\\/\\\/www.ucaldas.edu.co\\\/portal\\\/#organization\"},\"image\":{\"@id\":\"https:\\\/\\\/www.ucaldas.edu.co\\\/portal\\\/proyecto-de-la-u-de-caldas-centro-cultural-universitario-ya-tiene-gerente\\\/#primaryimage\"},\"thumbnailUrl\":\"http:\\\/\\\/www.ucaldas.edu.co\\\/images\\\/tmp\\\/felipe_cesar_luz_maria.jpg\",\"articleSection\":[\"Actualidad\",\"Universidad al D\u00eda\"],\"inLanguage\":\"es\"},{\"@type\":\"WebPage\",\"@id\":\"https:\\\/\\\/www.ucaldas.edu.co\\\/portal\\\/proyecto-de-la-u-de-caldas-centro-cultural-universitario-ya-tiene-gerente\\\/\",\"url\":\"https:\\\/\\\/www.ucaldas.edu.co\\\/portal\\\/proyecto-de-la-u-de-caldas-centro-cultural-universitario-ya-tiene-gerente\\\/\",\"name\":\"Proyecto de la U. de Caldas Centro Cultural Universitario ya tiene gerente .\",\"isPartOf\":{\"@id\":\"https:\\\/\\\/www.ucaldas.edu.co\\\/portal\\\/#website\"},\"primaryImageOfPage\":{\"@id\":\"https:\\\/\\\/www.ucaldas.edu.co\\\/portal\\\/proyecto-de-la-u-de-caldas-centro-cultural-universitario-ya-tiene-gerente\\\/#primaryimage\"},\"image\":{\"@id\":\"https:\\\/\\\/www.ucaldas.edu.co\\\/portal\\\/proyecto-de-la-u-de-caldas-centro-cultural-universitario-ya-tiene-gerente\\\/#primaryimage\"},\"thumbnailUrl\":\"http:\\\/\\\/www.ucaldas.edu.co\\\/images\\\/tmp\\\/felipe_cesar_luz_maria.jpg\",\"datePublished\":\"2011-09-01T21:41:52+00:00\",\"breadcrumb\":{\"@id\":\"https:\\\/\\\/www.ucaldas.edu.co\\\/portal\\\/proyecto-de-la-u-de-caldas-centro-cultural-universitario-ya-tiene-gerente\\\/#breadcrumb\"},\"inLanguage\":\"es\",\"potentialAction\":[{\"@type\":\"ReadAction\",\"target\":[\"https:\\\/\\\/www.ucaldas.edu.co\\\/portal\\\/proyecto-de-la-u-de-caldas-centro-cultural-universitario-ya-tiene-gerente\\\/\"]}]},{\"@type\":\"ImageObject\",\"inLanguage\":\"es\",\"@id\":\"https:\\\/\\\/www.ucaldas.edu.co\\\/portal\\\/proyecto-de-la-u-de-caldas-centro-cultural-universitario-ya-tiene-gerente\\\/#primaryimage\",\"url\":\"http:\\\/\\\/www.ucaldas.edu.co\\\/images\\\/tmp\\\/felipe_cesar_luz_maria.jpg\",\"contentUrl\":\"http:\\\/\\\/www.ucaldas.edu.co\\\/images\\\/tmp\\\/felipe_cesar_luz_maria.jpg\"},{\"@type\":\"BreadcrumbList\",\"@id\":\"https:\\\/\\\/www.ucaldas.edu.co\\\/portal\\\/proyecto-de-la-u-de-caldas-centro-cultural-universitario-ya-tiene-gerente\\\/#breadcrumb\",\"itemListElement\":[{\"@type\":\"ListItem\",\"position\":1,\"name\":\"Portada\",\"item\":\"https:\\\/\\\/www.ucaldas.edu.co\\\/portal\\\/\"},{\"@type\":\"ListItem\",\"position\":2,\"name\":\"Proyecto de la U. de Caldas Centro Cultural Universitario ya tiene gerente\"}]},{\"@type\":\"WebSite\",\"@id\":\"https:\\\/\\\/www.ucaldas.edu.co\\\/portal\\\/#website\",\"url\":\"https:\\\/\\\/www.ucaldas.edu.co\\\/portal\\\/\",\"name\":\"Universidad de Caldas\",\"description\":\"\",\"publisher\":{\"@id\":\"https:\\\/\\\/www.ucaldas.edu.co\\\/portal\\\/#organization\"},\"alternateName\":\"U. de Caldas\",\"potentialAction\":[{\"@type\":\"SearchAction\",\"target\":{\"@type\":\"EntryPoint\",\"urlTemplate\":\"https:\\\/\\\/www.ucaldas.edu.co\\\/portal\\\/?s={search_term_string}\"},\"query-input\":{\"@type\":\"PropertyValueSpecification\",\"valueRequired\":true,\"valueName\":\"search_term_string\"}}],\"inLanguage\":\"es\"},{\"@type\":\"Organization\",\"@id\":\"https:\\\/\\\/www.ucaldas.edu.co\\\/portal\\\/#organization\",\"name\":\"Universidad de Caldas\",\"alternateName\":\"U. de Caldas\",\"url\":\"https:\\\/\\\/www.ucaldas.edu.co\\\/portal\\\/\",\"logo\":{\"@type\":\"ImageObject\",\"inLanguage\":\"es\",\"@id\":\"https:\\\/\\\/www.ucaldas.edu.co\\\/portal\\\/#\\\/schema\\\/logo\\\/image\\\/\",\"url\":\"https:\\\/\\\/www.ucaldas.edu.co\\\/portal\\\/wp-content\\\/uploads\\\/2023\\\/11\\\/Logo_horizontal_oscuroU-2023.png\",\"contentUrl\":\"https:\\\/\\\/www.ucaldas.edu.co\\\/portal\\\/wp-content\\\/uploads\\\/2023\\\/11\\\/Logo_horizontal_oscuroU-2023.png\",\"width\":263,\"height\":101,\"caption\":\"Universidad de Caldas\"},\"image\":{\"@id\":\"https:\\\/\\\/www.ucaldas.edu.co\\\/portal\\\/#\\\/schema\\\/logo\\\/image\\\/\"},\"sameAs\":[\"https:\\\/\\\/www.facebook.com\\\/udecaldas\",\"https:\\\/\\\/x.com\\\/udecaldas\",\"https:\\\/\\\/www.youtube.com\\\/universidadcaldas\",\"https:\\\/\\\/www.instagram.com\\\/udecaldas\\\/\"]},{\"@type\":\"Person\",\"@id\":\"https:\\\/\\\/www.ucaldas.edu.co\\\/portal\\\/#\\\/schema\\\/person\\\/a1b482e23449158b4bc319926c074fdf\",\"name\":\"ofiprensa\",\"image\":{\"@type\":\"ImageObject\",\"inLanguage\":\"es\",\"@id\":\"https:\\\/\\\/www.ucaldas.edu.co\\\/portal\\\/wp-content\\\/litespeed\\\/avatar\\\/09ea5085e600095a7a811142c6944527.jpg?ver=1777497608\",\"url\":\"https:\\\/\\\/www.ucaldas.edu.co\\\/portal\\\/wp-content\\\/litespeed\\\/avatar\\\/09ea5085e600095a7a811142c6944527.jpg?ver=1777497608\",\"contentUrl\":\"https:\\\/\\\/www.ucaldas.edu.co\\\/portal\\\/wp-content\\\/litespeed\\\/avatar\\\/09ea5085e600095a7a811142c6944527.jpg?ver=1777497608\",\"caption\":\"ofiprensa\"},\"url\":\"https:\\\/\\\/www.ucaldas.edu.co\\\/portal\\\/author\\\/ofiprensa\\\/\"}]}<\/script>\n<!-- \/ Yoast SEO plugin. -->","yoast_head_json":{"title":"Proyecto de la U. de Caldas Centro Cultural Universitario ya tiene gerente .","robots":{"index":"index","follow":"follow","max-snippet":"max-snippet:-1","max-image-preview":"max-image-preview:large","max-video-preview":"max-video-preview:-1"},"canonical":"https:\/\/www.ucaldas.edu.co\/portal\/proyecto-de-la-u-de-caldas-centro-cultural-universitario-ya-tiene-gerente\/","schema":{"@context":"https:\/\/schema.org","@graph":[{"@type":"Article","@id":"https:\/\/www.ucaldas.edu.co\/portal\/proyecto-de-la-u-de-caldas-centro-cultural-universitario-ya-tiene-gerente\/#article","isPartOf":{"@id":"https:\/\/www.ucaldas.edu.co\/portal\/proyecto-de-la-u-de-caldas-centro-cultural-universitario-ya-tiene-gerente\/"},"author":{"name":"ofiprensa","@id":"https:\/\/www.ucaldas.edu.co\/portal\/#\/schema\/person\/a1b482e23449158b4bc319926c074fdf"},"headline":"Proyecto de la U. de Caldas Centro Cultural Universitario ya tiene gerente","datePublished":"2011-09-01T21:41:52+00:00","mainEntityOfPage":{"@id":"https:\/\/www.ucaldas.edu.co\/portal\/proyecto-de-la-u-de-caldas-centro-cultural-universitario-ya-tiene-gerente\/"},"wordCount":680,"publisher":{"@id":"https:\/\/www.ucaldas.edu.co\/portal\/#organization"},"image":{"@id":"https:\/\/www.ucaldas.edu.co\/portal\/proyecto-de-la-u-de-caldas-centro-cultural-universitario-ya-tiene-gerente\/#primaryimage"},"thumbnailUrl":"http:\/\/www.ucaldas.edu.co\/images\/tmp\/felipe_cesar_luz_maria.jpg","articleSection":["Actualidad","Universidad al D\u00eda"],"inLanguage":"es"},{"@type":"WebPage","@id":"https:\/\/www.ucaldas.edu.co\/portal\/proyecto-de-la-u-de-caldas-centro-cultural-universitario-ya-tiene-gerente\/","url":"https:\/\/www.ucaldas.edu.co\/portal\/proyecto-de-la-u-de-caldas-centro-cultural-universitario-ya-tiene-gerente\/","name":"Proyecto de la U. de Caldas Centro Cultural Universitario ya tiene gerente .","isPartOf":{"@id":"https:\/\/www.ucaldas.edu.co\/portal\/#website"},"primaryImageOfPage":{"@id":"https:\/\/www.ucaldas.edu.co\/portal\/proyecto-de-la-u-de-caldas-centro-cultural-universitario-ya-tiene-gerente\/#primaryimage"},"image":{"@id":"https:\/\/www.ucaldas.edu.co\/portal\/proyecto-de-la-u-de-caldas-centro-cultural-universitario-ya-tiene-gerente\/#primaryimage"},"thumbnailUrl":"http:\/\/www.ucaldas.edu.co\/images\/tmp\/felipe_cesar_luz_maria.jpg","datePublished":"2011-09-01T21:41:52+00:00","breadcrumb":{"@id":"https:\/\/www.ucaldas.edu.co\/portal\/proyecto-de-la-u-de-caldas-centro-cultural-universitario-ya-tiene-gerente\/#breadcrumb"},"inLanguage":"es","potentialAction":[{"@type":"ReadAction","target":["https:\/\/www.ucaldas.edu.co\/portal\/proyecto-de-la-u-de-caldas-centro-cultural-universitario-ya-tiene-gerente\/"]}]},{"@type":"ImageObject","inLanguage":"es","@id":"https:\/\/www.ucaldas.edu.co\/portal\/proyecto-de-la-u-de-caldas-centro-cultural-universitario-ya-tiene-gerente\/#primaryimage","url":"http:\/\/www.ucaldas.edu.co\/images\/tmp\/felipe_cesar_luz_maria.jpg","contentUrl":"http:\/\/www.ucaldas.edu.co\/images\/tmp\/felipe_cesar_luz_maria.jpg"},{"@type":"BreadcrumbList","@id":"https:\/\/www.ucaldas.edu.co\/portal\/proyecto-de-la-u-de-caldas-centro-cultural-universitario-ya-tiene-gerente\/#breadcrumb","itemListElement":[{"@type":"ListItem","position":1,"name":"Portada","item":"https:\/\/www.ucaldas.edu.co\/portal\/"},{"@type":"ListItem","position":2,"name":"Proyecto de la U. de Caldas Centro Cultural Universitario ya tiene gerente"}]},{"@type":"WebSite","@id":"https:\/\/www.ucaldas.edu.co\/portal\/#website","url":"https:\/\/www.ucaldas.edu.co\/portal\/","name":"Universidad de Caldas","description":"","publisher":{"@id":"https:\/\/www.ucaldas.edu.co\/portal\/#organization"},"alternateName":"U. de Caldas","potentialAction":[{"@type":"SearchAction","target":{"@type":"EntryPoint","urlTemplate":"https:\/\/www.ucaldas.edu.co\/portal\/?s={search_term_string}"},"query-input":{"@type":"PropertyValueSpecification","valueRequired":true,"valueName":"search_term_string"}}],"inLanguage":"es"},{"@type":"Organization","@id":"https:\/\/www.ucaldas.edu.co\/portal\/#organization","name":"Universidad de Caldas","alternateName":"U. de Caldas","url":"https:\/\/www.ucaldas.edu.co\/portal\/","logo":{"@type":"ImageObject","inLanguage":"es","@id":"https:\/\/www.ucaldas.edu.co\/portal\/#\/schema\/logo\/image\/","url":"https:\/\/www.ucaldas.edu.co\/portal\/wp-content\/uploads\/2023\/11\/Logo_horizontal_oscuroU-2023.png","contentUrl":"https:\/\/www.ucaldas.edu.co\/portal\/wp-content\/uploads\/2023\/11\/Logo_horizontal_oscuroU-2023.png","width":263,"height":101,"caption":"Universidad de Caldas"},"image":{"@id":"https:\/\/www.ucaldas.edu.co\/portal\/#\/schema\/logo\/image\/"},"sameAs":["https:\/\/www.facebook.com\/udecaldas","https:\/\/x.com\/udecaldas","https:\/\/www.youtube.com\/universidadcaldas","https:\/\/www.instagram.com\/udecaldas\/"]},{"@type":"Person","@id":"https:\/\/www.ucaldas.edu.co\/portal\/#\/schema\/person\/a1b482e23449158b4bc319926c074fdf","name":"ofiprensa","image":{"@type":"ImageObject","inLanguage":"es","@id":"https:\/\/www.ucaldas.edu.co\/portal\/wp-content\/litespeed\/avatar\/09ea5085e600095a7a811142c6944527.jpg?ver=1777497608","url":"https:\/\/www.ucaldas.edu.co\/portal\/wp-content\/litespeed\/avatar\/09ea5085e600095a7a811142c6944527.jpg?ver=1777497608","contentUrl":"https:\/\/www.ucaldas.edu.co\/portal\/wp-content\/litespeed\/avatar\/09ea5085e600095a7a811142c6944527.jpg?ver=1777497608","caption":"ofiprensa"},"url":"https:\/\/www.ucaldas.edu.co\/portal\/author\/ofiprensa\/"}]}},"_links":{"self":[{"href":"https:\/\/www.ucaldas.edu.co\/portal\/wp-json\/wp\/v2\/posts\/8405","targetHints":{"allow":["GET"]}}],"collection":[{"href":"https:\/\/www.ucaldas.edu.co\/portal\/wp-json\/wp\/v2\/posts"}],"about":[{"href":"https:\/\/www.ucaldas.edu.co\/portal\/wp-json\/wp\/v2\/types\/post"}],"author":[{"embeddable":true,"href":"https:\/\/www.ucaldas.edu.co\/portal\/wp-json\/wp\/v2\/users\/2"}],"replies":[{"embeddable":true,"href":"https:\/\/www.ucaldas.edu.co\/portal\/wp-json\/wp\/v2\/comments?post=8405"}],"version-history":[{"count":0,"href":"https:\/\/www.ucaldas.edu.co\/portal\/wp-json\/wp\/v2\/posts\/8405\/revisions"}],"wp:attachment":[{"href":"https:\/\/www.ucaldas.edu.co\/portal\/wp-json\/wp\/v2\/media?parent=8405"}],"wp:term":[{"taxonomy":"category","embeddable":true,"href":"https:\/\/www.ucaldas.edu.co\/portal\/wp-json\/wp\/v2\/categories?post=8405"},{"taxonomy":"post_tag","embeddable":true,"href":"https:\/\/www.ucaldas.edu.co\/portal\/wp-json\/wp\/v2\/tags?post=8405"}],"curies":[{"name":"wp","href":"https:\/\/api.w.org\/{rel}","templated":true}]}}