{"id":83354,"date":"2024-08-29T19:23:06","date_gmt":"2024-08-30T00:23:06","guid":{"rendered":"https:\/\/www.ucaldas.edu.co\/portal\/?p=83354"},"modified":"2024-08-29T19:23:06","modified_gmt":"2024-08-30T00:23:06","slug":"universidad-de-caldas-recibe-reconocimiento-en-el-congreso-javeriano-de-geriatria","status":"publish","type":"post","link":"https:\/\/www.ucaldas.edu.co\/portal\/universidad-de-caldas-recibe-reconocimiento-en-el-congreso-javeriano-de-geriatria\/","title":{"rendered":"Universidad de Caldas recibe reconocimiento en el Congreso Javeriano de Geriatr\u00eda."},"content":{"rendered":"<p style=\"text-align: justify;\"><img loading=\"lazy\" decoding=\"async\" class=\"alignnone size-full wp-image-83356\" src=\"https:\/\/www.ucaldas.edu.co\/portal\/wp-content\/uploads\/2024\/08\/geri-1.jpg\" alt=\"\" width=\"1600\" height=\"1200\" \/>En el marco del Segundo Congreso Javeriano de Geriatr\u00eda, celebrado los d\u00edas 23 y 24 de agosto en la Pontificia Universidad Javeriana de Bogot\u00e1, la Universidad de Caldas recibi\u00f3 un merecido reconocimiento gracias a su compromiso y excelencia en el campo de la geriatr\u00eda.<!--more--><\/p>\n<p style=\"text-align: justify;\">El Congreso Javeriano de Geriatr\u00eda es un evento acad\u00e9mico de gran relevancia en Colombia, organizado anualmente por la Pontificia Universidad Javeriana. Este congreso re\u00fane a expertos en geriatr\u00eda y gerontolog\u00eda para compartir investigaciones, avances en pr\u00e1cticas m\u00e9dicas, y discutir los desaf\u00edos y soluciones en el cuidado de los adultos mayores. A trav\u00e9s de conferencias, talleres y mesas redondas, los asistentes abordan temas como la medicina geri\u00e1trica, la psicolog\u00eda del envejecimiento, la nutrici\u00f3n y las pol\u00edticas p\u00fablicas para el bienestar de esta poblaci\u00f3n.<\/p>\n<p style=\"text-align: justify;\">La edici\u00f3n de este a\u00f1o incorpor\u00f3 una nueva modalidad: el Concurso de Residente Destacado en Geriatr\u00eda. Este concurso reuni\u00f3 a m\u00e9dicos residentes en geriatr\u00eda de las cinco principales universidades del pa\u00eds, entre ellas la Universidad Nacional, la Pontificia Universidad Javeriana, la Universidad del Valle, la Universidad de Caldas y la Fundaci\u00f3n Universitaria Ciencias para la Salud.<\/p>\n<p style=\"text-align: justify;\">La participaci\u00f3n de la Universidad de Caldas fue sobresaliente, obteniendo importantes distinciones en diferentes categor\u00edas:<\/p>\n<p style=\"text-align: justify;\">Concurso de Residente Destacado en Geriatr\u00eda: La doctora Ana Mar\u00eda Mar\u00edn Gonz\u00e1lez fue galardonada como la ganadora de este prestigioso concurso, destac\u00e1ndose entre los mejores residentes del pa\u00eds.<\/p>\n<p style=\"text-align: justify;\">Categor\u00eda de Trabajos de Investigaci\u00f3n Finalizados: El doctor Daniel Betancourt Zuluaga obtuvo el primer puesto con su estudio titulado \u00abRelaci\u00f3n entre fragilidad y hallazgos ecocardiogr\u00e1ficos en ancianos hospitalizados en dos centros de referencia en la ciudad de Manizales\u00bb.<\/p>\n<p style=\"text-align: justify;\">Categor\u00eda de Trabajos de Investigaci\u00f3n en Curso: La doctora Juliana Castillo Cabellos fue distinguida con el primer puesto gracias a su estudio \u00abCaracterizaci\u00f3n de variantes ex\u00f3ticas en una cohorte de personas mayores con fragilidad pertenecientes al estudio Y-Millas, Caldas, Colombia\u00bb.<\/p>\n<p style=\"text-align: justify;\">El \u00e9xito alcanzado por la Universidad de Caldas en este congreso refleja las s\u00f3lidas apuestas del Programa de Especializaci\u00f3n en Medicina Interna Geriatr\u00eda de la instituci\u00f3n. \u201cEste programa se centra en formar especialistas capaces de abordar de manera integral la condici\u00f3n biopsicosocial de los adultos mayores, promoviendo un enfoque multidimensional en el diagn\u00f3stico y tratamiento de esta poblaci\u00f3n\u201d, expresa el estudiante de Medicina Interna y asistente al Congreso, Daniel Betancourt Zuluaga.<\/p>\n<p style=\"text-align: justify;\">Las apuestas del programa incluyen una formaci\u00f3n integral que prepara a los profesionales para atender tanto las caracter\u00edsticas espec\u00edficas de las enfermedades en los ancianos como las complejas interacciones derivadas de su vida multidimensional. Adem\u00e1s, el enfoque biopsicosocial capacita a los especialistas para comprender y manejar las interacciones entre los aspectos biol\u00f3gicos, psicol\u00f3gicos y sociales que afectan a los ancianos. El programa tambi\u00e9n promueve la capacitaci\u00f3n en docencia, investigaci\u00f3n y proyecci\u00f3n social, preparando a los egresados para liderar y participar activamente en procesos de ense\u00f1anza, indagaci\u00f3n cient\u00edfica y actividades de impacto comunitario.<\/p>\n<p><strong>Anexo:<\/strong><\/p>\n<p><a href=\"https:\/\/www.ucaldas.edu.co\/portal\/wp-content\/uploads\/2024\/08\/estudiante-geri.mp3\"><strong>-Audio Estudiante de Medicina Interna y asistente al Congreso, Daniel Betancourt Zuluaga.<\/strong><\/a><\/p>\n<audio class=\"wp-audio-shortcode\" id=\"audio-83354-1\" preload=\"none\" style=\"width: 100%;\" controls=\"controls\"><source type=\"audio\/mpeg\" src=\"https:\/\/www.ucaldas.edu.co\/portal\/wp-content\/uploads\/2024\/08\/estudiante-geri.mp3?_=1\" \/><a href=\"https:\/\/www.ucaldas.edu.co\/portal\/wp-content\/uploads\/2024\/08\/estudiante-geri.mp3\">https:\/\/www.ucaldas.edu.co\/portal\/wp-content\/uploads\/2024\/08\/estudiante-geri.mp3<\/a><\/audio>\n","protected":false},"excerpt":{"rendered":"<p>En el marco del Segundo Congreso Javeriano de Geriatr\u00eda, celebrado los d\u00edas 23 y 24 de agosto en la Pontificia Universidad Javeriana de Bogot\u00e1, la Universidad de Caldas recibi\u00f3 un merecido reconocimiento gracias a su compromiso y excelencia en el campo de la geriatr\u00eda.<\/p>\n","protected":false},"author":2,"featured_media":83356,"comment_status":"closed","ping_status":"open","sticky":false,"template":"","format":"standard","meta":{"footnotes":""},"categories":[48,53],"tags":[757,2192,2482,3594],"class_list":["post-83354","post","type-post","status-publish","format-standard","has-post-thumbnail","hentry","category-actualidad","category-universidad-al-dia","tag-medicina-interna","tag-universidad-de-caldas-u-de-caldas","tag-geriatria","tag-universidad-javeriana"],"yoast_head":"<!-- This site is optimized with the Yoast SEO plugin v27.5 - https:\/\/yoast.com\/product\/yoast-seo-wordpress\/ -->\n<title>Universidad de Caldas recibe reconocimiento en el Congreso Javeriano de Geriatr\u00eda. .<\/title>\n<meta name=\"robots\" content=\"index, follow, max-snippet:-1, max-image-preview:large, max-video-preview:-1\" \/>\n<link rel=\"canonical\" href=\"https:\/\/www.ucaldas.edu.co\/portal\/universidad-de-caldas-recibe-reconocimiento-en-el-congreso-javeriano-de-geriatria\/\" \/>\n<script type=\"application\/ld+json\" class=\"yoast-schema-graph\">{\"@context\":\"https:\\\/\\\/schema.org\",\"@graph\":[{\"@type\":\"Article\",\"@id\":\"https:\\\/\\\/www.ucaldas.edu.co\\\/portal\\\/universidad-de-caldas-recibe-reconocimiento-en-el-congreso-javeriano-de-geriatria\\\/#article\",\"isPartOf\":{\"@id\":\"https:\\\/\\\/www.ucaldas.edu.co\\\/portal\\\/universidad-de-caldas-recibe-reconocimiento-en-el-congreso-javeriano-de-geriatria\\\/\"},\"author\":{\"name\":\"ofiprensa\",\"@id\":\"https:\\\/\\\/www.ucaldas.edu.co\\\/portal\\\/#\\\/schema\\\/person\\\/a1b482e23449158b4bc319926c074fdf\"},\"headline\":\"Universidad de Caldas recibe reconocimiento en el Congreso Javeriano de Geriatr\u00eda.\",\"datePublished\":\"2024-08-30T00:23:06+00:00\",\"mainEntityOfPage\":{\"@id\":\"https:\\\/\\\/www.ucaldas.edu.co\\\/portal\\\/universidad-de-caldas-recibe-reconocimiento-en-el-congreso-javeriano-de-geriatria\\\/\"},\"wordCount\":563,\"publisher\":{\"@id\":\"https:\\\/\\\/www.ucaldas.edu.co\\\/portal\\\/#organization\"},\"image\":{\"@id\":\"https:\\\/\\\/www.ucaldas.edu.co\\\/portal\\\/universidad-de-caldas-recibe-reconocimiento-en-el-congreso-javeriano-de-geriatria\\\/#primaryimage\"},\"thumbnailUrl\":\"https:\\\/\\\/www.ucaldas.edu.co\\\/portal\\\/wp-content\\\/uploads\\\/2024\\\/08\\\/geri-1.jpg\",\"keywords\":[\"medicina interna\",\"Universidad de Caldas. U. de Caldas\",\"Geriatr\u00eda\",\"universidad javeriana\"],\"articleSection\":[\"Actualidad\",\"Universidad al D\u00eda\"],\"inLanguage\":\"es\"},{\"@type\":\"WebPage\",\"@id\":\"https:\\\/\\\/www.ucaldas.edu.co\\\/portal\\\/universidad-de-caldas-recibe-reconocimiento-en-el-congreso-javeriano-de-geriatria\\\/\",\"url\":\"https:\\\/\\\/www.ucaldas.edu.co\\\/portal\\\/universidad-de-caldas-recibe-reconocimiento-en-el-congreso-javeriano-de-geriatria\\\/\",\"name\":\"Universidad de Caldas recibe reconocimiento en el Congreso Javeriano de Geriatr\u00eda. .\",\"isPartOf\":{\"@id\":\"https:\\\/\\\/www.ucaldas.edu.co\\\/portal\\\/#website\"},\"primaryImageOfPage\":{\"@id\":\"https:\\\/\\\/www.ucaldas.edu.co\\\/portal\\\/universidad-de-caldas-recibe-reconocimiento-en-el-congreso-javeriano-de-geriatria\\\/#primaryimage\"},\"image\":{\"@id\":\"https:\\\/\\\/www.ucaldas.edu.co\\\/portal\\\/universidad-de-caldas-recibe-reconocimiento-en-el-congreso-javeriano-de-geriatria\\\/#primaryimage\"},\"thumbnailUrl\":\"https:\\\/\\\/www.ucaldas.edu.co\\\/portal\\\/wp-content\\\/uploads\\\/2024\\\/08\\\/geri-1.jpg\",\"datePublished\":\"2024-08-30T00:23:06+00:00\",\"breadcrumb\":{\"@id\":\"https:\\\/\\\/www.ucaldas.edu.co\\\/portal\\\/universidad-de-caldas-recibe-reconocimiento-en-el-congreso-javeriano-de-geriatria\\\/#breadcrumb\"},\"inLanguage\":\"es\",\"potentialAction\":[{\"@type\":\"ReadAction\",\"target\":[\"https:\\\/\\\/www.ucaldas.edu.co\\\/portal\\\/universidad-de-caldas-recibe-reconocimiento-en-el-congreso-javeriano-de-geriatria\\\/\"]}]},{\"@type\":\"ImageObject\",\"inLanguage\":\"es\",\"@id\":\"https:\\\/\\\/www.ucaldas.edu.co\\\/portal\\\/universidad-de-caldas-recibe-reconocimiento-en-el-congreso-javeriano-de-geriatria\\\/#primaryimage\",\"url\":\"https:\\\/\\\/www.ucaldas.edu.co\\\/portal\\\/wp-content\\\/uploads\\\/2024\\\/08\\\/geri-1.jpg\",\"contentUrl\":\"https:\\\/\\\/www.ucaldas.edu.co\\\/portal\\\/wp-content\\\/uploads\\\/2024\\\/08\\\/geri-1.jpg\",\"width\":1600,\"height\":1200},{\"@type\":\"BreadcrumbList\",\"@id\":\"https:\\\/\\\/www.ucaldas.edu.co\\\/portal\\\/universidad-de-caldas-recibe-reconocimiento-en-el-congreso-javeriano-de-geriatria\\\/#breadcrumb\",\"itemListElement\":[{\"@type\":\"ListItem\",\"position\":1,\"name\":\"Portada\",\"item\":\"https:\\\/\\\/www.ucaldas.edu.co\\\/portal\\\/\"},{\"@type\":\"ListItem\",\"position\":2,\"name\":\"Universidad de Caldas recibe reconocimiento en el Congreso Javeriano de Geriatr\u00eda.\"}]},{\"@type\":\"WebSite\",\"@id\":\"https:\\\/\\\/www.ucaldas.edu.co\\\/portal\\\/#website\",\"url\":\"https:\\\/\\\/www.ucaldas.edu.co\\\/portal\\\/\",\"name\":\"Universidad de Caldas\",\"description\":\"\",\"publisher\":{\"@id\":\"https:\\\/\\\/www.ucaldas.edu.co\\\/portal\\\/#organization\"},\"alternateName\":\"U. de Caldas\",\"potentialAction\":[{\"@type\":\"SearchAction\",\"target\":{\"@type\":\"EntryPoint\",\"urlTemplate\":\"https:\\\/\\\/www.ucaldas.edu.co\\\/portal\\\/?s={search_term_string}\"},\"query-input\":{\"@type\":\"PropertyValueSpecification\",\"valueRequired\":true,\"valueName\":\"search_term_string\"}}],\"inLanguage\":\"es\"},{\"@type\":\"Organization\",\"@id\":\"https:\\\/\\\/www.ucaldas.edu.co\\\/portal\\\/#organization\",\"name\":\"Universidad de Caldas\",\"alternateName\":\"U. de Caldas\",\"url\":\"https:\\\/\\\/www.ucaldas.edu.co\\\/portal\\\/\",\"logo\":{\"@type\":\"ImageObject\",\"inLanguage\":\"es\",\"@id\":\"https:\\\/\\\/www.ucaldas.edu.co\\\/portal\\\/#\\\/schema\\\/logo\\\/image\\\/\",\"url\":\"https:\\\/\\\/www.ucaldas.edu.co\\\/portal\\\/wp-content\\\/uploads\\\/2023\\\/11\\\/Logo_horizontal_oscuroU-2023.png\",\"contentUrl\":\"https:\\\/\\\/www.ucaldas.edu.co\\\/portal\\\/wp-content\\\/uploads\\\/2023\\\/11\\\/Logo_horizontal_oscuroU-2023.png\",\"width\":263,\"height\":101,\"caption\":\"Universidad de Caldas\"},\"image\":{\"@id\":\"https:\\\/\\\/www.ucaldas.edu.co\\\/portal\\\/#\\\/schema\\\/logo\\\/image\\\/\"},\"sameAs\":[\"https:\\\/\\\/www.facebook.com\\\/udecaldas\",\"https:\\\/\\\/x.com\\\/udecaldas\",\"https:\\\/\\\/www.youtube.com\\\/universidadcaldas\",\"https:\\\/\\\/www.instagram.com\\\/udecaldas\\\/\"]},{\"@type\":\"Person\",\"@id\":\"https:\\\/\\\/www.ucaldas.edu.co\\\/portal\\\/#\\\/schema\\\/person\\\/a1b482e23449158b4bc319926c074fdf\",\"name\":\"ofiprensa\",\"image\":{\"@type\":\"ImageObject\",\"inLanguage\":\"es\",\"@id\":\"https:\\\/\\\/www.ucaldas.edu.co\\\/portal\\\/wp-content\\\/litespeed\\\/avatar\\\/09ea5085e600095a7a811142c6944527.jpg?ver=1777497608\",\"url\":\"https:\\\/\\\/www.ucaldas.edu.co\\\/portal\\\/wp-content\\\/litespeed\\\/avatar\\\/09ea5085e600095a7a811142c6944527.jpg?ver=1777497608\",\"contentUrl\":\"https:\\\/\\\/www.ucaldas.edu.co\\\/portal\\\/wp-content\\\/litespeed\\\/avatar\\\/09ea5085e600095a7a811142c6944527.jpg?ver=1777497608\",\"caption\":\"ofiprensa\"},\"url\":\"https:\\\/\\\/www.ucaldas.edu.co\\\/portal\\\/author\\\/ofiprensa\\\/\"}]}<\/script>\n<!-- \/ Yoast SEO plugin. -->","yoast_head_json":{"title":"Universidad de Caldas recibe reconocimiento en el Congreso Javeriano de Geriatr\u00eda. .","robots":{"index":"index","follow":"follow","max-snippet":"max-snippet:-1","max-image-preview":"max-image-preview:large","max-video-preview":"max-video-preview:-1"},"canonical":"https:\/\/www.ucaldas.edu.co\/portal\/universidad-de-caldas-recibe-reconocimiento-en-el-congreso-javeriano-de-geriatria\/","schema":{"@context":"https:\/\/schema.org","@graph":[{"@type":"Article","@id":"https:\/\/www.ucaldas.edu.co\/portal\/universidad-de-caldas-recibe-reconocimiento-en-el-congreso-javeriano-de-geriatria\/#article","isPartOf":{"@id":"https:\/\/www.ucaldas.edu.co\/portal\/universidad-de-caldas-recibe-reconocimiento-en-el-congreso-javeriano-de-geriatria\/"},"author":{"name":"ofiprensa","@id":"https:\/\/www.ucaldas.edu.co\/portal\/#\/schema\/person\/a1b482e23449158b4bc319926c074fdf"},"headline":"Universidad de Caldas recibe reconocimiento en el Congreso Javeriano de Geriatr\u00eda.","datePublished":"2024-08-30T00:23:06+00:00","mainEntityOfPage":{"@id":"https:\/\/www.ucaldas.edu.co\/portal\/universidad-de-caldas-recibe-reconocimiento-en-el-congreso-javeriano-de-geriatria\/"},"wordCount":563,"publisher":{"@id":"https:\/\/www.ucaldas.edu.co\/portal\/#organization"},"image":{"@id":"https:\/\/www.ucaldas.edu.co\/portal\/universidad-de-caldas-recibe-reconocimiento-en-el-congreso-javeriano-de-geriatria\/#primaryimage"},"thumbnailUrl":"https:\/\/www.ucaldas.edu.co\/portal\/wp-content\/uploads\/2024\/08\/geri-1.jpg","keywords":["medicina interna","Universidad de Caldas. U. de Caldas","Geriatr\u00eda","universidad javeriana"],"articleSection":["Actualidad","Universidad al D\u00eda"],"inLanguage":"es"},{"@type":"WebPage","@id":"https:\/\/www.ucaldas.edu.co\/portal\/universidad-de-caldas-recibe-reconocimiento-en-el-congreso-javeriano-de-geriatria\/","url":"https:\/\/www.ucaldas.edu.co\/portal\/universidad-de-caldas-recibe-reconocimiento-en-el-congreso-javeriano-de-geriatria\/","name":"Universidad de Caldas recibe reconocimiento en el Congreso Javeriano de Geriatr\u00eda. .","isPartOf":{"@id":"https:\/\/www.ucaldas.edu.co\/portal\/#website"},"primaryImageOfPage":{"@id":"https:\/\/www.ucaldas.edu.co\/portal\/universidad-de-caldas-recibe-reconocimiento-en-el-congreso-javeriano-de-geriatria\/#primaryimage"},"image":{"@id":"https:\/\/www.ucaldas.edu.co\/portal\/universidad-de-caldas-recibe-reconocimiento-en-el-congreso-javeriano-de-geriatria\/#primaryimage"},"thumbnailUrl":"https:\/\/www.ucaldas.edu.co\/portal\/wp-content\/uploads\/2024\/08\/geri-1.jpg","datePublished":"2024-08-30T00:23:06+00:00","breadcrumb":{"@id":"https:\/\/www.ucaldas.edu.co\/portal\/universidad-de-caldas-recibe-reconocimiento-en-el-congreso-javeriano-de-geriatria\/#breadcrumb"},"inLanguage":"es","potentialAction":[{"@type":"ReadAction","target":["https:\/\/www.ucaldas.edu.co\/portal\/universidad-de-caldas-recibe-reconocimiento-en-el-congreso-javeriano-de-geriatria\/"]}]},{"@type":"ImageObject","inLanguage":"es","@id":"https:\/\/www.ucaldas.edu.co\/portal\/universidad-de-caldas-recibe-reconocimiento-en-el-congreso-javeriano-de-geriatria\/#primaryimage","url":"https:\/\/www.ucaldas.edu.co\/portal\/wp-content\/uploads\/2024\/08\/geri-1.jpg","contentUrl":"https:\/\/www.ucaldas.edu.co\/portal\/wp-content\/uploads\/2024\/08\/geri-1.jpg","width":1600,"height":1200},{"@type":"BreadcrumbList","@id":"https:\/\/www.ucaldas.edu.co\/portal\/universidad-de-caldas-recibe-reconocimiento-en-el-congreso-javeriano-de-geriatria\/#breadcrumb","itemListElement":[{"@type":"ListItem","position":1,"name":"Portada","item":"https:\/\/www.ucaldas.edu.co\/portal\/"},{"@type":"ListItem","position":2,"name":"Universidad de Caldas recibe reconocimiento en el Congreso Javeriano de Geriatr\u00eda."}]},{"@type":"WebSite","@id":"https:\/\/www.ucaldas.edu.co\/portal\/#website","url":"https:\/\/www.ucaldas.edu.co\/portal\/","name":"Universidad de Caldas","description":"","publisher":{"@id":"https:\/\/www.ucaldas.edu.co\/portal\/#organization"},"alternateName":"U. de Caldas","potentialAction":[{"@type":"SearchAction","target":{"@type":"EntryPoint","urlTemplate":"https:\/\/www.ucaldas.edu.co\/portal\/?s={search_term_string}"},"query-input":{"@type":"PropertyValueSpecification","valueRequired":true,"valueName":"search_term_string"}}],"inLanguage":"es"},{"@type":"Organization","@id":"https:\/\/www.ucaldas.edu.co\/portal\/#organization","name":"Universidad de Caldas","alternateName":"U. de Caldas","url":"https:\/\/www.ucaldas.edu.co\/portal\/","logo":{"@type":"ImageObject","inLanguage":"es","@id":"https:\/\/www.ucaldas.edu.co\/portal\/#\/schema\/logo\/image\/","url":"https:\/\/www.ucaldas.edu.co\/portal\/wp-content\/uploads\/2023\/11\/Logo_horizontal_oscuroU-2023.png","contentUrl":"https:\/\/www.ucaldas.edu.co\/portal\/wp-content\/uploads\/2023\/11\/Logo_horizontal_oscuroU-2023.png","width":263,"height":101,"caption":"Universidad de Caldas"},"image":{"@id":"https:\/\/www.ucaldas.edu.co\/portal\/#\/schema\/logo\/image\/"},"sameAs":["https:\/\/www.facebook.com\/udecaldas","https:\/\/x.com\/udecaldas","https:\/\/www.youtube.com\/universidadcaldas","https:\/\/www.instagram.com\/udecaldas\/"]},{"@type":"Person","@id":"https:\/\/www.ucaldas.edu.co\/portal\/#\/schema\/person\/a1b482e23449158b4bc319926c074fdf","name":"ofiprensa","image":{"@type":"ImageObject","inLanguage":"es","@id":"https:\/\/www.ucaldas.edu.co\/portal\/wp-content\/litespeed\/avatar\/09ea5085e600095a7a811142c6944527.jpg?ver=1777497608","url":"https:\/\/www.ucaldas.edu.co\/portal\/wp-content\/litespeed\/avatar\/09ea5085e600095a7a811142c6944527.jpg?ver=1777497608","contentUrl":"https:\/\/www.ucaldas.edu.co\/portal\/wp-content\/litespeed\/avatar\/09ea5085e600095a7a811142c6944527.jpg?ver=1777497608","caption":"ofiprensa"},"url":"https:\/\/www.ucaldas.edu.co\/portal\/author\/ofiprensa\/"}]}},"_links":{"self":[{"href":"https:\/\/www.ucaldas.edu.co\/portal\/wp-json\/wp\/v2\/posts\/83354","targetHints":{"allow":["GET"]}}],"collection":[{"href":"https:\/\/www.ucaldas.edu.co\/portal\/wp-json\/wp\/v2\/posts"}],"about":[{"href":"https:\/\/www.ucaldas.edu.co\/portal\/wp-json\/wp\/v2\/types\/post"}],"author":[{"embeddable":true,"href":"https:\/\/www.ucaldas.edu.co\/portal\/wp-json\/wp\/v2\/users\/2"}],"replies":[{"embeddable":true,"href":"https:\/\/www.ucaldas.edu.co\/portal\/wp-json\/wp\/v2\/comments?post=83354"}],"version-history":[{"count":0,"href":"https:\/\/www.ucaldas.edu.co\/portal\/wp-json\/wp\/v2\/posts\/83354\/revisions"}],"wp:featuredmedia":[{"embeddable":true,"href":"https:\/\/www.ucaldas.edu.co\/portal\/wp-json\/wp\/v2\/media\/83356"}],"wp:attachment":[{"href":"https:\/\/www.ucaldas.edu.co\/portal\/wp-json\/wp\/v2\/media?parent=83354"}],"wp:term":[{"taxonomy":"category","embeddable":true,"href":"https:\/\/www.ucaldas.edu.co\/portal\/wp-json\/wp\/v2\/categories?post=83354"},{"taxonomy":"post_tag","embeddable":true,"href":"https:\/\/www.ucaldas.edu.co\/portal\/wp-json\/wp\/v2\/tags?post=83354"}],"curies":[{"name":"wp","href":"https:\/\/api.w.org\/{rel}","templated":true}]}}