{"id":83320,"date":"2024-08-29T19:03:09","date_gmt":"2024-08-30T00:03:09","guid":{"rendered":"https:\/\/www.ucaldas.edu.co\/portal\/?p=83320"},"modified":"2024-08-29T19:03:09","modified_gmt":"2024-08-30T00:03:09","slug":"clemencia-en-el-mar-de-las-linfas-un-libro-autobiografico-que-le-rinde-homenaje-a-los-cuidadores-de-pacientes-con-cancer","status":"publish","type":"post","link":"https:\/\/www.ucaldas.edu.co\/portal\/clemencia-en-el-mar-de-las-linfas-un-libro-autobiografico-que-le-rinde-homenaje-a-los-cuidadores-de-pacientes-con-cancer\/","title":{"rendered":"Clemencia en el mar de las linfas: un libro autobiogr\u00e1fico que le rinde homenaje a los cuidadores de pacientes con c\u00e1ncer"},"content":{"rendered":"<div class=\"wpb-content-wrapper\"><p>[vc_row][vc_column][vc_column_text]<\/p>\n<p><em><img loading=\"lazy\" decoding=\"async\" class=\"alignnone size-full wp-image-83322\" src=\"https:\/\/www.ucaldas.edu.co\/portal\/wp-content\/uploads\/2024\/08\/linfa-central.jpg\" alt=\"\" width=\"1600\" height=\"1066\" \/>\u201cNo es f\u00e1cil ese optimista despertar mientras sucede el naufragio en el oc\u00e9ano t\u00f3xico. A ratos baja la marea y vemos c\u00f3mo cruzan los pel\u00edcanos. Una noche, al otro lado del muelle de la muerte, se alza imbatible la luz del faro. \u00a1Es el amor! Le digo a ella, mientras movemos los brazos por encima del agua\u201d.<\/em><\/p>\n<p style=\"text-align: justify;\">Entre las novedades de la 15\u00aa Feria del Libro Ciudad de Manizales se encuentra esta bit\u00e1cora de viaje donde convergen los di\u00e1logos internos de dos mujeres latinoamericanas -mam\u00e1 e hija- que transitan, como pueden, por un complejo tratamiento para combatir el Linfoma No Hodking alojado en el cuerpo de Edna, la hija, desde comienzos del a\u00f1o 2022.<!--more--><\/p>\n<p style=\"text-align: justify;\">A trav\u00e9s de sus p\u00e1ginas, se busca visibilizar la experiencia de una mujer latinoamericana de 40 a\u00f1os sobreviviente a un Linfoma No Hodking- a partir de un texto literario en el que se destaca, por un lado, el rol del cuidador, y por otro, los recursos individuales de la paciente, derivados de sus emociones e impulsos vitales, para afrontar la enfermedad y su complejo tratamiento.<\/p>\n<p style=\"text-align: justify;\">Con pr\u00f3logo de Natalia Matallana e ilustraciones del artista local John Isaac Jaimes, en este proyecto editorial, narrado en dos voces, aparecen los libros, el silencio, el pasado, los sue\u00f1os y todo lo peque\u00f1o que teje los d\u00edas en la habitaci\u00f3n 508, en la casa de Manizales durante la pos-quimio o en las idas y venidas a la sala de radioterapia. Este ejercicio narrativo tambi\u00e9n es un gui\u00f1o de gratitud hacia esa cuidadora que, como lo anuncia el libro en su primera dedicatoria \u201c<em>desbanc\u00f3 al de la guarda con su dulce compa\u00f1\u00eda en los d\u00edas y las noches m\u00e1s tenaces de ese 2022\u2026\u201d.<\/em><\/p>\n<p style=\"text-align: justify;\">Su autora, Edna Lorena Cuesta V\u00e1squez, es comunicadora social y periodista de la Universidad de Manizales, con estudios en Artes Esc\u00e9nicas de la Academia Superior de Artes de Bogot\u00e1 y de maestr\u00eda en Literatura Hispanoamericana de la Universidad Tecnol\u00f3gica de Pereira. Ha sido docente de Lengua Castellana en instituciones p\u00fablicas del departamento de Caldas y en la actualidad hace parte del equipo de Prensa de la Universidad de Caldas.<\/p>\n<p style=\"text-align: justify;\">La Oficina de Prensa convers\u00f3 con Edna Lorena acerca de esta honda experiencia que en un comienzo fue catarsis y ahora es un texto que abraza a cuidadores y pacientes.<\/p>\n<p style=\"text-align: justify;\"><strong>Oficina de Prensa<\/strong>: <em>\u00bfCu\u00e1l es su sensaci\u00f3n al estar participando, por primera vez, en la Feria del Libro de Manizales?<\/em><\/p>\n<p style=\"text-align: justify;\"><strong>Edna Lorena Cuesta V\u00e1squez:<\/strong> la sensaci\u00f3n es la de asomarme a la puerta -como hacen los ni\u00f1os- y luego entrar a la sala mostrando orgullosa el mejor juguete de mi reblujero (risas). Esta es una oportunidad maravillosa de conversar, a trav\u00e9s de unas p\u00e1ginas, con esos cuidadores y cuidadoras que se sienten cansados, con cosas qu\u00e9 decir, con ganas de un abrazo. Tambi\u00e9n es poder compartir con personas que pasaron o\u00a0 pasan por una situaci\u00f3n compleja de salud -no necesariamente c\u00e1ncer- y poderles mostrar esos asideros intangibles de los cuales yo misma me agarr\u00e9 para sobrellevar la enfermedad: las historias de los libros, la m\u00fasica, la meditaci\u00f3n. S\u00ed, este libro es un abrazo fraterno para todos ellos (as) y que la Feria me lo permita es de lo m\u00e1s potente que me haya podido pasar con este proyecto\u00a0editorial.<\/p>\n<p style=\"text-align: justify;\"><strong>Oficina de Prensa<\/strong>: \u00bfQui\u00e9n o qu\u00e9 la anim\u00f3 para iniciar este proyecto?<\/p>\n<p style=\"text-align: justify;\"><strong>E.L.C.V: <\/strong>cuando empez\u00f3 a consolidarse la intenci\u00f3n de escribir sobre esta experiencia, el historiador de la Universidad Nacional, Andr\u00e9s Quintero, quien adem\u00e1s es mi compa\u00f1ero, me bombarde\u00f3 de preguntas: \u201c\u00bfA qui\u00e9n quieres escribirle? \u00bfCu\u00e1l ser\u00eda la l\u00ednea transversal? \u00bfCu\u00e1les ser\u00edan los objetivos secundarios? sientes la distancia necesaria para empezar a escribir sobre aquello que fue doloroso?. Fue as\u00ed como me fui metiendo en esta historia oce\u00e1nica.<\/p>\n<p style=\"text-align: justify;\"><strong>Oficina de Prensa:<\/strong> <em>A prop\u00f3sito de oc\u00e9anos, qu\u00e9 significa el t\u00edtulo del libro: Clemencia en el mar de las linfas?<\/em><\/p>\n<p style=\"text-align: justify;\"><strong>E.L.C.V: <\/strong>Es un juego de palabras que, en primera medida, nombra a la gran protagonista de este ejercicio narrativo: mi mam\u00e1, que se llama Clemencia. Tambi\u00e9n, hace referencia a esas aguas contaminadas con fuertes sustancias de quimioterapia que intentan combatir un c\u00e1ncer l\u00edquido que afecta al sistema linf\u00e1tico.<\/p>\n<p style=\"text-align: justify;\"><strong>Oficina de Prensa:<\/strong> \u00bfA qui\u00e9n agradece este proyecto editorial que ya se encuentra en varias librer\u00edas del pa\u00eds?<\/p>\n<p style=\"text-align: justify;\"><strong>E.L.C.V:<\/strong> A mi pap\u00e1, el que ara\u00f1a sentidos en la roca dura del mundo. \u00c9l fue el iniciador de esta fascinaci\u00f3n por la escritura y la lectura. Tambi\u00e9n a la Universidad de Manizales, con su facultad de Comunicaci\u00f3n Social y Periodismo, que me ha dado valiosas herramientas, entre las cuales destaco ese acercamiento con la filigrana de la cr\u00f3nica y el lenguaje audiovisual. Finalmente, a mis amigos y a las comunidades de periodistas, artistas, profesores, nadadores, meditabundos, florales y lun\u00e1ticos que han tejido gran parte de lo que soy.<\/p>\n<p style=\"text-align: justify;\"><strong>Fragmento<\/strong><\/p>\n<p style=\"text-align: justify;\">Camino suavecito hasta el ba\u00f1o, me apoyo de las barandas de la camilla. Mi muchacha duerme boca arriba y con media camisa de pijama. \u00a1Pobrecita!, de ese cat\u00e9ter subclavio le salen como cinco cables que van conectados a la m\u00e1quina de infusi\u00f3n. Uno para la doxorrubicina; otro para la vincristina; este de ac\u00e1 para el etop\u00f3sido y los dos de all\u00e1 para la soluci\u00f3n salina y la ciclofosfamida. Mejor ni averig\u00fcen en Google; casi todos son t\u00f3xicos muy bravos. Mi bizcocha dice que los biom\u00e9dicos deber\u00edan darse cuenta de tanto cabler\u00edo a ver si desarrollan tecnolog\u00eda inal\u00e1mbrica en las unidades de oncolog\u00eda. Y no exagera. Cuando salimos a caminar por el pasillo, parecemos arrastrando un \u00e1rbol de Navidad cargado de extensiones<\/p>\n<p><strong>Anexo:<\/strong><\/p>\n<p><a href=\"https:\/\/www.ucaldas.edu.co\/portal\/wp-content\/uploads\/2024\/08\/edna-linfa.mp3\"><strong>-Audio autora de Clemencia en el mar de las linfas, Edna Lorena Cuesta V\u00e1squez.<\/strong><\/a><\/p>\n<audio class=\"wp-audio-shortcode\" id=\"audio-83320-1\" preload=\"none\" style=\"width: 100%;\" controls=\"controls\"><source type=\"audio\/mpeg\" src=\"https:\/\/www.ucaldas.edu.co\/portal\/wp-content\/uploads\/2024\/08\/edna-linfa.mp3?_=1\" \/><a href=\"https:\/\/www.ucaldas.edu.co\/portal\/wp-content\/uploads\/2024\/08\/edna-linfa.mp3\">https:\/\/www.ucaldas.edu.co\/portal\/wp-content\/uploads\/2024\/08\/edna-linfa.mp3<\/a><\/audio>\n<p><strong>\u00a0<\/strong>[\/vc_column_text][\/vc_column][\/vc_row][vc_row][vc_column][vc_gallery type=\u00bbimage_grid\u00bb images=\u00bb83323,83324,83325,83326,83327,83322,83328&#8243;][\/vc_column][\/vc_row]<\/p>\n<\/div>","protected":false},"excerpt":{"rendered":"<p>[vc_row][vc_column][vc_column_text] \u201cNo es f\u00e1cil ese optimista despertar mientras sucede el naufragio en el oc\u00e9ano t\u00f3xico. A ratos baja la marea y vemos c\u00f3mo cruzan los pel\u00edcanos. Una noche, al otro lado del muelle de la muerte, se alza imbatible la luz del faro. \u00a1Es el amor! Le digo a ella, mientras movemos los brazos por [&hellip;]<\/p>\n","protected":false},"author":2,"featured_media":83322,"comment_status":"closed","ping_status":"open","sticky":false,"template":"","format":"standard","meta":{"footnotes":""},"categories":[48,53],"tags":[667,717,2192],"class_list":["post-83320","post","type-post","status-publish","format-standard","has-post-thumbnail","hentry","category-actualidad","category-universidad-al-dia","tag-creacion-literaria","tag-feria-del-libro","tag-universidad-de-caldas-u-de-caldas"],"yoast_head":"<!-- This site is optimized with the Yoast SEO plugin v27.5 - https:\/\/yoast.com\/product\/yoast-seo-wordpress\/ -->\n<title>Clemencia en el mar de las linfas: un libro autobiogr\u00e1fico que le rinde homenaje a los cuidadores de pacientes con c\u00e1ncer .<\/title>\n<meta name=\"robots\" content=\"index, follow, max-snippet:-1, max-image-preview:large, max-video-preview:-1\" \/>\n<link rel=\"canonical\" href=\"https:\/\/www.ucaldas.edu.co\/portal\/clemencia-en-el-mar-de-las-linfas-un-libro-autobiografico-que-le-rinde-homenaje-a-los-cuidadores-de-pacientes-con-cancer\/\" \/>\n<script type=\"application\/ld+json\" class=\"yoast-schema-graph\">{\"@context\":\"https:\\\/\\\/schema.org\",\"@graph\":[{\"@type\":\"Article\",\"@id\":\"https:\\\/\\\/www.ucaldas.edu.co\\\/portal\\\/clemencia-en-el-mar-de-las-linfas-un-libro-autobiografico-que-le-rinde-homenaje-a-los-cuidadores-de-pacientes-con-cancer\\\/#article\",\"isPartOf\":{\"@id\":\"https:\\\/\\\/www.ucaldas.edu.co\\\/portal\\\/clemencia-en-el-mar-de-las-linfas-un-libro-autobiografico-que-le-rinde-homenaje-a-los-cuidadores-de-pacientes-con-cancer\\\/\"},\"author\":{\"name\":\"ofiprensa\",\"@id\":\"https:\\\/\\\/www.ucaldas.edu.co\\\/portal\\\/#\\\/schema\\\/person\\\/a1b482e23449158b4bc319926c074fdf\"},\"headline\":\"Clemencia en el mar de las linfas: un libro autobiogr\u00e1fico que le rinde homenaje a los cuidadores de pacientes con c\u00e1ncer\",\"datePublished\":\"2024-08-30T00:03:09+00:00\",\"mainEntityOfPage\":{\"@id\":\"https:\\\/\\\/www.ucaldas.edu.co\\\/portal\\\/clemencia-en-el-mar-de-las-linfas-un-libro-autobiografico-que-le-rinde-homenaje-a-los-cuidadores-de-pacientes-con-cancer\\\/\"},\"wordCount\":1080,\"publisher\":{\"@id\":\"https:\\\/\\\/www.ucaldas.edu.co\\\/portal\\\/#organization\"},\"image\":{\"@id\":\"https:\\\/\\\/www.ucaldas.edu.co\\\/portal\\\/clemencia-en-el-mar-de-las-linfas-un-libro-autobiografico-que-le-rinde-homenaje-a-los-cuidadores-de-pacientes-con-cancer\\\/#primaryimage\"},\"thumbnailUrl\":\"https:\\\/\\\/www.ucaldas.edu.co\\\/portal\\\/wp-content\\\/uploads\\\/2024\\\/08\\\/linfa-central.jpg\",\"keywords\":[\"creaci\u00f3n literaria\",\"Feria del Libro\",\"Universidad de Caldas. U. de Caldas\"],\"articleSection\":[\"Actualidad\",\"Universidad al D\u00eda\"],\"inLanguage\":\"es\"},{\"@type\":\"WebPage\",\"@id\":\"https:\\\/\\\/www.ucaldas.edu.co\\\/portal\\\/clemencia-en-el-mar-de-las-linfas-un-libro-autobiografico-que-le-rinde-homenaje-a-los-cuidadores-de-pacientes-con-cancer\\\/\",\"url\":\"https:\\\/\\\/www.ucaldas.edu.co\\\/portal\\\/clemencia-en-el-mar-de-las-linfas-un-libro-autobiografico-que-le-rinde-homenaje-a-los-cuidadores-de-pacientes-con-cancer\\\/\",\"name\":\"Clemencia en el mar de las linfas: un libro autobiogr\u00e1fico que le rinde homenaje a los cuidadores de pacientes con c\u00e1ncer .\",\"isPartOf\":{\"@id\":\"https:\\\/\\\/www.ucaldas.edu.co\\\/portal\\\/#website\"},\"primaryImageOfPage\":{\"@id\":\"https:\\\/\\\/www.ucaldas.edu.co\\\/portal\\\/clemencia-en-el-mar-de-las-linfas-un-libro-autobiografico-que-le-rinde-homenaje-a-los-cuidadores-de-pacientes-con-cancer\\\/#primaryimage\"},\"image\":{\"@id\":\"https:\\\/\\\/www.ucaldas.edu.co\\\/portal\\\/clemencia-en-el-mar-de-las-linfas-un-libro-autobiografico-que-le-rinde-homenaje-a-los-cuidadores-de-pacientes-con-cancer\\\/#primaryimage\"},\"thumbnailUrl\":\"https:\\\/\\\/www.ucaldas.edu.co\\\/portal\\\/wp-content\\\/uploads\\\/2024\\\/08\\\/linfa-central.jpg\",\"datePublished\":\"2024-08-30T00:03:09+00:00\",\"breadcrumb\":{\"@id\":\"https:\\\/\\\/www.ucaldas.edu.co\\\/portal\\\/clemencia-en-el-mar-de-las-linfas-un-libro-autobiografico-que-le-rinde-homenaje-a-los-cuidadores-de-pacientes-con-cancer\\\/#breadcrumb\"},\"inLanguage\":\"es\",\"potentialAction\":[{\"@type\":\"ReadAction\",\"target\":[\"https:\\\/\\\/www.ucaldas.edu.co\\\/portal\\\/clemencia-en-el-mar-de-las-linfas-un-libro-autobiografico-que-le-rinde-homenaje-a-los-cuidadores-de-pacientes-con-cancer\\\/\"]}]},{\"@type\":\"ImageObject\",\"inLanguage\":\"es\",\"@id\":\"https:\\\/\\\/www.ucaldas.edu.co\\\/portal\\\/clemencia-en-el-mar-de-las-linfas-un-libro-autobiografico-que-le-rinde-homenaje-a-los-cuidadores-de-pacientes-con-cancer\\\/#primaryimage\",\"url\":\"https:\\\/\\\/www.ucaldas.edu.co\\\/portal\\\/wp-content\\\/uploads\\\/2024\\\/08\\\/linfa-central.jpg\",\"contentUrl\":\"https:\\\/\\\/www.ucaldas.edu.co\\\/portal\\\/wp-content\\\/uploads\\\/2024\\\/08\\\/linfa-central.jpg\",\"width\":1600,\"height\":1066},{\"@type\":\"BreadcrumbList\",\"@id\":\"https:\\\/\\\/www.ucaldas.edu.co\\\/portal\\\/clemencia-en-el-mar-de-las-linfas-un-libro-autobiografico-que-le-rinde-homenaje-a-los-cuidadores-de-pacientes-con-cancer\\\/#breadcrumb\",\"itemListElement\":[{\"@type\":\"ListItem\",\"position\":1,\"name\":\"Portada\",\"item\":\"https:\\\/\\\/www.ucaldas.edu.co\\\/portal\\\/\"},{\"@type\":\"ListItem\",\"position\":2,\"name\":\"Clemencia en el mar de las linfas: un libro autobiogr\u00e1fico que le rinde homenaje a los cuidadores de pacientes con c\u00e1ncer\"}]},{\"@type\":\"WebSite\",\"@id\":\"https:\\\/\\\/www.ucaldas.edu.co\\\/portal\\\/#website\",\"url\":\"https:\\\/\\\/www.ucaldas.edu.co\\\/portal\\\/\",\"name\":\"Universidad de Caldas\",\"description\":\"\",\"publisher\":{\"@id\":\"https:\\\/\\\/www.ucaldas.edu.co\\\/portal\\\/#organization\"},\"alternateName\":\"U. de Caldas\",\"potentialAction\":[{\"@type\":\"SearchAction\",\"target\":{\"@type\":\"EntryPoint\",\"urlTemplate\":\"https:\\\/\\\/www.ucaldas.edu.co\\\/portal\\\/?s={search_term_string}\"},\"query-input\":{\"@type\":\"PropertyValueSpecification\",\"valueRequired\":true,\"valueName\":\"search_term_string\"}}],\"inLanguage\":\"es\"},{\"@type\":\"Organization\",\"@id\":\"https:\\\/\\\/www.ucaldas.edu.co\\\/portal\\\/#organization\",\"name\":\"Universidad de Caldas\",\"alternateName\":\"U. de Caldas\",\"url\":\"https:\\\/\\\/www.ucaldas.edu.co\\\/portal\\\/\",\"logo\":{\"@type\":\"ImageObject\",\"inLanguage\":\"es\",\"@id\":\"https:\\\/\\\/www.ucaldas.edu.co\\\/portal\\\/#\\\/schema\\\/logo\\\/image\\\/\",\"url\":\"https:\\\/\\\/www.ucaldas.edu.co\\\/portal\\\/wp-content\\\/uploads\\\/2023\\\/11\\\/Logo_horizontal_oscuroU-2023.png\",\"contentUrl\":\"https:\\\/\\\/www.ucaldas.edu.co\\\/portal\\\/wp-content\\\/uploads\\\/2023\\\/11\\\/Logo_horizontal_oscuroU-2023.png\",\"width\":263,\"height\":101,\"caption\":\"Universidad de Caldas\"},\"image\":{\"@id\":\"https:\\\/\\\/www.ucaldas.edu.co\\\/portal\\\/#\\\/schema\\\/logo\\\/image\\\/\"},\"sameAs\":[\"https:\\\/\\\/www.facebook.com\\\/udecaldas\",\"https:\\\/\\\/x.com\\\/udecaldas\",\"https:\\\/\\\/www.youtube.com\\\/universidadcaldas\",\"https:\\\/\\\/www.instagram.com\\\/udecaldas\\\/\"]},{\"@type\":\"Person\",\"@id\":\"https:\\\/\\\/www.ucaldas.edu.co\\\/portal\\\/#\\\/schema\\\/person\\\/a1b482e23449158b4bc319926c074fdf\",\"name\":\"ofiprensa\",\"image\":{\"@type\":\"ImageObject\",\"inLanguage\":\"es\",\"@id\":\"https:\\\/\\\/www.ucaldas.edu.co\\\/portal\\\/wp-content\\\/litespeed\\\/avatar\\\/09ea5085e600095a7a811142c6944527.jpg?ver=1777497608\",\"url\":\"https:\\\/\\\/www.ucaldas.edu.co\\\/portal\\\/wp-content\\\/litespeed\\\/avatar\\\/09ea5085e600095a7a811142c6944527.jpg?ver=1777497608\",\"contentUrl\":\"https:\\\/\\\/www.ucaldas.edu.co\\\/portal\\\/wp-content\\\/litespeed\\\/avatar\\\/09ea5085e600095a7a811142c6944527.jpg?ver=1777497608\",\"caption\":\"ofiprensa\"},\"url\":\"https:\\\/\\\/www.ucaldas.edu.co\\\/portal\\\/author\\\/ofiprensa\\\/\"}]}<\/script>\n<!-- \/ Yoast SEO plugin. -->","yoast_head_json":{"title":"Clemencia en el mar de las linfas: un libro autobiogr\u00e1fico que le rinde homenaje a los cuidadores de pacientes con c\u00e1ncer .","robots":{"index":"index","follow":"follow","max-snippet":"max-snippet:-1","max-image-preview":"max-image-preview:large","max-video-preview":"max-video-preview:-1"},"canonical":"https:\/\/www.ucaldas.edu.co\/portal\/clemencia-en-el-mar-de-las-linfas-un-libro-autobiografico-que-le-rinde-homenaje-a-los-cuidadores-de-pacientes-con-cancer\/","schema":{"@context":"https:\/\/schema.org","@graph":[{"@type":"Article","@id":"https:\/\/www.ucaldas.edu.co\/portal\/clemencia-en-el-mar-de-las-linfas-un-libro-autobiografico-que-le-rinde-homenaje-a-los-cuidadores-de-pacientes-con-cancer\/#article","isPartOf":{"@id":"https:\/\/www.ucaldas.edu.co\/portal\/clemencia-en-el-mar-de-las-linfas-un-libro-autobiografico-que-le-rinde-homenaje-a-los-cuidadores-de-pacientes-con-cancer\/"},"author":{"name":"ofiprensa","@id":"https:\/\/www.ucaldas.edu.co\/portal\/#\/schema\/person\/a1b482e23449158b4bc319926c074fdf"},"headline":"Clemencia en el mar de las linfas: un libro autobiogr\u00e1fico que le rinde homenaje a los cuidadores de pacientes con c\u00e1ncer","datePublished":"2024-08-30T00:03:09+00:00","mainEntityOfPage":{"@id":"https:\/\/www.ucaldas.edu.co\/portal\/clemencia-en-el-mar-de-las-linfas-un-libro-autobiografico-que-le-rinde-homenaje-a-los-cuidadores-de-pacientes-con-cancer\/"},"wordCount":1080,"publisher":{"@id":"https:\/\/www.ucaldas.edu.co\/portal\/#organization"},"image":{"@id":"https:\/\/www.ucaldas.edu.co\/portal\/clemencia-en-el-mar-de-las-linfas-un-libro-autobiografico-que-le-rinde-homenaje-a-los-cuidadores-de-pacientes-con-cancer\/#primaryimage"},"thumbnailUrl":"https:\/\/www.ucaldas.edu.co\/portal\/wp-content\/uploads\/2024\/08\/linfa-central.jpg","keywords":["creaci\u00f3n literaria","Feria del Libro","Universidad de Caldas. U. de Caldas"],"articleSection":["Actualidad","Universidad al D\u00eda"],"inLanguage":"es"},{"@type":"WebPage","@id":"https:\/\/www.ucaldas.edu.co\/portal\/clemencia-en-el-mar-de-las-linfas-un-libro-autobiografico-que-le-rinde-homenaje-a-los-cuidadores-de-pacientes-con-cancer\/","url":"https:\/\/www.ucaldas.edu.co\/portal\/clemencia-en-el-mar-de-las-linfas-un-libro-autobiografico-que-le-rinde-homenaje-a-los-cuidadores-de-pacientes-con-cancer\/","name":"Clemencia en el mar de las linfas: un libro autobiogr\u00e1fico que le rinde homenaje a los cuidadores de pacientes con c\u00e1ncer .","isPartOf":{"@id":"https:\/\/www.ucaldas.edu.co\/portal\/#website"},"primaryImageOfPage":{"@id":"https:\/\/www.ucaldas.edu.co\/portal\/clemencia-en-el-mar-de-las-linfas-un-libro-autobiografico-que-le-rinde-homenaje-a-los-cuidadores-de-pacientes-con-cancer\/#primaryimage"},"image":{"@id":"https:\/\/www.ucaldas.edu.co\/portal\/clemencia-en-el-mar-de-las-linfas-un-libro-autobiografico-que-le-rinde-homenaje-a-los-cuidadores-de-pacientes-con-cancer\/#primaryimage"},"thumbnailUrl":"https:\/\/www.ucaldas.edu.co\/portal\/wp-content\/uploads\/2024\/08\/linfa-central.jpg","datePublished":"2024-08-30T00:03:09+00:00","breadcrumb":{"@id":"https:\/\/www.ucaldas.edu.co\/portal\/clemencia-en-el-mar-de-las-linfas-un-libro-autobiografico-que-le-rinde-homenaje-a-los-cuidadores-de-pacientes-con-cancer\/#breadcrumb"},"inLanguage":"es","potentialAction":[{"@type":"ReadAction","target":["https:\/\/www.ucaldas.edu.co\/portal\/clemencia-en-el-mar-de-las-linfas-un-libro-autobiografico-que-le-rinde-homenaje-a-los-cuidadores-de-pacientes-con-cancer\/"]}]},{"@type":"ImageObject","inLanguage":"es","@id":"https:\/\/www.ucaldas.edu.co\/portal\/clemencia-en-el-mar-de-las-linfas-un-libro-autobiografico-que-le-rinde-homenaje-a-los-cuidadores-de-pacientes-con-cancer\/#primaryimage","url":"https:\/\/www.ucaldas.edu.co\/portal\/wp-content\/uploads\/2024\/08\/linfa-central.jpg","contentUrl":"https:\/\/www.ucaldas.edu.co\/portal\/wp-content\/uploads\/2024\/08\/linfa-central.jpg","width":1600,"height":1066},{"@type":"BreadcrumbList","@id":"https:\/\/www.ucaldas.edu.co\/portal\/clemencia-en-el-mar-de-las-linfas-un-libro-autobiografico-que-le-rinde-homenaje-a-los-cuidadores-de-pacientes-con-cancer\/#breadcrumb","itemListElement":[{"@type":"ListItem","position":1,"name":"Portada","item":"https:\/\/www.ucaldas.edu.co\/portal\/"},{"@type":"ListItem","position":2,"name":"Clemencia en el mar de las linfas: un libro autobiogr\u00e1fico que le rinde homenaje a los cuidadores de pacientes con c\u00e1ncer"}]},{"@type":"WebSite","@id":"https:\/\/www.ucaldas.edu.co\/portal\/#website","url":"https:\/\/www.ucaldas.edu.co\/portal\/","name":"Universidad de Caldas","description":"","publisher":{"@id":"https:\/\/www.ucaldas.edu.co\/portal\/#organization"},"alternateName":"U. de Caldas","potentialAction":[{"@type":"SearchAction","target":{"@type":"EntryPoint","urlTemplate":"https:\/\/www.ucaldas.edu.co\/portal\/?s={search_term_string}"},"query-input":{"@type":"PropertyValueSpecification","valueRequired":true,"valueName":"search_term_string"}}],"inLanguage":"es"},{"@type":"Organization","@id":"https:\/\/www.ucaldas.edu.co\/portal\/#organization","name":"Universidad de Caldas","alternateName":"U. de Caldas","url":"https:\/\/www.ucaldas.edu.co\/portal\/","logo":{"@type":"ImageObject","inLanguage":"es","@id":"https:\/\/www.ucaldas.edu.co\/portal\/#\/schema\/logo\/image\/","url":"https:\/\/www.ucaldas.edu.co\/portal\/wp-content\/uploads\/2023\/11\/Logo_horizontal_oscuroU-2023.png","contentUrl":"https:\/\/www.ucaldas.edu.co\/portal\/wp-content\/uploads\/2023\/11\/Logo_horizontal_oscuroU-2023.png","width":263,"height":101,"caption":"Universidad de Caldas"},"image":{"@id":"https:\/\/www.ucaldas.edu.co\/portal\/#\/schema\/logo\/image\/"},"sameAs":["https:\/\/www.facebook.com\/udecaldas","https:\/\/x.com\/udecaldas","https:\/\/www.youtube.com\/universidadcaldas","https:\/\/www.instagram.com\/udecaldas\/"]},{"@type":"Person","@id":"https:\/\/www.ucaldas.edu.co\/portal\/#\/schema\/person\/a1b482e23449158b4bc319926c074fdf","name":"ofiprensa","image":{"@type":"ImageObject","inLanguage":"es","@id":"https:\/\/www.ucaldas.edu.co\/portal\/wp-content\/litespeed\/avatar\/09ea5085e600095a7a811142c6944527.jpg?ver=1777497608","url":"https:\/\/www.ucaldas.edu.co\/portal\/wp-content\/litespeed\/avatar\/09ea5085e600095a7a811142c6944527.jpg?ver=1777497608","contentUrl":"https:\/\/www.ucaldas.edu.co\/portal\/wp-content\/litespeed\/avatar\/09ea5085e600095a7a811142c6944527.jpg?ver=1777497608","caption":"ofiprensa"},"url":"https:\/\/www.ucaldas.edu.co\/portal\/author\/ofiprensa\/"}]}},"_links":{"self":[{"href":"https:\/\/www.ucaldas.edu.co\/portal\/wp-json\/wp\/v2\/posts\/83320","targetHints":{"allow":["GET"]}}],"collection":[{"href":"https:\/\/www.ucaldas.edu.co\/portal\/wp-json\/wp\/v2\/posts"}],"about":[{"href":"https:\/\/www.ucaldas.edu.co\/portal\/wp-json\/wp\/v2\/types\/post"}],"author":[{"embeddable":true,"href":"https:\/\/www.ucaldas.edu.co\/portal\/wp-json\/wp\/v2\/users\/2"}],"replies":[{"embeddable":true,"href":"https:\/\/www.ucaldas.edu.co\/portal\/wp-json\/wp\/v2\/comments?post=83320"}],"version-history":[{"count":0,"href":"https:\/\/www.ucaldas.edu.co\/portal\/wp-json\/wp\/v2\/posts\/83320\/revisions"}],"wp:featuredmedia":[{"embeddable":true,"href":"https:\/\/www.ucaldas.edu.co\/portal\/wp-json\/wp\/v2\/media\/83322"}],"wp:attachment":[{"href":"https:\/\/www.ucaldas.edu.co\/portal\/wp-json\/wp\/v2\/media?parent=83320"}],"wp:term":[{"taxonomy":"category","embeddable":true,"href":"https:\/\/www.ucaldas.edu.co\/portal\/wp-json\/wp\/v2\/categories?post=83320"},{"taxonomy":"post_tag","embeddable":true,"href":"https:\/\/www.ucaldas.edu.co\/portal\/wp-json\/wp\/v2\/tags?post=83320"}],"curies":[{"name":"wp","href":"https:\/\/api.w.org\/{rel}","templated":true}]}}