{"id":83261,"date":"2024-08-27T20:00:03","date_gmt":"2024-08-28T01:00:03","guid":{"rendered":"https:\/\/www.ucaldas.edu.co\/portal\/?p=83261"},"modified":"2024-08-27T20:00:03","modified_gmt":"2024-08-28T01:00:03","slug":"comienza-a-descubrirse-el-misterio-verde-y-las-letras-que-nos-habitan-con-la-apertura-de-la-15-feria-del-libro-ciudad-de-manizales","status":"publish","type":"post","link":"https:\/\/www.ucaldas.edu.co\/portal\/comienza-a-descubrirse-el-misterio-verde-y-las-letras-que-nos-habitan-con-la-apertura-de-la-15-feria-del-libro-ciudad-de-manizales\/","title":{"rendered":"Comienza a descubrirse el misterio verde y las letras que nos habitan con la apertura de la 15\u00b0 Feria del Libro ciudad de Manizales"},"content":{"rendered":"<div class=\"wpb-content-wrapper\"><p>[vc_row][vc_column][vc_column_text]<\/p>\n<p style=\"text-align: justify;\"><img loading=\"lazy\" decoding=\"async\" class=\"alignnone size-full wp-image-83265\" src=\"https:\/\/www.ucaldas.edu.co\/portal\/wp-content\/uploads\/2024\/08\/libro-8.jpg\" alt=\"\" width=\"1600\" height=\"1066\" \/>Con un emotivo homenaje a la obra ic\u00f3nica La vor\u00e1gine, de Jos\u00e9 Eustasio Rivera, se dio apertura oficial a la 15\u00b0 Feria del Libro Ciudad de Manizales en el Centro Cultural Universitario Rogelio Salmona. La Universidad de Caldas, en colaboraci\u00f3n con la Vicerrector\u00eda de Proyecci\u00f3n Universitaria, la Alcald\u00eda de Manizales, la Secretar\u00eda de Cultura y Civismo y la Red de Bibliotecas P\u00fablicas de Manizales, inauguraron este evento literario que, desde su creaci\u00f3n en 2009, se ha consolidado como uno de los m\u00e1s importantes del Eje Cafetero.<!--more--><\/p>\n<p style=\"text-align: justify;\">El acto inaugural cont\u00f3 con la presentaci\u00f3n de la Orquesta Sinf\u00f3nica de Caldas y la participaci\u00f3n de siete actores de la Universidad de Caldas, quienes interpretaron una polifon\u00eda inspirada en La vor\u00e1gine, conmemorando los 100 a\u00f1os de esta novela que sigue resonando en la identidad nacional colombiana.<\/p>\n<p style=\"text-align: justify;\">Los asistentes\u00a0 e invitados especiales, como el alcalde de Manizales y el embajador de la Uni\u00f3n Europea en Colombia, fueron testigos de un espect\u00e1culo que fusion\u00f3 la m\u00fasica con la literatura, recordando la importancia de las letras en la construcci\u00f3n del pensamiento y la cultura.<\/p>\n<p style=\"text-align: justify;\">\u201cEstamos muy felices porque dimos apertura oficial a la 15\u00aa edici\u00f3n de la Feria del Libro Ciudad de Manizales. Es un a\u00f1o vor\u00e1gine, donde estamos celebrando los 100 a\u00f1os de esta novela ic\u00f3nica. Con charlas, presentaciones de libros, exposiciones y talleres infantiles, esperamos celebrar esta fiesta del libro que cada a\u00f1o se hace m\u00e1s grande\u201d, expres\u00f3 el vicerrector de Proyecci\u00f3n Universitaria de la Universidad de Caldas, Dar\u00edo Arenas.<\/p>\n<p style=\"text-align: justify;\">Este a\u00f1o, la Feria del Libro no se limitar\u00e1 a Manizales. Por primera vez, el evento se extender\u00e1 a otros municipios de Caldas, con actividades programadas en La Dorada y Aguadas, a partir del 3 de septiembre, llevando la celebraci\u00f3n del libro a m\u00e1s rincones del Departamento, para que m\u00e1s audiencias descubran el poder transformador de la lectura.<\/p>\n<p style=\"text-align: justify;\">La 15\u00b0 Feria del Libro Ciudad de Manizales, que se desarrollar\u00e1 hasta el 1 de septiembre, promete ser un espacio diverso e inclusivo, donde editoriales, librer\u00edas, escritores, estudiantes y amantes de la lectura podr\u00e1n sumergirse en un mundo de misterios y maravillas que iluminan la vida.<\/p>\n<p><strong>Anexo<\/strong><\/p>\n<p><a href=\"https:\/\/www.ucaldas.edu.co\/portal\/wp-content\/uploads\/2024\/08\/dario-feria-online-audio-converter.com_.mp3\"><strong>Audio vicerrector de Proyecci\u00f3n, Dar\u00edo Arenas.<\/strong><\/a><\/p>\n<audio class=\"wp-audio-shortcode\" id=\"audio-83261-1\" preload=\"none\" style=\"width: 100%;\" controls=\"controls\"><source type=\"audio\/mpeg\" src=\"https:\/\/www.ucaldas.edu.co\/portal\/wp-content\/uploads\/2024\/08\/dario-feria-online-audio-converter.com_.mp3?_=1\" \/><a href=\"https:\/\/www.ucaldas.edu.co\/portal\/wp-content\/uploads\/2024\/08\/dario-feria-online-audio-converter.com_.mp3\">https:\/\/www.ucaldas.edu.co\/portal\/wp-content\/uploads\/2024\/08\/dario-feria-online-audio-converter.com_.mp3<\/a><\/audio>\n<p><a href=\"https:\/\/www.ucaldas.edu.co\/portal\/wp-content\/uploads\/2024\/08\/andres-calle-online-audio-converter.com_.mp3\"><strong>Asistente a la Feria del Libro, Andr\u00e9s Calle<\/strong><\/a><\/p>\n<audio class=\"wp-audio-shortcode\" id=\"audio-83261-2\" preload=\"none\" style=\"width: 100%;\" controls=\"controls\"><source type=\"audio\/mpeg\" src=\"https:\/\/www.ucaldas.edu.co\/portal\/wp-content\/uploads\/2024\/08\/andres-calle-online-audio-converter.com_.mp3?_=2\" \/><a href=\"https:\/\/www.ucaldas.edu.co\/portal\/wp-content\/uploads\/2024\/08\/andres-calle-online-audio-converter.com_.mp3\">https:\/\/www.ucaldas.edu.co\/portal\/wp-content\/uploads\/2024\/08\/andres-calle-online-audio-converter.com_.mp3<\/a><\/audio>\n<p><a href=\"https:\/\/www.ucaldas.edu.co\/portal\/wp-content\/uploads\/2024\/08\/Diana-Reyes-online-audio-converter.com_.mp3\"><strong>Asistente a la Feria del Libro, Diana Reyes<\/strong><\/a><\/p>\n<audio class=\"wp-audio-shortcode\" id=\"audio-83261-3\" preload=\"none\" style=\"width: 100%;\" controls=\"controls\"><source type=\"audio\/mpeg\" src=\"https:\/\/www.ucaldas.edu.co\/portal\/wp-content\/uploads\/2024\/08\/Diana-Reyes-online-audio-converter.com_.mp3?_=3\" \/><a href=\"https:\/\/www.ucaldas.edu.co\/portal\/wp-content\/uploads\/2024\/08\/Diana-Reyes-online-audio-converter.com_.mp3\">https:\/\/www.ucaldas.edu.co\/portal\/wp-content\/uploads\/2024\/08\/Diana-Reyes-online-audio-converter.com_.mp3<\/a><\/audio>\n<p><strong>\u00a0<\/strong>[\/vc_column_text][\/vc_column][\/vc_row][vc_row][vc_column][vc_gallery type=\u00bbimage_grid\u00bb images=\u00bb83266,83267,83268,83269,83270,83272,83273&#8243; title=\u00bbAs\u00ed fue la apertura de la 15\u00aa Feria del Libro Ciudad de Manizales\u00bb][\/vc_column][\/vc_row]<\/p>\n<\/div>","protected":false},"excerpt":{"rendered":"<p>[vc_row][vc_column][vc_column_text] Con un emotivo homenaje a la obra ic\u00f3nica La vor\u00e1gine, de Jos\u00e9 Eustasio Rivera, se dio apertura oficial a la 15\u00b0 Feria del Libro Ciudad de Manizales en el Centro Cultural Universitario Rogelio Salmona. La Universidad de Caldas, en colaboraci\u00f3n con la Vicerrector\u00eda de Proyecci\u00f3n Universitaria, la Alcald\u00eda de Manizales, la Secretar\u00eda de Cultura [&hellip;]<\/p>\n","protected":false},"author":2,"featured_media":83265,"comment_status":"closed","ping_status":"open","sticky":false,"template":"","format":"standard","meta":{"footnotes":""},"categories":[48,53],"tags":[628,717,3241],"class_list":["post-83261","post","type-post","status-publish","format-standard","has-post-thumbnail","hentry","category-actualidad","category-universidad-al-dia","tag-alcaldia-de-manizales","tag-feria-del-libro","tag-editorial-u-de-caldas"],"yoast_head":"<!-- This site is optimized with the Yoast SEO plugin v27.5 - https:\/\/yoast.com\/product\/yoast-seo-wordpress\/ -->\n<title>Comienza a descubrirse el misterio verde y las letras que nos habitan con la apertura de la 15\u00b0 Feria del Libro ciudad de Manizales .<\/title>\n<meta name=\"robots\" content=\"index, follow, max-snippet:-1, max-image-preview:large, max-video-preview:-1\" \/>\n<link rel=\"canonical\" href=\"https:\/\/www.ucaldas.edu.co\/portal\/comienza-a-descubrirse-el-misterio-verde-y-las-letras-que-nos-habitan-con-la-apertura-de-la-15-feria-del-libro-ciudad-de-manizales\/\" \/>\n<script type=\"application\/ld+json\" class=\"yoast-schema-graph\">{\"@context\":\"https:\\\/\\\/schema.org\",\"@graph\":[{\"@type\":\"Article\",\"@id\":\"https:\\\/\\\/www.ucaldas.edu.co\\\/portal\\\/comienza-a-descubrirse-el-misterio-verde-y-las-letras-que-nos-habitan-con-la-apertura-de-la-15-feria-del-libro-ciudad-de-manizales\\\/#article\",\"isPartOf\":{\"@id\":\"https:\\\/\\\/www.ucaldas.edu.co\\\/portal\\\/comienza-a-descubrirse-el-misterio-verde-y-las-letras-que-nos-habitan-con-la-apertura-de-la-15-feria-del-libro-ciudad-de-manizales\\\/\"},\"author\":{\"name\":\"ofiprensa\",\"@id\":\"https:\\\/\\\/www.ucaldas.edu.co\\\/portal\\\/#\\\/schema\\\/person\\\/a1b482e23449158b4bc319926c074fdf\"},\"headline\":\"Comienza a descubrirse el misterio verde y las letras que nos habitan con la apertura de la 15\u00b0 Feria del Libro ciudad de Manizales\",\"datePublished\":\"2024-08-28T01:00:03+00:00\",\"mainEntityOfPage\":{\"@id\":\"https:\\\/\\\/www.ucaldas.edu.co\\\/portal\\\/comienza-a-descubrirse-el-misterio-verde-y-las-letras-que-nos-habitan-con-la-apertura-de-la-15-feria-del-libro-ciudad-de-manizales\\\/\"},\"wordCount\":509,\"publisher\":{\"@id\":\"https:\\\/\\\/www.ucaldas.edu.co\\\/portal\\\/#organization\"},\"image\":{\"@id\":\"https:\\\/\\\/www.ucaldas.edu.co\\\/portal\\\/comienza-a-descubrirse-el-misterio-verde-y-las-letras-que-nos-habitan-con-la-apertura-de-la-15-feria-del-libro-ciudad-de-manizales\\\/#primaryimage\"},\"thumbnailUrl\":\"https:\\\/\\\/www.ucaldas.edu.co\\\/portal\\\/wp-content\\\/uploads\\\/2024\\\/08\\\/libro-8.jpg\",\"keywords\":[\"Alcald\u00eda de Manizales\",\"Feria del Libro\",\"editorial u de caldas\"],\"articleSection\":[\"Actualidad\",\"Universidad al D\u00eda\"],\"inLanguage\":\"es\"},{\"@type\":\"WebPage\",\"@id\":\"https:\\\/\\\/www.ucaldas.edu.co\\\/portal\\\/comienza-a-descubrirse-el-misterio-verde-y-las-letras-que-nos-habitan-con-la-apertura-de-la-15-feria-del-libro-ciudad-de-manizales\\\/\",\"url\":\"https:\\\/\\\/www.ucaldas.edu.co\\\/portal\\\/comienza-a-descubrirse-el-misterio-verde-y-las-letras-que-nos-habitan-con-la-apertura-de-la-15-feria-del-libro-ciudad-de-manizales\\\/\",\"name\":\"Comienza a descubrirse el misterio verde y las letras que nos habitan con la apertura de la 15\u00b0 Feria del Libro ciudad de Manizales .\",\"isPartOf\":{\"@id\":\"https:\\\/\\\/www.ucaldas.edu.co\\\/portal\\\/#website\"},\"primaryImageOfPage\":{\"@id\":\"https:\\\/\\\/www.ucaldas.edu.co\\\/portal\\\/comienza-a-descubrirse-el-misterio-verde-y-las-letras-que-nos-habitan-con-la-apertura-de-la-15-feria-del-libro-ciudad-de-manizales\\\/#primaryimage\"},\"image\":{\"@id\":\"https:\\\/\\\/www.ucaldas.edu.co\\\/portal\\\/comienza-a-descubrirse-el-misterio-verde-y-las-letras-que-nos-habitan-con-la-apertura-de-la-15-feria-del-libro-ciudad-de-manizales\\\/#primaryimage\"},\"thumbnailUrl\":\"https:\\\/\\\/www.ucaldas.edu.co\\\/portal\\\/wp-content\\\/uploads\\\/2024\\\/08\\\/libro-8.jpg\",\"datePublished\":\"2024-08-28T01:00:03+00:00\",\"breadcrumb\":{\"@id\":\"https:\\\/\\\/www.ucaldas.edu.co\\\/portal\\\/comienza-a-descubrirse-el-misterio-verde-y-las-letras-que-nos-habitan-con-la-apertura-de-la-15-feria-del-libro-ciudad-de-manizales\\\/#breadcrumb\"},\"inLanguage\":\"es\",\"potentialAction\":[{\"@type\":\"ReadAction\",\"target\":[\"https:\\\/\\\/www.ucaldas.edu.co\\\/portal\\\/comienza-a-descubrirse-el-misterio-verde-y-las-letras-que-nos-habitan-con-la-apertura-de-la-15-feria-del-libro-ciudad-de-manizales\\\/\"]}]},{\"@type\":\"ImageObject\",\"inLanguage\":\"es\",\"@id\":\"https:\\\/\\\/www.ucaldas.edu.co\\\/portal\\\/comienza-a-descubrirse-el-misterio-verde-y-las-letras-que-nos-habitan-con-la-apertura-de-la-15-feria-del-libro-ciudad-de-manizales\\\/#primaryimage\",\"url\":\"https:\\\/\\\/www.ucaldas.edu.co\\\/portal\\\/wp-content\\\/uploads\\\/2024\\\/08\\\/libro-8.jpg\",\"contentUrl\":\"https:\\\/\\\/www.ucaldas.edu.co\\\/portal\\\/wp-content\\\/uploads\\\/2024\\\/08\\\/libro-8.jpg\",\"width\":1600,\"height\":1066},{\"@type\":\"BreadcrumbList\",\"@id\":\"https:\\\/\\\/www.ucaldas.edu.co\\\/portal\\\/comienza-a-descubrirse-el-misterio-verde-y-las-letras-que-nos-habitan-con-la-apertura-de-la-15-feria-del-libro-ciudad-de-manizales\\\/#breadcrumb\",\"itemListElement\":[{\"@type\":\"ListItem\",\"position\":1,\"name\":\"Portada\",\"item\":\"https:\\\/\\\/www.ucaldas.edu.co\\\/portal\\\/\"},{\"@type\":\"ListItem\",\"position\":2,\"name\":\"Comienza a descubrirse el misterio verde y las letras que nos habitan con la apertura de la 15\u00b0 Feria del Libro ciudad de Manizales\"}]},{\"@type\":\"WebSite\",\"@id\":\"https:\\\/\\\/www.ucaldas.edu.co\\\/portal\\\/#website\",\"url\":\"https:\\\/\\\/www.ucaldas.edu.co\\\/portal\\\/\",\"name\":\"Universidad de Caldas\",\"description\":\"\",\"publisher\":{\"@id\":\"https:\\\/\\\/www.ucaldas.edu.co\\\/portal\\\/#organization\"},\"alternateName\":\"U. de Caldas\",\"potentialAction\":[{\"@type\":\"SearchAction\",\"target\":{\"@type\":\"EntryPoint\",\"urlTemplate\":\"https:\\\/\\\/www.ucaldas.edu.co\\\/portal\\\/?s={search_term_string}\"},\"query-input\":{\"@type\":\"PropertyValueSpecification\",\"valueRequired\":true,\"valueName\":\"search_term_string\"}}],\"inLanguage\":\"es\"},{\"@type\":\"Organization\",\"@id\":\"https:\\\/\\\/www.ucaldas.edu.co\\\/portal\\\/#organization\",\"name\":\"Universidad de Caldas\",\"alternateName\":\"U. de Caldas\",\"url\":\"https:\\\/\\\/www.ucaldas.edu.co\\\/portal\\\/\",\"logo\":{\"@type\":\"ImageObject\",\"inLanguage\":\"es\",\"@id\":\"https:\\\/\\\/www.ucaldas.edu.co\\\/portal\\\/#\\\/schema\\\/logo\\\/image\\\/\",\"url\":\"https:\\\/\\\/www.ucaldas.edu.co\\\/portal\\\/wp-content\\\/uploads\\\/2023\\\/11\\\/Logo_horizontal_oscuroU-2023.png\",\"contentUrl\":\"https:\\\/\\\/www.ucaldas.edu.co\\\/portal\\\/wp-content\\\/uploads\\\/2023\\\/11\\\/Logo_horizontal_oscuroU-2023.png\",\"width\":263,\"height\":101,\"caption\":\"Universidad de Caldas\"},\"image\":{\"@id\":\"https:\\\/\\\/www.ucaldas.edu.co\\\/portal\\\/#\\\/schema\\\/logo\\\/image\\\/\"},\"sameAs\":[\"https:\\\/\\\/www.facebook.com\\\/udecaldas\",\"https:\\\/\\\/x.com\\\/udecaldas\",\"https:\\\/\\\/www.youtube.com\\\/universidadcaldas\",\"https:\\\/\\\/www.instagram.com\\\/udecaldas\\\/\"]},{\"@type\":\"Person\",\"@id\":\"https:\\\/\\\/www.ucaldas.edu.co\\\/portal\\\/#\\\/schema\\\/person\\\/a1b482e23449158b4bc319926c074fdf\",\"name\":\"ofiprensa\",\"image\":{\"@type\":\"ImageObject\",\"inLanguage\":\"es\",\"@id\":\"https:\\\/\\\/www.ucaldas.edu.co\\\/portal\\\/wp-content\\\/litespeed\\\/avatar\\\/09ea5085e600095a7a811142c6944527.jpg?ver=1777497608\",\"url\":\"https:\\\/\\\/www.ucaldas.edu.co\\\/portal\\\/wp-content\\\/litespeed\\\/avatar\\\/09ea5085e600095a7a811142c6944527.jpg?ver=1777497608\",\"contentUrl\":\"https:\\\/\\\/www.ucaldas.edu.co\\\/portal\\\/wp-content\\\/litespeed\\\/avatar\\\/09ea5085e600095a7a811142c6944527.jpg?ver=1777497608\",\"caption\":\"ofiprensa\"},\"url\":\"https:\\\/\\\/www.ucaldas.edu.co\\\/portal\\\/author\\\/ofiprensa\\\/\"}]}<\/script>\n<!-- \/ Yoast SEO plugin. -->","yoast_head_json":{"title":"Comienza a descubrirse el misterio verde y las letras que nos habitan con la apertura de la 15\u00b0 Feria del Libro ciudad de Manizales .","robots":{"index":"index","follow":"follow","max-snippet":"max-snippet:-1","max-image-preview":"max-image-preview:large","max-video-preview":"max-video-preview:-1"},"canonical":"https:\/\/www.ucaldas.edu.co\/portal\/comienza-a-descubrirse-el-misterio-verde-y-las-letras-que-nos-habitan-con-la-apertura-de-la-15-feria-del-libro-ciudad-de-manizales\/","schema":{"@context":"https:\/\/schema.org","@graph":[{"@type":"Article","@id":"https:\/\/www.ucaldas.edu.co\/portal\/comienza-a-descubrirse-el-misterio-verde-y-las-letras-que-nos-habitan-con-la-apertura-de-la-15-feria-del-libro-ciudad-de-manizales\/#article","isPartOf":{"@id":"https:\/\/www.ucaldas.edu.co\/portal\/comienza-a-descubrirse-el-misterio-verde-y-las-letras-que-nos-habitan-con-la-apertura-de-la-15-feria-del-libro-ciudad-de-manizales\/"},"author":{"name":"ofiprensa","@id":"https:\/\/www.ucaldas.edu.co\/portal\/#\/schema\/person\/a1b482e23449158b4bc319926c074fdf"},"headline":"Comienza a descubrirse el misterio verde y las letras que nos habitan con la apertura de la 15\u00b0 Feria del Libro ciudad de Manizales","datePublished":"2024-08-28T01:00:03+00:00","mainEntityOfPage":{"@id":"https:\/\/www.ucaldas.edu.co\/portal\/comienza-a-descubrirse-el-misterio-verde-y-las-letras-que-nos-habitan-con-la-apertura-de-la-15-feria-del-libro-ciudad-de-manizales\/"},"wordCount":509,"publisher":{"@id":"https:\/\/www.ucaldas.edu.co\/portal\/#organization"},"image":{"@id":"https:\/\/www.ucaldas.edu.co\/portal\/comienza-a-descubrirse-el-misterio-verde-y-las-letras-que-nos-habitan-con-la-apertura-de-la-15-feria-del-libro-ciudad-de-manizales\/#primaryimage"},"thumbnailUrl":"https:\/\/www.ucaldas.edu.co\/portal\/wp-content\/uploads\/2024\/08\/libro-8.jpg","keywords":["Alcald\u00eda de Manizales","Feria del Libro","editorial u de caldas"],"articleSection":["Actualidad","Universidad al D\u00eda"],"inLanguage":"es"},{"@type":"WebPage","@id":"https:\/\/www.ucaldas.edu.co\/portal\/comienza-a-descubrirse-el-misterio-verde-y-las-letras-que-nos-habitan-con-la-apertura-de-la-15-feria-del-libro-ciudad-de-manizales\/","url":"https:\/\/www.ucaldas.edu.co\/portal\/comienza-a-descubrirse-el-misterio-verde-y-las-letras-que-nos-habitan-con-la-apertura-de-la-15-feria-del-libro-ciudad-de-manizales\/","name":"Comienza a descubrirse el misterio verde y las letras que nos habitan con la apertura de la 15\u00b0 Feria del Libro ciudad de Manizales .","isPartOf":{"@id":"https:\/\/www.ucaldas.edu.co\/portal\/#website"},"primaryImageOfPage":{"@id":"https:\/\/www.ucaldas.edu.co\/portal\/comienza-a-descubrirse-el-misterio-verde-y-las-letras-que-nos-habitan-con-la-apertura-de-la-15-feria-del-libro-ciudad-de-manizales\/#primaryimage"},"image":{"@id":"https:\/\/www.ucaldas.edu.co\/portal\/comienza-a-descubrirse-el-misterio-verde-y-las-letras-que-nos-habitan-con-la-apertura-de-la-15-feria-del-libro-ciudad-de-manizales\/#primaryimage"},"thumbnailUrl":"https:\/\/www.ucaldas.edu.co\/portal\/wp-content\/uploads\/2024\/08\/libro-8.jpg","datePublished":"2024-08-28T01:00:03+00:00","breadcrumb":{"@id":"https:\/\/www.ucaldas.edu.co\/portal\/comienza-a-descubrirse-el-misterio-verde-y-las-letras-que-nos-habitan-con-la-apertura-de-la-15-feria-del-libro-ciudad-de-manizales\/#breadcrumb"},"inLanguage":"es","potentialAction":[{"@type":"ReadAction","target":["https:\/\/www.ucaldas.edu.co\/portal\/comienza-a-descubrirse-el-misterio-verde-y-las-letras-que-nos-habitan-con-la-apertura-de-la-15-feria-del-libro-ciudad-de-manizales\/"]}]},{"@type":"ImageObject","inLanguage":"es","@id":"https:\/\/www.ucaldas.edu.co\/portal\/comienza-a-descubrirse-el-misterio-verde-y-las-letras-que-nos-habitan-con-la-apertura-de-la-15-feria-del-libro-ciudad-de-manizales\/#primaryimage","url":"https:\/\/www.ucaldas.edu.co\/portal\/wp-content\/uploads\/2024\/08\/libro-8.jpg","contentUrl":"https:\/\/www.ucaldas.edu.co\/portal\/wp-content\/uploads\/2024\/08\/libro-8.jpg","width":1600,"height":1066},{"@type":"BreadcrumbList","@id":"https:\/\/www.ucaldas.edu.co\/portal\/comienza-a-descubrirse-el-misterio-verde-y-las-letras-que-nos-habitan-con-la-apertura-de-la-15-feria-del-libro-ciudad-de-manizales\/#breadcrumb","itemListElement":[{"@type":"ListItem","position":1,"name":"Portada","item":"https:\/\/www.ucaldas.edu.co\/portal\/"},{"@type":"ListItem","position":2,"name":"Comienza a descubrirse el misterio verde y las letras que nos habitan con la apertura de la 15\u00b0 Feria del Libro ciudad de Manizales"}]},{"@type":"WebSite","@id":"https:\/\/www.ucaldas.edu.co\/portal\/#website","url":"https:\/\/www.ucaldas.edu.co\/portal\/","name":"Universidad de Caldas","description":"","publisher":{"@id":"https:\/\/www.ucaldas.edu.co\/portal\/#organization"},"alternateName":"U. de Caldas","potentialAction":[{"@type":"SearchAction","target":{"@type":"EntryPoint","urlTemplate":"https:\/\/www.ucaldas.edu.co\/portal\/?s={search_term_string}"},"query-input":{"@type":"PropertyValueSpecification","valueRequired":true,"valueName":"search_term_string"}}],"inLanguage":"es"},{"@type":"Organization","@id":"https:\/\/www.ucaldas.edu.co\/portal\/#organization","name":"Universidad de Caldas","alternateName":"U. de Caldas","url":"https:\/\/www.ucaldas.edu.co\/portal\/","logo":{"@type":"ImageObject","inLanguage":"es","@id":"https:\/\/www.ucaldas.edu.co\/portal\/#\/schema\/logo\/image\/","url":"https:\/\/www.ucaldas.edu.co\/portal\/wp-content\/uploads\/2023\/11\/Logo_horizontal_oscuroU-2023.png","contentUrl":"https:\/\/www.ucaldas.edu.co\/portal\/wp-content\/uploads\/2023\/11\/Logo_horizontal_oscuroU-2023.png","width":263,"height":101,"caption":"Universidad de Caldas"},"image":{"@id":"https:\/\/www.ucaldas.edu.co\/portal\/#\/schema\/logo\/image\/"},"sameAs":["https:\/\/www.facebook.com\/udecaldas","https:\/\/x.com\/udecaldas","https:\/\/www.youtube.com\/universidadcaldas","https:\/\/www.instagram.com\/udecaldas\/"]},{"@type":"Person","@id":"https:\/\/www.ucaldas.edu.co\/portal\/#\/schema\/person\/a1b482e23449158b4bc319926c074fdf","name":"ofiprensa","image":{"@type":"ImageObject","inLanguage":"es","@id":"https:\/\/www.ucaldas.edu.co\/portal\/wp-content\/litespeed\/avatar\/09ea5085e600095a7a811142c6944527.jpg?ver=1777497608","url":"https:\/\/www.ucaldas.edu.co\/portal\/wp-content\/litespeed\/avatar\/09ea5085e600095a7a811142c6944527.jpg?ver=1777497608","contentUrl":"https:\/\/www.ucaldas.edu.co\/portal\/wp-content\/litespeed\/avatar\/09ea5085e600095a7a811142c6944527.jpg?ver=1777497608","caption":"ofiprensa"},"url":"https:\/\/www.ucaldas.edu.co\/portal\/author\/ofiprensa\/"}]}},"_links":{"self":[{"href":"https:\/\/www.ucaldas.edu.co\/portal\/wp-json\/wp\/v2\/posts\/83261","targetHints":{"allow":["GET"]}}],"collection":[{"href":"https:\/\/www.ucaldas.edu.co\/portal\/wp-json\/wp\/v2\/posts"}],"about":[{"href":"https:\/\/www.ucaldas.edu.co\/portal\/wp-json\/wp\/v2\/types\/post"}],"author":[{"embeddable":true,"href":"https:\/\/www.ucaldas.edu.co\/portal\/wp-json\/wp\/v2\/users\/2"}],"replies":[{"embeddable":true,"href":"https:\/\/www.ucaldas.edu.co\/portal\/wp-json\/wp\/v2\/comments?post=83261"}],"version-history":[{"count":0,"href":"https:\/\/www.ucaldas.edu.co\/portal\/wp-json\/wp\/v2\/posts\/83261\/revisions"}],"wp:featuredmedia":[{"embeddable":true,"href":"https:\/\/www.ucaldas.edu.co\/portal\/wp-json\/wp\/v2\/media\/83265"}],"wp:attachment":[{"href":"https:\/\/www.ucaldas.edu.co\/portal\/wp-json\/wp\/v2\/media?parent=83261"}],"wp:term":[{"taxonomy":"category","embeddable":true,"href":"https:\/\/www.ucaldas.edu.co\/portal\/wp-json\/wp\/v2\/categories?post=83261"},{"taxonomy":"post_tag","embeddable":true,"href":"https:\/\/www.ucaldas.edu.co\/portal\/wp-json\/wp\/v2\/tags?post=83261"}],"curies":[{"name":"wp","href":"https:\/\/api.w.org\/{rel}","templated":true}]}}