{"id":83244,"date":"2024-08-27T19:34:58","date_gmt":"2024-08-28T00:34:58","guid":{"rendered":"https:\/\/www.ucaldas.edu.co\/portal\/?p=83244"},"modified":"2024-08-27T19:42:25","modified_gmt":"2024-08-28T00:42:25","slug":"informe-del-primer-coloquio-del-consejo-de-honor-en-ciencias-sociales-y-humanas-hacia-la-descentralizacion-de-la-educacion-en-colombia","status":"publish","type":"post","link":"https:\/\/www.ucaldas.edu.co\/portal\/informe-del-primer-coloquio-del-consejo-de-honor-en-ciencias-sociales-y-humanas-hacia-la-descentralizacion-de-la-educacion-en-colombia\/","title":{"rendered":"Informe del Primer Coloquio del Consejo de Honor en Ciencias Sociales y Humanas: hacia la descentralizaci\u00f3n de la educaci\u00f3n en Colombia"},"content":{"rendered":"<p style=\"text-align: justify;\"><img loading=\"lazy\" decoding=\"async\" class=\"alignnone size-full wp-image-83254\" src=\"https:\/\/www.ucaldas.edu.co\/portal\/wp-content\/uploads\/2024\/08\/coloquio.jpg\" alt=\"\" width=\"1599\" height=\"1066\" \/>La Universidad de Caldas present\u00f3 el informe del primer Coloquio del Consejo de Honor en Ciencias Sociales y Humanas, un evento que se centr\u00f3 en debatir y explorar la relaci\u00f3n entre descentralizaci\u00f3n y educaci\u00f3n, en l\u00ednea con la Misi\u00f3n de Descentralizaci\u00f3n instaurada en 2021.<!--more--><\/p>\n<p style=\"text-align: justify;\">Este informe revela cinco elementos clave que servir\u00e1n como gu\u00eda para departamentos y municipios en Colombia:<\/p>\n<p style=\"text-align: justify;\"><strong>Materializaci\u00f3n de competencias:<\/strong> Establecer con claridad las responsabilidades entre los distintos niveles de gobierno.<\/p>\n<p style=\"text-align: justify;\"><strong>Revisi\u00f3n de la arquitectura institucional:<\/strong> Analizar y reestructurar la administraci\u00f3n p\u00fablica para una mayor eficiencia.<\/p>\n<p style=\"text-align: justify;\"><strong>Un estado m\u00e1s abierto e inclusivo:<\/strong> Promover una participaci\u00f3n ciudadana m\u00e1s activa en las decisiones del gobierno.<\/p>\n<p style=\"text-align: justify;\"><strong>Atenci\u00f3n a temas \u00e9tnicos y territoriales ind\u00edgenas<\/strong>: Enfocar pol\u00edticas en la inclusi\u00f3n y respeto de las comunidades ind\u00edgenas.<\/p>\n<p style=\"text-align: justify;\"><strong>Cierre de brechas econ\u00f3micas:<\/strong> Considerar el desarrollo econ\u00f3mico territorial como un pilar fundamental para la ciudadan\u00eda.<\/p>\n<p style=\"text-align: justify;\">El Consejo de Honor en Ciencias Sociales y Humanas de la Universidad de Caldas es un espacio acad\u00e9mico que involucra a especialistas y actores pol\u00edticos interesados en la transformaci\u00f3n social equitativa. Este consejo, compuesto por acad\u00e9micos de Estados Unidos, Francia, Espa\u00f1a y varias regiones de Colombia, se ha convertido en un foro de discusi\u00f3n para abordar los desaf\u00edos que enfrenta el pa\u00eds, especialmente en relaci\u00f3n con la descentralizaci\u00f3n.<\/p>\n<p style=\"text-align: justify;\">Durante el segundo encuentro del Consejo, celebrado en el Instituto de Investigaciones en Ciencias Sociales y Humanas de la Universidad de Caldas, se destac\u00f3 la importancia de descentralizar la estructura del pa\u00eds para abordar problemas como la desigualdad y la falta de acceso a recursos y educaci\u00f3n en las regiones. \u00abEs necesario realizar un proceso con base cient\u00edfica para apoyar la descentralizaci\u00f3n desde las regiones,\u00bb se\u00f1al\u00f3 Mauricio D\u00edaz Granados, director cient\u00edfico del Jard\u00edn Bot\u00e1nico de Nueva York, quien particip\u00f3 en el evento.<\/p>\n<p style=\"text-align: justify;\">Nelson Vallejo G\u00f3mez, presidente del Consejo Internacional de Honor e Inspector General de la Educaci\u00f3n\u00a0de\u00a0Francia, subray\u00f3 la decisi\u00f3n de la Universidad de Caldas de organizar este primer Coloquio Internacional del Consejo de Honor como parte del Comit\u00e9 T\u00e9cnico de la Alianza por la Articulaci\u00f3n de la Educaci\u00f3n en los Territorios. \u00abQueremos mostrar c\u00f3mo podemos acompa\u00f1ar a los alcaldes en sus planes de desarrollo institucional desde las Ciencias y Humanidades,\u00bb afirm\u00f3 Vallejo.<\/p>\n<p style=\"text-align: justify;\">Por su parte, Ricardo Moreno Pati\u00f1o, viceministro de Educaci\u00f3n Superior, enfatiz\u00f3 la importancia de hacer de la educaci\u00f3n un derecho accesible en todos los territorios. \u00abLa historia de nuestro pa\u00eds ha estado marcada por una exclusi\u00f3n sistem\u00e1tica de las poblaciones en derechos tan importantes como la educaci\u00f3n. Desde el gobierno de Gustavo Petro, hemos planteado la necesidad de fortalecer financieramente a las instituciones p\u00fablicas para que puedan llegar a todos los territorios,\u00bb declar\u00f3 Moreno Pati\u00f1o.<\/p>\n<p><strong>Anexo<\/strong><\/p>\n<p><a href=\"https:\/\/www.ucaldas.edu.co\/portal\/wp-content\/uploads\/2024\/08\/Ricardo-Moreno-coloquio.mp3\"><strong>Audio viceministro de Educaci\u00f3n Superior, Ricardo Moreno Pati\u00f1o<\/strong><\/a><\/p>\n<audio class=\"wp-audio-shortcode\" id=\"audio-83244-1\" preload=\"none\" style=\"width: 100%;\" controls=\"controls\"><source type=\"audio\/mpeg\" src=\"https:\/\/www.ucaldas.edu.co\/portal\/wp-content\/uploads\/2024\/08\/Ricardo-Moreno-coloquio.mp3?_=1\" \/><a href=\"https:\/\/www.ucaldas.edu.co\/portal\/wp-content\/uploads\/2024\/08\/Ricardo-Moreno-coloquio.mp3\">https:\/\/www.ucaldas.edu.co\/portal\/wp-content\/uploads\/2024\/08\/Ricardo-Moreno-coloquio.mp3<\/a><\/audio>\n<p><a href=\"https:\/\/www.ucaldas.edu.co\/portal\/wp-content\/uploads\/2024\/08\/Nelson-vallejo-intercambio.mp3\"><strong>Audio presidente del Consejo Internacional de Honor e Inspector General de la Educaci\u00f3n de Francia, Nelson Vallejo G\u00f3mez.<\/strong><\/a><\/p>\n<audio class=\"wp-audio-shortcode\" id=\"audio-83244-2\" preload=\"none\" style=\"width: 100%;\" controls=\"controls\"><source type=\"audio\/mpeg\" src=\"https:\/\/www.ucaldas.edu.co\/portal\/wp-content\/uploads\/2024\/08\/Nelson-vallejo-intercambio.mp3?_=2\" \/><a href=\"https:\/\/www.ucaldas.edu.co\/portal\/wp-content\/uploads\/2024\/08\/Nelson-vallejo-intercambio.mp3\">https:\/\/www.ucaldas.edu.co\/portal\/wp-content\/uploads\/2024\/08\/Nelson-vallejo-intercambio.mp3<\/a><\/audio>\n<p>&nbsp;<\/p>\n","protected":false},"excerpt":{"rendered":"<p>La Universidad de Caldas present\u00f3 el informe del primer Coloquio del Consejo de Honor en Ciencias Sociales y Humanas, un evento que se centr\u00f3 en debatir y explorar la relaci\u00f3n entre descentralizaci\u00f3n y educaci\u00f3n, en l\u00ednea con la Misi\u00f3n de Descentralizaci\u00f3n instaurada en 2021.<\/p>\n","protected":false},"author":2,"featured_media":83254,"comment_status":"closed","ping_status":"open","sticky":false,"template":"","format":"standard","meta":{"footnotes":""},"categories":[48,53],"tags":[764,5385],"class_list":["post-83244","post","type-post","status-publish","format-standard","has-post-thumbnail","hentry","category-actualidad","category-universidad-al-dia","tag-coloquio","tag-ciencias-sociales-y-humanas"],"yoast_head":"<!-- This site is optimized with the Yoast SEO plugin v27.5 - https:\/\/yoast.com\/product\/yoast-seo-wordpress\/ -->\n<title>Informe del Primer Coloquio del Consejo de Honor en Ciencias Sociales y Humanas: hacia la descentralizaci\u00f3n de la educaci\u00f3n en Colombia .<\/title>\n<meta name=\"robots\" content=\"index, follow, max-snippet:-1, max-image-preview:large, max-video-preview:-1\" \/>\n<link rel=\"canonical\" href=\"https:\/\/www.ucaldas.edu.co\/portal\/informe-del-primer-coloquio-del-consejo-de-honor-en-ciencias-sociales-y-humanas-hacia-la-descentralizacion-de-la-educacion-en-colombia\/\" \/>\n<script type=\"application\/ld+json\" class=\"yoast-schema-graph\">{\"@context\":\"https:\\\/\\\/schema.org\",\"@graph\":[{\"@type\":\"Article\",\"@id\":\"https:\\\/\\\/www.ucaldas.edu.co\\\/portal\\\/informe-del-primer-coloquio-del-consejo-de-honor-en-ciencias-sociales-y-humanas-hacia-la-descentralizacion-de-la-educacion-en-colombia\\\/#article\",\"isPartOf\":{\"@id\":\"https:\\\/\\\/www.ucaldas.edu.co\\\/portal\\\/informe-del-primer-coloquio-del-consejo-de-honor-en-ciencias-sociales-y-humanas-hacia-la-descentralizacion-de-la-educacion-en-colombia\\\/\"},\"author\":{\"name\":\"ofiprensa\",\"@id\":\"https:\\\/\\\/www.ucaldas.edu.co\\\/portal\\\/#\\\/schema\\\/person\\\/a1b482e23449158b4bc319926c074fdf\"},\"headline\":\"Informe del Primer Coloquio del Consejo de Honor en Ciencias Sociales y Humanas: hacia la descentralizaci\u00f3n de la educaci\u00f3n en Colombia\",\"datePublished\":\"2024-08-28T00:34:58+00:00\",\"dateModified\":\"2024-08-28T00:42:25+00:00\",\"mainEntityOfPage\":{\"@id\":\"https:\\\/\\\/www.ucaldas.edu.co\\\/portal\\\/informe-del-primer-coloquio-del-consejo-de-honor-en-ciencias-sociales-y-humanas-hacia-la-descentralizacion-de-la-educacion-en-colombia\\\/\"},\"wordCount\":577,\"publisher\":{\"@id\":\"https:\\\/\\\/www.ucaldas.edu.co\\\/portal\\\/#organization\"},\"image\":{\"@id\":\"https:\\\/\\\/www.ucaldas.edu.co\\\/portal\\\/informe-del-primer-coloquio-del-consejo-de-honor-en-ciencias-sociales-y-humanas-hacia-la-descentralizacion-de-la-educacion-en-colombia\\\/#primaryimage\"},\"thumbnailUrl\":\"https:\\\/\\\/www.ucaldas.edu.co\\\/portal\\\/wp-content\\\/uploads\\\/2024\\\/08\\\/coloquio.jpg\",\"keywords\":[\"coloquio\",\"ciencias sociales y humanas\"],\"articleSection\":[\"Actualidad\",\"Universidad al D\u00eda\"],\"inLanguage\":\"es\"},{\"@type\":\"WebPage\",\"@id\":\"https:\\\/\\\/www.ucaldas.edu.co\\\/portal\\\/informe-del-primer-coloquio-del-consejo-de-honor-en-ciencias-sociales-y-humanas-hacia-la-descentralizacion-de-la-educacion-en-colombia\\\/\",\"url\":\"https:\\\/\\\/www.ucaldas.edu.co\\\/portal\\\/informe-del-primer-coloquio-del-consejo-de-honor-en-ciencias-sociales-y-humanas-hacia-la-descentralizacion-de-la-educacion-en-colombia\\\/\",\"name\":\"Informe del Primer Coloquio del Consejo de Honor en Ciencias Sociales y Humanas: hacia la descentralizaci\u00f3n de la educaci\u00f3n en Colombia .\",\"isPartOf\":{\"@id\":\"https:\\\/\\\/www.ucaldas.edu.co\\\/portal\\\/#website\"},\"primaryImageOfPage\":{\"@id\":\"https:\\\/\\\/www.ucaldas.edu.co\\\/portal\\\/informe-del-primer-coloquio-del-consejo-de-honor-en-ciencias-sociales-y-humanas-hacia-la-descentralizacion-de-la-educacion-en-colombia\\\/#primaryimage\"},\"image\":{\"@id\":\"https:\\\/\\\/www.ucaldas.edu.co\\\/portal\\\/informe-del-primer-coloquio-del-consejo-de-honor-en-ciencias-sociales-y-humanas-hacia-la-descentralizacion-de-la-educacion-en-colombia\\\/#primaryimage\"},\"thumbnailUrl\":\"https:\\\/\\\/www.ucaldas.edu.co\\\/portal\\\/wp-content\\\/uploads\\\/2024\\\/08\\\/coloquio.jpg\",\"datePublished\":\"2024-08-28T00:34:58+00:00\",\"dateModified\":\"2024-08-28T00:42:25+00:00\",\"breadcrumb\":{\"@id\":\"https:\\\/\\\/www.ucaldas.edu.co\\\/portal\\\/informe-del-primer-coloquio-del-consejo-de-honor-en-ciencias-sociales-y-humanas-hacia-la-descentralizacion-de-la-educacion-en-colombia\\\/#breadcrumb\"},\"inLanguage\":\"es\",\"potentialAction\":[{\"@type\":\"ReadAction\",\"target\":[\"https:\\\/\\\/www.ucaldas.edu.co\\\/portal\\\/informe-del-primer-coloquio-del-consejo-de-honor-en-ciencias-sociales-y-humanas-hacia-la-descentralizacion-de-la-educacion-en-colombia\\\/\"]}]},{\"@type\":\"ImageObject\",\"inLanguage\":\"es\",\"@id\":\"https:\\\/\\\/www.ucaldas.edu.co\\\/portal\\\/informe-del-primer-coloquio-del-consejo-de-honor-en-ciencias-sociales-y-humanas-hacia-la-descentralizacion-de-la-educacion-en-colombia\\\/#primaryimage\",\"url\":\"https:\\\/\\\/www.ucaldas.edu.co\\\/portal\\\/wp-content\\\/uploads\\\/2024\\\/08\\\/coloquio.jpg\",\"contentUrl\":\"https:\\\/\\\/www.ucaldas.edu.co\\\/portal\\\/wp-content\\\/uploads\\\/2024\\\/08\\\/coloquio.jpg\",\"width\":1599,\"height\":1066},{\"@type\":\"BreadcrumbList\",\"@id\":\"https:\\\/\\\/www.ucaldas.edu.co\\\/portal\\\/informe-del-primer-coloquio-del-consejo-de-honor-en-ciencias-sociales-y-humanas-hacia-la-descentralizacion-de-la-educacion-en-colombia\\\/#breadcrumb\",\"itemListElement\":[{\"@type\":\"ListItem\",\"position\":1,\"name\":\"Portada\",\"item\":\"https:\\\/\\\/www.ucaldas.edu.co\\\/portal\\\/\"},{\"@type\":\"ListItem\",\"position\":2,\"name\":\"Informe del Primer Coloquio del Consejo de Honor en Ciencias Sociales y Humanas: hacia la descentralizaci\u00f3n de la educaci\u00f3n en Colombia\"}]},{\"@type\":\"WebSite\",\"@id\":\"https:\\\/\\\/www.ucaldas.edu.co\\\/portal\\\/#website\",\"url\":\"https:\\\/\\\/www.ucaldas.edu.co\\\/portal\\\/\",\"name\":\"Universidad de Caldas\",\"description\":\"\",\"publisher\":{\"@id\":\"https:\\\/\\\/www.ucaldas.edu.co\\\/portal\\\/#organization\"},\"alternateName\":\"U. de Caldas\",\"potentialAction\":[{\"@type\":\"SearchAction\",\"target\":{\"@type\":\"EntryPoint\",\"urlTemplate\":\"https:\\\/\\\/www.ucaldas.edu.co\\\/portal\\\/?s={search_term_string}\"},\"query-input\":{\"@type\":\"PropertyValueSpecification\",\"valueRequired\":true,\"valueName\":\"search_term_string\"}}],\"inLanguage\":\"es\"},{\"@type\":\"Organization\",\"@id\":\"https:\\\/\\\/www.ucaldas.edu.co\\\/portal\\\/#organization\",\"name\":\"Universidad de Caldas\",\"alternateName\":\"U. de Caldas\",\"url\":\"https:\\\/\\\/www.ucaldas.edu.co\\\/portal\\\/\",\"logo\":{\"@type\":\"ImageObject\",\"inLanguage\":\"es\",\"@id\":\"https:\\\/\\\/www.ucaldas.edu.co\\\/portal\\\/#\\\/schema\\\/logo\\\/image\\\/\",\"url\":\"https:\\\/\\\/www.ucaldas.edu.co\\\/portal\\\/wp-content\\\/uploads\\\/2023\\\/11\\\/Logo_horizontal_oscuroU-2023.png\",\"contentUrl\":\"https:\\\/\\\/www.ucaldas.edu.co\\\/portal\\\/wp-content\\\/uploads\\\/2023\\\/11\\\/Logo_horizontal_oscuroU-2023.png\",\"width\":263,\"height\":101,\"caption\":\"Universidad de Caldas\"},\"image\":{\"@id\":\"https:\\\/\\\/www.ucaldas.edu.co\\\/portal\\\/#\\\/schema\\\/logo\\\/image\\\/\"},\"sameAs\":[\"https:\\\/\\\/www.facebook.com\\\/udecaldas\",\"https:\\\/\\\/x.com\\\/udecaldas\",\"https:\\\/\\\/www.youtube.com\\\/universidadcaldas\",\"https:\\\/\\\/www.instagram.com\\\/udecaldas\\\/\"]},{\"@type\":\"Person\",\"@id\":\"https:\\\/\\\/www.ucaldas.edu.co\\\/portal\\\/#\\\/schema\\\/person\\\/a1b482e23449158b4bc319926c074fdf\",\"name\":\"ofiprensa\",\"image\":{\"@type\":\"ImageObject\",\"inLanguage\":\"es\",\"@id\":\"https:\\\/\\\/www.ucaldas.edu.co\\\/portal\\\/wp-content\\\/litespeed\\\/avatar\\\/09ea5085e600095a7a811142c6944527.jpg?ver=1777497608\",\"url\":\"https:\\\/\\\/www.ucaldas.edu.co\\\/portal\\\/wp-content\\\/litespeed\\\/avatar\\\/09ea5085e600095a7a811142c6944527.jpg?ver=1777497608\",\"contentUrl\":\"https:\\\/\\\/www.ucaldas.edu.co\\\/portal\\\/wp-content\\\/litespeed\\\/avatar\\\/09ea5085e600095a7a811142c6944527.jpg?ver=1777497608\",\"caption\":\"ofiprensa\"},\"url\":\"https:\\\/\\\/www.ucaldas.edu.co\\\/portal\\\/author\\\/ofiprensa\\\/\"}]}<\/script>\n<!-- \/ Yoast SEO plugin. -->","yoast_head_json":{"title":"Informe del Primer Coloquio del Consejo de Honor en Ciencias Sociales y Humanas: hacia la descentralizaci\u00f3n de la educaci\u00f3n en Colombia .","robots":{"index":"index","follow":"follow","max-snippet":"max-snippet:-1","max-image-preview":"max-image-preview:large","max-video-preview":"max-video-preview:-1"},"canonical":"https:\/\/www.ucaldas.edu.co\/portal\/informe-del-primer-coloquio-del-consejo-de-honor-en-ciencias-sociales-y-humanas-hacia-la-descentralizacion-de-la-educacion-en-colombia\/","schema":{"@context":"https:\/\/schema.org","@graph":[{"@type":"Article","@id":"https:\/\/www.ucaldas.edu.co\/portal\/informe-del-primer-coloquio-del-consejo-de-honor-en-ciencias-sociales-y-humanas-hacia-la-descentralizacion-de-la-educacion-en-colombia\/#article","isPartOf":{"@id":"https:\/\/www.ucaldas.edu.co\/portal\/informe-del-primer-coloquio-del-consejo-de-honor-en-ciencias-sociales-y-humanas-hacia-la-descentralizacion-de-la-educacion-en-colombia\/"},"author":{"name":"ofiprensa","@id":"https:\/\/www.ucaldas.edu.co\/portal\/#\/schema\/person\/a1b482e23449158b4bc319926c074fdf"},"headline":"Informe del Primer Coloquio del Consejo de Honor en Ciencias Sociales y Humanas: hacia la descentralizaci\u00f3n de la educaci\u00f3n en Colombia","datePublished":"2024-08-28T00:34:58+00:00","dateModified":"2024-08-28T00:42:25+00:00","mainEntityOfPage":{"@id":"https:\/\/www.ucaldas.edu.co\/portal\/informe-del-primer-coloquio-del-consejo-de-honor-en-ciencias-sociales-y-humanas-hacia-la-descentralizacion-de-la-educacion-en-colombia\/"},"wordCount":577,"publisher":{"@id":"https:\/\/www.ucaldas.edu.co\/portal\/#organization"},"image":{"@id":"https:\/\/www.ucaldas.edu.co\/portal\/informe-del-primer-coloquio-del-consejo-de-honor-en-ciencias-sociales-y-humanas-hacia-la-descentralizacion-de-la-educacion-en-colombia\/#primaryimage"},"thumbnailUrl":"https:\/\/www.ucaldas.edu.co\/portal\/wp-content\/uploads\/2024\/08\/coloquio.jpg","keywords":["coloquio","ciencias sociales y humanas"],"articleSection":["Actualidad","Universidad al D\u00eda"],"inLanguage":"es"},{"@type":"WebPage","@id":"https:\/\/www.ucaldas.edu.co\/portal\/informe-del-primer-coloquio-del-consejo-de-honor-en-ciencias-sociales-y-humanas-hacia-la-descentralizacion-de-la-educacion-en-colombia\/","url":"https:\/\/www.ucaldas.edu.co\/portal\/informe-del-primer-coloquio-del-consejo-de-honor-en-ciencias-sociales-y-humanas-hacia-la-descentralizacion-de-la-educacion-en-colombia\/","name":"Informe del Primer Coloquio del Consejo de Honor en Ciencias Sociales y Humanas: hacia la descentralizaci\u00f3n de la educaci\u00f3n en Colombia .","isPartOf":{"@id":"https:\/\/www.ucaldas.edu.co\/portal\/#website"},"primaryImageOfPage":{"@id":"https:\/\/www.ucaldas.edu.co\/portal\/informe-del-primer-coloquio-del-consejo-de-honor-en-ciencias-sociales-y-humanas-hacia-la-descentralizacion-de-la-educacion-en-colombia\/#primaryimage"},"image":{"@id":"https:\/\/www.ucaldas.edu.co\/portal\/informe-del-primer-coloquio-del-consejo-de-honor-en-ciencias-sociales-y-humanas-hacia-la-descentralizacion-de-la-educacion-en-colombia\/#primaryimage"},"thumbnailUrl":"https:\/\/www.ucaldas.edu.co\/portal\/wp-content\/uploads\/2024\/08\/coloquio.jpg","datePublished":"2024-08-28T00:34:58+00:00","dateModified":"2024-08-28T00:42:25+00:00","breadcrumb":{"@id":"https:\/\/www.ucaldas.edu.co\/portal\/informe-del-primer-coloquio-del-consejo-de-honor-en-ciencias-sociales-y-humanas-hacia-la-descentralizacion-de-la-educacion-en-colombia\/#breadcrumb"},"inLanguage":"es","potentialAction":[{"@type":"ReadAction","target":["https:\/\/www.ucaldas.edu.co\/portal\/informe-del-primer-coloquio-del-consejo-de-honor-en-ciencias-sociales-y-humanas-hacia-la-descentralizacion-de-la-educacion-en-colombia\/"]}]},{"@type":"ImageObject","inLanguage":"es","@id":"https:\/\/www.ucaldas.edu.co\/portal\/informe-del-primer-coloquio-del-consejo-de-honor-en-ciencias-sociales-y-humanas-hacia-la-descentralizacion-de-la-educacion-en-colombia\/#primaryimage","url":"https:\/\/www.ucaldas.edu.co\/portal\/wp-content\/uploads\/2024\/08\/coloquio.jpg","contentUrl":"https:\/\/www.ucaldas.edu.co\/portal\/wp-content\/uploads\/2024\/08\/coloquio.jpg","width":1599,"height":1066},{"@type":"BreadcrumbList","@id":"https:\/\/www.ucaldas.edu.co\/portal\/informe-del-primer-coloquio-del-consejo-de-honor-en-ciencias-sociales-y-humanas-hacia-la-descentralizacion-de-la-educacion-en-colombia\/#breadcrumb","itemListElement":[{"@type":"ListItem","position":1,"name":"Portada","item":"https:\/\/www.ucaldas.edu.co\/portal\/"},{"@type":"ListItem","position":2,"name":"Informe del Primer Coloquio del Consejo de Honor en Ciencias Sociales y Humanas: hacia la descentralizaci\u00f3n de la educaci\u00f3n en Colombia"}]},{"@type":"WebSite","@id":"https:\/\/www.ucaldas.edu.co\/portal\/#website","url":"https:\/\/www.ucaldas.edu.co\/portal\/","name":"Universidad de Caldas","description":"","publisher":{"@id":"https:\/\/www.ucaldas.edu.co\/portal\/#organization"},"alternateName":"U. de Caldas","potentialAction":[{"@type":"SearchAction","target":{"@type":"EntryPoint","urlTemplate":"https:\/\/www.ucaldas.edu.co\/portal\/?s={search_term_string}"},"query-input":{"@type":"PropertyValueSpecification","valueRequired":true,"valueName":"search_term_string"}}],"inLanguage":"es"},{"@type":"Organization","@id":"https:\/\/www.ucaldas.edu.co\/portal\/#organization","name":"Universidad de Caldas","alternateName":"U. de Caldas","url":"https:\/\/www.ucaldas.edu.co\/portal\/","logo":{"@type":"ImageObject","inLanguage":"es","@id":"https:\/\/www.ucaldas.edu.co\/portal\/#\/schema\/logo\/image\/","url":"https:\/\/www.ucaldas.edu.co\/portal\/wp-content\/uploads\/2023\/11\/Logo_horizontal_oscuroU-2023.png","contentUrl":"https:\/\/www.ucaldas.edu.co\/portal\/wp-content\/uploads\/2023\/11\/Logo_horizontal_oscuroU-2023.png","width":263,"height":101,"caption":"Universidad de Caldas"},"image":{"@id":"https:\/\/www.ucaldas.edu.co\/portal\/#\/schema\/logo\/image\/"},"sameAs":["https:\/\/www.facebook.com\/udecaldas","https:\/\/x.com\/udecaldas","https:\/\/www.youtube.com\/universidadcaldas","https:\/\/www.instagram.com\/udecaldas\/"]},{"@type":"Person","@id":"https:\/\/www.ucaldas.edu.co\/portal\/#\/schema\/person\/a1b482e23449158b4bc319926c074fdf","name":"ofiprensa","image":{"@type":"ImageObject","inLanguage":"es","@id":"https:\/\/www.ucaldas.edu.co\/portal\/wp-content\/litespeed\/avatar\/09ea5085e600095a7a811142c6944527.jpg?ver=1777497608","url":"https:\/\/www.ucaldas.edu.co\/portal\/wp-content\/litespeed\/avatar\/09ea5085e600095a7a811142c6944527.jpg?ver=1777497608","contentUrl":"https:\/\/www.ucaldas.edu.co\/portal\/wp-content\/litespeed\/avatar\/09ea5085e600095a7a811142c6944527.jpg?ver=1777497608","caption":"ofiprensa"},"url":"https:\/\/www.ucaldas.edu.co\/portal\/author\/ofiprensa\/"}]}},"_links":{"self":[{"href":"https:\/\/www.ucaldas.edu.co\/portal\/wp-json\/wp\/v2\/posts\/83244","targetHints":{"allow":["GET"]}}],"collection":[{"href":"https:\/\/www.ucaldas.edu.co\/portal\/wp-json\/wp\/v2\/posts"}],"about":[{"href":"https:\/\/www.ucaldas.edu.co\/portal\/wp-json\/wp\/v2\/types\/post"}],"author":[{"embeddable":true,"href":"https:\/\/www.ucaldas.edu.co\/portal\/wp-json\/wp\/v2\/users\/2"}],"replies":[{"embeddable":true,"href":"https:\/\/www.ucaldas.edu.co\/portal\/wp-json\/wp\/v2\/comments?post=83244"}],"version-history":[{"count":0,"href":"https:\/\/www.ucaldas.edu.co\/portal\/wp-json\/wp\/v2\/posts\/83244\/revisions"}],"wp:featuredmedia":[{"embeddable":true,"href":"https:\/\/www.ucaldas.edu.co\/portal\/wp-json\/wp\/v2\/media\/83254"}],"wp:attachment":[{"href":"https:\/\/www.ucaldas.edu.co\/portal\/wp-json\/wp\/v2\/media?parent=83244"}],"wp:term":[{"taxonomy":"category","embeddable":true,"href":"https:\/\/www.ucaldas.edu.co\/portal\/wp-json\/wp\/v2\/categories?post=83244"},{"taxonomy":"post_tag","embeddable":true,"href":"https:\/\/www.ucaldas.edu.co\/portal\/wp-json\/wp\/v2\/tags?post=83244"}],"curies":[{"name":"wp","href":"https:\/\/api.w.org\/{rel}","templated":true}]}}