{"id":83182,"date":"2024-08-22T18:37:44","date_gmt":"2024-08-22T23:37:44","guid":{"rendered":"https:\/\/www.ucaldas.edu.co\/portal\/?p=83182"},"modified":"2024-08-22T18:37:44","modified_gmt":"2024-08-22T23:37:44","slug":"programas-de-becas-financiacion-y-apoyo-a-la-investigacion-de-la-union-europea-manizales-acoge-la-edicion-2024-de-europortunidades","status":"publish","type":"post","link":"https:\/\/www.ucaldas.edu.co\/portal\/programas-de-becas-financiacion-y-apoyo-a-la-investigacion-de-la-union-europea-manizales-acoge-la-edicion-2024-de-europortunidades\/","title":{"rendered":"Programas de becas, financiaci\u00f3n y apoyo a la investigaci\u00f3n de la Uni\u00f3n Europea: Manizales acoge la edici\u00f3n 2024 de EurOportunidades."},"content":{"rendered":"<p style=\"text-align: justify;\"><img loading=\"lazy\" decoding=\"async\" class=\"alignnone size-full wp-image-83184\" src=\"https:\/\/www.ucaldas.edu.co\/portal\/wp-content\/uploads\/2024\/08\/Blue-Illustrated-Business-Cooperation-Banner-3.png\" alt=\"\" width=\"6912\" height=\"3456\" \/>El pr\u00f3ximo 26 y 27 de agosto, en la ciudad de Manizales, se realizar\u00e1 la cuarta edici\u00f3n de #EurOportunidades, el evento sobre oportunidades acad\u00e9micas y de cooperaci\u00f3n de la Uni\u00f3n Europea. Estudiantes, profesionales e instituciones de educaci\u00f3n superior conocer\u00e1n ejemplos exitosos y acceder\u00e1n a informaci\u00f3n sobre oportunidades de becas y cooperaci\u00f3n acad\u00e9mica ofrecidas en Colombia por la Uni\u00f3n Europea y sus Estados Miembros.<!--more--><\/p>\n<p style=\"text-align: justify;\">El evento #EurOportunidades, que se har\u00e1 por primera vez en el Eje Cafetero, ser\u00e1 inaugurado por el Embajador de la Uni\u00f3n Europea en Colombia, Gilles Bertrand; el Ministro de Educaci\u00f3n, Jos\u00e9 Daniel Rojas; la Ministra de Ciencia, Tecnolog\u00eda e Innovaci\u00f3n, Yesenia Olaya Requene; la Presidenta (e) del Instituto Colombiano de Cr\u00e9dito Educativo y Estudios T\u00e9cnicos en el Exterior &#8211; ICETEX, Patricia Abad\u00eda; el Gobernador de Caldas, Henry Guti\u00e9rrez, y el Rector de la Universidad de Caldas, Fabio Hernando Arias; en un panel moderado por el Director Ejecutivo de la Asociaci\u00f3n Colombiana de Universidades (ASCUN), Oscar Dom\u00ednguez.<\/p>\n<p style=\"text-align: justify;\">A este evento se sumar\u00e1n docentes, representantes del sector privado, autoridades locales, investigadores e investigadoras, as\u00ed como representantes del programa de la Uni\u00f3n Europea para la movilidad e intercambio para investigadores (Euraxess). La Universidad de Caldas ser\u00e1 anfitriona y sede oficial de estas dos jornadas dedicadas a compartir la oferta acad\u00e9mica y de investigaci\u00f3n de la Uni\u00f3n Europea.<\/p>\n<p style=\"text-align: justify;\">M\u00e1s de 500 personas asistir\u00e1n a #EurOportunidades 2024, cuyo programa est\u00e1 organizado en bloques que corresponden a cada una de las audiencias espec\u00edficas. Como parte del evento, la Uni\u00f3n Europea y el Gobierno de Colombia lanzar\u00e1n el Punto Focal Nacional de Erasmus+, que por primera vez establecer\u00e1 en el pa\u00eds un punto de contacto dedicado especialmente a compartir informaci\u00f3n sobre c\u00f3mo acceder a las becas, financiaci\u00f3n y opciones de cooperaci\u00f3n que ofrece el programa insignia de la Uni\u00f3n Europea en temas de educaci\u00f3n, investigaci\u00f3n e innovaci\u00f3n.<\/p>\n<p style=\"text-align: justify;\">El Embajador de la Uni\u00f3n Europea en Colombia, Gilles Bertrand, comenta: \u201cQueremos que muchas m\u00e1s instituciones y estudiantes, en particular de los territorios m\u00e1s apartados del pa\u00eds, conozcan las distintas oportunidades y se motiven a participar. Nuestra cooperaci\u00f3n acad\u00e9mica y cient\u00edfica refleja la gran cercan\u00eda cultural y humana entre la Uni\u00f3n Europea y Colombia. A trav\u00e9s del intercambio de personas y de ideas, sin importar el campo de estudios, lo que desarrollamos es nuestro potencial para transformar el futuro y mejorar nuestras sociedades. Pese a la distancia geogr\u00e1fica, Colombia es el s\u00e9ptimo pa\u00eds en el mundo con m\u00e1s becarios y becarias de maestr\u00eda estudiando en Europa\u201d.<\/p>\n<p style=\"text-align: justify;\">\u00abEurOportunidades promueve el intercambio de cultura, conocimiento e innovaci\u00f3n entre Colombia y Europa, con apoyo desde la educaci\u00f3n y experiencias internacionales. Invitamos a estudiantes y profesionales de todas las regiones a aprovechar este programa, que transformar\u00e1 sus vidas y sus comunidades\u00bb, asegur\u00f3 por su parte Patricia Abad\u00eda, Presidenta (e) del ICETEX.<\/p>\n<p style=\"text-align: justify;\"><strong>Cronograma<\/strong><\/p>\n<p style=\"text-align: justify;\">El lunes 26 de agosto estar\u00e1 dirigido a oficinas de internacionalizaci\u00f3n, docentes e investigadores. Las y los asistentes podr\u00e1n obtener informaci\u00f3n sobre los programas de <a href=\"https:\/\/erasmus-plus.ec.europa.eu\/es\/programme-guide\/part-b\/key-action-1\/mobility-projects-for-higher-education-students-and-staff\">movilidad internacional de cr\u00e9ditos<\/a>, que permiten a estudiantes y docentes hacer un intercambio o realizar una pr\u00e1ctica en universidades europeas; los proyectos de <a href=\"https:\/\/erasmus-plus.ec.europa.eu\/es\/programme-guide\/part-b\/key-action-2\/capacity-building-higher-education\">desarrollo de capacidades en el \u00e1mbito de la educaci\u00f3n superior<\/a>, que ofrecen apoyo a las universidades para modernizar y reformar sus sistemas de ense\u00f1anza; y <a href=\"https:\/\/www.consilium.europa.eu\/es\/policies\/horizon-europe\/\">Horizonte Europa<\/a>, el programa marco de la Uni\u00f3n Europea para la ciencia, tecnolog\u00eda e innovaci\u00f3n, entre otros.<\/p>\n<p style=\"text-align: justify;\">El martes 27 de agosto, estudiantes de pregrado, maestr\u00eda o doctorado y profesionales universitarios conocer\u00e1n la oferta acad\u00e9mica y de investigaci\u00f3n de la mano de representantes de varios Estados Miembros de la Uni\u00f3n Europea, entre ellos Alemania, Dinamarca, Finlandia, Francia, Irlanda y Suecia. Tambi\u00e9n recibir\u00e1n informaci\u00f3n sobre las <a href=\"https:\/\/erasmus-plus.ec.europa.eu\/es\/opportunities\/opportunities-for-organisations\/cooperation-among-organisations-and-institutions\/erasmus-mundus-joint-masters\">becas Erasmus Mundus<\/a> de la Uni\u00f3n Europea, que permiten a profesionales colombianos estudiar maestr\u00edas en por lo menos dos pa\u00edses distintos dentro de Europa. Cualquier persona, desde cualquier territorio del pa\u00eds, puede aplicar a estas becas completas que cubren gastos de viaje, gastos de visado y manutenci\u00f3n.<\/p>\n<p>Las sesiones de #EurOportunidades 2024 estar\u00e1n disponibles en el YouTube de la Uni\u00f3n Europea en Colombia: <a href=\"https:\/\/www.youtube.com\/c\/ueencolombia\">https:\/\/www.youtube.com\/c\/ueencolombia<\/a><\/p>\n<p>Para acceder al programa detallado de #EurOportunidades 2024:<\/p>\n<p><a href=\"https:\/\/sched.space\/europortunidades2024\/\">https:\/\/sched.space\/europortunidades2024\/<\/a><\/p>\n<p>Para m\u00e1s informaci\u00f3n sobre las convocatorias de educaci\u00f3n, investigaci\u00f3n e innovaci\u00f3n para el a\u00f1o 2025: <a href=\"https:\/\/erasmus-plus.ec.europa.eu\/es\">https:\/\/erasmus-plus.ec.europa.eu\/es<\/a><\/p>\n<p><strong>Anexo:<\/strong><\/p>\n<p><a href=\"https:\/\/www.ucaldas.edu.co\/portal\/wp-content\/uploads\/2024\/08\/Gilles-Bertrand-Embajador-de-la-Unio\u0301n-Europea-en-Colombia-online-audio-converter.com_.mp3\"><strong>Audio embajador de la Uni\u00f3n Europea, Gilles Bertrand<\/strong><\/a><\/p>\n<audio class=\"wp-audio-shortcode\" id=\"audio-83182-1\" preload=\"none\" style=\"width: 100%;\" controls=\"controls\"><source type=\"audio\/mpeg\" src=\"https:\/\/www.ucaldas.edu.co\/portal\/wp-content\/uploads\/2024\/08\/Gilles-Bertrand-Embajador-de-la-Unio\u0301n-Europea-en-Colombia-online-audio-converter.com_.mp3?_=1\" \/><a href=\"https:\/\/www.ucaldas.edu.co\/portal\/wp-content\/uploads\/2024\/08\/Gilles-Bertrand-Embajador-de-la-Unio\u0301n-Europea-en-Colombia-online-audio-converter.com_.mp3\">https:\/\/www.ucaldas.edu.co\/portal\/wp-content\/uploads\/2024\/08\/Gilles-Bertrand-Embajador-de-la-Unio\u0301n-Europea-en-Colombia-online-audio-converter.com_.mp3<\/a><\/audio>\n<p><strong>\u00a0<\/strong><\/p>\n<p><strong>\u00a0<\/strong><\/p>\n<p><strong>\u00a0<\/strong><\/p>\n","protected":false},"excerpt":{"rendered":"<p>El pr\u00f3ximo 26 y 27 de agosto, en la ciudad de Manizales, se realizar\u00e1 la cuarta edici\u00f3n de #EurOportunidades, el evento sobre oportunidades acad\u00e9micas y de cooperaci\u00f3n de la Uni\u00f3n Europea. Estudiantes, profesionales e instituciones de educaci\u00f3n superior conocer\u00e1n ejemplos exitosos y acceder\u00e1n a informaci\u00f3n sobre oportunidades de becas y cooperaci\u00f3n acad\u00e9mica ofrecidas en Colombia [&hellip;]<\/p>\n","protected":false},"author":2,"featured_media":83184,"comment_status":"closed","ping_status":"open","sticky":false,"template":"","format":"standard","meta":{"footnotes":""},"categories":[48,53],"tags":[9219],"class_list":["post-83182","post","type-post","status-publish","format-standard","has-post-thumbnail","hentry","category-actualidad","category-universidad-al-dia","tag-beca-union-europea"],"yoast_head":"<!-- This site is optimized with the Yoast SEO plugin v27.5 - https:\/\/yoast.com\/product\/yoast-seo-wordpress\/ -->\n<title>Programas de becas, financiaci\u00f3n y apoyo a la investigaci\u00f3n de la Uni\u00f3n Europea: Manizales acoge la edici\u00f3n 2024 de EurOportunidades. .<\/title>\n<meta name=\"robots\" content=\"index, follow, max-snippet:-1, max-image-preview:large, max-video-preview:-1\" \/>\n<link rel=\"canonical\" href=\"https:\/\/www.ucaldas.edu.co\/portal\/programas-de-becas-financiacion-y-apoyo-a-la-investigacion-de-la-union-europea-manizales-acoge-la-edicion-2024-de-europortunidades\/\" \/>\n<script type=\"application\/ld+json\" class=\"yoast-schema-graph\">{\"@context\":\"https:\\\/\\\/schema.org\",\"@graph\":[{\"@type\":\"Article\",\"@id\":\"https:\\\/\\\/www.ucaldas.edu.co\\\/portal\\\/programas-de-becas-financiacion-y-apoyo-a-la-investigacion-de-la-union-europea-manizales-acoge-la-edicion-2024-de-europortunidades\\\/#article\",\"isPartOf\":{\"@id\":\"https:\\\/\\\/www.ucaldas.edu.co\\\/portal\\\/programas-de-becas-financiacion-y-apoyo-a-la-investigacion-de-la-union-europea-manizales-acoge-la-edicion-2024-de-europortunidades\\\/\"},\"author\":{\"name\":\"ofiprensa\",\"@id\":\"https:\\\/\\\/www.ucaldas.edu.co\\\/portal\\\/#\\\/schema\\\/person\\\/a1b482e23449158b4bc319926c074fdf\"},\"headline\":\"Programas de becas, financiaci\u00f3n y apoyo a la investigaci\u00f3n de la Uni\u00f3n Europea: Manizales acoge la edici\u00f3n 2024 de EurOportunidades.\",\"datePublished\":\"2024-08-22T23:37:44+00:00\",\"mainEntityOfPage\":{\"@id\":\"https:\\\/\\\/www.ucaldas.edu.co\\\/portal\\\/programas-de-becas-financiacion-y-apoyo-a-la-investigacion-de-la-union-europea-manizales-acoge-la-edicion-2024-de-europortunidades\\\/\"},\"wordCount\":830,\"publisher\":{\"@id\":\"https:\\\/\\\/www.ucaldas.edu.co\\\/portal\\\/#organization\"},\"image\":{\"@id\":\"https:\\\/\\\/www.ucaldas.edu.co\\\/portal\\\/programas-de-becas-financiacion-y-apoyo-a-la-investigacion-de-la-union-europea-manizales-acoge-la-edicion-2024-de-europortunidades\\\/#primaryimage\"},\"thumbnailUrl\":\"https:\\\/\\\/www.ucaldas.edu.co\\\/portal\\\/wp-content\\\/uploads\\\/2024\\\/08\\\/Blue-Illustrated-Business-Cooperation-Banner-3.png\",\"keywords\":[\"beca uni\u00f3n europea\"],\"articleSection\":[\"Actualidad\",\"Universidad al D\u00eda\"],\"inLanguage\":\"es\"},{\"@type\":\"WebPage\",\"@id\":\"https:\\\/\\\/www.ucaldas.edu.co\\\/portal\\\/programas-de-becas-financiacion-y-apoyo-a-la-investigacion-de-la-union-europea-manizales-acoge-la-edicion-2024-de-europortunidades\\\/\",\"url\":\"https:\\\/\\\/www.ucaldas.edu.co\\\/portal\\\/programas-de-becas-financiacion-y-apoyo-a-la-investigacion-de-la-union-europea-manizales-acoge-la-edicion-2024-de-europortunidades\\\/\",\"name\":\"Programas de becas, financiaci\u00f3n y apoyo a la investigaci\u00f3n de la Uni\u00f3n Europea: Manizales acoge la edici\u00f3n 2024 de EurOportunidades. .\",\"isPartOf\":{\"@id\":\"https:\\\/\\\/www.ucaldas.edu.co\\\/portal\\\/#website\"},\"primaryImageOfPage\":{\"@id\":\"https:\\\/\\\/www.ucaldas.edu.co\\\/portal\\\/programas-de-becas-financiacion-y-apoyo-a-la-investigacion-de-la-union-europea-manizales-acoge-la-edicion-2024-de-europortunidades\\\/#primaryimage\"},\"image\":{\"@id\":\"https:\\\/\\\/www.ucaldas.edu.co\\\/portal\\\/programas-de-becas-financiacion-y-apoyo-a-la-investigacion-de-la-union-europea-manizales-acoge-la-edicion-2024-de-europortunidades\\\/#primaryimage\"},\"thumbnailUrl\":\"https:\\\/\\\/www.ucaldas.edu.co\\\/portal\\\/wp-content\\\/uploads\\\/2024\\\/08\\\/Blue-Illustrated-Business-Cooperation-Banner-3.png\",\"datePublished\":\"2024-08-22T23:37:44+00:00\",\"breadcrumb\":{\"@id\":\"https:\\\/\\\/www.ucaldas.edu.co\\\/portal\\\/programas-de-becas-financiacion-y-apoyo-a-la-investigacion-de-la-union-europea-manizales-acoge-la-edicion-2024-de-europortunidades\\\/#breadcrumb\"},\"inLanguage\":\"es\",\"potentialAction\":[{\"@type\":\"ReadAction\",\"target\":[\"https:\\\/\\\/www.ucaldas.edu.co\\\/portal\\\/programas-de-becas-financiacion-y-apoyo-a-la-investigacion-de-la-union-europea-manizales-acoge-la-edicion-2024-de-europortunidades\\\/\"]}]},{\"@type\":\"ImageObject\",\"inLanguage\":\"es\",\"@id\":\"https:\\\/\\\/www.ucaldas.edu.co\\\/portal\\\/programas-de-becas-financiacion-y-apoyo-a-la-investigacion-de-la-union-europea-manizales-acoge-la-edicion-2024-de-europortunidades\\\/#primaryimage\",\"url\":\"https:\\\/\\\/www.ucaldas.edu.co\\\/portal\\\/wp-content\\\/uploads\\\/2024\\\/08\\\/Blue-Illustrated-Business-Cooperation-Banner-3.png\",\"contentUrl\":\"https:\\\/\\\/www.ucaldas.edu.co\\\/portal\\\/wp-content\\\/uploads\\\/2024\\\/08\\\/Blue-Illustrated-Business-Cooperation-Banner-3.png\",\"width\":6912,\"height\":3456},{\"@type\":\"BreadcrumbList\",\"@id\":\"https:\\\/\\\/www.ucaldas.edu.co\\\/portal\\\/programas-de-becas-financiacion-y-apoyo-a-la-investigacion-de-la-union-europea-manizales-acoge-la-edicion-2024-de-europortunidades\\\/#breadcrumb\",\"itemListElement\":[{\"@type\":\"ListItem\",\"position\":1,\"name\":\"Portada\",\"item\":\"https:\\\/\\\/www.ucaldas.edu.co\\\/portal\\\/\"},{\"@type\":\"ListItem\",\"position\":2,\"name\":\"Programas de becas, financiaci\u00f3n y apoyo a la investigaci\u00f3n de la Uni\u00f3n Europea: Manizales acoge la edici\u00f3n 2024 de EurOportunidades.\"}]},{\"@type\":\"WebSite\",\"@id\":\"https:\\\/\\\/www.ucaldas.edu.co\\\/portal\\\/#website\",\"url\":\"https:\\\/\\\/www.ucaldas.edu.co\\\/portal\\\/\",\"name\":\"Universidad de Caldas\",\"description\":\"\",\"publisher\":{\"@id\":\"https:\\\/\\\/www.ucaldas.edu.co\\\/portal\\\/#organization\"},\"alternateName\":\"U. de Caldas\",\"potentialAction\":[{\"@type\":\"SearchAction\",\"target\":{\"@type\":\"EntryPoint\",\"urlTemplate\":\"https:\\\/\\\/www.ucaldas.edu.co\\\/portal\\\/?s={search_term_string}\"},\"query-input\":{\"@type\":\"PropertyValueSpecification\",\"valueRequired\":true,\"valueName\":\"search_term_string\"}}],\"inLanguage\":\"es\"},{\"@type\":\"Organization\",\"@id\":\"https:\\\/\\\/www.ucaldas.edu.co\\\/portal\\\/#organization\",\"name\":\"Universidad de Caldas\",\"alternateName\":\"U. de Caldas\",\"url\":\"https:\\\/\\\/www.ucaldas.edu.co\\\/portal\\\/\",\"logo\":{\"@type\":\"ImageObject\",\"inLanguage\":\"es\",\"@id\":\"https:\\\/\\\/www.ucaldas.edu.co\\\/portal\\\/#\\\/schema\\\/logo\\\/image\\\/\",\"url\":\"https:\\\/\\\/www.ucaldas.edu.co\\\/portal\\\/wp-content\\\/uploads\\\/2023\\\/11\\\/Logo_horizontal_oscuroU-2023.png\",\"contentUrl\":\"https:\\\/\\\/www.ucaldas.edu.co\\\/portal\\\/wp-content\\\/uploads\\\/2023\\\/11\\\/Logo_horizontal_oscuroU-2023.png\",\"width\":263,\"height\":101,\"caption\":\"Universidad de Caldas\"},\"image\":{\"@id\":\"https:\\\/\\\/www.ucaldas.edu.co\\\/portal\\\/#\\\/schema\\\/logo\\\/image\\\/\"},\"sameAs\":[\"https:\\\/\\\/www.facebook.com\\\/udecaldas\",\"https:\\\/\\\/x.com\\\/udecaldas\",\"https:\\\/\\\/www.youtube.com\\\/universidadcaldas\",\"https:\\\/\\\/www.instagram.com\\\/udecaldas\\\/\"]},{\"@type\":\"Person\",\"@id\":\"https:\\\/\\\/www.ucaldas.edu.co\\\/portal\\\/#\\\/schema\\\/person\\\/a1b482e23449158b4bc319926c074fdf\",\"name\":\"ofiprensa\",\"image\":{\"@type\":\"ImageObject\",\"inLanguage\":\"es\",\"@id\":\"https:\\\/\\\/www.ucaldas.edu.co\\\/portal\\\/wp-content\\\/litespeed\\\/avatar\\\/09ea5085e600095a7a811142c6944527.jpg?ver=1777497608\",\"url\":\"https:\\\/\\\/www.ucaldas.edu.co\\\/portal\\\/wp-content\\\/litespeed\\\/avatar\\\/09ea5085e600095a7a811142c6944527.jpg?ver=1777497608\",\"contentUrl\":\"https:\\\/\\\/www.ucaldas.edu.co\\\/portal\\\/wp-content\\\/litespeed\\\/avatar\\\/09ea5085e600095a7a811142c6944527.jpg?ver=1777497608\",\"caption\":\"ofiprensa\"},\"url\":\"https:\\\/\\\/www.ucaldas.edu.co\\\/portal\\\/author\\\/ofiprensa\\\/\"}]}<\/script>\n<!-- \/ Yoast SEO plugin. -->","yoast_head_json":{"title":"Programas de becas, financiaci\u00f3n y apoyo a la investigaci\u00f3n de la Uni\u00f3n Europea: Manizales acoge la edici\u00f3n 2024 de EurOportunidades. .","robots":{"index":"index","follow":"follow","max-snippet":"max-snippet:-1","max-image-preview":"max-image-preview:large","max-video-preview":"max-video-preview:-1"},"canonical":"https:\/\/www.ucaldas.edu.co\/portal\/programas-de-becas-financiacion-y-apoyo-a-la-investigacion-de-la-union-europea-manizales-acoge-la-edicion-2024-de-europortunidades\/","schema":{"@context":"https:\/\/schema.org","@graph":[{"@type":"Article","@id":"https:\/\/www.ucaldas.edu.co\/portal\/programas-de-becas-financiacion-y-apoyo-a-la-investigacion-de-la-union-europea-manizales-acoge-la-edicion-2024-de-europortunidades\/#article","isPartOf":{"@id":"https:\/\/www.ucaldas.edu.co\/portal\/programas-de-becas-financiacion-y-apoyo-a-la-investigacion-de-la-union-europea-manizales-acoge-la-edicion-2024-de-europortunidades\/"},"author":{"name":"ofiprensa","@id":"https:\/\/www.ucaldas.edu.co\/portal\/#\/schema\/person\/a1b482e23449158b4bc319926c074fdf"},"headline":"Programas de becas, financiaci\u00f3n y apoyo a la investigaci\u00f3n de la Uni\u00f3n Europea: Manizales acoge la edici\u00f3n 2024 de EurOportunidades.","datePublished":"2024-08-22T23:37:44+00:00","mainEntityOfPage":{"@id":"https:\/\/www.ucaldas.edu.co\/portal\/programas-de-becas-financiacion-y-apoyo-a-la-investigacion-de-la-union-europea-manizales-acoge-la-edicion-2024-de-europortunidades\/"},"wordCount":830,"publisher":{"@id":"https:\/\/www.ucaldas.edu.co\/portal\/#organization"},"image":{"@id":"https:\/\/www.ucaldas.edu.co\/portal\/programas-de-becas-financiacion-y-apoyo-a-la-investigacion-de-la-union-europea-manizales-acoge-la-edicion-2024-de-europortunidades\/#primaryimage"},"thumbnailUrl":"https:\/\/www.ucaldas.edu.co\/portal\/wp-content\/uploads\/2024\/08\/Blue-Illustrated-Business-Cooperation-Banner-3.png","keywords":["beca uni\u00f3n europea"],"articleSection":["Actualidad","Universidad al D\u00eda"],"inLanguage":"es"},{"@type":"WebPage","@id":"https:\/\/www.ucaldas.edu.co\/portal\/programas-de-becas-financiacion-y-apoyo-a-la-investigacion-de-la-union-europea-manizales-acoge-la-edicion-2024-de-europortunidades\/","url":"https:\/\/www.ucaldas.edu.co\/portal\/programas-de-becas-financiacion-y-apoyo-a-la-investigacion-de-la-union-europea-manizales-acoge-la-edicion-2024-de-europortunidades\/","name":"Programas de becas, financiaci\u00f3n y apoyo a la investigaci\u00f3n de la Uni\u00f3n Europea: Manizales acoge la edici\u00f3n 2024 de EurOportunidades. .","isPartOf":{"@id":"https:\/\/www.ucaldas.edu.co\/portal\/#website"},"primaryImageOfPage":{"@id":"https:\/\/www.ucaldas.edu.co\/portal\/programas-de-becas-financiacion-y-apoyo-a-la-investigacion-de-la-union-europea-manizales-acoge-la-edicion-2024-de-europortunidades\/#primaryimage"},"image":{"@id":"https:\/\/www.ucaldas.edu.co\/portal\/programas-de-becas-financiacion-y-apoyo-a-la-investigacion-de-la-union-europea-manizales-acoge-la-edicion-2024-de-europortunidades\/#primaryimage"},"thumbnailUrl":"https:\/\/www.ucaldas.edu.co\/portal\/wp-content\/uploads\/2024\/08\/Blue-Illustrated-Business-Cooperation-Banner-3.png","datePublished":"2024-08-22T23:37:44+00:00","breadcrumb":{"@id":"https:\/\/www.ucaldas.edu.co\/portal\/programas-de-becas-financiacion-y-apoyo-a-la-investigacion-de-la-union-europea-manizales-acoge-la-edicion-2024-de-europortunidades\/#breadcrumb"},"inLanguage":"es","potentialAction":[{"@type":"ReadAction","target":["https:\/\/www.ucaldas.edu.co\/portal\/programas-de-becas-financiacion-y-apoyo-a-la-investigacion-de-la-union-europea-manizales-acoge-la-edicion-2024-de-europortunidades\/"]}]},{"@type":"ImageObject","inLanguage":"es","@id":"https:\/\/www.ucaldas.edu.co\/portal\/programas-de-becas-financiacion-y-apoyo-a-la-investigacion-de-la-union-europea-manizales-acoge-la-edicion-2024-de-europortunidades\/#primaryimage","url":"https:\/\/www.ucaldas.edu.co\/portal\/wp-content\/uploads\/2024\/08\/Blue-Illustrated-Business-Cooperation-Banner-3.png","contentUrl":"https:\/\/www.ucaldas.edu.co\/portal\/wp-content\/uploads\/2024\/08\/Blue-Illustrated-Business-Cooperation-Banner-3.png","width":6912,"height":3456},{"@type":"BreadcrumbList","@id":"https:\/\/www.ucaldas.edu.co\/portal\/programas-de-becas-financiacion-y-apoyo-a-la-investigacion-de-la-union-europea-manizales-acoge-la-edicion-2024-de-europortunidades\/#breadcrumb","itemListElement":[{"@type":"ListItem","position":1,"name":"Portada","item":"https:\/\/www.ucaldas.edu.co\/portal\/"},{"@type":"ListItem","position":2,"name":"Programas de becas, financiaci\u00f3n y apoyo a la investigaci\u00f3n de la Uni\u00f3n Europea: Manizales acoge la edici\u00f3n 2024 de EurOportunidades."}]},{"@type":"WebSite","@id":"https:\/\/www.ucaldas.edu.co\/portal\/#website","url":"https:\/\/www.ucaldas.edu.co\/portal\/","name":"Universidad de Caldas","description":"","publisher":{"@id":"https:\/\/www.ucaldas.edu.co\/portal\/#organization"},"alternateName":"U. de Caldas","potentialAction":[{"@type":"SearchAction","target":{"@type":"EntryPoint","urlTemplate":"https:\/\/www.ucaldas.edu.co\/portal\/?s={search_term_string}"},"query-input":{"@type":"PropertyValueSpecification","valueRequired":true,"valueName":"search_term_string"}}],"inLanguage":"es"},{"@type":"Organization","@id":"https:\/\/www.ucaldas.edu.co\/portal\/#organization","name":"Universidad de Caldas","alternateName":"U. de Caldas","url":"https:\/\/www.ucaldas.edu.co\/portal\/","logo":{"@type":"ImageObject","inLanguage":"es","@id":"https:\/\/www.ucaldas.edu.co\/portal\/#\/schema\/logo\/image\/","url":"https:\/\/www.ucaldas.edu.co\/portal\/wp-content\/uploads\/2023\/11\/Logo_horizontal_oscuroU-2023.png","contentUrl":"https:\/\/www.ucaldas.edu.co\/portal\/wp-content\/uploads\/2023\/11\/Logo_horizontal_oscuroU-2023.png","width":263,"height":101,"caption":"Universidad de Caldas"},"image":{"@id":"https:\/\/www.ucaldas.edu.co\/portal\/#\/schema\/logo\/image\/"},"sameAs":["https:\/\/www.facebook.com\/udecaldas","https:\/\/x.com\/udecaldas","https:\/\/www.youtube.com\/universidadcaldas","https:\/\/www.instagram.com\/udecaldas\/"]},{"@type":"Person","@id":"https:\/\/www.ucaldas.edu.co\/portal\/#\/schema\/person\/a1b482e23449158b4bc319926c074fdf","name":"ofiprensa","image":{"@type":"ImageObject","inLanguage":"es","@id":"https:\/\/www.ucaldas.edu.co\/portal\/wp-content\/litespeed\/avatar\/09ea5085e600095a7a811142c6944527.jpg?ver=1777497608","url":"https:\/\/www.ucaldas.edu.co\/portal\/wp-content\/litespeed\/avatar\/09ea5085e600095a7a811142c6944527.jpg?ver=1777497608","contentUrl":"https:\/\/www.ucaldas.edu.co\/portal\/wp-content\/litespeed\/avatar\/09ea5085e600095a7a811142c6944527.jpg?ver=1777497608","caption":"ofiprensa"},"url":"https:\/\/www.ucaldas.edu.co\/portal\/author\/ofiprensa\/"}]}},"_links":{"self":[{"href":"https:\/\/www.ucaldas.edu.co\/portal\/wp-json\/wp\/v2\/posts\/83182","targetHints":{"allow":["GET"]}}],"collection":[{"href":"https:\/\/www.ucaldas.edu.co\/portal\/wp-json\/wp\/v2\/posts"}],"about":[{"href":"https:\/\/www.ucaldas.edu.co\/portal\/wp-json\/wp\/v2\/types\/post"}],"author":[{"embeddable":true,"href":"https:\/\/www.ucaldas.edu.co\/portal\/wp-json\/wp\/v2\/users\/2"}],"replies":[{"embeddable":true,"href":"https:\/\/www.ucaldas.edu.co\/portal\/wp-json\/wp\/v2\/comments?post=83182"}],"version-history":[{"count":0,"href":"https:\/\/www.ucaldas.edu.co\/portal\/wp-json\/wp\/v2\/posts\/83182\/revisions"}],"wp:featuredmedia":[{"embeddable":true,"href":"https:\/\/www.ucaldas.edu.co\/portal\/wp-json\/wp\/v2\/media\/83184"}],"wp:attachment":[{"href":"https:\/\/www.ucaldas.edu.co\/portal\/wp-json\/wp\/v2\/media?parent=83182"}],"wp:term":[{"taxonomy":"category","embeddable":true,"href":"https:\/\/www.ucaldas.edu.co\/portal\/wp-json\/wp\/v2\/categories?post=83182"},{"taxonomy":"post_tag","embeddable":true,"href":"https:\/\/www.ucaldas.edu.co\/portal\/wp-json\/wp\/v2\/tags?post=83182"}],"curies":[{"name":"wp","href":"https:\/\/api.w.org\/{rel}","templated":true}]}}