{"id":83112,"date":"2024-08-21T19:14:43","date_gmt":"2024-08-22T00:14:43","guid":{"rendered":"https:\/\/www.ucaldas.edu.co\/portal\/?p=83112"},"modified":"2024-08-21T19:14:43","modified_gmt":"2024-08-22T00:14:43","slug":"con-la-creacion-del-centro-de-practicas-para-la-paz-u-de-caldas-sigue-el-camino-a-la-sana-convivencia-en-los-campus","status":"publish","type":"post","link":"https:\/\/www.ucaldas.edu.co\/portal\/con-la-creacion-del-centro-de-practicas-para-la-paz-u-de-caldas-sigue-el-camino-a-la-sana-convivencia-en-los-campus\/","title":{"rendered":"Con la creaci\u00f3n del Centro de Pr\u00e1cticas para la Paz, U de Caldas sigue el camino a la sana convivencia en los campus"},"content":{"rendered":"<div class=\"wpb-content-wrapper\"><p>[vc_row][vc_column][vc_column_text]<\/p>\n<p style=\"text-align: justify;\"><img loading=\"lazy\" decoding=\"async\" class=\"alignnone size-full wp-image-83118\" src=\"https:\/\/www.ucaldas.edu.co\/portal\/wp-content\/uploads\/2024\/08\/paz-i.jpg\" alt=\"\" width=\"1280\" height=\"966\" \/>Este mi\u00e9rcoles 21 de agosto, el Centro Cultural Universitario Rogelio Salmona fue el escenario del Seminario Carnaval y el lanzamiento del Centro de Pr\u00e1cticas para la Paz y la Convivencia, una iniciativa liderada por la Oficina de Bienestar Universitario de la Universidad de Caldas y la Comisi\u00f3n Dinamizadora para la Formulaci\u00f3n de la Pol\u00edtica de Paz y Convivencia Institucional. Este evento abre un camino valioso hacia la construcci\u00f3n de una comunidad universitaria m\u00e1s inclusiva, equitativa y consciente de su papel en la transformaci\u00f3n social.<!--more--><\/p>\n<p style=\"text-align: justify;\">El rector de la universidad, Fabio Hernando Arias Orozco, destac\u00f3 la importancia de estas iniciativas, que no solo buscan mejorar la convivencia en los campus, sino \u00a0el fortalecimiento del compromiso institucional con la paz y la equidad. \u201cDoy una calurosa bienvenida a los m\u00e1s de 50 practicantes que estar\u00e1n desarrollando proyectos dirigidos a la paz y al bienestar de nuestra Universidad. J\u00f3venes que con su energ\u00eda y creatividad son el motor que necesitamos para avanzar. Ellos contar\u00e1n con todo nuestro apoyo porque creemos firmemente que trabajando juntos, con el respaldo de nuestros docentes y las unidades acad\u00e9micas, podemos convertir estos retos en oportunidades de crecimiento y cambio positivo. Estamos tejiendo bienestar en comunidad\u201d, expres\u00f3.<\/p>\n<p style=\"text-align: justify;\">El Centro de Pr\u00e1cticas para la Paz y la Convivencia tiene, como uno de sus objetivos principales, el reconocimiento de las realidades que enfrentan muchos estudiantes, docentes y administrativos, quienes, adem\u00e1s de sus estudios, deben trabajar y cuidar de sus familias. Esta y otras realidades deben llevar a la Universidad a replantear sus curr\u00edculos y desarrollar estrategias que eviten la deserci\u00f3n, abordando los problemas desde una perspectiva estructural y no individualizada.<\/p>\n<p style=\"text-align: justify;\">El lanzamiento del centro de pr\u00e1cticas es solo el inicio de un proceso m\u00e1s amplio, que incluye la formulaci\u00f3n participativa de una pol\u00edtica viva de paz y convivencia. \u201cEste proceso, que ya ha involucrado a m\u00e1s de 270 miembros de la comunidad universitaria, construy\u00f3 un diagn\u00f3stico de los conflictos y las mediaciones posibles para alcanzar la paz dentro de la instituci\u00f3n\u201d, dijo el Coordinador de la Pol\u00edtica de Paz y Convivencia, Enrique Jaramillo.<\/p>\n<p style=\"text-align: justify;\">En su intervenci\u00f3n, el jefe de Bienestar Universitario, Alexander \u00c1lvarez, subray\u00f3 el reto de construir una educaci\u00f3n p\u00fablica accesible, equitativa y libre de discriminaciones y violencias. \u201cCon una inversi\u00f3n sin precedentes para nuestro bienestar universitario, la U. de Caldas ha superado los 9.000 millones de pesos en presupuesto, destinando recursos significativos para la salud mental y el apoyo econ\u00f3mico a su comunidad educativa. Sin embargo, se han identificado desaf\u00edos importantes, como los altos niveles de ansiedad, depresi\u00f3n y estr\u00e9s entre los estudiantes, lo que refuerza la necesidad de estas nuevas pol\u00edticas y pr\u00e1cticas para la paz\u201d, enfatiz\u00f3.<\/p>\n<p style=\"text-align: justify;\">El Seminario Carnaval y el lanzamiento del Centro de Pr\u00e1cticas para la Paz y la Convivencia representan un paso firme hacia la consolidaci\u00f3n de una universidad comprometida con la vida, la felicidad y la equidad. La Universidad, con su comunidad unida, est\u00e1 decidida a tejer un futuro de paz desde la educaci\u00f3n y la convivencia.<\/p>\n<p><strong>Anexo:<\/strong><\/p>\n<p><a href=\"https:\/\/www.ucaldas.edu.co\/portal\/wp-content\/uploads\/2024\/08\/Enrique-Jaramillo.mp3\"><strong>-Audio Coordinador de la Pol\u00edtica de Paz y Convivencia, Enrique Jaramillo.<\/strong><\/a><\/p>\n<audio class=\"wp-audio-shortcode\" id=\"audio-83112-1\" preload=\"none\" style=\"width: 100%;\" controls=\"controls\"><source type=\"audio\/mpeg\" src=\"https:\/\/www.ucaldas.edu.co\/portal\/wp-content\/uploads\/2024\/08\/Enrique-Jaramillo.mp3?_=1\" \/><a href=\"https:\/\/www.ucaldas.edu.co\/portal\/wp-content\/uploads\/2024\/08\/Enrique-Jaramillo.mp3\">https:\/\/www.ucaldas.edu.co\/portal\/wp-content\/uploads\/2024\/08\/Enrique-Jaramillo.mp3<\/a><\/audio>\n<p><strong>\u00a0<\/strong><\/p>\n<p><a href=\"https:\/\/www.ucaldas.edu.co\/portal\/wp-content\/uploads\/2024\/08\/Alexander-Alvarez.mp3\"><strong>-Audio Jefe de Bienestar Universitario, Alexander \u00c1lvarez.<\/strong><\/a><\/p>\n<audio class=\"wp-audio-shortcode\" id=\"audio-83112-2\" preload=\"none\" style=\"width: 100%;\" controls=\"controls\"><source type=\"audio\/mpeg\" src=\"https:\/\/www.ucaldas.edu.co\/portal\/wp-content\/uploads\/2024\/08\/Alexander-Alvarez.mp3?_=2\" \/><a href=\"https:\/\/www.ucaldas.edu.co\/portal\/wp-content\/uploads\/2024\/08\/Alexander-Alvarez.mp3\">https:\/\/www.ucaldas.edu.co\/portal\/wp-content\/uploads\/2024\/08\/Alexander-Alvarez.mp3<\/a><\/audio>\n<p><strong>\u00a0<\/strong><\/p>\n<p><a href=\"https:\/\/www.ucaldas.edu.co\/portal\/wp-content\/uploads\/2024\/08\/Claudia-Leguizamon.mp3\"><strong>-Audio Docente titular del Departamento de Artes Esc\u00e9nicas de la Universidad de Caldas, Claudia Patricia Leguizam\u00f3n.<\/strong><\/a><\/p>\n<audio class=\"wp-audio-shortcode\" id=\"audio-83112-3\" preload=\"none\" style=\"width: 100%;\" controls=\"controls\"><source type=\"audio\/mpeg\" src=\"https:\/\/www.ucaldas.edu.co\/portal\/wp-content\/uploads\/2024\/08\/Claudia-Leguizamon.mp3?_=3\" \/><a href=\"https:\/\/www.ucaldas.edu.co\/portal\/wp-content\/uploads\/2024\/08\/Claudia-Leguizamon.mp3\">https:\/\/www.ucaldas.edu.co\/portal\/wp-content\/uploads\/2024\/08\/Claudia-Leguizamon.mp3<\/a><\/audio>\n<p><strong>\u00a0<\/strong><\/p>\n<p><a href=\"https:\/\/www.ucaldas.edu.co\/portal\/wp-content\/uploads\/2024\/08\/Jessica-Castano.mp3\"><strong>-Audio Coordinadora de la Maestr\u00eda en Justicia Social y Construcci\u00f3n de Paz, Jessica Casta\u00f1o.<\/strong><\/a><\/p>\n<audio class=\"wp-audio-shortcode\" id=\"audio-83112-4\" preload=\"none\" style=\"width: 100%;\" controls=\"controls\"><source type=\"audio\/mpeg\" src=\"https:\/\/www.ucaldas.edu.co\/portal\/wp-content\/uploads\/2024\/08\/Jessica-Castano.mp3?_=4\" \/><a href=\"https:\/\/www.ucaldas.edu.co\/portal\/wp-content\/uploads\/2024\/08\/Jessica-Castano.mp3\">https:\/\/www.ucaldas.edu.co\/portal\/wp-content\/uploads\/2024\/08\/Jessica-Castano.mp3<\/a><\/audio>\n<p><strong>\u00a0<\/strong><\/p>\n<p><a href=\"https:\/\/www.ucaldas.edu.co\/portal\/wp-content\/uploads\/2024\/08\/Leidy-Vivian-Garcia.mp3\"><strong>-Audio estudiante de Trabajo Social y Artes Pl\u00e1sticas, Leidy Vivi\u00e1n Garc\u00eda.<\/strong><\/a><\/p>\n<audio class=\"wp-audio-shortcode\" id=\"audio-83112-5\" preload=\"none\" style=\"width: 100%;\" controls=\"controls\"><source type=\"audio\/mpeg\" src=\"https:\/\/www.ucaldas.edu.co\/portal\/wp-content\/uploads\/2024\/08\/Leidy-Vivian-Garcia.mp3?_=5\" \/><a href=\"https:\/\/www.ucaldas.edu.co\/portal\/wp-content\/uploads\/2024\/08\/Leidy-Vivian-Garcia.mp3\">https:\/\/www.ucaldas.edu.co\/portal\/wp-content\/uploads\/2024\/08\/Leidy-Vivian-Garcia.mp3<\/a><\/audio>\n<p>[\/vc_column_text][\/vc_column][\/vc_row][vc_row][vc_column][vc_gallery type=\u00bbimage_grid\u00bb images=\u00bb83119,83120,83121,83122,83123,83124,83125,83126,83127&#8243; title=\u00bbAs\u00ed se vivi\u00f3 el lanzamiento del Centro de Pr\u00e1cticas para la Paz y la Convivencia\u00bb][\/vc_column][\/vc_row]<\/p>\n<\/div>","protected":false},"excerpt":{"rendered":"<p>[vc_row][vc_column][vc_column_text] Este mi\u00e9rcoles 21 de agosto, el Centro Cultural Universitario Rogelio Salmona fue el escenario del Seminario Carnaval y el lanzamiento del Centro de Pr\u00e1cticas para la Paz y la Convivencia, una iniciativa liderada por la Oficina de Bienestar Universitario de la Universidad de Caldas y la Comisi\u00f3n Dinamizadora para la Formulaci\u00f3n de la Pol\u00edtica [&hellip;]<\/p>\n","protected":false},"author":2,"featured_media":83118,"comment_status":"closed","ping_status":"open","sticky":false,"template":"","format":"standard","meta":{"footnotes":""},"categories":[48,53],"tags":[431,8192],"class_list":["post-83112","post","type-post","status-publish","format-standard","has-post-thumbnail","hentry","category-actualidad","category-universidad-al-dia","tag-construccion-de-paz","tag-bienestar-comunidad"],"yoast_head":"<!-- This site is optimized with the Yoast SEO plugin v27.5 - https:\/\/yoast.com\/product\/yoast-seo-wordpress\/ -->\n<title>Con la creaci\u00f3n del Centro de Pr\u00e1cticas para la Paz, U de Caldas sigue el camino a la sana convivencia en los campus .<\/title>\n<meta name=\"robots\" content=\"index, follow, max-snippet:-1, max-image-preview:large, max-video-preview:-1\" \/>\n<link rel=\"canonical\" href=\"https:\/\/www.ucaldas.edu.co\/portal\/con-la-creacion-del-centro-de-practicas-para-la-paz-u-de-caldas-sigue-el-camino-a-la-sana-convivencia-en-los-campus\/\" \/>\n<script type=\"application\/ld+json\" class=\"yoast-schema-graph\">{\"@context\":\"https:\\\/\\\/schema.org\",\"@graph\":[{\"@type\":\"Article\",\"@id\":\"https:\\\/\\\/www.ucaldas.edu.co\\\/portal\\\/con-la-creacion-del-centro-de-practicas-para-la-paz-u-de-caldas-sigue-el-camino-a-la-sana-convivencia-en-los-campus\\\/#article\",\"isPartOf\":{\"@id\":\"https:\\\/\\\/www.ucaldas.edu.co\\\/portal\\\/con-la-creacion-del-centro-de-practicas-para-la-paz-u-de-caldas-sigue-el-camino-a-la-sana-convivencia-en-los-campus\\\/\"},\"author\":{\"name\":\"ofiprensa\",\"@id\":\"https:\\\/\\\/www.ucaldas.edu.co\\\/portal\\\/#\\\/schema\\\/person\\\/a1b482e23449158b4bc319926c074fdf\"},\"headline\":\"Con la creaci\u00f3n del Centro de Pr\u00e1cticas para la Paz, U de Caldas sigue el camino a la sana convivencia en los campus\",\"datePublished\":\"2024-08-22T00:14:43+00:00\",\"mainEntityOfPage\":{\"@id\":\"https:\\\/\\\/www.ucaldas.edu.co\\\/portal\\\/con-la-creacion-del-centro-de-practicas-para-la-paz-u-de-caldas-sigue-el-camino-a-la-sana-convivencia-en-los-campus\\\/\"},\"wordCount\":733,\"publisher\":{\"@id\":\"https:\\\/\\\/www.ucaldas.edu.co\\\/portal\\\/#organization\"},\"image\":{\"@id\":\"https:\\\/\\\/www.ucaldas.edu.co\\\/portal\\\/con-la-creacion-del-centro-de-practicas-para-la-paz-u-de-caldas-sigue-el-camino-a-la-sana-convivencia-en-los-campus\\\/#primaryimage\"},\"thumbnailUrl\":\"https:\\\/\\\/www.ucaldas.edu.co\\\/portal\\\/wp-content\\\/uploads\\\/2024\\\/08\\\/paz-i.jpg\",\"keywords\":[\"construcci\u00f3n de paz\",\"bienestar comunidad\"],\"articleSection\":[\"Actualidad\",\"Universidad al D\u00eda\"],\"inLanguage\":\"es\"},{\"@type\":\"WebPage\",\"@id\":\"https:\\\/\\\/www.ucaldas.edu.co\\\/portal\\\/con-la-creacion-del-centro-de-practicas-para-la-paz-u-de-caldas-sigue-el-camino-a-la-sana-convivencia-en-los-campus\\\/\",\"url\":\"https:\\\/\\\/www.ucaldas.edu.co\\\/portal\\\/con-la-creacion-del-centro-de-practicas-para-la-paz-u-de-caldas-sigue-el-camino-a-la-sana-convivencia-en-los-campus\\\/\",\"name\":\"Con la creaci\u00f3n del Centro de Pr\u00e1cticas para la Paz, U de Caldas sigue el camino a la sana convivencia en los campus .\",\"isPartOf\":{\"@id\":\"https:\\\/\\\/www.ucaldas.edu.co\\\/portal\\\/#website\"},\"primaryImageOfPage\":{\"@id\":\"https:\\\/\\\/www.ucaldas.edu.co\\\/portal\\\/con-la-creacion-del-centro-de-practicas-para-la-paz-u-de-caldas-sigue-el-camino-a-la-sana-convivencia-en-los-campus\\\/#primaryimage\"},\"image\":{\"@id\":\"https:\\\/\\\/www.ucaldas.edu.co\\\/portal\\\/con-la-creacion-del-centro-de-practicas-para-la-paz-u-de-caldas-sigue-el-camino-a-la-sana-convivencia-en-los-campus\\\/#primaryimage\"},\"thumbnailUrl\":\"https:\\\/\\\/www.ucaldas.edu.co\\\/portal\\\/wp-content\\\/uploads\\\/2024\\\/08\\\/paz-i.jpg\",\"datePublished\":\"2024-08-22T00:14:43+00:00\",\"breadcrumb\":{\"@id\":\"https:\\\/\\\/www.ucaldas.edu.co\\\/portal\\\/con-la-creacion-del-centro-de-practicas-para-la-paz-u-de-caldas-sigue-el-camino-a-la-sana-convivencia-en-los-campus\\\/#breadcrumb\"},\"inLanguage\":\"es\",\"potentialAction\":[{\"@type\":\"ReadAction\",\"target\":[\"https:\\\/\\\/www.ucaldas.edu.co\\\/portal\\\/con-la-creacion-del-centro-de-practicas-para-la-paz-u-de-caldas-sigue-el-camino-a-la-sana-convivencia-en-los-campus\\\/\"]}]},{\"@type\":\"ImageObject\",\"inLanguage\":\"es\",\"@id\":\"https:\\\/\\\/www.ucaldas.edu.co\\\/portal\\\/con-la-creacion-del-centro-de-practicas-para-la-paz-u-de-caldas-sigue-el-camino-a-la-sana-convivencia-en-los-campus\\\/#primaryimage\",\"url\":\"https:\\\/\\\/www.ucaldas.edu.co\\\/portal\\\/wp-content\\\/uploads\\\/2024\\\/08\\\/paz-i.jpg\",\"contentUrl\":\"https:\\\/\\\/www.ucaldas.edu.co\\\/portal\\\/wp-content\\\/uploads\\\/2024\\\/08\\\/paz-i.jpg\",\"width\":1280,\"height\":966},{\"@type\":\"BreadcrumbList\",\"@id\":\"https:\\\/\\\/www.ucaldas.edu.co\\\/portal\\\/con-la-creacion-del-centro-de-practicas-para-la-paz-u-de-caldas-sigue-el-camino-a-la-sana-convivencia-en-los-campus\\\/#breadcrumb\",\"itemListElement\":[{\"@type\":\"ListItem\",\"position\":1,\"name\":\"Portada\",\"item\":\"https:\\\/\\\/www.ucaldas.edu.co\\\/portal\\\/\"},{\"@type\":\"ListItem\",\"position\":2,\"name\":\"Con la creaci\u00f3n del Centro de Pr\u00e1cticas para la Paz, U de Caldas sigue el camino a la sana convivencia en los campus\"}]},{\"@type\":\"WebSite\",\"@id\":\"https:\\\/\\\/www.ucaldas.edu.co\\\/portal\\\/#website\",\"url\":\"https:\\\/\\\/www.ucaldas.edu.co\\\/portal\\\/\",\"name\":\"Universidad de Caldas\",\"description\":\"\",\"publisher\":{\"@id\":\"https:\\\/\\\/www.ucaldas.edu.co\\\/portal\\\/#organization\"},\"alternateName\":\"U. de Caldas\",\"potentialAction\":[{\"@type\":\"SearchAction\",\"target\":{\"@type\":\"EntryPoint\",\"urlTemplate\":\"https:\\\/\\\/www.ucaldas.edu.co\\\/portal\\\/?s={search_term_string}\"},\"query-input\":{\"@type\":\"PropertyValueSpecification\",\"valueRequired\":true,\"valueName\":\"search_term_string\"}}],\"inLanguage\":\"es\"},{\"@type\":\"Organization\",\"@id\":\"https:\\\/\\\/www.ucaldas.edu.co\\\/portal\\\/#organization\",\"name\":\"Universidad de Caldas\",\"alternateName\":\"U. de Caldas\",\"url\":\"https:\\\/\\\/www.ucaldas.edu.co\\\/portal\\\/\",\"logo\":{\"@type\":\"ImageObject\",\"inLanguage\":\"es\",\"@id\":\"https:\\\/\\\/www.ucaldas.edu.co\\\/portal\\\/#\\\/schema\\\/logo\\\/image\\\/\",\"url\":\"https:\\\/\\\/www.ucaldas.edu.co\\\/portal\\\/wp-content\\\/uploads\\\/2023\\\/11\\\/Logo_horizontal_oscuroU-2023.png\",\"contentUrl\":\"https:\\\/\\\/www.ucaldas.edu.co\\\/portal\\\/wp-content\\\/uploads\\\/2023\\\/11\\\/Logo_horizontal_oscuroU-2023.png\",\"width\":263,\"height\":101,\"caption\":\"Universidad de Caldas\"},\"image\":{\"@id\":\"https:\\\/\\\/www.ucaldas.edu.co\\\/portal\\\/#\\\/schema\\\/logo\\\/image\\\/\"},\"sameAs\":[\"https:\\\/\\\/www.facebook.com\\\/udecaldas\",\"https:\\\/\\\/x.com\\\/udecaldas\",\"https:\\\/\\\/www.youtube.com\\\/universidadcaldas\",\"https:\\\/\\\/www.instagram.com\\\/udecaldas\\\/\"]},{\"@type\":\"Person\",\"@id\":\"https:\\\/\\\/www.ucaldas.edu.co\\\/portal\\\/#\\\/schema\\\/person\\\/a1b482e23449158b4bc319926c074fdf\",\"name\":\"ofiprensa\",\"image\":{\"@type\":\"ImageObject\",\"inLanguage\":\"es\",\"@id\":\"https:\\\/\\\/www.ucaldas.edu.co\\\/portal\\\/wp-content\\\/litespeed\\\/avatar\\\/09ea5085e600095a7a811142c6944527.jpg?ver=1777497608\",\"url\":\"https:\\\/\\\/www.ucaldas.edu.co\\\/portal\\\/wp-content\\\/litespeed\\\/avatar\\\/09ea5085e600095a7a811142c6944527.jpg?ver=1777497608\",\"contentUrl\":\"https:\\\/\\\/www.ucaldas.edu.co\\\/portal\\\/wp-content\\\/litespeed\\\/avatar\\\/09ea5085e600095a7a811142c6944527.jpg?ver=1777497608\",\"caption\":\"ofiprensa\"},\"url\":\"https:\\\/\\\/www.ucaldas.edu.co\\\/portal\\\/author\\\/ofiprensa\\\/\"}]}<\/script>\n<!-- \/ Yoast SEO plugin. -->","yoast_head_json":{"title":"Con la creaci\u00f3n del Centro de Pr\u00e1cticas para la Paz, U de Caldas sigue el camino a la sana convivencia en los campus .","robots":{"index":"index","follow":"follow","max-snippet":"max-snippet:-1","max-image-preview":"max-image-preview:large","max-video-preview":"max-video-preview:-1"},"canonical":"https:\/\/www.ucaldas.edu.co\/portal\/con-la-creacion-del-centro-de-practicas-para-la-paz-u-de-caldas-sigue-el-camino-a-la-sana-convivencia-en-los-campus\/","schema":{"@context":"https:\/\/schema.org","@graph":[{"@type":"Article","@id":"https:\/\/www.ucaldas.edu.co\/portal\/con-la-creacion-del-centro-de-practicas-para-la-paz-u-de-caldas-sigue-el-camino-a-la-sana-convivencia-en-los-campus\/#article","isPartOf":{"@id":"https:\/\/www.ucaldas.edu.co\/portal\/con-la-creacion-del-centro-de-practicas-para-la-paz-u-de-caldas-sigue-el-camino-a-la-sana-convivencia-en-los-campus\/"},"author":{"name":"ofiprensa","@id":"https:\/\/www.ucaldas.edu.co\/portal\/#\/schema\/person\/a1b482e23449158b4bc319926c074fdf"},"headline":"Con la creaci\u00f3n del Centro de Pr\u00e1cticas para la Paz, U de Caldas sigue el camino a la sana convivencia en los campus","datePublished":"2024-08-22T00:14:43+00:00","mainEntityOfPage":{"@id":"https:\/\/www.ucaldas.edu.co\/portal\/con-la-creacion-del-centro-de-practicas-para-la-paz-u-de-caldas-sigue-el-camino-a-la-sana-convivencia-en-los-campus\/"},"wordCount":733,"publisher":{"@id":"https:\/\/www.ucaldas.edu.co\/portal\/#organization"},"image":{"@id":"https:\/\/www.ucaldas.edu.co\/portal\/con-la-creacion-del-centro-de-practicas-para-la-paz-u-de-caldas-sigue-el-camino-a-la-sana-convivencia-en-los-campus\/#primaryimage"},"thumbnailUrl":"https:\/\/www.ucaldas.edu.co\/portal\/wp-content\/uploads\/2024\/08\/paz-i.jpg","keywords":["construcci\u00f3n de paz","bienestar comunidad"],"articleSection":["Actualidad","Universidad al D\u00eda"],"inLanguage":"es"},{"@type":"WebPage","@id":"https:\/\/www.ucaldas.edu.co\/portal\/con-la-creacion-del-centro-de-practicas-para-la-paz-u-de-caldas-sigue-el-camino-a-la-sana-convivencia-en-los-campus\/","url":"https:\/\/www.ucaldas.edu.co\/portal\/con-la-creacion-del-centro-de-practicas-para-la-paz-u-de-caldas-sigue-el-camino-a-la-sana-convivencia-en-los-campus\/","name":"Con la creaci\u00f3n del Centro de Pr\u00e1cticas para la Paz, U de Caldas sigue el camino a la sana convivencia en los campus .","isPartOf":{"@id":"https:\/\/www.ucaldas.edu.co\/portal\/#website"},"primaryImageOfPage":{"@id":"https:\/\/www.ucaldas.edu.co\/portal\/con-la-creacion-del-centro-de-practicas-para-la-paz-u-de-caldas-sigue-el-camino-a-la-sana-convivencia-en-los-campus\/#primaryimage"},"image":{"@id":"https:\/\/www.ucaldas.edu.co\/portal\/con-la-creacion-del-centro-de-practicas-para-la-paz-u-de-caldas-sigue-el-camino-a-la-sana-convivencia-en-los-campus\/#primaryimage"},"thumbnailUrl":"https:\/\/www.ucaldas.edu.co\/portal\/wp-content\/uploads\/2024\/08\/paz-i.jpg","datePublished":"2024-08-22T00:14:43+00:00","breadcrumb":{"@id":"https:\/\/www.ucaldas.edu.co\/portal\/con-la-creacion-del-centro-de-practicas-para-la-paz-u-de-caldas-sigue-el-camino-a-la-sana-convivencia-en-los-campus\/#breadcrumb"},"inLanguage":"es","potentialAction":[{"@type":"ReadAction","target":["https:\/\/www.ucaldas.edu.co\/portal\/con-la-creacion-del-centro-de-practicas-para-la-paz-u-de-caldas-sigue-el-camino-a-la-sana-convivencia-en-los-campus\/"]}]},{"@type":"ImageObject","inLanguage":"es","@id":"https:\/\/www.ucaldas.edu.co\/portal\/con-la-creacion-del-centro-de-practicas-para-la-paz-u-de-caldas-sigue-el-camino-a-la-sana-convivencia-en-los-campus\/#primaryimage","url":"https:\/\/www.ucaldas.edu.co\/portal\/wp-content\/uploads\/2024\/08\/paz-i.jpg","contentUrl":"https:\/\/www.ucaldas.edu.co\/portal\/wp-content\/uploads\/2024\/08\/paz-i.jpg","width":1280,"height":966},{"@type":"BreadcrumbList","@id":"https:\/\/www.ucaldas.edu.co\/portal\/con-la-creacion-del-centro-de-practicas-para-la-paz-u-de-caldas-sigue-el-camino-a-la-sana-convivencia-en-los-campus\/#breadcrumb","itemListElement":[{"@type":"ListItem","position":1,"name":"Portada","item":"https:\/\/www.ucaldas.edu.co\/portal\/"},{"@type":"ListItem","position":2,"name":"Con la creaci\u00f3n del Centro de Pr\u00e1cticas para la Paz, U de Caldas sigue el camino a la sana convivencia en los campus"}]},{"@type":"WebSite","@id":"https:\/\/www.ucaldas.edu.co\/portal\/#website","url":"https:\/\/www.ucaldas.edu.co\/portal\/","name":"Universidad de Caldas","description":"","publisher":{"@id":"https:\/\/www.ucaldas.edu.co\/portal\/#organization"},"alternateName":"U. de Caldas","potentialAction":[{"@type":"SearchAction","target":{"@type":"EntryPoint","urlTemplate":"https:\/\/www.ucaldas.edu.co\/portal\/?s={search_term_string}"},"query-input":{"@type":"PropertyValueSpecification","valueRequired":true,"valueName":"search_term_string"}}],"inLanguage":"es"},{"@type":"Organization","@id":"https:\/\/www.ucaldas.edu.co\/portal\/#organization","name":"Universidad de Caldas","alternateName":"U. de Caldas","url":"https:\/\/www.ucaldas.edu.co\/portal\/","logo":{"@type":"ImageObject","inLanguage":"es","@id":"https:\/\/www.ucaldas.edu.co\/portal\/#\/schema\/logo\/image\/","url":"https:\/\/www.ucaldas.edu.co\/portal\/wp-content\/uploads\/2023\/11\/Logo_horizontal_oscuroU-2023.png","contentUrl":"https:\/\/www.ucaldas.edu.co\/portal\/wp-content\/uploads\/2023\/11\/Logo_horizontal_oscuroU-2023.png","width":263,"height":101,"caption":"Universidad de Caldas"},"image":{"@id":"https:\/\/www.ucaldas.edu.co\/portal\/#\/schema\/logo\/image\/"},"sameAs":["https:\/\/www.facebook.com\/udecaldas","https:\/\/x.com\/udecaldas","https:\/\/www.youtube.com\/universidadcaldas","https:\/\/www.instagram.com\/udecaldas\/"]},{"@type":"Person","@id":"https:\/\/www.ucaldas.edu.co\/portal\/#\/schema\/person\/a1b482e23449158b4bc319926c074fdf","name":"ofiprensa","image":{"@type":"ImageObject","inLanguage":"es","@id":"https:\/\/www.ucaldas.edu.co\/portal\/wp-content\/litespeed\/avatar\/09ea5085e600095a7a811142c6944527.jpg?ver=1777497608","url":"https:\/\/www.ucaldas.edu.co\/portal\/wp-content\/litespeed\/avatar\/09ea5085e600095a7a811142c6944527.jpg?ver=1777497608","contentUrl":"https:\/\/www.ucaldas.edu.co\/portal\/wp-content\/litespeed\/avatar\/09ea5085e600095a7a811142c6944527.jpg?ver=1777497608","caption":"ofiprensa"},"url":"https:\/\/www.ucaldas.edu.co\/portal\/author\/ofiprensa\/"}]}},"_links":{"self":[{"href":"https:\/\/www.ucaldas.edu.co\/portal\/wp-json\/wp\/v2\/posts\/83112","targetHints":{"allow":["GET"]}}],"collection":[{"href":"https:\/\/www.ucaldas.edu.co\/portal\/wp-json\/wp\/v2\/posts"}],"about":[{"href":"https:\/\/www.ucaldas.edu.co\/portal\/wp-json\/wp\/v2\/types\/post"}],"author":[{"embeddable":true,"href":"https:\/\/www.ucaldas.edu.co\/portal\/wp-json\/wp\/v2\/users\/2"}],"replies":[{"embeddable":true,"href":"https:\/\/www.ucaldas.edu.co\/portal\/wp-json\/wp\/v2\/comments?post=83112"}],"version-history":[{"count":0,"href":"https:\/\/www.ucaldas.edu.co\/portal\/wp-json\/wp\/v2\/posts\/83112\/revisions"}],"wp:featuredmedia":[{"embeddable":true,"href":"https:\/\/www.ucaldas.edu.co\/portal\/wp-json\/wp\/v2\/media\/83118"}],"wp:attachment":[{"href":"https:\/\/www.ucaldas.edu.co\/portal\/wp-json\/wp\/v2\/media?parent=83112"}],"wp:term":[{"taxonomy":"category","embeddable":true,"href":"https:\/\/www.ucaldas.edu.co\/portal\/wp-json\/wp\/v2\/categories?post=83112"},{"taxonomy":"post_tag","embeddable":true,"href":"https:\/\/www.ucaldas.edu.co\/portal\/wp-json\/wp\/v2\/tags?post=83112"}],"curies":[{"name":"wp","href":"https:\/\/api.w.org\/{rel}","templated":true}]}}