{"id":83104,"date":"2024-08-21T19:01:28","date_gmt":"2024-08-22T00:01:28","guid":{"rendered":"https:\/\/www.ucaldas.edu.co\/portal\/?p=83104"},"modified":"2024-08-21T19:01:28","modified_gmt":"2024-08-22T00:01:28","slug":"estudiante-de-la-u-de-caldas-fue-ganador-de-una-de-las-cinco-becas-de-la-convocatoria-nacional-colombia-biodiversa","status":"publish","type":"post","link":"https:\/\/www.ucaldas.edu.co\/portal\/estudiante-de-la-u-de-caldas-fue-ganador-de-una-de-las-cinco-becas-de-la-convocatoria-nacional-colombia-biodiversa\/","title":{"rendered":"Estudiante de la U. de Caldas fue ganador de una de las cinco becas de la Convocatoria Nacional \u00abColombia Biodiversa\u00bb"},"content":{"rendered":"<p style=\"text-align: justify;\"><img loading=\"lazy\" decoding=\"async\" class=\"alignnone size-full wp-image-83105\" src=\"https:\/\/www.ucaldas.edu.co\/portal\/wp-content\/uploads\/2024\/08\/jesus-david-beca.jpg\" alt=\"\" width=\"1200\" height=\"1600\" \/>El estudiante del programa de Biolog\u00eda de la Universidad de Caldas e integrante del semillero de Gen\u00e9tica y Biolog\u00eda Molecular de esta misma instituci\u00f3n, Jes\u00fas David Santana, gan\u00f3 una de las cinco becas de la Convocatoria Nacional \u00abColombia Biodiversa\u00bb, que busca promover la investigaci\u00f3n sobre el conocimiento, conservaci\u00f3n y uso sostenible de la biodiversidad de nuestro pa\u00eds, a trav\u00e9s del apoyo financiero a tesis de pregrado y maestr\u00eda de estudiantes colombianos de todas las \u00e1reas del conocimiento.<!--more--><\/p>\n<p style=\"text-align: justify;\">El trabajo de investigaci\u00f3n de Jes\u00fas David, se centra en el estudio de los par\u00e1sitos presentes en la sangre de las aves que habitan en las zonas alto andinas de Caldas, con un enfoque especial en el g\u00e9nero Plasmodium, el agente causante de la malaria. Estos par\u00e1sitos no solo afectan a los humanos, sino tambi\u00e9n a la fauna silvestre, en particular a las aves, que son poco estudiadas en Colombia.<\/p>\n<p style=\"text-align: justify;\"><strong>\u00a0<\/strong>La oficina de Prensa convers\u00f3 con \u00e9l acerca de esta importante beca que impulsa su camino investigativo y motiva a quienes quieren aportar al pa\u00eds y al mundo con nuevo conocimiento cient\u00edfico.<\/p>\n<p style=\"text-align: justify;\"><strong>Oficina de Prensa:<\/strong> \u00bfPor qu\u00e9 elegir este tema para su trabajo de grado?<\/p>\n<p style=\"text-align: justify;\"><strong>Jes\u00fas David Santana:<\/strong> Siempre he tenido un gran inter\u00e9s por las aves y quer\u00eda combinar el trabajo de campo con el que realizo en laboratorio. Al hablar con mi director, el doctor Rivera, identificamos que en este aspecto hab\u00eda un gran vac\u00edo de informaci\u00f3n en Colombia. Por esta raz\u00f3n decid\u00ed centrarme en estudiar estos par\u00e1sitos en zonas por encima de los 2100 metros de altitud, donde se sabe que predominan.<\/p>\n<p style=\"text-align: justify;\"><strong>Oficina de Prensa:<\/strong><em> \u00bfPor qu\u00e9 considera importante investigar estos par\u00e1sitos en particular?<\/em><\/p>\n<p style=\"text-align: justify;\"><strong>D. S:<\/strong> En primera medida porque pueden afectar la biolog\u00eda de las aves, hasta el punto de causar su muerte. Entender las interacciones entre par\u00e1sitos, aves y vectores es crucial, especialmente en un pa\u00eds como Colombia, donde existe una gran biodiversidad pero pocos estudios sobre el tema. Acercarnos a este tipo de interacciones nos ayudar\u00e1 a comprender mejor el ecosistema y a proteger la fauna local.<\/p>\n<p style=\"text-align: justify;\"><strong>Oficina de Prensa<\/strong>: <em>\u00bfC\u00f3mo ha sido recibir la beca del programa Colombia Biodiversa con esta investigaci\u00f3n?<\/em><\/p>\n<p style=\"text-align: justify;\"><strong>J.D.S<\/strong>: Esta beca ha sido un gran impulso. Nos seleccionaron entre 95 propuestas de investigaci\u00f3n a nivel nacional, lo cual es un gran orgullo para m\u00ed y para mi grupo de investigaci\u00f3n. Adem\u00e1s del apoyo econ\u00f3mico para cubrir los gastos de las salidas de campo, este reconocimiento nos confirma que estamos haciendo un trabajo relevante e importante. La beca me abre muchas puertas y me motiva a seguir adelante en la investigaci\u00f3n cient\u00edfica.<\/p>\n<p style=\"text-align: justify;\"><strong>Oficina de Prensa:<\/strong> <em>\u00bfC\u00f3mo influy\u00f3 su ni\u00f1ez en Boavita, Boyac\u00e1, y su relaci\u00f3n con el campo en la decisi\u00f3n de estudiar Biolog\u00eda?<\/em><\/p>\n<p style=\"text-align: justify;\"><strong>J.D.S:<\/strong> Desde peque\u00f1o, siempre estuve relacionado con el campo, y mi pap\u00e1, que es bi\u00f3logo, me inculc\u00f3 la curiosidad por la ciencia. La biolog\u00eda fue una bonita casualidad que se convirti\u00f3 en mi pasi\u00f3n despu\u00e9s de mi primera salida de campo en la facultad. Es un campo inmenso donde se pueden estudiar todas las interacciones de las especies, y la biolog\u00eda molecular, en particular, ofrece un enfoque integral de estas interacciones.<\/p>\n<p style=\"text-align: justify;\"><strong>Oficina de Prensa<\/strong>: Vamos ahora con algunas preguntas cortas:<\/p>\n<p style=\"text-align: justify;\"><em>\u00bfCu\u00e1l es su ave favorita?<\/em><\/p>\n<p style=\"text-align: justify;\"><strong>J.D.S<\/strong>: Las garzas. Arde alva me parece muy linda.<\/p>\n<p style=\"text-align: justify;\">\u00bfQu\u00e9 es lo m\u00e1s dif\u00edcil de estudiar Biolog\u00eda?<\/p>\n<p style=\"text-align: justify;\"><strong>J.D.S:<\/strong> Encontrar el camino o el enfoque, aunque finalmente uno entiende que todas las ramas est\u00e1n conectadas.<\/p>\n<p style=\"text-align: justify;\">\u00bfQui\u00e9n es Su referente en la ciencia?<\/p>\n<p style=\"text-align: justify;\"><strong>J.D.S:<\/strong> En neurociencia, admiro a Rodolfo Llin\u00e1s y al Dr. Andrew Huberman de la Universidad de Oxford. A nivel nacional, admiro profundamente a los doctores Fredy y Paula del grupo GEBIOME por su carisma y su riguroso trabajo.<\/p>\n<p style=\"text-align: justify;\"><em>\u00bfQu\u00e9 rescatar\u00eda de un incendio en el laboratorio?<\/em><\/p>\n<p style=\"text-align: justify;\"><strong>J.D.S:<\/strong> (risas) Rescatar\u00eda mis muestras positivas, porque cuando encontr\u00e9 el par\u00e1sito de aves que estaba buscando, fue uno de los momentos m\u00e1s felices de mi vida. Tambi\u00e9n rescatar\u00eda a mi familia, amigos y a todas las personas que me han apoyado en este camino.<\/p>\n<p><strong>Anexo<\/strong><\/p>\n<p><a href=\"https:\/\/www.ucaldas.edu.co\/portal\/wp-content\/uploads\/2024\/08\/jesus-beca-si.mp3\"><strong>-E<\/strong><strong>studiante del programa de Biolog\u00eda de la Universidad de Caldas e integrante del <\/strong><strong>semillero de Gen\u00e9tica y Biolog\u00eda Molecular<\/strong><strong>, Jes\u00fas David Santana.<\/strong><\/a><\/p>\n<audio class=\"wp-audio-shortcode\" id=\"audio-83104-1\" preload=\"none\" style=\"width: 100%;\" controls=\"controls\"><source type=\"audio\/mpeg\" src=\"https:\/\/www.ucaldas.edu.co\/portal\/wp-content\/uploads\/2024\/08\/jesus-beca-si.mp3?_=1\" \/><a href=\"https:\/\/www.ucaldas.edu.co\/portal\/wp-content\/uploads\/2024\/08\/jesus-beca-si.mp3\">https:\/\/www.ucaldas.edu.co\/portal\/wp-content\/uploads\/2024\/08\/jesus-beca-si.mp3<\/a><\/audio>\n<p><strong>\u00a0<\/strong><\/p>\n<p><strong>\u00a0<\/strong><\/p>\n<p><strong>\u00a0<\/strong><\/p>\n<p><strong>\u00a0<\/strong><\/p>\n<p><strong>\u00a0<\/strong><\/p>\n<p><strong>\u00a0<\/strong><\/p>\n<p><strong>\u00a0<\/strong><\/p>\n<p><strong>\u00a0<\/strong><\/p>\n","protected":false},"excerpt":{"rendered":"<p>El estudiante del programa de Biolog\u00eda de la Universidad de Caldas e integrante del semillero de Gen\u00e9tica y Biolog\u00eda Molecular de esta misma instituci\u00f3n, Jes\u00fas David Santana, gan\u00f3 una de las cinco becas de la Convocatoria Nacional \u00abColombia Biodiversa\u00bb, que busca promover la investigaci\u00f3n sobre el conocimiento, conservaci\u00f3n y uso sostenible de la biodiversidad de [&hellip;]<\/p>\n","protected":false},"author":2,"featured_media":83105,"comment_status":"closed","ping_status":"open","sticky":false,"template":"","format":"standard","meta":{"footnotes":""},"categories":[48,53],"tags":[4159,6502,9425],"class_list":["post-83104","post","type-post","status-publish","format-standard","has-post-thumbnail","hentry","category-actualidad","category-universidad-al-dia","tag-aves","tag-grupo-gebiome","tag-academia-e-investigacion"],"yoast_head":"<!-- This site is optimized with the Yoast SEO plugin v27.5 - https:\/\/yoast.com\/product\/yoast-seo-wordpress\/ -->\n<title>Estudiante de la U. de Caldas fue ganador de una de las cinco becas de la Convocatoria Nacional &quot;Colombia Biodiversa&quot; .<\/title>\n<meta name=\"robots\" content=\"index, follow, max-snippet:-1, max-image-preview:large, max-video-preview:-1\" \/>\n<link rel=\"canonical\" href=\"https:\/\/www.ucaldas.edu.co\/portal\/estudiante-de-la-u-de-caldas-fue-ganador-de-una-de-las-cinco-becas-de-la-convocatoria-nacional-colombia-biodiversa\/\" \/>\n<script type=\"application\/ld+json\" class=\"yoast-schema-graph\">{\"@context\":\"https:\\\/\\\/schema.org\",\"@graph\":[{\"@type\":\"Article\",\"@id\":\"https:\\\/\\\/www.ucaldas.edu.co\\\/portal\\\/estudiante-de-la-u-de-caldas-fue-ganador-de-una-de-las-cinco-becas-de-la-convocatoria-nacional-colombia-biodiversa\\\/#article\",\"isPartOf\":{\"@id\":\"https:\\\/\\\/www.ucaldas.edu.co\\\/portal\\\/estudiante-de-la-u-de-caldas-fue-ganador-de-una-de-las-cinco-becas-de-la-convocatoria-nacional-colombia-biodiversa\\\/\"},\"author\":{\"name\":\"ofiprensa\",\"@id\":\"https:\\\/\\\/www.ucaldas.edu.co\\\/portal\\\/#\\\/schema\\\/person\\\/a1b482e23449158b4bc319926c074fdf\"},\"headline\":\"Estudiante de la U. de Caldas fue ganador de una de las cinco becas de la Convocatoria Nacional \u00abColombia Biodiversa\u00bb\",\"datePublished\":\"2024-08-22T00:01:28+00:00\",\"mainEntityOfPage\":{\"@id\":\"https:\\\/\\\/www.ucaldas.edu.co\\\/portal\\\/estudiante-de-la-u-de-caldas-fue-ganador-de-una-de-las-cinco-becas-de-la-convocatoria-nacional-colombia-biodiversa\\\/\"},\"wordCount\":800,\"publisher\":{\"@id\":\"https:\\\/\\\/www.ucaldas.edu.co\\\/portal\\\/#organization\"},\"image\":{\"@id\":\"https:\\\/\\\/www.ucaldas.edu.co\\\/portal\\\/estudiante-de-la-u-de-caldas-fue-ganador-de-una-de-las-cinco-becas-de-la-convocatoria-nacional-colombia-biodiversa\\\/#primaryimage\"},\"thumbnailUrl\":\"https:\\\/\\\/www.ucaldas.edu.co\\\/portal\\\/wp-content\\\/uploads\\\/2024\\\/08\\\/jesus-david-beca.jpg\",\"keywords\":[\"aves\",\"grupo gebiome\",\"academia e investigaci\u00f3n\"],\"articleSection\":[\"Actualidad\",\"Universidad al D\u00eda\"],\"inLanguage\":\"es\"},{\"@type\":\"WebPage\",\"@id\":\"https:\\\/\\\/www.ucaldas.edu.co\\\/portal\\\/estudiante-de-la-u-de-caldas-fue-ganador-de-una-de-las-cinco-becas-de-la-convocatoria-nacional-colombia-biodiversa\\\/\",\"url\":\"https:\\\/\\\/www.ucaldas.edu.co\\\/portal\\\/estudiante-de-la-u-de-caldas-fue-ganador-de-una-de-las-cinco-becas-de-la-convocatoria-nacional-colombia-biodiversa\\\/\",\"name\":\"Estudiante de la U. de Caldas fue ganador de una de las cinco becas de la Convocatoria Nacional \\\"Colombia Biodiversa\\\" .\",\"isPartOf\":{\"@id\":\"https:\\\/\\\/www.ucaldas.edu.co\\\/portal\\\/#website\"},\"primaryImageOfPage\":{\"@id\":\"https:\\\/\\\/www.ucaldas.edu.co\\\/portal\\\/estudiante-de-la-u-de-caldas-fue-ganador-de-una-de-las-cinco-becas-de-la-convocatoria-nacional-colombia-biodiversa\\\/#primaryimage\"},\"image\":{\"@id\":\"https:\\\/\\\/www.ucaldas.edu.co\\\/portal\\\/estudiante-de-la-u-de-caldas-fue-ganador-de-una-de-las-cinco-becas-de-la-convocatoria-nacional-colombia-biodiversa\\\/#primaryimage\"},\"thumbnailUrl\":\"https:\\\/\\\/www.ucaldas.edu.co\\\/portal\\\/wp-content\\\/uploads\\\/2024\\\/08\\\/jesus-david-beca.jpg\",\"datePublished\":\"2024-08-22T00:01:28+00:00\",\"breadcrumb\":{\"@id\":\"https:\\\/\\\/www.ucaldas.edu.co\\\/portal\\\/estudiante-de-la-u-de-caldas-fue-ganador-de-una-de-las-cinco-becas-de-la-convocatoria-nacional-colombia-biodiversa\\\/#breadcrumb\"},\"inLanguage\":\"es\",\"potentialAction\":[{\"@type\":\"ReadAction\",\"target\":[\"https:\\\/\\\/www.ucaldas.edu.co\\\/portal\\\/estudiante-de-la-u-de-caldas-fue-ganador-de-una-de-las-cinco-becas-de-la-convocatoria-nacional-colombia-biodiversa\\\/\"]}]},{\"@type\":\"ImageObject\",\"inLanguage\":\"es\",\"@id\":\"https:\\\/\\\/www.ucaldas.edu.co\\\/portal\\\/estudiante-de-la-u-de-caldas-fue-ganador-de-una-de-las-cinco-becas-de-la-convocatoria-nacional-colombia-biodiversa\\\/#primaryimage\",\"url\":\"https:\\\/\\\/www.ucaldas.edu.co\\\/portal\\\/wp-content\\\/uploads\\\/2024\\\/08\\\/jesus-david-beca.jpg\",\"contentUrl\":\"https:\\\/\\\/www.ucaldas.edu.co\\\/portal\\\/wp-content\\\/uploads\\\/2024\\\/08\\\/jesus-david-beca.jpg\",\"width\":1200,\"height\":1600},{\"@type\":\"BreadcrumbList\",\"@id\":\"https:\\\/\\\/www.ucaldas.edu.co\\\/portal\\\/estudiante-de-la-u-de-caldas-fue-ganador-de-una-de-las-cinco-becas-de-la-convocatoria-nacional-colombia-biodiversa\\\/#breadcrumb\",\"itemListElement\":[{\"@type\":\"ListItem\",\"position\":1,\"name\":\"Portada\",\"item\":\"https:\\\/\\\/www.ucaldas.edu.co\\\/portal\\\/\"},{\"@type\":\"ListItem\",\"position\":2,\"name\":\"Estudiante de la U. de Caldas fue ganador de una de las cinco becas de la Convocatoria Nacional \u00abColombia Biodiversa\u00bb\"}]},{\"@type\":\"WebSite\",\"@id\":\"https:\\\/\\\/www.ucaldas.edu.co\\\/portal\\\/#website\",\"url\":\"https:\\\/\\\/www.ucaldas.edu.co\\\/portal\\\/\",\"name\":\"Universidad de Caldas\",\"description\":\"\",\"publisher\":{\"@id\":\"https:\\\/\\\/www.ucaldas.edu.co\\\/portal\\\/#organization\"},\"alternateName\":\"U. de Caldas\",\"potentialAction\":[{\"@type\":\"SearchAction\",\"target\":{\"@type\":\"EntryPoint\",\"urlTemplate\":\"https:\\\/\\\/www.ucaldas.edu.co\\\/portal\\\/?s={search_term_string}\"},\"query-input\":{\"@type\":\"PropertyValueSpecification\",\"valueRequired\":true,\"valueName\":\"search_term_string\"}}],\"inLanguage\":\"es\"},{\"@type\":\"Organization\",\"@id\":\"https:\\\/\\\/www.ucaldas.edu.co\\\/portal\\\/#organization\",\"name\":\"Universidad de Caldas\",\"alternateName\":\"U. de Caldas\",\"url\":\"https:\\\/\\\/www.ucaldas.edu.co\\\/portal\\\/\",\"logo\":{\"@type\":\"ImageObject\",\"inLanguage\":\"es\",\"@id\":\"https:\\\/\\\/www.ucaldas.edu.co\\\/portal\\\/#\\\/schema\\\/logo\\\/image\\\/\",\"url\":\"https:\\\/\\\/www.ucaldas.edu.co\\\/portal\\\/wp-content\\\/uploads\\\/2023\\\/11\\\/Logo_horizontal_oscuroU-2023.png\",\"contentUrl\":\"https:\\\/\\\/www.ucaldas.edu.co\\\/portal\\\/wp-content\\\/uploads\\\/2023\\\/11\\\/Logo_horizontal_oscuroU-2023.png\",\"width\":263,\"height\":101,\"caption\":\"Universidad de Caldas\"},\"image\":{\"@id\":\"https:\\\/\\\/www.ucaldas.edu.co\\\/portal\\\/#\\\/schema\\\/logo\\\/image\\\/\"},\"sameAs\":[\"https:\\\/\\\/www.facebook.com\\\/udecaldas\",\"https:\\\/\\\/x.com\\\/udecaldas\",\"https:\\\/\\\/www.youtube.com\\\/universidadcaldas\",\"https:\\\/\\\/www.instagram.com\\\/udecaldas\\\/\"]},{\"@type\":\"Person\",\"@id\":\"https:\\\/\\\/www.ucaldas.edu.co\\\/portal\\\/#\\\/schema\\\/person\\\/a1b482e23449158b4bc319926c074fdf\",\"name\":\"ofiprensa\",\"image\":{\"@type\":\"ImageObject\",\"inLanguage\":\"es\",\"@id\":\"https:\\\/\\\/www.ucaldas.edu.co\\\/portal\\\/wp-content\\\/litespeed\\\/avatar\\\/09ea5085e600095a7a811142c6944527.jpg?ver=1777497608\",\"url\":\"https:\\\/\\\/www.ucaldas.edu.co\\\/portal\\\/wp-content\\\/litespeed\\\/avatar\\\/09ea5085e600095a7a811142c6944527.jpg?ver=1777497608\",\"contentUrl\":\"https:\\\/\\\/www.ucaldas.edu.co\\\/portal\\\/wp-content\\\/litespeed\\\/avatar\\\/09ea5085e600095a7a811142c6944527.jpg?ver=1777497608\",\"caption\":\"ofiprensa\"},\"url\":\"https:\\\/\\\/www.ucaldas.edu.co\\\/portal\\\/author\\\/ofiprensa\\\/\"}]}<\/script>\n<!-- \/ Yoast SEO plugin. -->","yoast_head_json":{"title":"Estudiante de la U. de Caldas fue ganador de una de las cinco becas de la Convocatoria Nacional \"Colombia Biodiversa\" .","robots":{"index":"index","follow":"follow","max-snippet":"max-snippet:-1","max-image-preview":"max-image-preview:large","max-video-preview":"max-video-preview:-1"},"canonical":"https:\/\/www.ucaldas.edu.co\/portal\/estudiante-de-la-u-de-caldas-fue-ganador-de-una-de-las-cinco-becas-de-la-convocatoria-nacional-colombia-biodiversa\/","schema":{"@context":"https:\/\/schema.org","@graph":[{"@type":"Article","@id":"https:\/\/www.ucaldas.edu.co\/portal\/estudiante-de-la-u-de-caldas-fue-ganador-de-una-de-las-cinco-becas-de-la-convocatoria-nacional-colombia-biodiversa\/#article","isPartOf":{"@id":"https:\/\/www.ucaldas.edu.co\/portal\/estudiante-de-la-u-de-caldas-fue-ganador-de-una-de-las-cinco-becas-de-la-convocatoria-nacional-colombia-biodiversa\/"},"author":{"name":"ofiprensa","@id":"https:\/\/www.ucaldas.edu.co\/portal\/#\/schema\/person\/a1b482e23449158b4bc319926c074fdf"},"headline":"Estudiante de la U. de Caldas fue ganador de una de las cinco becas de la Convocatoria Nacional \u00abColombia Biodiversa\u00bb","datePublished":"2024-08-22T00:01:28+00:00","mainEntityOfPage":{"@id":"https:\/\/www.ucaldas.edu.co\/portal\/estudiante-de-la-u-de-caldas-fue-ganador-de-una-de-las-cinco-becas-de-la-convocatoria-nacional-colombia-biodiversa\/"},"wordCount":800,"publisher":{"@id":"https:\/\/www.ucaldas.edu.co\/portal\/#organization"},"image":{"@id":"https:\/\/www.ucaldas.edu.co\/portal\/estudiante-de-la-u-de-caldas-fue-ganador-de-una-de-las-cinco-becas-de-la-convocatoria-nacional-colombia-biodiversa\/#primaryimage"},"thumbnailUrl":"https:\/\/www.ucaldas.edu.co\/portal\/wp-content\/uploads\/2024\/08\/jesus-david-beca.jpg","keywords":["aves","grupo gebiome","academia e investigaci\u00f3n"],"articleSection":["Actualidad","Universidad al D\u00eda"],"inLanguage":"es"},{"@type":"WebPage","@id":"https:\/\/www.ucaldas.edu.co\/portal\/estudiante-de-la-u-de-caldas-fue-ganador-de-una-de-las-cinco-becas-de-la-convocatoria-nacional-colombia-biodiversa\/","url":"https:\/\/www.ucaldas.edu.co\/portal\/estudiante-de-la-u-de-caldas-fue-ganador-de-una-de-las-cinco-becas-de-la-convocatoria-nacional-colombia-biodiversa\/","name":"Estudiante de la U. de Caldas fue ganador de una de las cinco becas de la Convocatoria Nacional \"Colombia Biodiversa\" .","isPartOf":{"@id":"https:\/\/www.ucaldas.edu.co\/portal\/#website"},"primaryImageOfPage":{"@id":"https:\/\/www.ucaldas.edu.co\/portal\/estudiante-de-la-u-de-caldas-fue-ganador-de-una-de-las-cinco-becas-de-la-convocatoria-nacional-colombia-biodiversa\/#primaryimage"},"image":{"@id":"https:\/\/www.ucaldas.edu.co\/portal\/estudiante-de-la-u-de-caldas-fue-ganador-de-una-de-las-cinco-becas-de-la-convocatoria-nacional-colombia-biodiversa\/#primaryimage"},"thumbnailUrl":"https:\/\/www.ucaldas.edu.co\/portal\/wp-content\/uploads\/2024\/08\/jesus-david-beca.jpg","datePublished":"2024-08-22T00:01:28+00:00","breadcrumb":{"@id":"https:\/\/www.ucaldas.edu.co\/portal\/estudiante-de-la-u-de-caldas-fue-ganador-de-una-de-las-cinco-becas-de-la-convocatoria-nacional-colombia-biodiversa\/#breadcrumb"},"inLanguage":"es","potentialAction":[{"@type":"ReadAction","target":["https:\/\/www.ucaldas.edu.co\/portal\/estudiante-de-la-u-de-caldas-fue-ganador-de-una-de-las-cinco-becas-de-la-convocatoria-nacional-colombia-biodiversa\/"]}]},{"@type":"ImageObject","inLanguage":"es","@id":"https:\/\/www.ucaldas.edu.co\/portal\/estudiante-de-la-u-de-caldas-fue-ganador-de-una-de-las-cinco-becas-de-la-convocatoria-nacional-colombia-biodiversa\/#primaryimage","url":"https:\/\/www.ucaldas.edu.co\/portal\/wp-content\/uploads\/2024\/08\/jesus-david-beca.jpg","contentUrl":"https:\/\/www.ucaldas.edu.co\/portal\/wp-content\/uploads\/2024\/08\/jesus-david-beca.jpg","width":1200,"height":1600},{"@type":"BreadcrumbList","@id":"https:\/\/www.ucaldas.edu.co\/portal\/estudiante-de-la-u-de-caldas-fue-ganador-de-una-de-las-cinco-becas-de-la-convocatoria-nacional-colombia-biodiversa\/#breadcrumb","itemListElement":[{"@type":"ListItem","position":1,"name":"Portada","item":"https:\/\/www.ucaldas.edu.co\/portal\/"},{"@type":"ListItem","position":2,"name":"Estudiante de la U. de Caldas fue ganador de una de las cinco becas de la Convocatoria Nacional \u00abColombia Biodiversa\u00bb"}]},{"@type":"WebSite","@id":"https:\/\/www.ucaldas.edu.co\/portal\/#website","url":"https:\/\/www.ucaldas.edu.co\/portal\/","name":"Universidad de Caldas","description":"","publisher":{"@id":"https:\/\/www.ucaldas.edu.co\/portal\/#organization"},"alternateName":"U. de Caldas","potentialAction":[{"@type":"SearchAction","target":{"@type":"EntryPoint","urlTemplate":"https:\/\/www.ucaldas.edu.co\/portal\/?s={search_term_string}"},"query-input":{"@type":"PropertyValueSpecification","valueRequired":true,"valueName":"search_term_string"}}],"inLanguage":"es"},{"@type":"Organization","@id":"https:\/\/www.ucaldas.edu.co\/portal\/#organization","name":"Universidad de Caldas","alternateName":"U. de Caldas","url":"https:\/\/www.ucaldas.edu.co\/portal\/","logo":{"@type":"ImageObject","inLanguage":"es","@id":"https:\/\/www.ucaldas.edu.co\/portal\/#\/schema\/logo\/image\/","url":"https:\/\/www.ucaldas.edu.co\/portal\/wp-content\/uploads\/2023\/11\/Logo_horizontal_oscuroU-2023.png","contentUrl":"https:\/\/www.ucaldas.edu.co\/portal\/wp-content\/uploads\/2023\/11\/Logo_horizontal_oscuroU-2023.png","width":263,"height":101,"caption":"Universidad de Caldas"},"image":{"@id":"https:\/\/www.ucaldas.edu.co\/portal\/#\/schema\/logo\/image\/"},"sameAs":["https:\/\/www.facebook.com\/udecaldas","https:\/\/x.com\/udecaldas","https:\/\/www.youtube.com\/universidadcaldas","https:\/\/www.instagram.com\/udecaldas\/"]},{"@type":"Person","@id":"https:\/\/www.ucaldas.edu.co\/portal\/#\/schema\/person\/a1b482e23449158b4bc319926c074fdf","name":"ofiprensa","image":{"@type":"ImageObject","inLanguage":"es","@id":"https:\/\/www.ucaldas.edu.co\/portal\/wp-content\/litespeed\/avatar\/09ea5085e600095a7a811142c6944527.jpg?ver=1777497608","url":"https:\/\/www.ucaldas.edu.co\/portal\/wp-content\/litespeed\/avatar\/09ea5085e600095a7a811142c6944527.jpg?ver=1777497608","contentUrl":"https:\/\/www.ucaldas.edu.co\/portal\/wp-content\/litespeed\/avatar\/09ea5085e600095a7a811142c6944527.jpg?ver=1777497608","caption":"ofiprensa"},"url":"https:\/\/www.ucaldas.edu.co\/portal\/author\/ofiprensa\/"}]}},"_links":{"self":[{"href":"https:\/\/www.ucaldas.edu.co\/portal\/wp-json\/wp\/v2\/posts\/83104","targetHints":{"allow":["GET"]}}],"collection":[{"href":"https:\/\/www.ucaldas.edu.co\/portal\/wp-json\/wp\/v2\/posts"}],"about":[{"href":"https:\/\/www.ucaldas.edu.co\/portal\/wp-json\/wp\/v2\/types\/post"}],"author":[{"embeddable":true,"href":"https:\/\/www.ucaldas.edu.co\/portal\/wp-json\/wp\/v2\/users\/2"}],"replies":[{"embeddable":true,"href":"https:\/\/www.ucaldas.edu.co\/portal\/wp-json\/wp\/v2\/comments?post=83104"}],"version-history":[{"count":0,"href":"https:\/\/www.ucaldas.edu.co\/portal\/wp-json\/wp\/v2\/posts\/83104\/revisions"}],"wp:featuredmedia":[{"embeddable":true,"href":"https:\/\/www.ucaldas.edu.co\/portal\/wp-json\/wp\/v2\/media\/83105"}],"wp:attachment":[{"href":"https:\/\/www.ucaldas.edu.co\/portal\/wp-json\/wp\/v2\/media?parent=83104"}],"wp:term":[{"taxonomy":"category","embeddable":true,"href":"https:\/\/www.ucaldas.edu.co\/portal\/wp-json\/wp\/v2\/categories?post=83104"},{"taxonomy":"post_tag","embeddable":true,"href":"https:\/\/www.ucaldas.edu.co\/portal\/wp-json\/wp\/v2\/tags?post=83104"}],"curies":[{"name":"wp","href":"https:\/\/api.w.org\/{rel}","templated":true}]}}