{"id":82931,"date":"2024-08-08T18:44:32","date_gmt":"2024-08-08T23:44:32","guid":{"rendered":"https:\/\/www.ucaldas.edu.co\/portal\/?p=82931"},"modified":"2024-08-09T08:53:34","modified_gmt":"2024-08-09T13:53:34","slug":"que-piensan-los-maestros-en-formacion-sobre-la-infancia-pregunta-de-investigacion-que-reflexiona-sobre-la-practica-docente-en-caldas","status":"publish","type":"post","link":"https:\/\/www.ucaldas.edu.co\/portal\/que-piensan-los-maestros-en-formacion-sobre-la-infancia-pregunta-de-investigacion-que-reflexiona-sobre-la-practica-docente-en-caldas\/","title":{"rendered":"\u00bfQu\u00e9 piensan los maestros en formaci\u00f3n sobre la infancia? pregunta de investigaci\u00f3n que reflexiona sobre la pr\u00e1ctica docente en Caldas."},"content":{"rendered":"<p style=\"text-align: justify;\"><img loading=\"lazy\" decoding=\"async\" class=\"alignnone size-full wp-image-82934\" src=\"https:\/\/www.ucaldas.edu.co\/portal\/wp-content\/uploads\/2024\/08\/infantes.jpg\" alt=\"\u00bfQu\u00e9 piensan los maestros en formaci\u00f3n sobre la infancia? pregunta de investigaci\u00f3n que reflexiona sobre la pr\u00e1ctica docente en Caldas. en la imagen se ven varios ni\u00f1os jugando.\" width=\"1000\" height=\"667\" \/>En la reciente edici\u00f3n de la revista \u00c1nfora, dossier especial sobre cognici\u00f3n y cultura, aparece publicado el art\u00edculo de investigaci\u00f3n doctoral \u00ab<em>Concepciones de infancia en la formaci\u00f3n inicial de maestros, <\/em>del docente investigador del departamento de Estudios Educativos de la Universidad de Caldas, Omar Javier Garc\u00eda Mart\u00ednez.<!--more--><\/p>\n<p style=\"text-align: justify;\">Esta es una interesante exploraci\u00f3n en torno a las ideas que tienen los maestros normalistas en Caldas sobre la infancia. Esto influye poderosamente en los m\u00e9todos de ense\u00f1anza \u2013 aprendizaje en todos los niveles de formaci\u00f3n.<\/p>\n<p style=\"text-align: justify;\">Para ampliar los detalles sobre este ejercicio riguroso y diferencial, la Oficina de Prensa convers\u00f3 con el autor de este art\u00edculo de investigaci\u00f3n.<\/p>\n<p style=\"text-align: justify;\"><strong>Oficina de Prensa:<\/strong> <em>\u00bfC\u00f3mo y por qu\u00e9 lleg\u00f3 a la idea de investigar las concepciones de infancia de los maestros en formaci\u00f3n inicial para su tesis doctoral?<\/em><\/p>\n<p style=\"text-align: justify;\"><strong>Omar Javier Garc\u00eda Mart\u00ednez<\/strong>: La idea surgi\u00f3 a partir de mi experiencia personal y acad\u00e9mica en el campo de la educaci\u00f3n. Durante mi formaci\u00f3n como estudiante, me di cuenta de que el concepto de infancia, especialmente en su relaci\u00f3n con la pedagog\u00eda y la formaci\u00f3n de maestros, no hab\u00eda sido abordado en profundidad. La infancia, como la conocemos hoy, es una construcci\u00f3n moderna que ha dado lugar a la pedagog\u00eda de la escolarizaci\u00f3n y, por ende, a la formaci\u00f3n de maestros. Me parece crucial reflexionar sobre c\u00f3mo concebimos la infancia en el contexto de la ense\u00f1anza y el aprendizaje, ya que es una categor\u00eda socio-hist\u00f3rica que, idealmente, deber\u00eda vivirse con intensidad durante la ni\u00f1ez. En este sentido, la pedagog\u00eda, una disciplina tambi\u00e9n inventada por los adultos, est\u00e1 intr\u00ednsecamente ligada a c\u00f3mo entendemos y tratamos la infancia en la educaci\u00f3n.<\/p>\n<p style=\"text-align: justify;\"><strong>Oficina de Prensa<\/strong>: <em>\u00bfPor qu\u00e9 considera importante pensar la infancia en el contexto de la ense\u00f1anza-aprendizaje, especialmente en un mundo cada vez m\u00e1s influenciado por la tecnolog\u00eda?<\/em><\/p>\n<p style=\"text-align: justify;\"><strong>Omar Javier Garc\u00eda Mart\u00ednez:<\/strong> Vivimos en una era en la que la tecnolog\u00eda, desde las pantallas hasta la inteligencia artificial, ha transformado radicalmente la manera en que los ni\u00f1os acceden al conocimiento. Ya no existe esa asimetr\u00eda tradicional entre adultos y ni\u00f1os, donde los primeros guiaban a los segundos a trav\u00e9s de rituales de paso hacia la adultez. Hoy en d\u00eda, los ni\u00f1os tienen acceso directo a la informaci\u00f3n, lo que elimina muchos de esos secretos que antes marcaban la diferencia entre la ni\u00f1ez y la adultez. La escuela, como instituci\u00f3n, sigue siendo un lugar donde el tiempo transcurre lentamente, pero este cambio cultural exige que los maestros, quienes son los agentes culturales m\u00e1s importantes para la infancia, reconsideren c\u00f3mo piensan y ense\u00f1an a los ni\u00f1os contempor\u00e1neos.<\/p>\n<p style=\"text-align: justify;\"><strong>Oficina de Prensa<\/strong>: <em>\u00bfConsidera que al trascender la concepci\u00f3n tradicional de la infancia como etapa de desarrollo podr\u00eda mejorar los procesos pedag\u00f3gicos en las Escuelas Normales Superiores de Caldas?<\/em><\/p>\n<p style=\"text-align: justify;\"><strong>O.J.G.M:<\/strong> Claro. Trascender esta concepci\u00f3n implica un cambio profundo en la pedagog\u00eda. Un cambio que permita a los maestros entender mejor a los ni\u00f1os de hoy, quienes ya no son aquellos a quienes se les revela el mundo de manera gradual, sino que est\u00e1n expuestos a \u00e9l en su totalidad, ya sea por el entorno violento o por el acceso a la tecnolog\u00eda. La escuela debe adaptarse a esta nueva realidad y trabajar con los ni\u00f1os de hoy, que no son los mismos que fueron los maestros en su ni\u00f1ez.<\/p>\n<p style=\"text-align: justify;\"><strong>Oficina de Prensa<em>:<\/em><\/strong> \u00bfConsidera que abrirse a concepciones socio hist\u00f3ricas y filos\u00f3ficas de la infancia, puede impactar de otro modo el ejercicio pedag\u00f3gico a todo nivel?<\/p>\n<p style=\"text-align: justify;\"><strong>O.J.G.M:<\/strong> Considero que las teor\u00edas de las infancias contempor\u00e1neas y, en general, los estudios de infancia, permitir\u00e1n la transformaci\u00f3n positiva de la pedagog\u00eda, porque \u00e9sta, desde su nacimiento, se pregunta por el ser humano que se forma, y esa formaci\u00f3n es para toda la vida. Es necesario que los adultos hagamos todo lo que est\u00e9 a nuestro alcance para que los ni\u00f1os puedan tener la infancia presente durante la ni\u00f1ez. En esto concluimos diversos investigadores contempor\u00e1neos sobre las infancias.<\/p>\n<p><strong>Anexo<\/strong><\/p>\n<p><a href=\"https:\/\/www.ucaldas.edu.co\/portal\/wp-content\/uploads\/2024\/08\/infancia.mp3\"><strong>Audio docente investigador del departamento de Estudios Educativos de la Universidad de Caldas, Omar Javier Garc\u00eda Mart\u00ednez.<\/strong><\/a><\/p>\n<audio class=\"wp-audio-shortcode\" id=\"audio-82931-1\" preload=\"none\" style=\"width: 100%;\" controls=\"controls\"><source type=\"audio\/mpeg\" src=\"https:\/\/www.ucaldas.edu.co\/portal\/wp-content\/uploads\/2024\/08\/infancia.mp3?_=1\" \/><a href=\"https:\/\/www.ucaldas.edu.co\/portal\/wp-content\/uploads\/2024\/08\/infancia.mp3\">https:\/\/www.ucaldas.edu.co\/portal\/wp-content\/uploads\/2024\/08\/infancia.mp3<\/a><\/audio>\n<p>&nbsp;<\/p>\n<p>&nbsp;<\/p>\n<p>&nbsp;<\/p>\n<p>&nbsp;<\/p>\n<p>&nbsp;<\/p>\n<p>&nbsp;<\/p>\n<p>&nbsp;<\/p>\n<p>&nbsp;<\/p>\n<p>&nbsp;<\/p>\n","protected":false},"excerpt":{"rendered":"<p>En la reciente edici\u00f3n de la revista \u00c1nfora, dossier especial sobre cognici\u00f3n y cultura, aparece publicado el art\u00edculo de investigaci\u00f3n doctoral \u00abConcepciones de infancia en la formaci\u00f3n inicial de maestros, del docente investigador del departamento de Estudios Educativos de la Universidad de Caldas, Omar Javier Garc\u00eda Mart\u00ednez.<\/p>\n","protected":false},"author":2,"featured_media":82934,"comment_status":"closed","ping_status":"open","sticky":false,"template":"","format":"standard","meta":{"footnotes":""},"categories":[48,53],"tags":[1162,2970,9015],"class_list":["post-82931","post","type-post","status-publish","format-standard","has-post-thumbnail","hentry","category-actualidad","category-universidad-al-dia","tag-articulo-cientifico","tag-docencia","tag-actualidad-en-educacion"],"yoast_head":"<!-- This site is optimized with the Yoast SEO plugin v27.5 - https:\/\/yoast.com\/product\/yoast-seo-wordpress\/ -->\n<title>\u00bfQu\u00e9 piensan los maestros en formaci\u00f3n sobre la infancia? pregunta de investigaci\u00f3n que reflexiona sobre la pr\u00e1ctica docente en Caldas. .<\/title>\n<meta name=\"robots\" content=\"index, follow, max-snippet:-1, max-image-preview:large, max-video-preview:-1\" \/>\n<link rel=\"canonical\" href=\"https:\/\/www.ucaldas.edu.co\/portal\/que-piensan-los-maestros-en-formacion-sobre-la-infancia-pregunta-de-investigacion-que-reflexiona-sobre-la-practica-docente-en-caldas\/\" \/>\n<script type=\"application\/ld+json\" class=\"yoast-schema-graph\">{\"@context\":\"https:\\\/\\\/schema.org\",\"@graph\":[{\"@type\":\"Article\",\"@id\":\"https:\\\/\\\/www.ucaldas.edu.co\\\/portal\\\/que-piensan-los-maestros-en-formacion-sobre-la-infancia-pregunta-de-investigacion-que-reflexiona-sobre-la-practica-docente-en-caldas\\\/#article\",\"isPartOf\":{\"@id\":\"https:\\\/\\\/www.ucaldas.edu.co\\\/portal\\\/que-piensan-los-maestros-en-formacion-sobre-la-infancia-pregunta-de-investigacion-que-reflexiona-sobre-la-practica-docente-en-caldas\\\/\"},\"author\":{\"name\":\"ofiprensa\",\"@id\":\"https:\\\/\\\/www.ucaldas.edu.co\\\/portal\\\/#\\\/schema\\\/person\\\/a1b482e23449158b4bc319926c074fdf\"},\"headline\":\"\u00bfQu\u00e9 piensan los maestros en formaci\u00f3n sobre la infancia? pregunta de investigaci\u00f3n que reflexiona sobre la pr\u00e1ctica docente en Caldas.\",\"datePublished\":\"2024-08-08T23:44:32+00:00\",\"dateModified\":\"2024-08-09T13:53:34+00:00\",\"mainEntityOfPage\":{\"@id\":\"https:\\\/\\\/www.ucaldas.edu.co\\\/portal\\\/que-piensan-los-maestros-en-formacion-sobre-la-infancia-pregunta-de-investigacion-que-reflexiona-sobre-la-practica-docente-en-caldas\\\/\"},\"wordCount\":801,\"publisher\":{\"@id\":\"https:\\\/\\\/www.ucaldas.edu.co\\\/portal\\\/#organization\"},\"image\":{\"@id\":\"https:\\\/\\\/www.ucaldas.edu.co\\\/portal\\\/que-piensan-los-maestros-en-formacion-sobre-la-infancia-pregunta-de-investigacion-que-reflexiona-sobre-la-practica-docente-en-caldas\\\/#primaryimage\"},\"thumbnailUrl\":\"https:\\\/\\\/www.ucaldas.edu.co\\\/portal\\\/wp-content\\\/uploads\\\/2024\\\/08\\\/infantes.jpg\",\"keywords\":[\"art\u00edculo cient\u00edfico\",\"docencia\",\"actualidad en educaci\u00f3n\"],\"articleSection\":[\"Actualidad\",\"Universidad al D\u00eda\"],\"inLanguage\":\"es\"},{\"@type\":\"WebPage\",\"@id\":\"https:\\\/\\\/www.ucaldas.edu.co\\\/portal\\\/que-piensan-los-maestros-en-formacion-sobre-la-infancia-pregunta-de-investigacion-que-reflexiona-sobre-la-practica-docente-en-caldas\\\/\",\"url\":\"https:\\\/\\\/www.ucaldas.edu.co\\\/portal\\\/que-piensan-los-maestros-en-formacion-sobre-la-infancia-pregunta-de-investigacion-que-reflexiona-sobre-la-practica-docente-en-caldas\\\/\",\"name\":\"\u00bfQu\u00e9 piensan los maestros en formaci\u00f3n sobre la infancia? pregunta de investigaci\u00f3n que reflexiona sobre la pr\u00e1ctica docente en Caldas. .\",\"isPartOf\":{\"@id\":\"https:\\\/\\\/www.ucaldas.edu.co\\\/portal\\\/#website\"},\"primaryImageOfPage\":{\"@id\":\"https:\\\/\\\/www.ucaldas.edu.co\\\/portal\\\/que-piensan-los-maestros-en-formacion-sobre-la-infancia-pregunta-de-investigacion-que-reflexiona-sobre-la-practica-docente-en-caldas\\\/#primaryimage\"},\"image\":{\"@id\":\"https:\\\/\\\/www.ucaldas.edu.co\\\/portal\\\/que-piensan-los-maestros-en-formacion-sobre-la-infancia-pregunta-de-investigacion-que-reflexiona-sobre-la-practica-docente-en-caldas\\\/#primaryimage\"},\"thumbnailUrl\":\"https:\\\/\\\/www.ucaldas.edu.co\\\/portal\\\/wp-content\\\/uploads\\\/2024\\\/08\\\/infantes.jpg\",\"datePublished\":\"2024-08-08T23:44:32+00:00\",\"dateModified\":\"2024-08-09T13:53:34+00:00\",\"breadcrumb\":{\"@id\":\"https:\\\/\\\/www.ucaldas.edu.co\\\/portal\\\/que-piensan-los-maestros-en-formacion-sobre-la-infancia-pregunta-de-investigacion-que-reflexiona-sobre-la-practica-docente-en-caldas\\\/#breadcrumb\"},\"inLanguage\":\"es\",\"potentialAction\":[{\"@type\":\"ReadAction\",\"target\":[\"https:\\\/\\\/www.ucaldas.edu.co\\\/portal\\\/que-piensan-los-maestros-en-formacion-sobre-la-infancia-pregunta-de-investigacion-que-reflexiona-sobre-la-practica-docente-en-caldas\\\/\"]}]},{\"@type\":\"ImageObject\",\"inLanguage\":\"es\",\"@id\":\"https:\\\/\\\/www.ucaldas.edu.co\\\/portal\\\/que-piensan-los-maestros-en-formacion-sobre-la-infancia-pregunta-de-investigacion-que-reflexiona-sobre-la-practica-docente-en-caldas\\\/#primaryimage\",\"url\":\"https:\\\/\\\/www.ucaldas.edu.co\\\/portal\\\/wp-content\\\/uploads\\\/2024\\\/08\\\/infantes.jpg\",\"contentUrl\":\"https:\\\/\\\/www.ucaldas.edu.co\\\/portal\\\/wp-content\\\/uploads\\\/2024\\\/08\\\/infantes.jpg\",\"width\":1000,\"height\":667,\"caption\":\"\u00bfQu\u00e9 piensan los maestros en formaci\u00f3n sobre la infancia? pregunta de investigaci\u00f3n que reflexiona sobre la pr\u00e1ctica docente en Caldas. en la imagen se ven varios ni\u00f1os jugando.\"},{\"@type\":\"BreadcrumbList\",\"@id\":\"https:\\\/\\\/www.ucaldas.edu.co\\\/portal\\\/que-piensan-los-maestros-en-formacion-sobre-la-infancia-pregunta-de-investigacion-que-reflexiona-sobre-la-practica-docente-en-caldas\\\/#breadcrumb\",\"itemListElement\":[{\"@type\":\"ListItem\",\"position\":1,\"name\":\"Portada\",\"item\":\"https:\\\/\\\/www.ucaldas.edu.co\\\/portal\\\/\"},{\"@type\":\"ListItem\",\"position\":2,\"name\":\"\u00bfQu\u00e9 piensan los maestros en formaci\u00f3n sobre la infancia? pregunta de investigaci\u00f3n que reflexiona sobre la pr\u00e1ctica docente en Caldas.\"}]},{\"@type\":\"WebSite\",\"@id\":\"https:\\\/\\\/www.ucaldas.edu.co\\\/portal\\\/#website\",\"url\":\"https:\\\/\\\/www.ucaldas.edu.co\\\/portal\\\/\",\"name\":\"Universidad de Caldas\",\"description\":\"\",\"publisher\":{\"@id\":\"https:\\\/\\\/www.ucaldas.edu.co\\\/portal\\\/#organization\"},\"alternateName\":\"U. de Caldas\",\"potentialAction\":[{\"@type\":\"SearchAction\",\"target\":{\"@type\":\"EntryPoint\",\"urlTemplate\":\"https:\\\/\\\/www.ucaldas.edu.co\\\/portal\\\/?s={search_term_string}\"},\"query-input\":{\"@type\":\"PropertyValueSpecification\",\"valueRequired\":true,\"valueName\":\"search_term_string\"}}],\"inLanguage\":\"es\"},{\"@type\":\"Organization\",\"@id\":\"https:\\\/\\\/www.ucaldas.edu.co\\\/portal\\\/#organization\",\"name\":\"Universidad de Caldas\",\"alternateName\":\"U. de Caldas\",\"url\":\"https:\\\/\\\/www.ucaldas.edu.co\\\/portal\\\/\",\"logo\":{\"@type\":\"ImageObject\",\"inLanguage\":\"es\",\"@id\":\"https:\\\/\\\/www.ucaldas.edu.co\\\/portal\\\/#\\\/schema\\\/logo\\\/image\\\/\",\"url\":\"https:\\\/\\\/www.ucaldas.edu.co\\\/portal\\\/wp-content\\\/uploads\\\/2023\\\/11\\\/Logo_horizontal_oscuroU-2023.png\",\"contentUrl\":\"https:\\\/\\\/www.ucaldas.edu.co\\\/portal\\\/wp-content\\\/uploads\\\/2023\\\/11\\\/Logo_horizontal_oscuroU-2023.png\",\"width\":263,\"height\":101,\"caption\":\"Universidad de Caldas\"},\"image\":{\"@id\":\"https:\\\/\\\/www.ucaldas.edu.co\\\/portal\\\/#\\\/schema\\\/logo\\\/image\\\/\"},\"sameAs\":[\"https:\\\/\\\/www.facebook.com\\\/udecaldas\",\"https:\\\/\\\/x.com\\\/udecaldas\",\"https:\\\/\\\/www.youtube.com\\\/universidadcaldas\",\"https:\\\/\\\/www.instagram.com\\\/udecaldas\\\/\"]},{\"@type\":\"Person\",\"@id\":\"https:\\\/\\\/www.ucaldas.edu.co\\\/portal\\\/#\\\/schema\\\/person\\\/a1b482e23449158b4bc319926c074fdf\",\"name\":\"ofiprensa\",\"image\":{\"@type\":\"ImageObject\",\"inLanguage\":\"es\",\"@id\":\"https:\\\/\\\/www.ucaldas.edu.co\\\/portal\\\/wp-content\\\/litespeed\\\/avatar\\\/09ea5085e600095a7a811142c6944527.jpg?ver=1777497608\",\"url\":\"https:\\\/\\\/www.ucaldas.edu.co\\\/portal\\\/wp-content\\\/litespeed\\\/avatar\\\/09ea5085e600095a7a811142c6944527.jpg?ver=1777497608\",\"contentUrl\":\"https:\\\/\\\/www.ucaldas.edu.co\\\/portal\\\/wp-content\\\/litespeed\\\/avatar\\\/09ea5085e600095a7a811142c6944527.jpg?ver=1777497608\",\"caption\":\"ofiprensa\"},\"url\":\"https:\\\/\\\/www.ucaldas.edu.co\\\/portal\\\/author\\\/ofiprensa\\\/\"}]}<\/script>\n<!-- \/ Yoast SEO plugin. -->","yoast_head_json":{"title":"\u00bfQu\u00e9 piensan los maestros en formaci\u00f3n sobre la infancia? pregunta de investigaci\u00f3n que reflexiona sobre la pr\u00e1ctica docente en Caldas. .","robots":{"index":"index","follow":"follow","max-snippet":"max-snippet:-1","max-image-preview":"max-image-preview:large","max-video-preview":"max-video-preview:-1"},"canonical":"https:\/\/www.ucaldas.edu.co\/portal\/que-piensan-los-maestros-en-formacion-sobre-la-infancia-pregunta-de-investigacion-que-reflexiona-sobre-la-practica-docente-en-caldas\/","schema":{"@context":"https:\/\/schema.org","@graph":[{"@type":"Article","@id":"https:\/\/www.ucaldas.edu.co\/portal\/que-piensan-los-maestros-en-formacion-sobre-la-infancia-pregunta-de-investigacion-que-reflexiona-sobre-la-practica-docente-en-caldas\/#article","isPartOf":{"@id":"https:\/\/www.ucaldas.edu.co\/portal\/que-piensan-los-maestros-en-formacion-sobre-la-infancia-pregunta-de-investigacion-que-reflexiona-sobre-la-practica-docente-en-caldas\/"},"author":{"name":"ofiprensa","@id":"https:\/\/www.ucaldas.edu.co\/portal\/#\/schema\/person\/a1b482e23449158b4bc319926c074fdf"},"headline":"\u00bfQu\u00e9 piensan los maestros en formaci\u00f3n sobre la infancia? pregunta de investigaci\u00f3n que reflexiona sobre la pr\u00e1ctica docente en Caldas.","datePublished":"2024-08-08T23:44:32+00:00","dateModified":"2024-08-09T13:53:34+00:00","mainEntityOfPage":{"@id":"https:\/\/www.ucaldas.edu.co\/portal\/que-piensan-los-maestros-en-formacion-sobre-la-infancia-pregunta-de-investigacion-que-reflexiona-sobre-la-practica-docente-en-caldas\/"},"wordCount":801,"publisher":{"@id":"https:\/\/www.ucaldas.edu.co\/portal\/#organization"},"image":{"@id":"https:\/\/www.ucaldas.edu.co\/portal\/que-piensan-los-maestros-en-formacion-sobre-la-infancia-pregunta-de-investigacion-que-reflexiona-sobre-la-practica-docente-en-caldas\/#primaryimage"},"thumbnailUrl":"https:\/\/www.ucaldas.edu.co\/portal\/wp-content\/uploads\/2024\/08\/infantes.jpg","keywords":["art\u00edculo cient\u00edfico","docencia","actualidad en educaci\u00f3n"],"articleSection":["Actualidad","Universidad al D\u00eda"],"inLanguage":"es"},{"@type":"WebPage","@id":"https:\/\/www.ucaldas.edu.co\/portal\/que-piensan-los-maestros-en-formacion-sobre-la-infancia-pregunta-de-investigacion-que-reflexiona-sobre-la-practica-docente-en-caldas\/","url":"https:\/\/www.ucaldas.edu.co\/portal\/que-piensan-los-maestros-en-formacion-sobre-la-infancia-pregunta-de-investigacion-que-reflexiona-sobre-la-practica-docente-en-caldas\/","name":"\u00bfQu\u00e9 piensan los maestros en formaci\u00f3n sobre la infancia? pregunta de investigaci\u00f3n que reflexiona sobre la pr\u00e1ctica docente en Caldas. .","isPartOf":{"@id":"https:\/\/www.ucaldas.edu.co\/portal\/#website"},"primaryImageOfPage":{"@id":"https:\/\/www.ucaldas.edu.co\/portal\/que-piensan-los-maestros-en-formacion-sobre-la-infancia-pregunta-de-investigacion-que-reflexiona-sobre-la-practica-docente-en-caldas\/#primaryimage"},"image":{"@id":"https:\/\/www.ucaldas.edu.co\/portal\/que-piensan-los-maestros-en-formacion-sobre-la-infancia-pregunta-de-investigacion-que-reflexiona-sobre-la-practica-docente-en-caldas\/#primaryimage"},"thumbnailUrl":"https:\/\/www.ucaldas.edu.co\/portal\/wp-content\/uploads\/2024\/08\/infantes.jpg","datePublished":"2024-08-08T23:44:32+00:00","dateModified":"2024-08-09T13:53:34+00:00","breadcrumb":{"@id":"https:\/\/www.ucaldas.edu.co\/portal\/que-piensan-los-maestros-en-formacion-sobre-la-infancia-pregunta-de-investigacion-que-reflexiona-sobre-la-practica-docente-en-caldas\/#breadcrumb"},"inLanguage":"es","potentialAction":[{"@type":"ReadAction","target":["https:\/\/www.ucaldas.edu.co\/portal\/que-piensan-los-maestros-en-formacion-sobre-la-infancia-pregunta-de-investigacion-que-reflexiona-sobre-la-practica-docente-en-caldas\/"]}]},{"@type":"ImageObject","inLanguage":"es","@id":"https:\/\/www.ucaldas.edu.co\/portal\/que-piensan-los-maestros-en-formacion-sobre-la-infancia-pregunta-de-investigacion-que-reflexiona-sobre-la-practica-docente-en-caldas\/#primaryimage","url":"https:\/\/www.ucaldas.edu.co\/portal\/wp-content\/uploads\/2024\/08\/infantes.jpg","contentUrl":"https:\/\/www.ucaldas.edu.co\/portal\/wp-content\/uploads\/2024\/08\/infantes.jpg","width":1000,"height":667,"caption":"\u00bfQu\u00e9 piensan los maestros en formaci\u00f3n sobre la infancia? pregunta de investigaci\u00f3n que reflexiona sobre la pr\u00e1ctica docente en Caldas. en la imagen se ven varios ni\u00f1os jugando."},{"@type":"BreadcrumbList","@id":"https:\/\/www.ucaldas.edu.co\/portal\/que-piensan-los-maestros-en-formacion-sobre-la-infancia-pregunta-de-investigacion-que-reflexiona-sobre-la-practica-docente-en-caldas\/#breadcrumb","itemListElement":[{"@type":"ListItem","position":1,"name":"Portada","item":"https:\/\/www.ucaldas.edu.co\/portal\/"},{"@type":"ListItem","position":2,"name":"\u00bfQu\u00e9 piensan los maestros en formaci\u00f3n sobre la infancia? pregunta de investigaci\u00f3n que reflexiona sobre la pr\u00e1ctica docente en Caldas."}]},{"@type":"WebSite","@id":"https:\/\/www.ucaldas.edu.co\/portal\/#website","url":"https:\/\/www.ucaldas.edu.co\/portal\/","name":"Universidad de Caldas","description":"","publisher":{"@id":"https:\/\/www.ucaldas.edu.co\/portal\/#organization"},"alternateName":"U. de Caldas","potentialAction":[{"@type":"SearchAction","target":{"@type":"EntryPoint","urlTemplate":"https:\/\/www.ucaldas.edu.co\/portal\/?s={search_term_string}"},"query-input":{"@type":"PropertyValueSpecification","valueRequired":true,"valueName":"search_term_string"}}],"inLanguage":"es"},{"@type":"Organization","@id":"https:\/\/www.ucaldas.edu.co\/portal\/#organization","name":"Universidad de Caldas","alternateName":"U. de Caldas","url":"https:\/\/www.ucaldas.edu.co\/portal\/","logo":{"@type":"ImageObject","inLanguage":"es","@id":"https:\/\/www.ucaldas.edu.co\/portal\/#\/schema\/logo\/image\/","url":"https:\/\/www.ucaldas.edu.co\/portal\/wp-content\/uploads\/2023\/11\/Logo_horizontal_oscuroU-2023.png","contentUrl":"https:\/\/www.ucaldas.edu.co\/portal\/wp-content\/uploads\/2023\/11\/Logo_horizontal_oscuroU-2023.png","width":263,"height":101,"caption":"Universidad de Caldas"},"image":{"@id":"https:\/\/www.ucaldas.edu.co\/portal\/#\/schema\/logo\/image\/"},"sameAs":["https:\/\/www.facebook.com\/udecaldas","https:\/\/x.com\/udecaldas","https:\/\/www.youtube.com\/universidadcaldas","https:\/\/www.instagram.com\/udecaldas\/"]},{"@type":"Person","@id":"https:\/\/www.ucaldas.edu.co\/portal\/#\/schema\/person\/a1b482e23449158b4bc319926c074fdf","name":"ofiprensa","image":{"@type":"ImageObject","inLanguage":"es","@id":"https:\/\/www.ucaldas.edu.co\/portal\/wp-content\/litespeed\/avatar\/09ea5085e600095a7a811142c6944527.jpg?ver=1777497608","url":"https:\/\/www.ucaldas.edu.co\/portal\/wp-content\/litespeed\/avatar\/09ea5085e600095a7a811142c6944527.jpg?ver=1777497608","contentUrl":"https:\/\/www.ucaldas.edu.co\/portal\/wp-content\/litespeed\/avatar\/09ea5085e600095a7a811142c6944527.jpg?ver=1777497608","caption":"ofiprensa"},"url":"https:\/\/www.ucaldas.edu.co\/portal\/author\/ofiprensa\/"}]}},"_links":{"self":[{"href":"https:\/\/www.ucaldas.edu.co\/portal\/wp-json\/wp\/v2\/posts\/82931","targetHints":{"allow":["GET"]}}],"collection":[{"href":"https:\/\/www.ucaldas.edu.co\/portal\/wp-json\/wp\/v2\/posts"}],"about":[{"href":"https:\/\/www.ucaldas.edu.co\/portal\/wp-json\/wp\/v2\/types\/post"}],"author":[{"embeddable":true,"href":"https:\/\/www.ucaldas.edu.co\/portal\/wp-json\/wp\/v2\/users\/2"}],"replies":[{"embeddable":true,"href":"https:\/\/www.ucaldas.edu.co\/portal\/wp-json\/wp\/v2\/comments?post=82931"}],"version-history":[{"count":0,"href":"https:\/\/www.ucaldas.edu.co\/portal\/wp-json\/wp\/v2\/posts\/82931\/revisions"}],"wp:featuredmedia":[{"embeddable":true,"href":"https:\/\/www.ucaldas.edu.co\/portal\/wp-json\/wp\/v2\/media\/82934"}],"wp:attachment":[{"href":"https:\/\/www.ucaldas.edu.co\/portal\/wp-json\/wp\/v2\/media?parent=82931"}],"wp:term":[{"taxonomy":"category","embeddable":true,"href":"https:\/\/www.ucaldas.edu.co\/portal\/wp-json\/wp\/v2\/categories?post=82931"},{"taxonomy":"post_tag","embeddable":true,"href":"https:\/\/www.ucaldas.edu.co\/portal\/wp-json\/wp\/v2\/tags?post=82931"}],"curies":[{"name":"wp","href":"https:\/\/api.w.org\/{rel}","templated":true}]}}