{"id":82672,"date":"2024-07-30T08:30:01","date_gmt":"2024-07-30T13:30:01","guid":{"rendered":"https:\/\/www.ucaldas.edu.co\/portal\/?p=82672"},"modified":"2024-07-30T08:30:01","modified_gmt":"2024-07-30T13:30:01","slug":"entrevista-a-la-filosofa-maria-luisa-femenias-autora-del-libro-ellas-lo-pensaron-antes-filosofas-excluidas-de-la-memoria","status":"publish","type":"post","link":"https:\/\/www.ucaldas.edu.co\/portal\/entrevista-a-la-filosofa-maria-luisa-femenias-autora-del-libro-ellas-lo-pensaron-antes-filosofas-excluidas-de-la-memoria\/","title":{"rendered":"Entrevista a la fil\u00f3sofa Mar\u00eda Luisa Femen\u00edas, autora del libro \u201cEllas lo pensaron antes. Fil\u00f3sofas excluidas de la memoria\u201d."},"content":{"rendered":"<p><img loading=\"lazy\" decoding=\"async\" class=\"alignnone size-full wp-image-82673\" src=\"https:\/\/www.ucaldas.edu.co\/portal\/wp-content\/uploads\/2024\/07\/Captura-de-pantalla-2024-07-30-075106.png\" alt=\"Entrevista a la fil\u00f3sofa Mar\u00eda Luisa Femen\u00edas, autora del libro \u201cEllas lo pensaron antes. Fil\u00f3sofas excluidas de la memoria\u201d. En la imagen se lee el t\u00edtulo del conversatorio.\" width=\"1275\" height=\"556\" \/>La fil\u00f3sofa argentina, Mar\u00eda Luisa Femen\u00edas, habla sobre su libro, sobre la diversidad en el feminismo, la exclusi\u00f3n de las mujeres en la historia de la filosof\u00eda, la ofensa, el insulto, y m\u00e1s.<!--more--><\/p>\n<p>Nota realizada por los corresponsales, alianza con Semillero de investigaci\u00f3n El ornitorrinco y la Oficina de Prensa:<\/p>\n<ul>\n<li>Daniel Felipe Montoya, egresado Dise\u00f1o y Filosof\u00eda<\/li>\n<\/ul>\n<ul>\n<li>Sof\u00eda Henao G\u00f3mez, egresada Filosof\u00eda y letras<\/li>\n<\/ul>\n<p>M\u00e1s detalles en la entrevista.<\/p>\n<p><iframe loading=\"lazy\" src=\"\/\/www.youtube.com\/embed\/fMRdPI6yjGE\" width=\"560\" height=\"314\" allowfullscreen=\"allowfullscreen\"><\/iframe><\/p>\n","protected":false},"excerpt":{"rendered":"<p>La fil\u00f3sofa argentina, Mar\u00eda Luisa Femen\u00edas, habla sobre su libro, sobre la diversidad en el feminismo, la exclusi\u00f3n de las mujeres en la historia de la filosof\u00eda, la ofensa, el insulto, y m\u00e1s.<\/p>\n","protected":false},"author":2,"featured_media":82673,"comment_status":"closed","ping_status":"open","sticky":false,"template":"","format":"standard","meta":{"footnotes":""},"categories":[9796],"tags":[],"class_list":["post-82672","post","type-post","status-publish","format-standard","has-post-thumbnail","hentry","category-corresponsales"],"yoast_head":"<!-- This site is optimized with the Yoast SEO plugin v27.5 - https:\/\/yoast.com\/product\/yoast-seo-wordpress\/ -->\n<title>Entrevista a la fil\u00f3sofa Mar\u00eda Luisa Femen\u00edas, autora del libro \u201cEllas lo pensaron antes. Fil\u00f3sofas excluidas de la memoria\u201d. .<\/title>\n<meta name=\"robots\" content=\"index, follow, max-snippet:-1, max-image-preview:large, max-video-preview:-1\" \/>\n<link rel=\"canonical\" href=\"https:\/\/www.ucaldas.edu.co\/portal\/entrevista-a-la-filosofa-maria-luisa-femenias-autora-del-libro-ellas-lo-pensaron-antes-filosofas-excluidas-de-la-memoria\/\" \/>\n<script type=\"application\/ld+json\" class=\"yoast-schema-graph\">{\"@context\":\"https:\\\/\\\/schema.org\",\"@graph\":[{\"@type\":\"Article\",\"@id\":\"https:\\\/\\\/www.ucaldas.edu.co\\\/portal\\\/entrevista-a-la-filosofa-maria-luisa-femenias-autora-del-libro-ellas-lo-pensaron-antes-filosofas-excluidas-de-la-memoria\\\/#article\",\"isPartOf\":{\"@id\":\"https:\\\/\\\/www.ucaldas.edu.co\\\/portal\\\/entrevista-a-la-filosofa-maria-luisa-femenias-autora-del-libro-ellas-lo-pensaron-antes-filosofas-excluidas-de-la-memoria\\\/\"},\"author\":{\"name\":\"ofiprensa\",\"@id\":\"https:\\\/\\\/www.ucaldas.edu.co\\\/portal\\\/#\\\/schema\\\/person\\\/a1b482e23449158b4bc319926c074fdf\"},\"headline\":\"Entrevista a la fil\u00f3sofa Mar\u00eda Luisa Femen\u00edas, autora del libro \u201cEllas lo pensaron antes. Fil\u00f3sofas excluidas de la memoria\u201d.\",\"datePublished\":\"2024-07-30T13:30:01+00:00\",\"mainEntityOfPage\":{\"@id\":\"https:\\\/\\\/www.ucaldas.edu.co\\\/portal\\\/entrevista-a-la-filosofa-maria-luisa-femenias-autora-del-libro-ellas-lo-pensaron-antes-filosofas-excluidas-de-la-memoria\\\/\"},\"wordCount\":105,\"publisher\":{\"@id\":\"https:\\\/\\\/www.ucaldas.edu.co\\\/portal\\\/#organization\"},\"image\":{\"@id\":\"https:\\\/\\\/www.ucaldas.edu.co\\\/portal\\\/entrevista-a-la-filosofa-maria-luisa-femenias-autora-del-libro-ellas-lo-pensaron-antes-filosofas-excluidas-de-la-memoria\\\/#primaryimage\"},\"thumbnailUrl\":\"https:\\\/\\\/www.ucaldas.edu.co\\\/portal\\\/wp-content\\\/uploads\\\/2024\\\/07\\\/Captura-de-pantalla-2024-07-30-075106.png\",\"articleSection\":[\"Corresponsales\"],\"inLanguage\":\"es\"},{\"@type\":\"WebPage\",\"@id\":\"https:\\\/\\\/www.ucaldas.edu.co\\\/portal\\\/entrevista-a-la-filosofa-maria-luisa-femenias-autora-del-libro-ellas-lo-pensaron-antes-filosofas-excluidas-de-la-memoria\\\/\",\"url\":\"https:\\\/\\\/www.ucaldas.edu.co\\\/portal\\\/entrevista-a-la-filosofa-maria-luisa-femenias-autora-del-libro-ellas-lo-pensaron-antes-filosofas-excluidas-de-la-memoria\\\/\",\"name\":\"Entrevista a la fil\u00f3sofa Mar\u00eda Luisa Femen\u00edas, autora del libro \u201cEllas lo pensaron antes. Fil\u00f3sofas excluidas de la memoria\u201d. .\",\"isPartOf\":{\"@id\":\"https:\\\/\\\/www.ucaldas.edu.co\\\/portal\\\/#website\"},\"primaryImageOfPage\":{\"@id\":\"https:\\\/\\\/www.ucaldas.edu.co\\\/portal\\\/entrevista-a-la-filosofa-maria-luisa-femenias-autora-del-libro-ellas-lo-pensaron-antes-filosofas-excluidas-de-la-memoria\\\/#primaryimage\"},\"image\":{\"@id\":\"https:\\\/\\\/www.ucaldas.edu.co\\\/portal\\\/entrevista-a-la-filosofa-maria-luisa-femenias-autora-del-libro-ellas-lo-pensaron-antes-filosofas-excluidas-de-la-memoria\\\/#primaryimage\"},\"thumbnailUrl\":\"https:\\\/\\\/www.ucaldas.edu.co\\\/portal\\\/wp-content\\\/uploads\\\/2024\\\/07\\\/Captura-de-pantalla-2024-07-30-075106.png\",\"datePublished\":\"2024-07-30T13:30:01+00:00\",\"breadcrumb\":{\"@id\":\"https:\\\/\\\/www.ucaldas.edu.co\\\/portal\\\/entrevista-a-la-filosofa-maria-luisa-femenias-autora-del-libro-ellas-lo-pensaron-antes-filosofas-excluidas-de-la-memoria\\\/#breadcrumb\"},\"inLanguage\":\"es\",\"potentialAction\":[{\"@type\":\"ReadAction\",\"target\":[\"https:\\\/\\\/www.ucaldas.edu.co\\\/portal\\\/entrevista-a-la-filosofa-maria-luisa-femenias-autora-del-libro-ellas-lo-pensaron-antes-filosofas-excluidas-de-la-memoria\\\/\"]}]},{\"@type\":\"ImageObject\",\"inLanguage\":\"es\",\"@id\":\"https:\\\/\\\/www.ucaldas.edu.co\\\/portal\\\/entrevista-a-la-filosofa-maria-luisa-femenias-autora-del-libro-ellas-lo-pensaron-antes-filosofas-excluidas-de-la-memoria\\\/#primaryimage\",\"url\":\"https:\\\/\\\/www.ucaldas.edu.co\\\/portal\\\/wp-content\\\/uploads\\\/2024\\\/07\\\/Captura-de-pantalla-2024-07-30-075106.png\",\"contentUrl\":\"https:\\\/\\\/www.ucaldas.edu.co\\\/portal\\\/wp-content\\\/uploads\\\/2024\\\/07\\\/Captura-de-pantalla-2024-07-30-075106.png\",\"width\":1275,\"height\":556,\"caption\":\"Entrevista a la fil\u00f3sofa Mar\u00eda Luisa Femen\u00edas, autora del libro \u201cEllas lo pensaron antes. Fil\u00f3sofas excluidas de la memoria\u201d. En la imagen se lee el t\u00edtulo del conversatorio.\"},{\"@type\":\"BreadcrumbList\",\"@id\":\"https:\\\/\\\/www.ucaldas.edu.co\\\/portal\\\/entrevista-a-la-filosofa-maria-luisa-femenias-autora-del-libro-ellas-lo-pensaron-antes-filosofas-excluidas-de-la-memoria\\\/#breadcrumb\",\"itemListElement\":[{\"@type\":\"ListItem\",\"position\":1,\"name\":\"Portada\",\"item\":\"https:\\\/\\\/www.ucaldas.edu.co\\\/portal\\\/\"},{\"@type\":\"ListItem\",\"position\":2,\"name\":\"Entrevista a la fil\u00f3sofa Mar\u00eda Luisa Femen\u00edas, autora del libro \u201cEllas lo pensaron antes. Fil\u00f3sofas excluidas de la memoria\u201d.\"}]},{\"@type\":\"WebSite\",\"@id\":\"https:\\\/\\\/www.ucaldas.edu.co\\\/portal\\\/#website\",\"url\":\"https:\\\/\\\/www.ucaldas.edu.co\\\/portal\\\/\",\"name\":\"Universidad de Caldas\",\"description\":\"\",\"publisher\":{\"@id\":\"https:\\\/\\\/www.ucaldas.edu.co\\\/portal\\\/#organization\"},\"alternateName\":\"U. de Caldas\",\"potentialAction\":[{\"@type\":\"SearchAction\",\"target\":{\"@type\":\"EntryPoint\",\"urlTemplate\":\"https:\\\/\\\/www.ucaldas.edu.co\\\/portal\\\/?s={search_term_string}\"},\"query-input\":{\"@type\":\"PropertyValueSpecification\",\"valueRequired\":true,\"valueName\":\"search_term_string\"}}],\"inLanguage\":\"es\"},{\"@type\":\"Organization\",\"@id\":\"https:\\\/\\\/www.ucaldas.edu.co\\\/portal\\\/#organization\",\"name\":\"Universidad de Caldas\",\"alternateName\":\"U. de Caldas\",\"url\":\"https:\\\/\\\/www.ucaldas.edu.co\\\/portal\\\/\",\"logo\":{\"@type\":\"ImageObject\",\"inLanguage\":\"es\",\"@id\":\"https:\\\/\\\/www.ucaldas.edu.co\\\/portal\\\/#\\\/schema\\\/logo\\\/image\\\/\",\"url\":\"https:\\\/\\\/www.ucaldas.edu.co\\\/portal\\\/wp-content\\\/uploads\\\/2023\\\/11\\\/Logo_horizontal_oscuroU-2023.png\",\"contentUrl\":\"https:\\\/\\\/www.ucaldas.edu.co\\\/portal\\\/wp-content\\\/uploads\\\/2023\\\/11\\\/Logo_horizontal_oscuroU-2023.png\",\"width\":263,\"height\":101,\"caption\":\"Universidad de Caldas\"},\"image\":{\"@id\":\"https:\\\/\\\/www.ucaldas.edu.co\\\/portal\\\/#\\\/schema\\\/logo\\\/image\\\/\"},\"sameAs\":[\"https:\\\/\\\/www.facebook.com\\\/udecaldas\",\"https:\\\/\\\/x.com\\\/udecaldas\",\"https:\\\/\\\/www.youtube.com\\\/universidadcaldas\",\"https:\\\/\\\/www.instagram.com\\\/udecaldas\\\/\"]},{\"@type\":\"Person\",\"@id\":\"https:\\\/\\\/www.ucaldas.edu.co\\\/portal\\\/#\\\/schema\\\/person\\\/a1b482e23449158b4bc319926c074fdf\",\"name\":\"ofiprensa\",\"image\":{\"@type\":\"ImageObject\",\"inLanguage\":\"es\",\"@id\":\"https:\\\/\\\/www.ucaldas.edu.co\\\/portal\\\/wp-content\\\/litespeed\\\/avatar\\\/09ea5085e600095a7a811142c6944527.jpg?ver=1777497608\",\"url\":\"https:\\\/\\\/www.ucaldas.edu.co\\\/portal\\\/wp-content\\\/litespeed\\\/avatar\\\/09ea5085e600095a7a811142c6944527.jpg?ver=1777497608\",\"contentUrl\":\"https:\\\/\\\/www.ucaldas.edu.co\\\/portal\\\/wp-content\\\/litespeed\\\/avatar\\\/09ea5085e600095a7a811142c6944527.jpg?ver=1777497608\",\"caption\":\"ofiprensa\"},\"url\":\"https:\\\/\\\/www.ucaldas.edu.co\\\/portal\\\/author\\\/ofiprensa\\\/\"}]}<\/script>\n<!-- \/ Yoast SEO plugin. -->","yoast_head_json":{"title":"Entrevista a la fil\u00f3sofa Mar\u00eda Luisa Femen\u00edas, autora del libro \u201cEllas lo pensaron antes. Fil\u00f3sofas excluidas de la memoria\u201d. .","robots":{"index":"index","follow":"follow","max-snippet":"max-snippet:-1","max-image-preview":"max-image-preview:large","max-video-preview":"max-video-preview:-1"},"canonical":"https:\/\/www.ucaldas.edu.co\/portal\/entrevista-a-la-filosofa-maria-luisa-femenias-autora-del-libro-ellas-lo-pensaron-antes-filosofas-excluidas-de-la-memoria\/","schema":{"@context":"https:\/\/schema.org","@graph":[{"@type":"Article","@id":"https:\/\/www.ucaldas.edu.co\/portal\/entrevista-a-la-filosofa-maria-luisa-femenias-autora-del-libro-ellas-lo-pensaron-antes-filosofas-excluidas-de-la-memoria\/#article","isPartOf":{"@id":"https:\/\/www.ucaldas.edu.co\/portal\/entrevista-a-la-filosofa-maria-luisa-femenias-autora-del-libro-ellas-lo-pensaron-antes-filosofas-excluidas-de-la-memoria\/"},"author":{"name":"ofiprensa","@id":"https:\/\/www.ucaldas.edu.co\/portal\/#\/schema\/person\/a1b482e23449158b4bc319926c074fdf"},"headline":"Entrevista a la fil\u00f3sofa Mar\u00eda Luisa Femen\u00edas, autora del libro \u201cEllas lo pensaron antes. Fil\u00f3sofas excluidas de la memoria\u201d.","datePublished":"2024-07-30T13:30:01+00:00","mainEntityOfPage":{"@id":"https:\/\/www.ucaldas.edu.co\/portal\/entrevista-a-la-filosofa-maria-luisa-femenias-autora-del-libro-ellas-lo-pensaron-antes-filosofas-excluidas-de-la-memoria\/"},"wordCount":105,"publisher":{"@id":"https:\/\/www.ucaldas.edu.co\/portal\/#organization"},"image":{"@id":"https:\/\/www.ucaldas.edu.co\/portal\/entrevista-a-la-filosofa-maria-luisa-femenias-autora-del-libro-ellas-lo-pensaron-antes-filosofas-excluidas-de-la-memoria\/#primaryimage"},"thumbnailUrl":"https:\/\/www.ucaldas.edu.co\/portal\/wp-content\/uploads\/2024\/07\/Captura-de-pantalla-2024-07-30-075106.png","articleSection":["Corresponsales"],"inLanguage":"es"},{"@type":"WebPage","@id":"https:\/\/www.ucaldas.edu.co\/portal\/entrevista-a-la-filosofa-maria-luisa-femenias-autora-del-libro-ellas-lo-pensaron-antes-filosofas-excluidas-de-la-memoria\/","url":"https:\/\/www.ucaldas.edu.co\/portal\/entrevista-a-la-filosofa-maria-luisa-femenias-autora-del-libro-ellas-lo-pensaron-antes-filosofas-excluidas-de-la-memoria\/","name":"Entrevista a la fil\u00f3sofa Mar\u00eda Luisa Femen\u00edas, autora del libro \u201cEllas lo pensaron antes. Fil\u00f3sofas excluidas de la memoria\u201d. .","isPartOf":{"@id":"https:\/\/www.ucaldas.edu.co\/portal\/#website"},"primaryImageOfPage":{"@id":"https:\/\/www.ucaldas.edu.co\/portal\/entrevista-a-la-filosofa-maria-luisa-femenias-autora-del-libro-ellas-lo-pensaron-antes-filosofas-excluidas-de-la-memoria\/#primaryimage"},"image":{"@id":"https:\/\/www.ucaldas.edu.co\/portal\/entrevista-a-la-filosofa-maria-luisa-femenias-autora-del-libro-ellas-lo-pensaron-antes-filosofas-excluidas-de-la-memoria\/#primaryimage"},"thumbnailUrl":"https:\/\/www.ucaldas.edu.co\/portal\/wp-content\/uploads\/2024\/07\/Captura-de-pantalla-2024-07-30-075106.png","datePublished":"2024-07-30T13:30:01+00:00","breadcrumb":{"@id":"https:\/\/www.ucaldas.edu.co\/portal\/entrevista-a-la-filosofa-maria-luisa-femenias-autora-del-libro-ellas-lo-pensaron-antes-filosofas-excluidas-de-la-memoria\/#breadcrumb"},"inLanguage":"es","potentialAction":[{"@type":"ReadAction","target":["https:\/\/www.ucaldas.edu.co\/portal\/entrevista-a-la-filosofa-maria-luisa-femenias-autora-del-libro-ellas-lo-pensaron-antes-filosofas-excluidas-de-la-memoria\/"]}]},{"@type":"ImageObject","inLanguage":"es","@id":"https:\/\/www.ucaldas.edu.co\/portal\/entrevista-a-la-filosofa-maria-luisa-femenias-autora-del-libro-ellas-lo-pensaron-antes-filosofas-excluidas-de-la-memoria\/#primaryimage","url":"https:\/\/www.ucaldas.edu.co\/portal\/wp-content\/uploads\/2024\/07\/Captura-de-pantalla-2024-07-30-075106.png","contentUrl":"https:\/\/www.ucaldas.edu.co\/portal\/wp-content\/uploads\/2024\/07\/Captura-de-pantalla-2024-07-30-075106.png","width":1275,"height":556,"caption":"Entrevista a la fil\u00f3sofa Mar\u00eda Luisa Femen\u00edas, autora del libro \u201cEllas lo pensaron antes. Fil\u00f3sofas excluidas de la memoria\u201d. En la imagen se lee el t\u00edtulo del conversatorio."},{"@type":"BreadcrumbList","@id":"https:\/\/www.ucaldas.edu.co\/portal\/entrevista-a-la-filosofa-maria-luisa-femenias-autora-del-libro-ellas-lo-pensaron-antes-filosofas-excluidas-de-la-memoria\/#breadcrumb","itemListElement":[{"@type":"ListItem","position":1,"name":"Portada","item":"https:\/\/www.ucaldas.edu.co\/portal\/"},{"@type":"ListItem","position":2,"name":"Entrevista a la fil\u00f3sofa Mar\u00eda Luisa Femen\u00edas, autora del libro \u201cEllas lo pensaron antes. Fil\u00f3sofas excluidas de la memoria\u201d."}]},{"@type":"WebSite","@id":"https:\/\/www.ucaldas.edu.co\/portal\/#website","url":"https:\/\/www.ucaldas.edu.co\/portal\/","name":"Universidad de Caldas","description":"","publisher":{"@id":"https:\/\/www.ucaldas.edu.co\/portal\/#organization"},"alternateName":"U. de Caldas","potentialAction":[{"@type":"SearchAction","target":{"@type":"EntryPoint","urlTemplate":"https:\/\/www.ucaldas.edu.co\/portal\/?s={search_term_string}"},"query-input":{"@type":"PropertyValueSpecification","valueRequired":true,"valueName":"search_term_string"}}],"inLanguage":"es"},{"@type":"Organization","@id":"https:\/\/www.ucaldas.edu.co\/portal\/#organization","name":"Universidad de Caldas","alternateName":"U. de Caldas","url":"https:\/\/www.ucaldas.edu.co\/portal\/","logo":{"@type":"ImageObject","inLanguage":"es","@id":"https:\/\/www.ucaldas.edu.co\/portal\/#\/schema\/logo\/image\/","url":"https:\/\/www.ucaldas.edu.co\/portal\/wp-content\/uploads\/2023\/11\/Logo_horizontal_oscuroU-2023.png","contentUrl":"https:\/\/www.ucaldas.edu.co\/portal\/wp-content\/uploads\/2023\/11\/Logo_horizontal_oscuroU-2023.png","width":263,"height":101,"caption":"Universidad de Caldas"},"image":{"@id":"https:\/\/www.ucaldas.edu.co\/portal\/#\/schema\/logo\/image\/"},"sameAs":["https:\/\/www.facebook.com\/udecaldas","https:\/\/x.com\/udecaldas","https:\/\/www.youtube.com\/universidadcaldas","https:\/\/www.instagram.com\/udecaldas\/"]},{"@type":"Person","@id":"https:\/\/www.ucaldas.edu.co\/portal\/#\/schema\/person\/a1b482e23449158b4bc319926c074fdf","name":"ofiprensa","image":{"@type":"ImageObject","inLanguage":"es","@id":"https:\/\/www.ucaldas.edu.co\/portal\/wp-content\/litespeed\/avatar\/09ea5085e600095a7a811142c6944527.jpg?ver=1777497608","url":"https:\/\/www.ucaldas.edu.co\/portal\/wp-content\/litespeed\/avatar\/09ea5085e600095a7a811142c6944527.jpg?ver=1777497608","contentUrl":"https:\/\/www.ucaldas.edu.co\/portal\/wp-content\/litespeed\/avatar\/09ea5085e600095a7a811142c6944527.jpg?ver=1777497608","caption":"ofiprensa"},"url":"https:\/\/www.ucaldas.edu.co\/portal\/author\/ofiprensa\/"}]}},"_links":{"self":[{"href":"https:\/\/www.ucaldas.edu.co\/portal\/wp-json\/wp\/v2\/posts\/82672","targetHints":{"allow":["GET"]}}],"collection":[{"href":"https:\/\/www.ucaldas.edu.co\/portal\/wp-json\/wp\/v2\/posts"}],"about":[{"href":"https:\/\/www.ucaldas.edu.co\/portal\/wp-json\/wp\/v2\/types\/post"}],"author":[{"embeddable":true,"href":"https:\/\/www.ucaldas.edu.co\/portal\/wp-json\/wp\/v2\/users\/2"}],"replies":[{"embeddable":true,"href":"https:\/\/www.ucaldas.edu.co\/portal\/wp-json\/wp\/v2\/comments?post=82672"}],"version-history":[{"count":0,"href":"https:\/\/www.ucaldas.edu.co\/portal\/wp-json\/wp\/v2\/posts\/82672\/revisions"}],"wp:featuredmedia":[{"embeddable":true,"href":"https:\/\/www.ucaldas.edu.co\/portal\/wp-json\/wp\/v2\/media\/82673"}],"wp:attachment":[{"href":"https:\/\/www.ucaldas.edu.co\/portal\/wp-json\/wp\/v2\/media?parent=82672"}],"wp:term":[{"taxonomy":"category","embeddable":true,"href":"https:\/\/www.ucaldas.edu.co\/portal\/wp-json\/wp\/v2\/categories?post=82672"},{"taxonomy":"post_tag","embeddable":true,"href":"https:\/\/www.ucaldas.edu.co\/portal\/wp-json\/wp\/v2\/tags?post=82672"}],"curies":[{"name":"wp","href":"https:\/\/api.w.org\/{rel}","templated":true}]}}