{"id":82511,"date":"2024-07-18T17:09:08","date_gmt":"2024-07-18T22:09:08","guid":{"rendered":"https:\/\/www.ucaldas.edu.co\/portal\/?p=82511"},"modified":"2024-07-18T17:09:08","modified_gmt":"2024-07-18T22:09:08","slug":"falta-poco-para-que-se-llene-el-aforo-del-quinto-congreso-latinoamericano-de-trabajo-social-critico","status":"publish","type":"post","link":"https:\/\/www.ucaldas.edu.co\/portal\/falta-poco-para-que-se-llene-el-aforo-del-quinto-congreso-latinoamericano-de-trabajo-social-critico\/","title":{"rendered":"Falta poco para que se llene el aforo del Quinto Congreso Latinoamericano de Trabajo Social Cr\u00edtico"},"content":{"rendered":"<p style=\"text-align: justify;\"><img loading=\"lazy\" decoding=\"async\" class=\"alignnone size-full wp-image-82514\" src=\"https:\/\/www.ucaldas.edu.co\/portal\/wp-content\/uploads\/2024\/07\/pixelcut-export.jpeg\" alt=\"Falta poco para que se llene el aforo del Quinto Congreso Latinoamericano de Trabajo Social Cr\u00edtico. En la imagen se observa el nombre de este Congreso.\" width=\"1800\" height=\"1020\" \/>El Quinto Congreso Latinoamericano de Trabajo Social Cr\u00edtico se celebrar\u00e1 los d\u00edas 7 y 8 de noviembre en las instalaciones de la Universidad de Caldas, con la participaci\u00f3n de profesionales y acad\u00e9micos locales e internacionales. Este a\u00f1o el Congreso tambi\u00e9n conmemora los 20 a\u00f1os del colectivo de Trabajo Social Cr\u00edtico, iniciativa que ha reunido a docentes, estudiantes y egresados de diversas ciudades colombianas como Bogot\u00e1, Cali, Medell\u00edn, Bucaramanga, Sincelejo y Manizales.<!--more--><\/p>\n<p style=\"text-align: justify;\">Despu\u00e9s de un riguroso proceso de evaluaci\u00f3n, se aprobaron 40 ponencias de 6 pa\u00edses diferentes, seleccionadas de un total de 68 propuestas recibidas de varios pa\u00edses de Am\u00e9rica Latina. Sergio Andr\u00e9s Quintero Londo\u00f1o, docente del programa de Desarrollo Humano, destaca que para esta quinta edici\u00f3n ya se cuenta con la participaci\u00f3n confirmada de 3 conferencistas internacionales provenientes de Brasil, Chile y Argentina, as\u00ed como 3 conferencistas nacionales.<\/p>\n<p style=\"text-align: justify;\">El evento se organizar\u00e1 en torno a tres grandes ejes tem\u00e1ticos:<\/p>\n<ul style=\"text-align: justify;\">\n<li>La crisis del capital y las luchas de resistencia contempor\u00e1neas.<\/li>\n<li>Formaci\u00f3n, investigaci\u00f3n y trabajo profesional del Trabajo Social.<\/li>\n<li>Organizaci\u00f3n profesional.<\/li>\n<\/ul>\n<p style=\"text-align: justify;\">Con el apoyo de la Universidad Cecar, la Universidad de Antioquia, Uniminuto, la Universidad del Valle, la Universidad Cat\u00f3lica de Cali y otras instituciones acad\u00e9micas de Am\u00e9rica Latina, el Congreso tiene como objetivo llenar el aforo del teatro 8 de Junio de la Universidad de Caldas, con capacidad para 720 personas. Hasta la fecha, m\u00e1s de 600 personas ya se han inscrito, reflejando el creciente inter\u00e9s y fortalecimiento de este evento.<\/p>\n<p style=\"text-align: justify;\">Trabajo Social Cr\u00edtico, fundado en 2004, busca integrar teor\u00edas y an\u00e1lisis cr\u00edticos, principalmente desde una perspectiva marxista. Este enfoque ha sido fundamental en la promoci\u00f3n de debates acad\u00e9micos y reformas curriculares a nivel nacional, adem\u00e1s de contribuir significativamente en los di\u00e1logos sobre la ley del debate social.<\/p>\n<p style=\"text-align: justify;\">La invitaci\u00f3n est\u00e1 abierta para que todos los interesados se unan a esta celebraci\u00f3n de 20 a\u00f1os de contribuciones y avances en el campo del Trabajo Social Cr\u00edtico. Los \u00faltimos cupos a\u00fan est\u00e1n disponibles, por lo que se anima a los interesados a inscribirse cuanto antes.<\/p>\n<p><strong>Anexo<\/strong><\/p>\n<p><a href=\"https:\/\/www.ucaldas.edu.co\/portal\/wp-content\/uploads\/2024\/07\/Sergio-trabajo-social.mp3\"><strong>-Audio Sergio Andr\u00e9s Quintero Londo\u00f1o, docente del programa de Desarrollo Humano.<\/strong><\/a><\/p>\n<audio class=\"wp-audio-shortcode\" id=\"audio-82511-1\" preload=\"none\" style=\"width: 100%;\" controls=\"controls\"><source type=\"audio\/mpeg\" src=\"https:\/\/www.ucaldas.edu.co\/portal\/wp-content\/uploads\/2024\/07\/Sergio-trabajo-social.mp3?_=1\" \/><a href=\"https:\/\/www.ucaldas.edu.co\/portal\/wp-content\/uploads\/2024\/07\/Sergio-trabajo-social.mp3\">https:\/\/www.ucaldas.edu.co\/portal\/wp-content\/uploads\/2024\/07\/Sergio-trabajo-social.mp3<\/a><\/audio>\n","protected":false},"excerpt":{"rendered":"<p>El Quinto Congreso Latinoamericano de Trabajo Social Cr\u00edtico se celebrar\u00e1 los d\u00edas 7 y 8 de noviembre en las instalaciones de la Universidad de Caldas, con la participaci\u00f3n de profesionales y acad\u00e9micos locales e internacionales. Este a\u00f1o el Congreso tambi\u00e9n conmemora los 20 a\u00f1os del colectivo de Trabajo Social Cr\u00edtico, iniciativa que ha reunido a [&hellip;]<\/p>\n","protected":false},"author":2,"featured_media":82514,"comment_status":"closed","ping_status":"open","sticky":false,"template":"","format":"standard","meta":{"footnotes":""},"categories":[48,53],"tags":[171,1690,9425],"class_list":["post-82511","post","type-post","status-publish","format-standard","has-post-thumbnail","hentry","category-actualidad","category-universidad-al-dia","tag-congreso","tag-trabajo-social","tag-academia-e-investigacion"],"yoast_head":"<!-- This site is optimized with the Yoast SEO plugin v27.5 - https:\/\/yoast.com\/product\/yoast-seo-wordpress\/ -->\n<title>Falta poco para que se llene el aforo del Quinto Congreso Latinoamericano de Trabajo Social Cr\u00edtico .<\/title>\n<meta name=\"robots\" content=\"index, follow, max-snippet:-1, max-image-preview:large, max-video-preview:-1\" \/>\n<link rel=\"canonical\" href=\"https:\/\/www.ucaldas.edu.co\/portal\/falta-poco-para-que-se-llene-el-aforo-del-quinto-congreso-latinoamericano-de-trabajo-social-critico\/\" \/>\n<script type=\"application\/ld+json\" class=\"yoast-schema-graph\">{\"@context\":\"https:\\\/\\\/schema.org\",\"@graph\":[{\"@type\":\"Article\",\"@id\":\"https:\\\/\\\/www.ucaldas.edu.co\\\/portal\\\/falta-poco-para-que-se-llene-el-aforo-del-quinto-congreso-latinoamericano-de-trabajo-social-critico\\\/#article\",\"isPartOf\":{\"@id\":\"https:\\\/\\\/www.ucaldas.edu.co\\\/portal\\\/falta-poco-para-que-se-llene-el-aforo-del-quinto-congreso-latinoamericano-de-trabajo-social-critico\\\/\"},\"author\":{\"name\":\"ofiprensa\",\"@id\":\"https:\\\/\\\/www.ucaldas.edu.co\\\/portal\\\/#\\\/schema\\\/person\\\/a1b482e23449158b4bc319926c074fdf\"},\"headline\":\"Falta poco para que se llene el aforo del Quinto Congreso Latinoamericano de Trabajo Social Cr\u00edtico\",\"datePublished\":\"2024-07-18T22:09:08+00:00\",\"mainEntityOfPage\":{\"@id\":\"https:\\\/\\\/www.ucaldas.edu.co\\\/portal\\\/falta-poco-para-que-se-llene-el-aforo-del-quinto-congreso-latinoamericano-de-trabajo-social-critico\\\/\"},\"wordCount\":406,\"publisher\":{\"@id\":\"https:\\\/\\\/www.ucaldas.edu.co\\\/portal\\\/#organization\"},\"image\":{\"@id\":\"https:\\\/\\\/www.ucaldas.edu.co\\\/portal\\\/falta-poco-para-que-se-llene-el-aforo-del-quinto-congreso-latinoamericano-de-trabajo-social-critico\\\/#primaryimage\"},\"thumbnailUrl\":\"https:\\\/\\\/www.ucaldas.edu.co\\\/portal\\\/wp-content\\\/uploads\\\/2024\\\/07\\\/pixelcut-export.jpeg\",\"keywords\":[\"congreso\",\"Trabajo Social\",\"academia e investigaci\u00f3n\"],\"articleSection\":[\"Actualidad\",\"Universidad al D\u00eda\"],\"inLanguage\":\"es\"},{\"@type\":\"WebPage\",\"@id\":\"https:\\\/\\\/www.ucaldas.edu.co\\\/portal\\\/falta-poco-para-que-se-llene-el-aforo-del-quinto-congreso-latinoamericano-de-trabajo-social-critico\\\/\",\"url\":\"https:\\\/\\\/www.ucaldas.edu.co\\\/portal\\\/falta-poco-para-que-se-llene-el-aforo-del-quinto-congreso-latinoamericano-de-trabajo-social-critico\\\/\",\"name\":\"Falta poco para que se llene el aforo del Quinto Congreso Latinoamericano de Trabajo Social Cr\u00edtico .\",\"isPartOf\":{\"@id\":\"https:\\\/\\\/www.ucaldas.edu.co\\\/portal\\\/#website\"},\"primaryImageOfPage\":{\"@id\":\"https:\\\/\\\/www.ucaldas.edu.co\\\/portal\\\/falta-poco-para-que-se-llene-el-aforo-del-quinto-congreso-latinoamericano-de-trabajo-social-critico\\\/#primaryimage\"},\"image\":{\"@id\":\"https:\\\/\\\/www.ucaldas.edu.co\\\/portal\\\/falta-poco-para-que-se-llene-el-aforo-del-quinto-congreso-latinoamericano-de-trabajo-social-critico\\\/#primaryimage\"},\"thumbnailUrl\":\"https:\\\/\\\/www.ucaldas.edu.co\\\/portal\\\/wp-content\\\/uploads\\\/2024\\\/07\\\/pixelcut-export.jpeg\",\"datePublished\":\"2024-07-18T22:09:08+00:00\",\"breadcrumb\":{\"@id\":\"https:\\\/\\\/www.ucaldas.edu.co\\\/portal\\\/falta-poco-para-que-se-llene-el-aforo-del-quinto-congreso-latinoamericano-de-trabajo-social-critico\\\/#breadcrumb\"},\"inLanguage\":\"es\",\"potentialAction\":[{\"@type\":\"ReadAction\",\"target\":[\"https:\\\/\\\/www.ucaldas.edu.co\\\/portal\\\/falta-poco-para-que-se-llene-el-aforo-del-quinto-congreso-latinoamericano-de-trabajo-social-critico\\\/\"]}]},{\"@type\":\"ImageObject\",\"inLanguage\":\"es\",\"@id\":\"https:\\\/\\\/www.ucaldas.edu.co\\\/portal\\\/falta-poco-para-que-se-llene-el-aforo-del-quinto-congreso-latinoamericano-de-trabajo-social-critico\\\/#primaryimage\",\"url\":\"https:\\\/\\\/www.ucaldas.edu.co\\\/portal\\\/wp-content\\\/uploads\\\/2024\\\/07\\\/pixelcut-export.jpeg\",\"contentUrl\":\"https:\\\/\\\/www.ucaldas.edu.co\\\/portal\\\/wp-content\\\/uploads\\\/2024\\\/07\\\/pixelcut-export.jpeg\",\"width\":1800,\"height\":1020,\"caption\":\"Falta poco para que se llene el aforo del Quinto Congreso Latinoamericano de Trabajo Social Cr\u00edtico. En la imagen se observa el nombre de este Congreso.\"},{\"@type\":\"BreadcrumbList\",\"@id\":\"https:\\\/\\\/www.ucaldas.edu.co\\\/portal\\\/falta-poco-para-que-se-llene-el-aforo-del-quinto-congreso-latinoamericano-de-trabajo-social-critico\\\/#breadcrumb\",\"itemListElement\":[{\"@type\":\"ListItem\",\"position\":1,\"name\":\"Portada\",\"item\":\"https:\\\/\\\/www.ucaldas.edu.co\\\/portal\\\/\"},{\"@type\":\"ListItem\",\"position\":2,\"name\":\"Falta poco para que se llene el aforo del Quinto Congreso Latinoamericano de Trabajo Social Cr\u00edtico\"}]},{\"@type\":\"WebSite\",\"@id\":\"https:\\\/\\\/www.ucaldas.edu.co\\\/portal\\\/#website\",\"url\":\"https:\\\/\\\/www.ucaldas.edu.co\\\/portal\\\/\",\"name\":\"Universidad de Caldas\",\"description\":\"\",\"publisher\":{\"@id\":\"https:\\\/\\\/www.ucaldas.edu.co\\\/portal\\\/#organization\"},\"alternateName\":\"U. de Caldas\",\"potentialAction\":[{\"@type\":\"SearchAction\",\"target\":{\"@type\":\"EntryPoint\",\"urlTemplate\":\"https:\\\/\\\/www.ucaldas.edu.co\\\/portal\\\/?s={search_term_string}\"},\"query-input\":{\"@type\":\"PropertyValueSpecification\",\"valueRequired\":true,\"valueName\":\"search_term_string\"}}],\"inLanguage\":\"es\"},{\"@type\":\"Organization\",\"@id\":\"https:\\\/\\\/www.ucaldas.edu.co\\\/portal\\\/#organization\",\"name\":\"Universidad de Caldas\",\"alternateName\":\"U. de Caldas\",\"url\":\"https:\\\/\\\/www.ucaldas.edu.co\\\/portal\\\/\",\"logo\":{\"@type\":\"ImageObject\",\"inLanguage\":\"es\",\"@id\":\"https:\\\/\\\/www.ucaldas.edu.co\\\/portal\\\/#\\\/schema\\\/logo\\\/image\\\/\",\"url\":\"https:\\\/\\\/www.ucaldas.edu.co\\\/portal\\\/wp-content\\\/uploads\\\/2023\\\/11\\\/Logo_horizontal_oscuroU-2023.png\",\"contentUrl\":\"https:\\\/\\\/www.ucaldas.edu.co\\\/portal\\\/wp-content\\\/uploads\\\/2023\\\/11\\\/Logo_horizontal_oscuroU-2023.png\",\"width\":263,\"height\":101,\"caption\":\"Universidad de Caldas\"},\"image\":{\"@id\":\"https:\\\/\\\/www.ucaldas.edu.co\\\/portal\\\/#\\\/schema\\\/logo\\\/image\\\/\"},\"sameAs\":[\"https:\\\/\\\/www.facebook.com\\\/udecaldas\",\"https:\\\/\\\/x.com\\\/udecaldas\",\"https:\\\/\\\/www.youtube.com\\\/universidadcaldas\",\"https:\\\/\\\/www.instagram.com\\\/udecaldas\\\/\"]},{\"@type\":\"Person\",\"@id\":\"https:\\\/\\\/www.ucaldas.edu.co\\\/portal\\\/#\\\/schema\\\/person\\\/a1b482e23449158b4bc319926c074fdf\",\"name\":\"ofiprensa\",\"image\":{\"@type\":\"ImageObject\",\"inLanguage\":\"es\",\"@id\":\"https:\\\/\\\/www.ucaldas.edu.co\\\/portal\\\/wp-content\\\/litespeed\\\/avatar\\\/09ea5085e600095a7a811142c6944527.jpg?ver=1777497608\",\"url\":\"https:\\\/\\\/www.ucaldas.edu.co\\\/portal\\\/wp-content\\\/litespeed\\\/avatar\\\/09ea5085e600095a7a811142c6944527.jpg?ver=1777497608\",\"contentUrl\":\"https:\\\/\\\/www.ucaldas.edu.co\\\/portal\\\/wp-content\\\/litespeed\\\/avatar\\\/09ea5085e600095a7a811142c6944527.jpg?ver=1777497608\",\"caption\":\"ofiprensa\"},\"url\":\"https:\\\/\\\/www.ucaldas.edu.co\\\/portal\\\/author\\\/ofiprensa\\\/\"}]}<\/script>\n<!-- \/ Yoast SEO plugin. -->","yoast_head_json":{"title":"Falta poco para que se llene el aforo del Quinto Congreso Latinoamericano de Trabajo Social Cr\u00edtico .","robots":{"index":"index","follow":"follow","max-snippet":"max-snippet:-1","max-image-preview":"max-image-preview:large","max-video-preview":"max-video-preview:-1"},"canonical":"https:\/\/www.ucaldas.edu.co\/portal\/falta-poco-para-que-se-llene-el-aforo-del-quinto-congreso-latinoamericano-de-trabajo-social-critico\/","schema":{"@context":"https:\/\/schema.org","@graph":[{"@type":"Article","@id":"https:\/\/www.ucaldas.edu.co\/portal\/falta-poco-para-que-se-llene-el-aforo-del-quinto-congreso-latinoamericano-de-trabajo-social-critico\/#article","isPartOf":{"@id":"https:\/\/www.ucaldas.edu.co\/portal\/falta-poco-para-que-se-llene-el-aforo-del-quinto-congreso-latinoamericano-de-trabajo-social-critico\/"},"author":{"name":"ofiprensa","@id":"https:\/\/www.ucaldas.edu.co\/portal\/#\/schema\/person\/a1b482e23449158b4bc319926c074fdf"},"headline":"Falta poco para que se llene el aforo del Quinto Congreso Latinoamericano de Trabajo Social Cr\u00edtico","datePublished":"2024-07-18T22:09:08+00:00","mainEntityOfPage":{"@id":"https:\/\/www.ucaldas.edu.co\/portal\/falta-poco-para-que-se-llene-el-aforo-del-quinto-congreso-latinoamericano-de-trabajo-social-critico\/"},"wordCount":406,"publisher":{"@id":"https:\/\/www.ucaldas.edu.co\/portal\/#organization"},"image":{"@id":"https:\/\/www.ucaldas.edu.co\/portal\/falta-poco-para-que-se-llene-el-aforo-del-quinto-congreso-latinoamericano-de-trabajo-social-critico\/#primaryimage"},"thumbnailUrl":"https:\/\/www.ucaldas.edu.co\/portal\/wp-content\/uploads\/2024\/07\/pixelcut-export.jpeg","keywords":["congreso","Trabajo Social","academia e investigaci\u00f3n"],"articleSection":["Actualidad","Universidad al D\u00eda"],"inLanguage":"es"},{"@type":"WebPage","@id":"https:\/\/www.ucaldas.edu.co\/portal\/falta-poco-para-que-se-llene-el-aforo-del-quinto-congreso-latinoamericano-de-trabajo-social-critico\/","url":"https:\/\/www.ucaldas.edu.co\/portal\/falta-poco-para-que-se-llene-el-aforo-del-quinto-congreso-latinoamericano-de-trabajo-social-critico\/","name":"Falta poco para que se llene el aforo del Quinto Congreso Latinoamericano de Trabajo Social Cr\u00edtico .","isPartOf":{"@id":"https:\/\/www.ucaldas.edu.co\/portal\/#website"},"primaryImageOfPage":{"@id":"https:\/\/www.ucaldas.edu.co\/portal\/falta-poco-para-que-se-llene-el-aforo-del-quinto-congreso-latinoamericano-de-trabajo-social-critico\/#primaryimage"},"image":{"@id":"https:\/\/www.ucaldas.edu.co\/portal\/falta-poco-para-que-se-llene-el-aforo-del-quinto-congreso-latinoamericano-de-trabajo-social-critico\/#primaryimage"},"thumbnailUrl":"https:\/\/www.ucaldas.edu.co\/portal\/wp-content\/uploads\/2024\/07\/pixelcut-export.jpeg","datePublished":"2024-07-18T22:09:08+00:00","breadcrumb":{"@id":"https:\/\/www.ucaldas.edu.co\/portal\/falta-poco-para-que-se-llene-el-aforo-del-quinto-congreso-latinoamericano-de-trabajo-social-critico\/#breadcrumb"},"inLanguage":"es","potentialAction":[{"@type":"ReadAction","target":["https:\/\/www.ucaldas.edu.co\/portal\/falta-poco-para-que-se-llene-el-aforo-del-quinto-congreso-latinoamericano-de-trabajo-social-critico\/"]}]},{"@type":"ImageObject","inLanguage":"es","@id":"https:\/\/www.ucaldas.edu.co\/portal\/falta-poco-para-que-se-llene-el-aforo-del-quinto-congreso-latinoamericano-de-trabajo-social-critico\/#primaryimage","url":"https:\/\/www.ucaldas.edu.co\/portal\/wp-content\/uploads\/2024\/07\/pixelcut-export.jpeg","contentUrl":"https:\/\/www.ucaldas.edu.co\/portal\/wp-content\/uploads\/2024\/07\/pixelcut-export.jpeg","width":1800,"height":1020,"caption":"Falta poco para que se llene el aforo del Quinto Congreso Latinoamericano de Trabajo Social Cr\u00edtico. En la imagen se observa el nombre de este Congreso."},{"@type":"BreadcrumbList","@id":"https:\/\/www.ucaldas.edu.co\/portal\/falta-poco-para-que-se-llene-el-aforo-del-quinto-congreso-latinoamericano-de-trabajo-social-critico\/#breadcrumb","itemListElement":[{"@type":"ListItem","position":1,"name":"Portada","item":"https:\/\/www.ucaldas.edu.co\/portal\/"},{"@type":"ListItem","position":2,"name":"Falta poco para que se llene el aforo del Quinto Congreso Latinoamericano de Trabajo Social Cr\u00edtico"}]},{"@type":"WebSite","@id":"https:\/\/www.ucaldas.edu.co\/portal\/#website","url":"https:\/\/www.ucaldas.edu.co\/portal\/","name":"Universidad de Caldas","description":"","publisher":{"@id":"https:\/\/www.ucaldas.edu.co\/portal\/#organization"},"alternateName":"U. de Caldas","potentialAction":[{"@type":"SearchAction","target":{"@type":"EntryPoint","urlTemplate":"https:\/\/www.ucaldas.edu.co\/portal\/?s={search_term_string}"},"query-input":{"@type":"PropertyValueSpecification","valueRequired":true,"valueName":"search_term_string"}}],"inLanguage":"es"},{"@type":"Organization","@id":"https:\/\/www.ucaldas.edu.co\/portal\/#organization","name":"Universidad de Caldas","alternateName":"U. de Caldas","url":"https:\/\/www.ucaldas.edu.co\/portal\/","logo":{"@type":"ImageObject","inLanguage":"es","@id":"https:\/\/www.ucaldas.edu.co\/portal\/#\/schema\/logo\/image\/","url":"https:\/\/www.ucaldas.edu.co\/portal\/wp-content\/uploads\/2023\/11\/Logo_horizontal_oscuroU-2023.png","contentUrl":"https:\/\/www.ucaldas.edu.co\/portal\/wp-content\/uploads\/2023\/11\/Logo_horizontal_oscuroU-2023.png","width":263,"height":101,"caption":"Universidad de Caldas"},"image":{"@id":"https:\/\/www.ucaldas.edu.co\/portal\/#\/schema\/logo\/image\/"},"sameAs":["https:\/\/www.facebook.com\/udecaldas","https:\/\/x.com\/udecaldas","https:\/\/www.youtube.com\/universidadcaldas","https:\/\/www.instagram.com\/udecaldas\/"]},{"@type":"Person","@id":"https:\/\/www.ucaldas.edu.co\/portal\/#\/schema\/person\/a1b482e23449158b4bc319926c074fdf","name":"ofiprensa","image":{"@type":"ImageObject","inLanguage":"es","@id":"https:\/\/www.ucaldas.edu.co\/portal\/wp-content\/litespeed\/avatar\/09ea5085e600095a7a811142c6944527.jpg?ver=1777497608","url":"https:\/\/www.ucaldas.edu.co\/portal\/wp-content\/litespeed\/avatar\/09ea5085e600095a7a811142c6944527.jpg?ver=1777497608","contentUrl":"https:\/\/www.ucaldas.edu.co\/portal\/wp-content\/litespeed\/avatar\/09ea5085e600095a7a811142c6944527.jpg?ver=1777497608","caption":"ofiprensa"},"url":"https:\/\/www.ucaldas.edu.co\/portal\/author\/ofiprensa\/"}]}},"_links":{"self":[{"href":"https:\/\/www.ucaldas.edu.co\/portal\/wp-json\/wp\/v2\/posts\/82511","targetHints":{"allow":["GET"]}}],"collection":[{"href":"https:\/\/www.ucaldas.edu.co\/portal\/wp-json\/wp\/v2\/posts"}],"about":[{"href":"https:\/\/www.ucaldas.edu.co\/portal\/wp-json\/wp\/v2\/types\/post"}],"author":[{"embeddable":true,"href":"https:\/\/www.ucaldas.edu.co\/portal\/wp-json\/wp\/v2\/users\/2"}],"replies":[{"embeddable":true,"href":"https:\/\/www.ucaldas.edu.co\/portal\/wp-json\/wp\/v2\/comments?post=82511"}],"version-history":[{"count":0,"href":"https:\/\/www.ucaldas.edu.co\/portal\/wp-json\/wp\/v2\/posts\/82511\/revisions"}],"wp:featuredmedia":[{"embeddable":true,"href":"https:\/\/www.ucaldas.edu.co\/portal\/wp-json\/wp\/v2\/media\/82514"}],"wp:attachment":[{"href":"https:\/\/www.ucaldas.edu.co\/portal\/wp-json\/wp\/v2\/media?parent=82511"}],"wp:term":[{"taxonomy":"category","embeddable":true,"href":"https:\/\/www.ucaldas.edu.co\/portal\/wp-json\/wp\/v2\/categories?post=82511"},{"taxonomy":"post_tag","embeddable":true,"href":"https:\/\/www.ucaldas.edu.co\/portal\/wp-json\/wp\/v2\/tags?post=82511"}],"curies":[{"name":"wp","href":"https:\/\/api.w.org\/{rel}","templated":true}]}}