{"id":82363,"date":"2024-07-09T17:26:27","date_gmt":"2024-07-09T22:26:27","guid":{"rendered":"https:\/\/www.ucaldas.edu.co\/portal\/?p=82363"},"modified":"2025-07-24T10:10:49","modified_gmt":"2025-07-24T15:10:49","slug":"universidad-de-caldas-en-tu-pueblo-llega-a-mas-municipios","status":"publish","type":"post","link":"https:\/\/www.ucaldas.edu.co\/portal\/universidad-de-caldas-en-tu-pueblo-llega-a-mas-municipios\/","title":{"rendered":"Universidad de Caldas en tu Pueblo llega a m\u00e1s municipios"},"content":{"rendered":"<p style=\"text-align: justify;\"><img loading=\"lazy\" decoding=\"async\" class=\"alignnone size-full wp-image-82385\" src=\"https:\/\/www.ucaldas.edu.co\/portal\/wp-content\/uploads\/2024\/07\/alcaldes.jpg\" alt=\"\" width=\"1600\" height=\"1066\" \/>La Universidad de Caldas llega a m\u00e1s municipios gracias a un esfuerzo conjunto para fortalecer la articulaci\u00f3n con la educaci\u00f3n superior en el Departamento; es as\u00ed como esta instituci\u00f3n ha consolidado una significativa alianza con varios gobiernos locales a trav\u00e9s del programa Universidad de Caldas en Tu Pueblo.<!--more--><\/p>\n<p style=\"text-align: justify;\">Este a\u00f1o el proyecto ha ganado terreno con la aprobaci\u00f3n de la estampilla pro universidad en municipios como Viterbo, Sup\u00eda, Anserma, Belalc\u00e1zar y Aranzazu, recursos con los que se expande la articulaci\u00f3n con instituciones educativas. En esta oportunidad se unen nuevos aliados interesados como Marquetalia, P\u00e1cora, Risaralda y Manzanares.<\/p>\n<p style=\"text-align: justify;\">El rector de la Universidad de Caldas, Fabio Hernando Arias Orozco, destac\u00f3 la importancia de estas alianzas durante un encuentro reciente, se\u00f1alando que este tipo de colaboraciones plantan la semilla para fortalecer las sedes universitarias en La Dorada, Aguadas y Anserma. \u00abMuchos alcaldes que han iniciado sus administraciones este a\u00f1o se han acercado interesados en el proyecto, lo cual es un indicativo positivo del impacto que puede tener en nuestras comunidades\u00bb, afirm\u00f3 el rector.<\/p>\n<p style=\"text-align: justify;\">La U. de Caldas llega a m\u00e1s municipios, y entre los aspectos que se ver\u00e1n fortalecidos gracias a esta articulaci\u00f3n, se encuentran la tasa de graduaci\u00f3n en educaci\u00f3n media, la reducci\u00f3n de la distancia de los j\u00f3venes con respecto a los riesgos psicosociales y la mejora en las condiciones para la presentaci\u00f3n de las pruebas Saber 11. Adem\u00e1s, se garantiza la continuidad en la cadena de formaci\u00f3n en las diferentes sedes de la universidad.<\/p>\n<p style=\"text-align: justify;\">Desde su implementaci\u00f3n, esta estrategia ha establecido diversos programas acad\u00e9micos incluyendo \u00e1reas como Saneamiento Ambiental, Formulaci\u00f3n de Proyectos Agropecuarios, Cadena Log\u00edstica, Programaci\u00f3n Web, Programacion para dispositivos m\u00f3viles, Programaci\u00f3n para VideoJuegos, T\u00e9cnico Profesional en Instalaci\u00f3n de Sistemas de Energ\u00edas Renovables y Procesamiento Agroindustrial.<\/p>\n<p style=\"text-align: justify;\">Este esfuerzo conjunto entre la Universidad de Caldas y los municipios participantes no solo busca mejorar el acceso a la educaci\u00f3n superior, sino tambi\u00e9n contribuir al desarrollo integral de las comunidades locales, fomentando oportunidades educativas y laborales que impacten positivamente en el futuro de la regi\u00f3n.<\/p>\n<p><strong>Anexo<\/strong><\/p>\n<p><a href=\"https:\/\/www.ucaldas.edu.co\/portal\/wp-content\/uploads\/2024\/07\/rector-u-en-tu-pueblo.mp3\"><strong>-Audio Rector Universidad de Caldas Fabio Hernando Arias Orozco<\/strong><\/a><\/p>\n<audio class=\"wp-audio-shortcode\" id=\"audio-82363-1\" preload=\"none\" style=\"width: 100%;\" controls=\"controls\"><source type=\"audio\/mpeg\" src=\"https:\/\/www.ucaldas.edu.co\/portal\/wp-content\/uploads\/2024\/07\/rector-u-en-tu-pueblo.mp3?_=1\" \/><a href=\"https:\/\/www.ucaldas.edu.co\/portal\/wp-content\/uploads\/2024\/07\/rector-u-en-tu-pueblo.mp3\">https:\/\/www.ucaldas.edu.co\/portal\/wp-content\/uploads\/2024\/07\/rector-u-en-tu-pueblo.mp3<\/a><\/audio>\n<p><a href=\"https:\/\/www.ucaldas.edu.co\/portal\/wp-content\/uploads\/2024\/07\/alcalde-marquetalia.mp3\"><strong>-Audio Alcalde de Marquetalia, Edwin S\u00e1nchez<\/strong><\/a><\/p>\n<audio class=\"wp-audio-shortcode\" id=\"audio-82363-2\" preload=\"none\" style=\"width: 100%;\" controls=\"controls\"><source type=\"audio\/mpeg\" src=\"https:\/\/www.ucaldas.edu.co\/portal\/wp-content\/uploads\/2024\/07\/alcalde-marquetalia.mp3?_=2\" \/><a href=\"https:\/\/www.ucaldas.edu.co\/portal\/wp-content\/uploads\/2024\/07\/alcalde-marquetalia.mp3\">https:\/\/www.ucaldas.edu.co\/portal\/wp-content\/uploads\/2024\/07\/alcalde-marquetalia.mp3<\/a><\/audio>\n<p><a href=\"https:\/\/www.ucaldas.edu.co\/portal\/wp-content\/uploads\/2024\/07\/alcalde-manzanares.mp3\"><strong>-Audio Alcalde de Manzanares, Carlos Enrique Botero<\/strong><\/a><\/p>\n<audio class=\"wp-audio-shortcode\" id=\"audio-82363-3\" preload=\"none\" style=\"width: 100%;\" controls=\"controls\"><source type=\"audio\/mpeg\" src=\"https:\/\/www.ucaldas.edu.co\/portal\/wp-content\/uploads\/2024\/07\/alcalde-manzanares.mp3?_=3\" \/><a href=\"https:\/\/www.ucaldas.edu.co\/portal\/wp-content\/uploads\/2024\/07\/alcalde-manzanares.mp3\">https:\/\/www.ucaldas.edu.co\/portal\/wp-content\/uploads\/2024\/07\/alcalde-manzanares.mp3<\/a><\/audio>\n<p><a href=\"https:\/\/www.ucaldas.edu.co\/portal\/wp-content\/uploads\/2024\/07\/alcalde-pacora-1.mp3\"><strong>-Audio Alcalde de P\u00e1cora, Juan Camilo Isaza<\/strong><\/a><\/p>\n<audio class=\"wp-audio-shortcode\" id=\"audio-82363-4\" preload=\"none\" style=\"width: 100%;\" controls=\"controls\"><source type=\"audio\/mpeg\" src=\"https:\/\/www.ucaldas.edu.co\/portal\/wp-content\/uploads\/2024\/07\/alcalde-pacora-1.mp3?_=4\" \/><a href=\"https:\/\/www.ucaldas.edu.co\/portal\/wp-content\/uploads\/2024\/07\/alcalde-pacora-1.mp3\">https:\/\/www.ucaldas.edu.co\/portal\/wp-content\/uploads\/2024\/07\/alcalde-pacora-1.mp3<\/a><\/audio>\n","protected":false},"excerpt":{"rendered":"<p>La Universidad de Caldas llega a m\u00e1s municipios gracias a un esfuerzo conjunto para fortalecer la articulaci\u00f3n con la educaci\u00f3n superior en el Departamento; es as\u00ed como esta instituci\u00f3n ha consolidado una significativa alianza con varios gobiernos locales a trav\u00e9s del programa Universidad de Caldas en Tu Pueblo.<\/p>\n","protected":false},"author":2,"featured_media":82385,"comment_status":"closed","ping_status":"open","sticky":false,"template":"","format":"standard","meta":{"footnotes":""},"categories":[53,600,9870,48],"tags":[8192,8902,2192],"class_list":["post-82363","post","type-post","status-publish","format-standard","has-post-thumbnail","hentry","category-universidad-al-dia","category-ucaldas-regional","category-u-caldas-en-tu-pueblo","category-actualidad","tag-bienestar-comunidad","tag-actualidad-educacion","tag-universidad-de-caldas-u-de-caldas"],"yoast_head":"<!-- This site is optimized with the Yoast SEO plugin v27.5 - https:\/\/yoast.com\/product\/yoast-seo-wordpress\/ -->\n<title>Universidad de Caldas en tu Pueblo llega a m\u00e1s municipios .<\/title>\n<meta name=\"robots\" content=\"index, follow, max-snippet:-1, max-image-preview:large, max-video-preview:-1\" \/>\n<link rel=\"canonical\" href=\"https:\/\/www.ucaldas.edu.co\/portal\/universidad-de-caldas-en-tu-pueblo-llega-a-mas-municipios\/\" \/>\n<script type=\"application\/ld+json\" class=\"yoast-schema-graph\">{\"@context\":\"https:\\\/\\\/schema.org\",\"@graph\":[{\"@type\":\"Article\",\"@id\":\"https:\\\/\\\/www.ucaldas.edu.co\\\/portal\\\/universidad-de-caldas-en-tu-pueblo-llega-a-mas-municipios\\\/#article\",\"isPartOf\":{\"@id\":\"https:\\\/\\\/www.ucaldas.edu.co\\\/portal\\\/universidad-de-caldas-en-tu-pueblo-llega-a-mas-municipios\\\/\"},\"author\":{\"name\":\"ofiprensa\",\"@id\":\"https:\\\/\\\/www.ucaldas.edu.co\\\/portal\\\/#\\\/schema\\\/person\\\/a1b482e23449158b4bc319926c074fdf\"},\"headline\":\"Universidad de Caldas en tu Pueblo llega a m\u00e1s municipios\",\"datePublished\":\"2024-07-09T22:26:27+00:00\",\"dateModified\":\"2025-07-24T15:10:49+00:00\",\"mainEntityOfPage\":{\"@id\":\"https:\\\/\\\/www.ucaldas.edu.co\\\/portal\\\/universidad-de-caldas-en-tu-pueblo-llega-a-mas-municipios\\\/\"},\"wordCount\":463,\"publisher\":{\"@id\":\"https:\\\/\\\/www.ucaldas.edu.co\\\/portal\\\/#organization\"},\"image\":{\"@id\":\"https:\\\/\\\/www.ucaldas.edu.co\\\/portal\\\/universidad-de-caldas-en-tu-pueblo-llega-a-mas-municipios\\\/#primaryimage\"},\"thumbnailUrl\":\"https:\\\/\\\/www.ucaldas.edu.co\\\/portal\\\/wp-content\\\/uploads\\\/2024\\\/07\\\/alcaldes.jpg\",\"keywords\":[\"bienestar comunidad\",\"actualidad educaci\u00f3n\",\"Universidad de Caldas. U. de Caldas\"],\"articleSection\":[\"Universidad al D\u00eda\",\"UCaldas Regional\",\"U Caldas en tu Pueblo\",\"Actualidad\"],\"inLanguage\":\"es\"},{\"@type\":\"WebPage\",\"@id\":\"https:\\\/\\\/www.ucaldas.edu.co\\\/portal\\\/universidad-de-caldas-en-tu-pueblo-llega-a-mas-municipios\\\/\",\"url\":\"https:\\\/\\\/www.ucaldas.edu.co\\\/portal\\\/universidad-de-caldas-en-tu-pueblo-llega-a-mas-municipios\\\/\",\"name\":\"Universidad de Caldas en tu Pueblo llega a m\u00e1s municipios .\",\"isPartOf\":{\"@id\":\"https:\\\/\\\/www.ucaldas.edu.co\\\/portal\\\/#website\"},\"primaryImageOfPage\":{\"@id\":\"https:\\\/\\\/www.ucaldas.edu.co\\\/portal\\\/universidad-de-caldas-en-tu-pueblo-llega-a-mas-municipios\\\/#primaryimage\"},\"image\":{\"@id\":\"https:\\\/\\\/www.ucaldas.edu.co\\\/portal\\\/universidad-de-caldas-en-tu-pueblo-llega-a-mas-municipios\\\/#primaryimage\"},\"thumbnailUrl\":\"https:\\\/\\\/www.ucaldas.edu.co\\\/portal\\\/wp-content\\\/uploads\\\/2024\\\/07\\\/alcaldes.jpg\",\"datePublished\":\"2024-07-09T22:26:27+00:00\",\"dateModified\":\"2025-07-24T15:10:49+00:00\",\"breadcrumb\":{\"@id\":\"https:\\\/\\\/www.ucaldas.edu.co\\\/portal\\\/universidad-de-caldas-en-tu-pueblo-llega-a-mas-municipios\\\/#breadcrumb\"},\"inLanguage\":\"es\",\"potentialAction\":[{\"@type\":\"ReadAction\",\"target\":[\"https:\\\/\\\/www.ucaldas.edu.co\\\/portal\\\/universidad-de-caldas-en-tu-pueblo-llega-a-mas-municipios\\\/\"]}]},{\"@type\":\"ImageObject\",\"inLanguage\":\"es\",\"@id\":\"https:\\\/\\\/www.ucaldas.edu.co\\\/portal\\\/universidad-de-caldas-en-tu-pueblo-llega-a-mas-municipios\\\/#primaryimage\",\"url\":\"https:\\\/\\\/www.ucaldas.edu.co\\\/portal\\\/wp-content\\\/uploads\\\/2024\\\/07\\\/alcaldes.jpg\",\"contentUrl\":\"https:\\\/\\\/www.ucaldas.edu.co\\\/portal\\\/wp-content\\\/uploads\\\/2024\\\/07\\\/alcaldes.jpg\",\"width\":1600,\"height\":1066},{\"@type\":\"BreadcrumbList\",\"@id\":\"https:\\\/\\\/www.ucaldas.edu.co\\\/portal\\\/universidad-de-caldas-en-tu-pueblo-llega-a-mas-municipios\\\/#breadcrumb\",\"itemListElement\":[{\"@type\":\"ListItem\",\"position\":1,\"name\":\"Portada\",\"item\":\"https:\\\/\\\/www.ucaldas.edu.co\\\/portal\\\/\"},{\"@type\":\"ListItem\",\"position\":2,\"name\":\"Universidad de Caldas en tu Pueblo llega a m\u00e1s municipios\"}]},{\"@type\":\"WebSite\",\"@id\":\"https:\\\/\\\/www.ucaldas.edu.co\\\/portal\\\/#website\",\"url\":\"https:\\\/\\\/www.ucaldas.edu.co\\\/portal\\\/\",\"name\":\"Universidad de Caldas\",\"description\":\"\",\"publisher\":{\"@id\":\"https:\\\/\\\/www.ucaldas.edu.co\\\/portal\\\/#organization\"},\"alternateName\":\"U. de Caldas\",\"potentialAction\":[{\"@type\":\"SearchAction\",\"target\":{\"@type\":\"EntryPoint\",\"urlTemplate\":\"https:\\\/\\\/www.ucaldas.edu.co\\\/portal\\\/?s={search_term_string}\"},\"query-input\":{\"@type\":\"PropertyValueSpecification\",\"valueRequired\":true,\"valueName\":\"search_term_string\"}}],\"inLanguage\":\"es\"},{\"@type\":\"Organization\",\"@id\":\"https:\\\/\\\/www.ucaldas.edu.co\\\/portal\\\/#organization\",\"name\":\"Universidad de Caldas\",\"alternateName\":\"U. de Caldas\",\"url\":\"https:\\\/\\\/www.ucaldas.edu.co\\\/portal\\\/\",\"logo\":{\"@type\":\"ImageObject\",\"inLanguage\":\"es\",\"@id\":\"https:\\\/\\\/www.ucaldas.edu.co\\\/portal\\\/#\\\/schema\\\/logo\\\/image\\\/\",\"url\":\"https:\\\/\\\/www.ucaldas.edu.co\\\/portal\\\/wp-content\\\/uploads\\\/2023\\\/11\\\/Logo_horizontal_oscuroU-2023.png\",\"contentUrl\":\"https:\\\/\\\/www.ucaldas.edu.co\\\/portal\\\/wp-content\\\/uploads\\\/2023\\\/11\\\/Logo_horizontal_oscuroU-2023.png\",\"width\":263,\"height\":101,\"caption\":\"Universidad de Caldas\"},\"image\":{\"@id\":\"https:\\\/\\\/www.ucaldas.edu.co\\\/portal\\\/#\\\/schema\\\/logo\\\/image\\\/\"},\"sameAs\":[\"https:\\\/\\\/www.facebook.com\\\/udecaldas\",\"https:\\\/\\\/x.com\\\/udecaldas\",\"https:\\\/\\\/www.youtube.com\\\/universidadcaldas\",\"https:\\\/\\\/www.instagram.com\\\/udecaldas\\\/\"]},{\"@type\":\"Person\",\"@id\":\"https:\\\/\\\/www.ucaldas.edu.co\\\/portal\\\/#\\\/schema\\\/person\\\/a1b482e23449158b4bc319926c074fdf\",\"name\":\"ofiprensa\",\"image\":{\"@type\":\"ImageObject\",\"inLanguage\":\"es\",\"@id\":\"https:\\\/\\\/www.ucaldas.edu.co\\\/portal\\\/wp-content\\\/litespeed\\\/avatar\\\/09ea5085e600095a7a811142c6944527.jpg?ver=1777497608\",\"url\":\"https:\\\/\\\/www.ucaldas.edu.co\\\/portal\\\/wp-content\\\/litespeed\\\/avatar\\\/09ea5085e600095a7a811142c6944527.jpg?ver=1777497608\",\"contentUrl\":\"https:\\\/\\\/www.ucaldas.edu.co\\\/portal\\\/wp-content\\\/litespeed\\\/avatar\\\/09ea5085e600095a7a811142c6944527.jpg?ver=1777497608\",\"caption\":\"ofiprensa\"},\"url\":\"https:\\\/\\\/www.ucaldas.edu.co\\\/portal\\\/author\\\/ofiprensa\\\/\"}]}<\/script>\n<!-- \/ Yoast SEO plugin. -->","yoast_head_json":{"title":"Universidad de Caldas en tu Pueblo llega a m\u00e1s municipios .","robots":{"index":"index","follow":"follow","max-snippet":"max-snippet:-1","max-image-preview":"max-image-preview:large","max-video-preview":"max-video-preview:-1"},"canonical":"https:\/\/www.ucaldas.edu.co\/portal\/universidad-de-caldas-en-tu-pueblo-llega-a-mas-municipios\/","schema":{"@context":"https:\/\/schema.org","@graph":[{"@type":"Article","@id":"https:\/\/www.ucaldas.edu.co\/portal\/universidad-de-caldas-en-tu-pueblo-llega-a-mas-municipios\/#article","isPartOf":{"@id":"https:\/\/www.ucaldas.edu.co\/portal\/universidad-de-caldas-en-tu-pueblo-llega-a-mas-municipios\/"},"author":{"name":"ofiprensa","@id":"https:\/\/www.ucaldas.edu.co\/portal\/#\/schema\/person\/a1b482e23449158b4bc319926c074fdf"},"headline":"Universidad de Caldas en tu Pueblo llega a m\u00e1s municipios","datePublished":"2024-07-09T22:26:27+00:00","dateModified":"2025-07-24T15:10:49+00:00","mainEntityOfPage":{"@id":"https:\/\/www.ucaldas.edu.co\/portal\/universidad-de-caldas-en-tu-pueblo-llega-a-mas-municipios\/"},"wordCount":463,"publisher":{"@id":"https:\/\/www.ucaldas.edu.co\/portal\/#organization"},"image":{"@id":"https:\/\/www.ucaldas.edu.co\/portal\/universidad-de-caldas-en-tu-pueblo-llega-a-mas-municipios\/#primaryimage"},"thumbnailUrl":"https:\/\/www.ucaldas.edu.co\/portal\/wp-content\/uploads\/2024\/07\/alcaldes.jpg","keywords":["bienestar comunidad","actualidad educaci\u00f3n","Universidad de Caldas. U. de Caldas"],"articleSection":["Universidad al D\u00eda","UCaldas Regional","U Caldas en tu Pueblo","Actualidad"],"inLanguage":"es"},{"@type":"WebPage","@id":"https:\/\/www.ucaldas.edu.co\/portal\/universidad-de-caldas-en-tu-pueblo-llega-a-mas-municipios\/","url":"https:\/\/www.ucaldas.edu.co\/portal\/universidad-de-caldas-en-tu-pueblo-llega-a-mas-municipios\/","name":"Universidad de Caldas en tu Pueblo llega a m\u00e1s municipios .","isPartOf":{"@id":"https:\/\/www.ucaldas.edu.co\/portal\/#website"},"primaryImageOfPage":{"@id":"https:\/\/www.ucaldas.edu.co\/portal\/universidad-de-caldas-en-tu-pueblo-llega-a-mas-municipios\/#primaryimage"},"image":{"@id":"https:\/\/www.ucaldas.edu.co\/portal\/universidad-de-caldas-en-tu-pueblo-llega-a-mas-municipios\/#primaryimage"},"thumbnailUrl":"https:\/\/www.ucaldas.edu.co\/portal\/wp-content\/uploads\/2024\/07\/alcaldes.jpg","datePublished":"2024-07-09T22:26:27+00:00","dateModified":"2025-07-24T15:10:49+00:00","breadcrumb":{"@id":"https:\/\/www.ucaldas.edu.co\/portal\/universidad-de-caldas-en-tu-pueblo-llega-a-mas-municipios\/#breadcrumb"},"inLanguage":"es","potentialAction":[{"@type":"ReadAction","target":["https:\/\/www.ucaldas.edu.co\/portal\/universidad-de-caldas-en-tu-pueblo-llega-a-mas-municipios\/"]}]},{"@type":"ImageObject","inLanguage":"es","@id":"https:\/\/www.ucaldas.edu.co\/portal\/universidad-de-caldas-en-tu-pueblo-llega-a-mas-municipios\/#primaryimage","url":"https:\/\/www.ucaldas.edu.co\/portal\/wp-content\/uploads\/2024\/07\/alcaldes.jpg","contentUrl":"https:\/\/www.ucaldas.edu.co\/portal\/wp-content\/uploads\/2024\/07\/alcaldes.jpg","width":1600,"height":1066},{"@type":"BreadcrumbList","@id":"https:\/\/www.ucaldas.edu.co\/portal\/universidad-de-caldas-en-tu-pueblo-llega-a-mas-municipios\/#breadcrumb","itemListElement":[{"@type":"ListItem","position":1,"name":"Portada","item":"https:\/\/www.ucaldas.edu.co\/portal\/"},{"@type":"ListItem","position":2,"name":"Universidad de Caldas en tu Pueblo llega a m\u00e1s municipios"}]},{"@type":"WebSite","@id":"https:\/\/www.ucaldas.edu.co\/portal\/#website","url":"https:\/\/www.ucaldas.edu.co\/portal\/","name":"Universidad de Caldas","description":"","publisher":{"@id":"https:\/\/www.ucaldas.edu.co\/portal\/#organization"},"alternateName":"U. de Caldas","potentialAction":[{"@type":"SearchAction","target":{"@type":"EntryPoint","urlTemplate":"https:\/\/www.ucaldas.edu.co\/portal\/?s={search_term_string}"},"query-input":{"@type":"PropertyValueSpecification","valueRequired":true,"valueName":"search_term_string"}}],"inLanguage":"es"},{"@type":"Organization","@id":"https:\/\/www.ucaldas.edu.co\/portal\/#organization","name":"Universidad de Caldas","alternateName":"U. de Caldas","url":"https:\/\/www.ucaldas.edu.co\/portal\/","logo":{"@type":"ImageObject","inLanguage":"es","@id":"https:\/\/www.ucaldas.edu.co\/portal\/#\/schema\/logo\/image\/","url":"https:\/\/www.ucaldas.edu.co\/portal\/wp-content\/uploads\/2023\/11\/Logo_horizontal_oscuroU-2023.png","contentUrl":"https:\/\/www.ucaldas.edu.co\/portal\/wp-content\/uploads\/2023\/11\/Logo_horizontal_oscuroU-2023.png","width":263,"height":101,"caption":"Universidad de Caldas"},"image":{"@id":"https:\/\/www.ucaldas.edu.co\/portal\/#\/schema\/logo\/image\/"},"sameAs":["https:\/\/www.facebook.com\/udecaldas","https:\/\/x.com\/udecaldas","https:\/\/www.youtube.com\/universidadcaldas","https:\/\/www.instagram.com\/udecaldas\/"]},{"@type":"Person","@id":"https:\/\/www.ucaldas.edu.co\/portal\/#\/schema\/person\/a1b482e23449158b4bc319926c074fdf","name":"ofiprensa","image":{"@type":"ImageObject","inLanguage":"es","@id":"https:\/\/www.ucaldas.edu.co\/portal\/wp-content\/litespeed\/avatar\/09ea5085e600095a7a811142c6944527.jpg?ver=1777497608","url":"https:\/\/www.ucaldas.edu.co\/portal\/wp-content\/litespeed\/avatar\/09ea5085e600095a7a811142c6944527.jpg?ver=1777497608","contentUrl":"https:\/\/www.ucaldas.edu.co\/portal\/wp-content\/litespeed\/avatar\/09ea5085e600095a7a811142c6944527.jpg?ver=1777497608","caption":"ofiprensa"},"url":"https:\/\/www.ucaldas.edu.co\/portal\/author\/ofiprensa\/"}]}},"_links":{"self":[{"href":"https:\/\/www.ucaldas.edu.co\/portal\/wp-json\/wp\/v2\/posts\/82363","targetHints":{"allow":["GET"]}}],"collection":[{"href":"https:\/\/www.ucaldas.edu.co\/portal\/wp-json\/wp\/v2\/posts"}],"about":[{"href":"https:\/\/www.ucaldas.edu.co\/portal\/wp-json\/wp\/v2\/types\/post"}],"author":[{"embeddable":true,"href":"https:\/\/www.ucaldas.edu.co\/portal\/wp-json\/wp\/v2\/users\/2"}],"replies":[{"embeddable":true,"href":"https:\/\/www.ucaldas.edu.co\/portal\/wp-json\/wp\/v2\/comments?post=82363"}],"version-history":[{"count":0,"href":"https:\/\/www.ucaldas.edu.co\/portal\/wp-json\/wp\/v2\/posts\/82363\/revisions"}],"wp:featuredmedia":[{"embeddable":true,"href":"https:\/\/www.ucaldas.edu.co\/portal\/wp-json\/wp\/v2\/media\/82385"}],"wp:attachment":[{"href":"https:\/\/www.ucaldas.edu.co\/portal\/wp-json\/wp\/v2\/media?parent=82363"}],"wp:term":[{"taxonomy":"category","embeddable":true,"href":"https:\/\/www.ucaldas.edu.co\/portal\/wp-json\/wp\/v2\/categories?post=82363"},{"taxonomy":"post_tag","embeddable":true,"href":"https:\/\/www.ucaldas.edu.co\/portal\/wp-json\/wp\/v2\/tags?post=82363"}],"curies":[{"name":"wp","href":"https:\/\/api.w.org\/{rel}","templated":true}]}}