{"id":82289,"date":"2024-07-03T17:27:14","date_gmt":"2024-07-03T22:27:14","guid":{"rendered":"https:\/\/www.ucaldas.edu.co\/portal\/?p=82289"},"modified":"2024-07-03T17:27:14","modified_gmt":"2024-07-03T22:27:14","slug":"renovacion-de-registro-calificado","status":"publish","type":"post","link":"https:\/\/www.ucaldas.edu.co\/portal\/renovacion-de-registro-calificado\/","title":{"rendered":"Renovaci\u00f3n de Registro Calificado"},"content":{"rendered":"<p><img loading=\"lazy\" decoding=\"async\" class=\"alignnone size-full wp-image-82295\" src=\"https:\/\/www.ucaldas.edu.co\/portal\/wp-content\/uploads\/2024\/07\/registro--scaled.jpg\" alt=\"Renovaci\u00f3n de Registro Calificado. En la imagen se aprecia el mensaje de la buena noticia para este programa acad\u00e9mico.\" width=\"2560\" height=\"2560\" \/><\/p>\n<p style=\"text-align: justify;\">La comunidad acad\u00e9mica de la Universidad de Caldas celebra la renovaci\u00f3n del registro calificado del programa de Licenciatura en Filosof\u00eda y Letras, otorgado mediante la Resoluci\u00f3n No. 010479 del 27 de junio de 2024 por el Ministerio de Educaci\u00f3n Nacional.<!--more--><\/p>\n<p style=\"text-align: justify;\">Esta renovaci\u00f3n, v\u00e1lida por siete a\u00f1os, reconoce la calidad acad\u00e9mica y el cumplimiento de est\u00e1ndares exigidos para la formaci\u00f3n integral de futuros profesionales en el campo de la filosof\u00eda y las letras. Este respaldo significativo para el programa, destac\u00e1ndolo como un referente en el \u00e1mbito educativo nacional, llega en un momento estrat\u00e9gico, justo antes de la pr\u00f3xima visita de pares para la acreditaci\u00f3n del programa, tan pronto el Consejo Nacional de Acreditaci\u00f3n -CNA- comience a notificar el calendario para 2024-2.<\/p>\n<p style=\"text-align: justify;\">El registro calificado posiciona a las universidades en mejores lugares de rankings nacionales e internacionales, al ser un reconocimiento oficial que asegura la calidad y el cumplimiento de est\u00e1ndares acad\u00e9micos rigurosos. Este aval no solo fortalece la reputaci\u00f3n de las instituciones educativas, sino que tambi\u00e9n aumenta su visibilidad y credibilidad en el \u00e1mbito global, atrayendo a estudiantes, investigadores y colaboradores de todo el mundo interesados en la excelencia acad\u00e9mica y la innovaci\u00f3n.<\/p>\n<p style=\"text-align: justify;\">La Licenciatura en Filosof\u00eda y Letras de la Universidad de Caldas se destaca por su curr\u00edculo innovador, cuerpo docente altamente calificado y un entorno propicio para el desarrollo integral de sus estudiantes. La comunidad educativa contin\u00faa trabajando arduamente para mantener y superar los est\u00e1ndares de calidad que esta renovaci\u00f3n de registro calificado representa.<\/p>\n<p><strong>ABC del Registro Calificado<\/strong><\/p>\n<ul style=\"list-style-type: circle;\">\n<li style=\"text-align: justify;\">El registro calificado es un requisito, obligatorio y habilitante, para que una instituci\u00f3n de educaci\u00f3n superior legalmente reconocida -y aquellas habilitadas por la Ley- pueda ofrecer y desarrollar programas acad\u00e9micos en territorio nacional.<\/li>\n<li style=\"text-align: justify;\">Lo otorga el Ministerio de Educaci\u00f3n Nacional. Es el instrumento del Sistema de Aseguramiento de la Calidad de la Educaci\u00f3n Superior mediante el cual el Estado eval\u00faa el cumplimiento de las condiciones de calidad.<\/li>\n<li style=\"text-align: justify;\">Para efectos del registro, se entiende por calidad el conjunto de atributos articulados, interdependientes, din\u00e1micos, construidos por la comunidad acad\u00e9mica como referentes y que responden a las demandas sociales, culturales y ambientales.<\/li>\n<li style=\"text-align: justify;\">Dichos atributos permiten hacer valoraciones internas y externas a las instituciones, con el fin de promover su transformaci\u00f3n y el desarrollo permanente de sus labores formativas, acad\u00e9micas, docentes, cient\u00edficas, culturales y de extensi\u00f3n.<\/li>\n<li style=\"text-align: justify;\">Hasta ahora, la vigencia del instrumento es de 7 a\u00f1os. Sin embargo, se realizan visitas de verificaci\u00f3n de condiciones institucionales por cada solicitud de registro calificado.<\/li>\n<\/ul>\n<p>Para m\u00e1s noticias de la U. de Caldas, consulta <a href=\"https:\/\/www.ucaldas.edu.co\/portal\/category\/universidad-al-dia\/\">aqu\u00ed<\/a><\/p>\n<p>Lee la resoluci\u00f3n completa <a href=\"https:\/\/www.ucaldas.edu.co\/portal\/wp-content\/uploads\/2024\/07\/R_010479_27062024-2.pdf\">aqu\u00ed<\/a><\/p>\n<p>Ent\u00e9rate de m\u00e1s detalles acerca del registro calificado <a href=\"https:\/\/www.mineducacion.gov.co\/sistemasdeinformacion\/1735\/article-241150.html#:~:text=%C2%BFQu%C3%A9%20es%20el%20Registro%20Calificado,calidad%20que%20la%20ley%20exige.\">aqu\u00ed<\/a><\/p>\n<p><strong>Anexo<\/strong><\/p>\n<p><a href=\"https:\/\/www.ucaldas.edu.co\/portal\/wp-content\/uploads\/2024\/07\/vice-academico-online-audio-converter.com_.mp3\"><strong>Audio vicerrector acad\u00e9mico Germ\u00e1n G\u00f3mez Londo\u00f1o<\/strong><\/a><\/p>\n<audio class=\"wp-audio-shortcode\" id=\"audio-82289-1\" preload=\"none\" style=\"width: 100%;\" controls=\"controls\"><source type=\"audio\/mpeg\" src=\"https:\/\/www.ucaldas.edu.co\/portal\/wp-content\/uploads\/2024\/07\/vice-academico-online-audio-converter.com_.mp3?_=1\" \/><a href=\"https:\/\/www.ucaldas.edu.co\/portal\/wp-content\/uploads\/2024\/07\/vice-academico-online-audio-converter.com_.mp3\">https:\/\/www.ucaldas.edu.co\/portal\/wp-content\/uploads\/2024\/07\/vice-academico-online-audio-converter.com_.mp3<\/a><\/audio>\n","protected":false},"excerpt":{"rendered":"<p>La comunidad acad\u00e9mica de la Universidad de Caldas celebra la renovaci\u00f3n del registro calificado del programa de Licenciatura en Filosof\u00eda y Letras, otorgado mediante la Resoluci\u00f3n No. 010479 del 27 de junio de 2024 por el Ministerio de Educaci\u00f3n Nacional.<\/p>\n","protected":false},"author":2,"featured_media":82295,"comment_status":"closed","ping_status":"open","sticky":false,"template":"","format":"standard","meta":{"footnotes":""},"categories":[48,53],"tags":[973,5990],"class_list":["post-82289","post","type-post","status-publish","format-standard","has-post-thumbnail","hentry","category-actualidad","category-universidad-al-dia","tag-licenciatura-en-filosofia-y-letras","tag-renovacion-registro-calificado"],"yoast_head":"<!-- This site is optimized with the Yoast SEO plugin v27.4 - https:\/\/yoast.com\/product\/yoast-seo-wordpress\/ -->\n<title>Renovaci\u00f3n de Registro Calificado<\/title>\n<meta name=\"description\" content=\"La Universidad de Caldas celebra la renovaci\u00f3n del registro calificado del programa de Licenciatura en Filosof\u00eda y Letras\" \/>\n<meta name=\"robots\" content=\"index, follow, max-snippet:-1, max-image-preview:large, max-video-preview:-1\" \/>\n<link rel=\"canonical\" href=\"https:\/\/www.ucaldas.edu.co\/portal\/renovacion-de-registro-calificado\/\" \/>\n<script type=\"application\/ld+json\" class=\"yoast-schema-graph\">{\"@context\":\"https:\\\/\\\/schema.org\",\"@graph\":[{\"@type\":\"Article\",\"@id\":\"https:\\\/\\\/www.ucaldas.edu.co\\\/portal\\\/renovacion-de-registro-calificado\\\/#article\",\"isPartOf\":{\"@id\":\"https:\\\/\\\/www.ucaldas.edu.co\\\/portal\\\/renovacion-de-registro-calificado\\\/\"},\"author\":{\"name\":\"ofiprensa\",\"@id\":\"https:\\\/\\\/www.ucaldas.edu.co\\\/portal\\\/#\\\/schema\\\/person\\\/a1b482e23449158b4bc319926c074fdf\"},\"headline\":\"Renovaci\u00f3n de Registro Calificado\",\"datePublished\":\"2024-07-03T22:27:14+00:00\",\"mainEntityOfPage\":{\"@id\":\"https:\\\/\\\/www.ucaldas.edu.co\\\/portal\\\/renovacion-de-registro-calificado\\\/\"},\"wordCount\":503,\"publisher\":{\"@id\":\"https:\\\/\\\/www.ucaldas.edu.co\\\/portal\\\/#organization\"},\"image\":{\"@id\":\"https:\\\/\\\/www.ucaldas.edu.co\\\/portal\\\/renovacion-de-registro-calificado\\\/#primaryimage\"},\"thumbnailUrl\":\"https:\\\/\\\/www.ucaldas.edu.co\\\/portal\\\/wp-content\\\/uploads\\\/2024\\\/07\\\/registro--scaled.jpg\",\"keywords\":[\"Licenciatura en Filosof\u00eda y Letras\",\"renovaci\u00f3n registro calificado\"],\"articleSection\":[\"Actualidad\",\"Universidad al D\u00eda\"],\"inLanguage\":\"es\"},{\"@type\":\"WebPage\",\"@id\":\"https:\\\/\\\/www.ucaldas.edu.co\\\/portal\\\/renovacion-de-registro-calificado\\\/\",\"url\":\"https:\\\/\\\/www.ucaldas.edu.co\\\/portal\\\/renovacion-de-registro-calificado\\\/\",\"name\":\"Renovaci\u00f3n de Registro Calificado\",\"isPartOf\":{\"@id\":\"https:\\\/\\\/www.ucaldas.edu.co\\\/portal\\\/#website\"},\"primaryImageOfPage\":{\"@id\":\"https:\\\/\\\/www.ucaldas.edu.co\\\/portal\\\/renovacion-de-registro-calificado\\\/#primaryimage\"},\"image\":{\"@id\":\"https:\\\/\\\/www.ucaldas.edu.co\\\/portal\\\/renovacion-de-registro-calificado\\\/#primaryimage\"},\"thumbnailUrl\":\"https:\\\/\\\/www.ucaldas.edu.co\\\/portal\\\/wp-content\\\/uploads\\\/2024\\\/07\\\/registro--scaled.jpg\",\"datePublished\":\"2024-07-03T22:27:14+00:00\",\"description\":\"La Universidad de Caldas celebra la renovaci\u00f3n del registro calificado del programa de Licenciatura en Filosof\u00eda y Letras\",\"breadcrumb\":{\"@id\":\"https:\\\/\\\/www.ucaldas.edu.co\\\/portal\\\/renovacion-de-registro-calificado\\\/#breadcrumb\"},\"inLanguage\":\"es\",\"potentialAction\":[{\"@type\":\"ReadAction\",\"target\":[\"https:\\\/\\\/www.ucaldas.edu.co\\\/portal\\\/renovacion-de-registro-calificado\\\/\"]}]},{\"@type\":\"ImageObject\",\"inLanguage\":\"es\",\"@id\":\"https:\\\/\\\/www.ucaldas.edu.co\\\/portal\\\/renovacion-de-registro-calificado\\\/#primaryimage\",\"url\":\"https:\\\/\\\/www.ucaldas.edu.co\\\/portal\\\/wp-content\\\/uploads\\\/2024\\\/07\\\/registro--scaled.jpg\",\"contentUrl\":\"https:\\\/\\\/www.ucaldas.edu.co\\\/portal\\\/wp-content\\\/uploads\\\/2024\\\/07\\\/registro--scaled.jpg\",\"width\":2560,\"height\":2560,\"caption\":\"Renovaci\u00f3n de Registro Calificado. En la imagen se aprecia el mensaje de la buena noticia para este programa acad\u00e9mico.\"},{\"@type\":\"BreadcrumbList\",\"@id\":\"https:\\\/\\\/www.ucaldas.edu.co\\\/portal\\\/renovacion-de-registro-calificado\\\/#breadcrumb\",\"itemListElement\":[{\"@type\":\"ListItem\",\"position\":1,\"name\":\"Portada\",\"item\":\"https:\\\/\\\/www.ucaldas.edu.co\\\/portal\\\/\"},{\"@type\":\"ListItem\",\"position\":2,\"name\":\"Renovaci\u00f3n de Registro Calificado\"}]},{\"@type\":\"WebSite\",\"@id\":\"https:\\\/\\\/www.ucaldas.edu.co\\\/portal\\\/#website\",\"url\":\"https:\\\/\\\/www.ucaldas.edu.co\\\/portal\\\/\",\"name\":\"Universidad de Caldas\",\"description\":\"\",\"publisher\":{\"@id\":\"https:\\\/\\\/www.ucaldas.edu.co\\\/portal\\\/#organization\"},\"alternateName\":\"U. de Caldas\",\"potentialAction\":[{\"@type\":\"SearchAction\",\"target\":{\"@type\":\"EntryPoint\",\"urlTemplate\":\"https:\\\/\\\/www.ucaldas.edu.co\\\/portal\\\/?s={search_term_string}\"},\"query-input\":{\"@type\":\"PropertyValueSpecification\",\"valueRequired\":true,\"valueName\":\"search_term_string\"}}],\"inLanguage\":\"es\"},{\"@type\":\"Organization\",\"@id\":\"https:\\\/\\\/www.ucaldas.edu.co\\\/portal\\\/#organization\",\"name\":\"Universidad de Caldas\",\"alternateName\":\"U. de Caldas\",\"url\":\"https:\\\/\\\/www.ucaldas.edu.co\\\/portal\\\/\",\"logo\":{\"@type\":\"ImageObject\",\"inLanguage\":\"es\",\"@id\":\"https:\\\/\\\/www.ucaldas.edu.co\\\/portal\\\/#\\\/schema\\\/logo\\\/image\\\/\",\"url\":\"https:\\\/\\\/www.ucaldas.edu.co\\\/portal\\\/wp-content\\\/uploads\\\/2023\\\/11\\\/Logo_horizontal_oscuroU-2023.png\",\"contentUrl\":\"https:\\\/\\\/www.ucaldas.edu.co\\\/portal\\\/wp-content\\\/uploads\\\/2023\\\/11\\\/Logo_horizontal_oscuroU-2023.png\",\"width\":263,\"height\":101,\"caption\":\"Universidad de Caldas\"},\"image\":{\"@id\":\"https:\\\/\\\/www.ucaldas.edu.co\\\/portal\\\/#\\\/schema\\\/logo\\\/image\\\/\"},\"sameAs\":[\"https:\\\/\\\/www.facebook.com\\\/udecaldas\",\"https:\\\/\\\/x.com\\\/udecaldas\",\"https:\\\/\\\/www.youtube.com\\\/universidadcaldas\",\"https:\\\/\\\/www.instagram.com\\\/udecaldas\\\/\"]},{\"@type\":\"Person\",\"@id\":\"https:\\\/\\\/www.ucaldas.edu.co\\\/portal\\\/#\\\/schema\\\/person\\\/a1b482e23449158b4bc319926c074fdf\",\"name\":\"ofiprensa\",\"image\":{\"@type\":\"ImageObject\",\"inLanguage\":\"es\",\"@id\":\"https:\\\/\\\/www.ucaldas.edu.co\\\/portal\\\/wp-content\\\/litespeed\\\/avatar\\\/09ea5085e600095a7a811142c6944527.jpg?ver=1776892805\",\"url\":\"https:\\\/\\\/www.ucaldas.edu.co\\\/portal\\\/wp-content\\\/litespeed\\\/avatar\\\/09ea5085e600095a7a811142c6944527.jpg?ver=1776892805\",\"contentUrl\":\"https:\\\/\\\/www.ucaldas.edu.co\\\/portal\\\/wp-content\\\/litespeed\\\/avatar\\\/09ea5085e600095a7a811142c6944527.jpg?ver=1776892805\",\"caption\":\"ofiprensa\"},\"url\":\"https:\\\/\\\/www.ucaldas.edu.co\\\/portal\\\/author\\\/ofiprensa\\\/\"}]}<\/script>\n<!-- \/ Yoast SEO plugin. -->","yoast_head_json":{"title":"Renovaci\u00f3n de Registro Calificado","description":"La Universidad de Caldas celebra la renovaci\u00f3n del registro calificado del programa de Licenciatura en Filosof\u00eda y Letras","robots":{"index":"index","follow":"follow","max-snippet":"max-snippet:-1","max-image-preview":"max-image-preview:large","max-video-preview":"max-video-preview:-1"},"canonical":"https:\/\/www.ucaldas.edu.co\/portal\/renovacion-de-registro-calificado\/","schema":{"@context":"https:\/\/schema.org","@graph":[{"@type":"Article","@id":"https:\/\/www.ucaldas.edu.co\/portal\/renovacion-de-registro-calificado\/#article","isPartOf":{"@id":"https:\/\/www.ucaldas.edu.co\/portal\/renovacion-de-registro-calificado\/"},"author":{"name":"ofiprensa","@id":"https:\/\/www.ucaldas.edu.co\/portal\/#\/schema\/person\/a1b482e23449158b4bc319926c074fdf"},"headline":"Renovaci\u00f3n de Registro Calificado","datePublished":"2024-07-03T22:27:14+00:00","mainEntityOfPage":{"@id":"https:\/\/www.ucaldas.edu.co\/portal\/renovacion-de-registro-calificado\/"},"wordCount":503,"publisher":{"@id":"https:\/\/www.ucaldas.edu.co\/portal\/#organization"},"image":{"@id":"https:\/\/www.ucaldas.edu.co\/portal\/renovacion-de-registro-calificado\/#primaryimage"},"thumbnailUrl":"https:\/\/www.ucaldas.edu.co\/portal\/wp-content\/uploads\/2024\/07\/registro--scaled.jpg","keywords":["Licenciatura en Filosof\u00eda y Letras","renovaci\u00f3n registro calificado"],"articleSection":["Actualidad","Universidad al D\u00eda"],"inLanguage":"es"},{"@type":"WebPage","@id":"https:\/\/www.ucaldas.edu.co\/portal\/renovacion-de-registro-calificado\/","url":"https:\/\/www.ucaldas.edu.co\/portal\/renovacion-de-registro-calificado\/","name":"Renovaci\u00f3n de Registro Calificado","isPartOf":{"@id":"https:\/\/www.ucaldas.edu.co\/portal\/#website"},"primaryImageOfPage":{"@id":"https:\/\/www.ucaldas.edu.co\/portal\/renovacion-de-registro-calificado\/#primaryimage"},"image":{"@id":"https:\/\/www.ucaldas.edu.co\/portal\/renovacion-de-registro-calificado\/#primaryimage"},"thumbnailUrl":"https:\/\/www.ucaldas.edu.co\/portal\/wp-content\/uploads\/2024\/07\/registro--scaled.jpg","datePublished":"2024-07-03T22:27:14+00:00","description":"La Universidad de Caldas celebra la renovaci\u00f3n del registro calificado del programa de Licenciatura en Filosof\u00eda y Letras","breadcrumb":{"@id":"https:\/\/www.ucaldas.edu.co\/portal\/renovacion-de-registro-calificado\/#breadcrumb"},"inLanguage":"es","potentialAction":[{"@type":"ReadAction","target":["https:\/\/www.ucaldas.edu.co\/portal\/renovacion-de-registro-calificado\/"]}]},{"@type":"ImageObject","inLanguage":"es","@id":"https:\/\/www.ucaldas.edu.co\/portal\/renovacion-de-registro-calificado\/#primaryimage","url":"https:\/\/www.ucaldas.edu.co\/portal\/wp-content\/uploads\/2024\/07\/registro--scaled.jpg","contentUrl":"https:\/\/www.ucaldas.edu.co\/portal\/wp-content\/uploads\/2024\/07\/registro--scaled.jpg","width":2560,"height":2560,"caption":"Renovaci\u00f3n de Registro Calificado. En la imagen se aprecia el mensaje de la buena noticia para este programa acad\u00e9mico."},{"@type":"BreadcrumbList","@id":"https:\/\/www.ucaldas.edu.co\/portal\/renovacion-de-registro-calificado\/#breadcrumb","itemListElement":[{"@type":"ListItem","position":1,"name":"Portada","item":"https:\/\/www.ucaldas.edu.co\/portal\/"},{"@type":"ListItem","position":2,"name":"Renovaci\u00f3n de Registro Calificado"}]},{"@type":"WebSite","@id":"https:\/\/www.ucaldas.edu.co\/portal\/#website","url":"https:\/\/www.ucaldas.edu.co\/portal\/","name":"Universidad de Caldas","description":"","publisher":{"@id":"https:\/\/www.ucaldas.edu.co\/portal\/#organization"},"alternateName":"U. de Caldas","potentialAction":[{"@type":"SearchAction","target":{"@type":"EntryPoint","urlTemplate":"https:\/\/www.ucaldas.edu.co\/portal\/?s={search_term_string}"},"query-input":{"@type":"PropertyValueSpecification","valueRequired":true,"valueName":"search_term_string"}}],"inLanguage":"es"},{"@type":"Organization","@id":"https:\/\/www.ucaldas.edu.co\/portal\/#organization","name":"Universidad de Caldas","alternateName":"U. de Caldas","url":"https:\/\/www.ucaldas.edu.co\/portal\/","logo":{"@type":"ImageObject","inLanguage":"es","@id":"https:\/\/www.ucaldas.edu.co\/portal\/#\/schema\/logo\/image\/","url":"https:\/\/www.ucaldas.edu.co\/portal\/wp-content\/uploads\/2023\/11\/Logo_horizontal_oscuroU-2023.png","contentUrl":"https:\/\/www.ucaldas.edu.co\/portal\/wp-content\/uploads\/2023\/11\/Logo_horizontal_oscuroU-2023.png","width":263,"height":101,"caption":"Universidad de Caldas"},"image":{"@id":"https:\/\/www.ucaldas.edu.co\/portal\/#\/schema\/logo\/image\/"},"sameAs":["https:\/\/www.facebook.com\/udecaldas","https:\/\/x.com\/udecaldas","https:\/\/www.youtube.com\/universidadcaldas","https:\/\/www.instagram.com\/udecaldas\/"]},{"@type":"Person","@id":"https:\/\/www.ucaldas.edu.co\/portal\/#\/schema\/person\/a1b482e23449158b4bc319926c074fdf","name":"ofiprensa","image":{"@type":"ImageObject","inLanguage":"es","@id":"https:\/\/www.ucaldas.edu.co\/portal\/wp-content\/litespeed\/avatar\/09ea5085e600095a7a811142c6944527.jpg?ver=1776892805","url":"https:\/\/www.ucaldas.edu.co\/portal\/wp-content\/litespeed\/avatar\/09ea5085e600095a7a811142c6944527.jpg?ver=1776892805","contentUrl":"https:\/\/www.ucaldas.edu.co\/portal\/wp-content\/litespeed\/avatar\/09ea5085e600095a7a811142c6944527.jpg?ver=1776892805","caption":"ofiprensa"},"url":"https:\/\/www.ucaldas.edu.co\/portal\/author\/ofiprensa\/"}]}},"_links":{"self":[{"href":"https:\/\/www.ucaldas.edu.co\/portal\/wp-json\/wp\/v2\/posts\/82289","targetHints":{"allow":["GET"]}}],"collection":[{"href":"https:\/\/www.ucaldas.edu.co\/portal\/wp-json\/wp\/v2\/posts"}],"about":[{"href":"https:\/\/www.ucaldas.edu.co\/portal\/wp-json\/wp\/v2\/types\/post"}],"author":[{"embeddable":true,"href":"https:\/\/www.ucaldas.edu.co\/portal\/wp-json\/wp\/v2\/users\/2"}],"replies":[{"embeddable":true,"href":"https:\/\/www.ucaldas.edu.co\/portal\/wp-json\/wp\/v2\/comments?post=82289"}],"version-history":[{"count":0,"href":"https:\/\/www.ucaldas.edu.co\/portal\/wp-json\/wp\/v2\/posts\/82289\/revisions"}],"wp:featuredmedia":[{"embeddable":true,"href":"https:\/\/www.ucaldas.edu.co\/portal\/wp-json\/wp\/v2\/media\/82295"}],"wp:attachment":[{"href":"https:\/\/www.ucaldas.edu.co\/portal\/wp-json\/wp\/v2\/media?parent=82289"}],"wp:term":[{"taxonomy":"category","embeddable":true,"href":"https:\/\/www.ucaldas.edu.co\/portal\/wp-json\/wp\/v2\/categories?post=82289"},{"taxonomy":"post_tag","embeddable":true,"href":"https:\/\/www.ucaldas.edu.co\/portal\/wp-json\/wp\/v2\/tags?post=82289"}],"curies":[{"name":"wp","href":"https:\/\/api.w.org\/{rel}","templated":true}]}}