{"id":82222,"date":"2024-06-24T19:39:44","date_gmt":"2024-06-25T00:39:44","guid":{"rendered":"https:\/\/www.ucaldas.edu.co\/portal\/?p=82222"},"modified":"2024-06-24T19:39:44","modified_gmt":"2024-06-25T00:39:44","slug":"la-maestria-en-estudios-politicos-de-la-universidad-de-caldas-formacion-critica-y-comprensiva-para-los-retos-de-la-sociedad-contemporanea","status":"publish","type":"post","link":"https:\/\/www.ucaldas.edu.co\/portal\/la-maestria-en-estudios-politicos-de-la-universidad-de-caldas-formacion-critica-y-comprensiva-para-los-retos-de-la-sociedad-contemporanea\/","title":{"rendered":"La Maestr\u00eda en Estudios Pol\u00edticos de la Universidad de Caldas: formaci\u00f3n cr\u00edtica y comprensiva para los retos de la sociedad contempor\u00e1nea"},"content":{"rendered":"<p><img loading=\"lazy\" decoding=\"async\" class=\"alignnone size-full wp-image-82223\" src=\"https:\/\/www.ucaldas.edu.co\/portal\/wp-content\/uploads\/2024\/06\/1-2.png\" alt=\"Afiche promocional de la apertura de inscripciones para la Maestr\u00eda en Estudios Pol\u00edticos de la U. de Caldas.\" width=\"2000\" height=\"2000\" \/><\/p>\n<p style=\"text-align: justify;\">La Maestr\u00eda en Estudios Pol\u00edticos de la Universidad de Caldas se ha consolidado como un programa de formaci\u00f3n referencial a nivel regional y nacional en el campo de los estudios pol\u00edticos contempor\u00e1neos. Con un enfoque cr\u00edtico y comprensivo, esta oferta acad\u00e9mica de posgrado se propone aportar significativamente a la formaci\u00f3n, investigaci\u00f3n y proyecci\u00f3n social del saber pol\u00edtico, en un contexto marcado por la complejidad de las sociedades actuales.<!--more--><\/p>\n<p style=\"text-align: justify;\">El objetivo central de la Maestr\u00eda en Estudios Pol\u00edticos es abordar de manera rigurosa las realidades y desaf\u00edos que enfrentamos como sociedad, reconociendo los cambios radicales que han tenido los estudios pol\u00edticos. En el contexto colombiano, esta perspectiva global se enriquece con las particularidades locales, permitiendo una generaci\u00f3n de conocimiento que responde a las necesidades y especificidades del pa\u00eds.<\/p>\n<p style=\"text-align: justify;\"><strong>Dimensiones de Formaci\u00f3n<\/strong><\/p>\n<p style=\"text-align: justify;\">El programa de Maestr\u00eda en Estudios Pol\u00edticos articula su propuesta pedag\u00f3gica y organizacional en cuatro dimensiones fundamentales, cada una orientada a desarrollar competencias espec\u00edficas en los estudiantes:<\/p>\n<p style=\"text-align: justify;\"><strong>Dimensi\u00f3n \u00e9tica, axiol\u00f3gica y social (ser):<\/strong> Se enfoca en los elementos de orden \u00e9tico, val\u00f3rico y social, promoviendo una formaci\u00f3n integral que incluya principios \u00e9ticos s\u00f3lidos y un compromiso social robusto.<\/p>\n<p style=\"text-align: justify;\"><strong>Dimensi\u00f3n profesional y disciplinaria (saber):<\/strong> Abarca los aspectos te\u00f3rico-conceptuales y praxiol\u00f3gicos, proporcionando a los estudiantes un profundo conocimiento te\u00f3rico que sustenta la pr\u00e1ctica profesional en el \u00e1mbito de los estudios pol\u00edticos.<\/p>\n<p style=\"text-align: justify;\"><strong>Dimensi\u00f3n de investigaci\u00f3n (saber y saber hacer):<\/strong> Se centra en la investigaci\u00f3n aplicada, integrando conocimientos te\u00f3ricos con habilidades pr\u00e1cticas de investigaci\u00f3n, esenciales para el desarrollo de proyectos que aborden problem\u00e1ticas reales y pertinentes.<\/p>\n<p style=\"text-align: justify;\"><strong>Dimensi\u00f3n de proyecci\u00f3n y extensi\u00f3n social del saber (hacer en contexto):<\/strong> Promueve la aplicaci\u00f3n del conocimiento en contextos espec\u00edficos, fortaleciendo la capacidad de los estudiantes para intervenir en escenarios concretos y contribuir activamente a la sociedad.<\/p>\n<p style=\"text-align: justify;\">Los egresados de este programa acad\u00e9mico de posgrado est\u00e1n preparados para enfrentar los retos contempor\u00e1neos, con una formaci\u00f3n en valores \u00e9ticos y un conocimiento te\u00f3rico y pr\u00e1ctico, que les permite desempe\u00f1arse de manera efectiva en diversos contextos profesionales y sociales.<\/p>\n<p>Para\u00a0 el proceso de inscripci\u00f3n deber\u00e1 seguir las siguientes instrucciones:<\/p>\n<p>Diligenciar <a href=\"https:\/\/viceacademica.ucaldas.edu.co\/wp-content\/uploads\/2022\/07\/Guia-inscripcion-del-Aspirante-Posgrados-GENERAL-Julio-2022.pdf\">aqu\u00ed<\/a> el formulario de Inscripci\u00f3n<\/p>\n<p>Pagar el recibo de Inscripci\u00f3n<\/p>\n<p>El costo del formulario de inscripci\u00f3n 2024 para los programas de Posgrado es de $455.000.<\/p>\n<p>En el siguiente <a href=\"https:\/\/drive.google.com\/file\/d\/1cVhGPhYsC1M6F5QA8CVtoUdzfPo2ER3B\/view\">video<\/a> m\u00e1s detalles<\/p>\n<p>&nbsp;<\/p>\n<p>&nbsp;<\/p>\n","protected":false},"excerpt":{"rendered":"<p>La Maestr\u00eda en Estudios Pol\u00edticos de la Universidad de Caldas se ha consolidado como un programa de formaci\u00f3n referencial a nivel regional y nacional en el campo de los estudios pol\u00edticos contempor\u00e1neos. Con un enfoque cr\u00edtico y comprensivo, esta oferta acad\u00e9mica de posgrado se propone aportar significativamente a la formaci\u00f3n, investigaci\u00f3n y proyecci\u00f3n social del [&hellip;]<\/p>\n","protected":false},"author":2,"featured_media":82223,"comment_status":"closed","ping_status":"open","sticky":false,"template":"","format":"standard","meta":{"footnotes":""},"categories":[48,53],"tags":[2157,5812],"class_list":["post-82222","post","type-post","status-publish","format-standard","has-post-thumbnail","hentry","category-actualidad","category-universidad-al-dia","tag-ciencias-politicas","tag-inscripciones-maestria"],"yoast_head":"<!-- This site is optimized with the Yoast SEO plugin v27.5 - https:\/\/yoast.com\/product\/yoast-seo-wordpress\/ -->\n<title>La Maestr\u00eda en Estudios Pol\u00edticos de la Universidad de Caldas: formaci\u00f3n cr\u00edtica y comprensiva para los retos de la sociedad contempor\u00e1nea .<\/title>\n<meta name=\"robots\" content=\"index, follow, max-snippet:-1, max-image-preview:large, max-video-preview:-1\" \/>\n<link rel=\"canonical\" href=\"https:\/\/www.ucaldas.edu.co\/portal\/la-maestria-en-estudios-politicos-de-la-universidad-de-caldas-formacion-critica-y-comprensiva-para-los-retos-de-la-sociedad-contemporanea\/\" \/>\n<script type=\"application\/ld+json\" class=\"yoast-schema-graph\">{\"@context\":\"https:\\\/\\\/schema.org\",\"@graph\":[{\"@type\":\"Article\",\"@id\":\"https:\\\/\\\/www.ucaldas.edu.co\\\/portal\\\/la-maestria-en-estudios-politicos-de-la-universidad-de-caldas-formacion-critica-y-comprensiva-para-los-retos-de-la-sociedad-contemporanea\\\/#article\",\"isPartOf\":{\"@id\":\"https:\\\/\\\/www.ucaldas.edu.co\\\/portal\\\/la-maestria-en-estudios-politicos-de-la-universidad-de-caldas-formacion-critica-y-comprensiva-para-los-retos-de-la-sociedad-contemporanea\\\/\"},\"author\":{\"name\":\"ofiprensa\",\"@id\":\"https:\\\/\\\/www.ucaldas.edu.co\\\/portal\\\/#\\\/schema\\\/person\\\/a1b482e23449158b4bc319926c074fdf\"},\"headline\":\"La Maestr\u00eda en Estudios Pol\u00edticos de la Universidad de Caldas: formaci\u00f3n cr\u00edtica y comprensiva para los retos de la sociedad contempor\u00e1nea\",\"datePublished\":\"2024-06-25T00:39:44+00:00\",\"mainEntityOfPage\":{\"@id\":\"https:\\\/\\\/www.ucaldas.edu.co\\\/portal\\\/la-maestria-en-estudios-politicos-de-la-universidad-de-caldas-formacion-critica-y-comprensiva-para-los-retos-de-la-sociedad-contemporanea\\\/\"},\"wordCount\":453,\"publisher\":{\"@id\":\"https:\\\/\\\/www.ucaldas.edu.co\\\/portal\\\/#organization\"},\"image\":{\"@id\":\"https:\\\/\\\/www.ucaldas.edu.co\\\/portal\\\/la-maestria-en-estudios-politicos-de-la-universidad-de-caldas-formacion-critica-y-comprensiva-para-los-retos-de-la-sociedad-contemporanea\\\/#primaryimage\"},\"thumbnailUrl\":\"https:\\\/\\\/www.ucaldas.edu.co\\\/portal\\\/wp-content\\\/uploads\\\/2024\\\/06\\\/1-2.png\",\"keywords\":[\"ciencias pol\u00edticas\",\"inscripciones maestr\u00eda\"],\"articleSection\":[\"Actualidad\",\"Universidad al D\u00eda\"],\"inLanguage\":\"es\"},{\"@type\":\"WebPage\",\"@id\":\"https:\\\/\\\/www.ucaldas.edu.co\\\/portal\\\/la-maestria-en-estudios-politicos-de-la-universidad-de-caldas-formacion-critica-y-comprensiva-para-los-retos-de-la-sociedad-contemporanea\\\/\",\"url\":\"https:\\\/\\\/www.ucaldas.edu.co\\\/portal\\\/la-maestria-en-estudios-politicos-de-la-universidad-de-caldas-formacion-critica-y-comprensiva-para-los-retos-de-la-sociedad-contemporanea\\\/\",\"name\":\"La Maestr\u00eda en Estudios Pol\u00edticos de la Universidad de Caldas: formaci\u00f3n cr\u00edtica y comprensiva para los retos de la sociedad contempor\u00e1nea .\",\"isPartOf\":{\"@id\":\"https:\\\/\\\/www.ucaldas.edu.co\\\/portal\\\/#website\"},\"primaryImageOfPage\":{\"@id\":\"https:\\\/\\\/www.ucaldas.edu.co\\\/portal\\\/la-maestria-en-estudios-politicos-de-la-universidad-de-caldas-formacion-critica-y-comprensiva-para-los-retos-de-la-sociedad-contemporanea\\\/#primaryimage\"},\"image\":{\"@id\":\"https:\\\/\\\/www.ucaldas.edu.co\\\/portal\\\/la-maestria-en-estudios-politicos-de-la-universidad-de-caldas-formacion-critica-y-comprensiva-para-los-retos-de-la-sociedad-contemporanea\\\/#primaryimage\"},\"thumbnailUrl\":\"https:\\\/\\\/www.ucaldas.edu.co\\\/portal\\\/wp-content\\\/uploads\\\/2024\\\/06\\\/1-2.png\",\"datePublished\":\"2024-06-25T00:39:44+00:00\",\"breadcrumb\":{\"@id\":\"https:\\\/\\\/www.ucaldas.edu.co\\\/portal\\\/la-maestria-en-estudios-politicos-de-la-universidad-de-caldas-formacion-critica-y-comprensiva-para-los-retos-de-la-sociedad-contemporanea\\\/#breadcrumb\"},\"inLanguage\":\"es\",\"potentialAction\":[{\"@type\":\"ReadAction\",\"target\":[\"https:\\\/\\\/www.ucaldas.edu.co\\\/portal\\\/la-maestria-en-estudios-politicos-de-la-universidad-de-caldas-formacion-critica-y-comprensiva-para-los-retos-de-la-sociedad-contemporanea\\\/\"]}]},{\"@type\":\"ImageObject\",\"inLanguage\":\"es\",\"@id\":\"https:\\\/\\\/www.ucaldas.edu.co\\\/portal\\\/la-maestria-en-estudios-politicos-de-la-universidad-de-caldas-formacion-critica-y-comprensiva-para-los-retos-de-la-sociedad-contemporanea\\\/#primaryimage\",\"url\":\"https:\\\/\\\/www.ucaldas.edu.co\\\/portal\\\/wp-content\\\/uploads\\\/2024\\\/06\\\/1-2.png\",\"contentUrl\":\"https:\\\/\\\/www.ucaldas.edu.co\\\/portal\\\/wp-content\\\/uploads\\\/2024\\\/06\\\/1-2.png\",\"width\":2000,\"height\":2000,\"caption\":\"Afiche promocional de la apertura de inscripciones para la Maestr\u00eda en Estudios Pol\u00edticos de la U. de Caldas.\"},{\"@type\":\"BreadcrumbList\",\"@id\":\"https:\\\/\\\/www.ucaldas.edu.co\\\/portal\\\/la-maestria-en-estudios-politicos-de-la-universidad-de-caldas-formacion-critica-y-comprensiva-para-los-retos-de-la-sociedad-contemporanea\\\/#breadcrumb\",\"itemListElement\":[{\"@type\":\"ListItem\",\"position\":1,\"name\":\"Portada\",\"item\":\"https:\\\/\\\/www.ucaldas.edu.co\\\/portal\\\/\"},{\"@type\":\"ListItem\",\"position\":2,\"name\":\"La Maestr\u00eda en Estudios Pol\u00edticos de la Universidad de Caldas: formaci\u00f3n cr\u00edtica y comprensiva para los retos de la sociedad contempor\u00e1nea\"}]},{\"@type\":\"WebSite\",\"@id\":\"https:\\\/\\\/www.ucaldas.edu.co\\\/portal\\\/#website\",\"url\":\"https:\\\/\\\/www.ucaldas.edu.co\\\/portal\\\/\",\"name\":\"Universidad de Caldas\",\"description\":\"\",\"publisher\":{\"@id\":\"https:\\\/\\\/www.ucaldas.edu.co\\\/portal\\\/#organization\"},\"alternateName\":\"U. de Caldas\",\"potentialAction\":[{\"@type\":\"SearchAction\",\"target\":{\"@type\":\"EntryPoint\",\"urlTemplate\":\"https:\\\/\\\/www.ucaldas.edu.co\\\/portal\\\/?s={search_term_string}\"},\"query-input\":{\"@type\":\"PropertyValueSpecification\",\"valueRequired\":true,\"valueName\":\"search_term_string\"}}],\"inLanguage\":\"es\"},{\"@type\":\"Organization\",\"@id\":\"https:\\\/\\\/www.ucaldas.edu.co\\\/portal\\\/#organization\",\"name\":\"Universidad de Caldas\",\"alternateName\":\"U. de Caldas\",\"url\":\"https:\\\/\\\/www.ucaldas.edu.co\\\/portal\\\/\",\"logo\":{\"@type\":\"ImageObject\",\"inLanguage\":\"es\",\"@id\":\"https:\\\/\\\/www.ucaldas.edu.co\\\/portal\\\/#\\\/schema\\\/logo\\\/image\\\/\",\"url\":\"https:\\\/\\\/www.ucaldas.edu.co\\\/portal\\\/wp-content\\\/uploads\\\/2023\\\/11\\\/Logo_horizontal_oscuroU-2023.png\",\"contentUrl\":\"https:\\\/\\\/www.ucaldas.edu.co\\\/portal\\\/wp-content\\\/uploads\\\/2023\\\/11\\\/Logo_horizontal_oscuroU-2023.png\",\"width\":263,\"height\":101,\"caption\":\"Universidad de Caldas\"},\"image\":{\"@id\":\"https:\\\/\\\/www.ucaldas.edu.co\\\/portal\\\/#\\\/schema\\\/logo\\\/image\\\/\"},\"sameAs\":[\"https:\\\/\\\/www.facebook.com\\\/udecaldas\",\"https:\\\/\\\/x.com\\\/udecaldas\",\"https:\\\/\\\/www.youtube.com\\\/universidadcaldas\",\"https:\\\/\\\/www.instagram.com\\\/udecaldas\\\/\"]},{\"@type\":\"Person\",\"@id\":\"https:\\\/\\\/www.ucaldas.edu.co\\\/portal\\\/#\\\/schema\\\/person\\\/a1b482e23449158b4bc319926c074fdf\",\"name\":\"ofiprensa\",\"image\":{\"@type\":\"ImageObject\",\"inLanguage\":\"es\",\"@id\":\"https:\\\/\\\/www.ucaldas.edu.co\\\/portal\\\/wp-content\\\/litespeed\\\/avatar\\\/09ea5085e600095a7a811142c6944527.jpg?ver=1777497608\",\"url\":\"https:\\\/\\\/www.ucaldas.edu.co\\\/portal\\\/wp-content\\\/litespeed\\\/avatar\\\/09ea5085e600095a7a811142c6944527.jpg?ver=1777497608\",\"contentUrl\":\"https:\\\/\\\/www.ucaldas.edu.co\\\/portal\\\/wp-content\\\/litespeed\\\/avatar\\\/09ea5085e600095a7a811142c6944527.jpg?ver=1777497608\",\"caption\":\"ofiprensa\"},\"url\":\"https:\\\/\\\/www.ucaldas.edu.co\\\/portal\\\/author\\\/ofiprensa\\\/\"}]}<\/script>\n<!-- \/ Yoast SEO plugin. -->","yoast_head_json":{"title":"La Maestr\u00eda en Estudios Pol\u00edticos de la Universidad de Caldas: formaci\u00f3n cr\u00edtica y comprensiva para los retos de la sociedad contempor\u00e1nea .","robots":{"index":"index","follow":"follow","max-snippet":"max-snippet:-1","max-image-preview":"max-image-preview:large","max-video-preview":"max-video-preview:-1"},"canonical":"https:\/\/www.ucaldas.edu.co\/portal\/la-maestria-en-estudios-politicos-de-la-universidad-de-caldas-formacion-critica-y-comprensiva-para-los-retos-de-la-sociedad-contemporanea\/","schema":{"@context":"https:\/\/schema.org","@graph":[{"@type":"Article","@id":"https:\/\/www.ucaldas.edu.co\/portal\/la-maestria-en-estudios-politicos-de-la-universidad-de-caldas-formacion-critica-y-comprensiva-para-los-retos-de-la-sociedad-contemporanea\/#article","isPartOf":{"@id":"https:\/\/www.ucaldas.edu.co\/portal\/la-maestria-en-estudios-politicos-de-la-universidad-de-caldas-formacion-critica-y-comprensiva-para-los-retos-de-la-sociedad-contemporanea\/"},"author":{"name":"ofiprensa","@id":"https:\/\/www.ucaldas.edu.co\/portal\/#\/schema\/person\/a1b482e23449158b4bc319926c074fdf"},"headline":"La Maestr\u00eda en Estudios Pol\u00edticos de la Universidad de Caldas: formaci\u00f3n cr\u00edtica y comprensiva para los retos de la sociedad contempor\u00e1nea","datePublished":"2024-06-25T00:39:44+00:00","mainEntityOfPage":{"@id":"https:\/\/www.ucaldas.edu.co\/portal\/la-maestria-en-estudios-politicos-de-la-universidad-de-caldas-formacion-critica-y-comprensiva-para-los-retos-de-la-sociedad-contemporanea\/"},"wordCount":453,"publisher":{"@id":"https:\/\/www.ucaldas.edu.co\/portal\/#organization"},"image":{"@id":"https:\/\/www.ucaldas.edu.co\/portal\/la-maestria-en-estudios-politicos-de-la-universidad-de-caldas-formacion-critica-y-comprensiva-para-los-retos-de-la-sociedad-contemporanea\/#primaryimage"},"thumbnailUrl":"https:\/\/www.ucaldas.edu.co\/portal\/wp-content\/uploads\/2024\/06\/1-2.png","keywords":["ciencias pol\u00edticas","inscripciones maestr\u00eda"],"articleSection":["Actualidad","Universidad al D\u00eda"],"inLanguage":"es"},{"@type":"WebPage","@id":"https:\/\/www.ucaldas.edu.co\/portal\/la-maestria-en-estudios-politicos-de-la-universidad-de-caldas-formacion-critica-y-comprensiva-para-los-retos-de-la-sociedad-contemporanea\/","url":"https:\/\/www.ucaldas.edu.co\/portal\/la-maestria-en-estudios-politicos-de-la-universidad-de-caldas-formacion-critica-y-comprensiva-para-los-retos-de-la-sociedad-contemporanea\/","name":"La Maestr\u00eda en Estudios Pol\u00edticos de la Universidad de Caldas: formaci\u00f3n cr\u00edtica y comprensiva para los retos de la sociedad contempor\u00e1nea .","isPartOf":{"@id":"https:\/\/www.ucaldas.edu.co\/portal\/#website"},"primaryImageOfPage":{"@id":"https:\/\/www.ucaldas.edu.co\/portal\/la-maestria-en-estudios-politicos-de-la-universidad-de-caldas-formacion-critica-y-comprensiva-para-los-retos-de-la-sociedad-contemporanea\/#primaryimage"},"image":{"@id":"https:\/\/www.ucaldas.edu.co\/portal\/la-maestria-en-estudios-politicos-de-la-universidad-de-caldas-formacion-critica-y-comprensiva-para-los-retos-de-la-sociedad-contemporanea\/#primaryimage"},"thumbnailUrl":"https:\/\/www.ucaldas.edu.co\/portal\/wp-content\/uploads\/2024\/06\/1-2.png","datePublished":"2024-06-25T00:39:44+00:00","breadcrumb":{"@id":"https:\/\/www.ucaldas.edu.co\/portal\/la-maestria-en-estudios-politicos-de-la-universidad-de-caldas-formacion-critica-y-comprensiva-para-los-retos-de-la-sociedad-contemporanea\/#breadcrumb"},"inLanguage":"es","potentialAction":[{"@type":"ReadAction","target":["https:\/\/www.ucaldas.edu.co\/portal\/la-maestria-en-estudios-politicos-de-la-universidad-de-caldas-formacion-critica-y-comprensiva-para-los-retos-de-la-sociedad-contemporanea\/"]}]},{"@type":"ImageObject","inLanguage":"es","@id":"https:\/\/www.ucaldas.edu.co\/portal\/la-maestria-en-estudios-politicos-de-la-universidad-de-caldas-formacion-critica-y-comprensiva-para-los-retos-de-la-sociedad-contemporanea\/#primaryimage","url":"https:\/\/www.ucaldas.edu.co\/portal\/wp-content\/uploads\/2024\/06\/1-2.png","contentUrl":"https:\/\/www.ucaldas.edu.co\/portal\/wp-content\/uploads\/2024\/06\/1-2.png","width":2000,"height":2000,"caption":"Afiche promocional de la apertura de inscripciones para la Maestr\u00eda en Estudios Pol\u00edticos de la U. de Caldas."},{"@type":"BreadcrumbList","@id":"https:\/\/www.ucaldas.edu.co\/portal\/la-maestria-en-estudios-politicos-de-la-universidad-de-caldas-formacion-critica-y-comprensiva-para-los-retos-de-la-sociedad-contemporanea\/#breadcrumb","itemListElement":[{"@type":"ListItem","position":1,"name":"Portada","item":"https:\/\/www.ucaldas.edu.co\/portal\/"},{"@type":"ListItem","position":2,"name":"La Maestr\u00eda en Estudios Pol\u00edticos de la Universidad de Caldas: formaci\u00f3n cr\u00edtica y comprensiva para los retos de la sociedad contempor\u00e1nea"}]},{"@type":"WebSite","@id":"https:\/\/www.ucaldas.edu.co\/portal\/#website","url":"https:\/\/www.ucaldas.edu.co\/portal\/","name":"Universidad de Caldas","description":"","publisher":{"@id":"https:\/\/www.ucaldas.edu.co\/portal\/#organization"},"alternateName":"U. de Caldas","potentialAction":[{"@type":"SearchAction","target":{"@type":"EntryPoint","urlTemplate":"https:\/\/www.ucaldas.edu.co\/portal\/?s={search_term_string}"},"query-input":{"@type":"PropertyValueSpecification","valueRequired":true,"valueName":"search_term_string"}}],"inLanguage":"es"},{"@type":"Organization","@id":"https:\/\/www.ucaldas.edu.co\/portal\/#organization","name":"Universidad de Caldas","alternateName":"U. de Caldas","url":"https:\/\/www.ucaldas.edu.co\/portal\/","logo":{"@type":"ImageObject","inLanguage":"es","@id":"https:\/\/www.ucaldas.edu.co\/portal\/#\/schema\/logo\/image\/","url":"https:\/\/www.ucaldas.edu.co\/portal\/wp-content\/uploads\/2023\/11\/Logo_horizontal_oscuroU-2023.png","contentUrl":"https:\/\/www.ucaldas.edu.co\/portal\/wp-content\/uploads\/2023\/11\/Logo_horizontal_oscuroU-2023.png","width":263,"height":101,"caption":"Universidad de Caldas"},"image":{"@id":"https:\/\/www.ucaldas.edu.co\/portal\/#\/schema\/logo\/image\/"},"sameAs":["https:\/\/www.facebook.com\/udecaldas","https:\/\/x.com\/udecaldas","https:\/\/www.youtube.com\/universidadcaldas","https:\/\/www.instagram.com\/udecaldas\/"]},{"@type":"Person","@id":"https:\/\/www.ucaldas.edu.co\/portal\/#\/schema\/person\/a1b482e23449158b4bc319926c074fdf","name":"ofiprensa","image":{"@type":"ImageObject","inLanguage":"es","@id":"https:\/\/www.ucaldas.edu.co\/portal\/wp-content\/litespeed\/avatar\/09ea5085e600095a7a811142c6944527.jpg?ver=1777497608","url":"https:\/\/www.ucaldas.edu.co\/portal\/wp-content\/litespeed\/avatar\/09ea5085e600095a7a811142c6944527.jpg?ver=1777497608","contentUrl":"https:\/\/www.ucaldas.edu.co\/portal\/wp-content\/litespeed\/avatar\/09ea5085e600095a7a811142c6944527.jpg?ver=1777497608","caption":"ofiprensa"},"url":"https:\/\/www.ucaldas.edu.co\/portal\/author\/ofiprensa\/"}]}},"_links":{"self":[{"href":"https:\/\/www.ucaldas.edu.co\/portal\/wp-json\/wp\/v2\/posts\/82222","targetHints":{"allow":["GET"]}}],"collection":[{"href":"https:\/\/www.ucaldas.edu.co\/portal\/wp-json\/wp\/v2\/posts"}],"about":[{"href":"https:\/\/www.ucaldas.edu.co\/portal\/wp-json\/wp\/v2\/types\/post"}],"author":[{"embeddable":true,"href":"https:\/\/www.ucaldas.edu.co\/portal\/wp-json\/wp\/v2\/users\/2"}],"replies":[{"embeddable":true,"href":"https:\/\/www.ucaldas.edu.co\/portal\/wp-json\/wp\/v2\/comments?post=82222"}],"version-history":[{"count":0,"href":"https:\/\/www.ucaldas.edu.co\/portal\/wp-json\/wp\/v2\/posts\/82222\/revisions"}],"wp:featuredmedia":[{"embeddable":true,"href":"https:\/\/www.ucaldas.edu.co\/portal\/wp-json\/wp\/v2\/media\/82223"}],"wp:attachment":[{"href":"https:\/\/www.ucaldas.edu.co\/portal\/wp-json\/wp\/v2\/media?parent=82222"}],"wp:term":[{"taxonomy":"category","embeddable":true,"href":"https:\/\/www.ucaldas.edu.co\/portal\/wp-json\/wp\/v2\/categories?post=82222"},{"taxonomy":"post_tag","embeddable":true,"href":"https:\/\/www.ucaldas.edu.co\/portal\/wp-json\/wp\/v2\/tags?post=82222"}],"curies":[{"name":"wp","href":"https:\/\/api.w.org\/{rel}","templated":true}]}}