{"id":82165,"date":"2024-06-20T18:24:30","date_gmt":"2024-06-20T23:24:30","guid":{"rendered":"https:\/\/www.ucaldas.edu.co\/portal\/?p=82165"},"modified":"2024-06-20T18:24:30","modified_gmt":"2024-06-20T23:24:30","slug":"se-continuan-fortaleciendo-las-residencias-universitarias-femeninas-y-masculinas-de-la-u-de-caldas","status":"publish","type":"post","link":"https:\/\/www.ucaldas.edu.co\/portal\/se-continuan-fortaleciendo-las-residencias-universitarias-femeninas-y-masculinas-de-la-u-de-caldas\/","title":{"rendered":"Se contin\u00faan fortaleciendo las Residencias Universitarias Femeninas y Masculinas de la U de Caldas"},"content":{"rendered":"<p style=\"text-align: justify;\"><img loading=\"lazy\" decoding=\"async\" class=\"alignnone size-full wp-image-82167\" src=\"https:\/\/www.ucaldas.edu.co\/portal\/wp-content\/uploads\/2024\/06\/imagen-nota-residencias-1.jpeg\" alt=\"Se contin\u00faan fortaleciendo las Residencias Universitarias Femeninas y Masculinas de la U de Caldas. En la imagen se aprecia el dise\u00f1o que tendr\u00edan las nuevas residencias femeninas de la U. de Caldas.\" width=\"1035\" height=\"580\" \/>La Universidad de Caldas contin\u00faa comprometida con la mejora y transformaci\u00f3n de las residencias universitarias, a trav\u00e9s de su \u00e1rea de Bienestar Universitario. Esta semana ha dado un paso significativo hacia la dignificaci\u00f3n y el bienestar de su comunidad estudiantil beneficiada.<!--more--><\/p>\n<p style=\"text-align: justify;\">Como primera medida se tuvo un encuentro con residencias femeninas para conocer el avance \u00a0de la estructuraci\u00f3n del proyecto de construcci\u00f3n de un nuevo edificio de residencias femeninas. Esta iniciativa no solo proporcionar\u00e1 modernas instalaciones, sino que tambi\u00e9n representa un paso firme en la lucha contra la inequidad de g\u00e9nero.<\/p>\n<p style=\"text-align: justify;\">Se espera que este nuevo espacio contribuya significativamente a dignificar la vida de las estudiantes, ofreciendo un entorno seguro y equitativo que promueva su crecimiento integral.<\/p>\n<p style=\"text-align: justify;\"><strong>Mejorando las residencias<\/strong><\/p>\n<p style=\"text-align: justify;\">Igualmente durante la semana se entregaron nuevas colchonetas, deshumidificadores, neveras, entre otros, en las residencias masculinas y femeninas, garantizando as\u00ed que los estudiantes cuenten con condiciones de descanso y almacenamiento \u00f3ptimas.<\/p>\n<p style=\"text-align: justify;\">Este esfuerzo busca no solo mejorar la calidad de vida de los residentes, sino tambi\u00e9n fomentar un ambiente propicio para el desarrollo acad\u00e9mico y personal. La Universidad de Caldas, a trav\u00e9s de Bienestar Universitario, reafirma su compromiso con la excelencia y el bienestar de todos sus estudiantes, impulsando iniciativas que transformen positivamente su experiencia universitaria.<\/p>\n<p><strong>Anexo:<\/strong><\/p>\n<p><a href=\"https:\/\/www.ucaldas.edu.co\/portal\/wp-content\/uploads\/2024\/06\/Alexander-residencias-si.mp3\"><strong>-Audio Jefe de Bienestar Universitario Alexander \u00c1lvarez Giraldo<\/strong><\/a><\/p>\n<audio class=\"wp-audio-shortcode\" id=\"audio-82165-1\" preload=\"none\" style=\"width: 100%;\" controls=\"controls\"><source type=\"audio\/mpeg\" src=\"https:\/\/www.ucaldas.edu.co\/portal\/wp-content\/uploads\/2024\/06\/Alexander-residencias-si.mp3?_=1\" \/><a href=\"https:\/\/www.ucaldas.edu.co\/portal\/wp-content\/uploads\/2024\/06\/Alexander-residencias-si.mp3\">https:\/\/www.ucaldas.edu.co\/portal\/wp-content\/uploads\/2024\/06\/Alexander-residencias-si.mp3<\/a><\/audio>\n<p>M\u00e1s noticias <a href=\"https:\/\/www.ucaldas.edu.co\/portal\/category\/universidad-al-dia\/\">aqu\u00ed<\/a><\/p>\n","protected":false},"excerpt":{"rendered":"<p>La Universidad de Caldas contin\u00faa comprometida con la mejora y transformaci\u00f3n de las residencias universitarias, a trav\u00e9s de su \u00e1rea de Bienestar Universitario. Esta semana ha dado un paso significativo hacia la dignificaci\u00f3n y el bienestar de su comunidad estudiantil beneficiada.<\/p>\n","protected":false},"author":2,"featured_media":82167,"comment_status":"closed","ping_status":"open","sticky":false,"template":"","format":"standard","meta":{"footnotes":""},"categories":[48,53],"tags":[5893,8103],"class_list":["post-82165","post","type-post","status-publish","format-standard","has-post-thumbnail","hentry","category-actualidad","category-universidad-al-dia","tag-bienestar-de-la-comunidad-u-caldas","tag-residencias-estudiantiles"],"yoast_head":"<!-- This site is optimized with the Yoast SEO plugin v27.5 - https:\/\/yoast.com\/product\/yoast-seo-wordpress\/ -->\n<title>Se contin\u00faan fortaleciendo las Residencias Universitarias Femeninas y Masculinas de la U de Caldas Se contin\u00faan fortaleciendo las Residencias Universitarias Femeninas y Masculinas de la U de Caldas<\/title>\n<meta name=\"description\" content=\"Se contin\u00faan fortaleciendo las Residencias Universitarias Femeninas y Masculinas de la U de Caldas. Estos proyectos son de Bienestar.\" \/>\n<meta name=\"robots\" content=\"index, follow, max-snippet:-1, max-image-preview:large, max-video-preview:-1\" \/>\n<link rel=\"canonical\" href=\"https:\/\/www.ucaldas.edu.co\/portal\/se-continuan-fortaleciendo-las-residencias-universitarias-femeninas-y-masculinas-de-la-u-de-caldas\/\" \/>\n<script type=\"application\/ld+json\" class=\"yoast-schema-graph\">{\"@context\":\"https:\\\/\\\/schema.org\",\"@graph\":[{\"@type\":\"Article\",\"@id\":\"https:\\\/\\\/www.ucaldas.edu.co\\\/portal\\\/se-continuan-fortaleciendo-las-residencias-universitarias-femeninas-y-masculinas-de-la-u-de-caldas\\\/#article\",\"isPartOf\":{\"@id\":\"https:\\\/\\\/www.ucaldas.edu.co\\\/portal\\\/se-continuan-fortaleciendo-las-residencias-universitarias-femeninas-y-masculinas-de-la-u-de-caldas\\\/\"},\"author\":{\"name\":\"ofiprensa\",\"@id\":\"https:\\\/\\\/www.ucaldas.edu.co\\\/portal\\\/#\\\/schema\\\/person\\\/a1b482e23449158b4bc319926c074fdf\"},\"headline\":\"Se contin\u00faan fortaleciendo las Residencias Universitarias Femeninas y Masculinas de la U de Caldas\",\"datePublished\":\"2024-06-20T23:24:30+00:00\",\"mainEntityOfPage\":{\"@id\":\"https:\\\/\\\/www.ucaldas.edu.co\\\/portal\\\/se-continuan-fortaleciendo-las-residencias-universitarias-femeninas-y-masculinas-de-la-u-de-caldas\\\/\"},\"wordCount\":258,\"publisher\":{\"@id\":\"https:\\\/\\\/www.ucaldas.edu.co\\\/portal\\\/#organization\"},\"image\":{\"@id\":\"https:\\\/\\\/www.ucaldas.edu.co\\\/portal\\\/se-continuan-fortaleciendo-las-residencias-universitarias-femeninas-y-masculinas-de-la-u-de-caldas\\\/#primaryimage\"},\"thumbnailUrl\":\"https:\\\/\\\/www.ucaldas.edu.co\\\/portal\\\/wp-content\\\/uploads\\\/2024\\\/06\\\/imagen-nota-residencias-1.jpeg\",\"keywords\":[\"bienestar de la comunidad u caldas\",\"residencias estudiantiles\"],\"articleSection\":[\"Actualidad\",\"Universidad al D\u00eda\"],\"inLanguage\":\"es\"},{\"@type\":\"WebPage\",\"@id\":\"https:\\\/\\\/www.ucaldas.edu.co\\\/portal\\\/se-continuan-fortaleciendo-las-residencias-universitarias-femeninas-y-masculinas-de-la-u-de-caldas\\\/\",\"url\":\"https:\\\/\\\/www.ucaldas.edu.co\\\/portal\\\/se-continuan-fortaleciendo-las-residencias-universitarias-femeninas-y-masculinas-de-la-u-de-caldas\\\/\",\"name\":\"Se contin\u00faan fortaleciendo las Residencias Universitarias Femeninas y Masculinas de la U de Caldas Se contin\u00faan fortaleciendo las Residencias Universitarias Femeninas y Masculinas de la U de Caldas\",\"isPartOf\":{\"@id\":\"https:\\\/\\\/www.ucaldas.edu.co\\\/portal\\\/#website\"},\"primaryImageOfPage\":{\"@id\":\"https:\\\/\\\/www.ucaldas.edu.co\\\/portal\\\/se-continuan-fortaleciendo-las-residencias-universitarias-femeninas-y-masculinas-de-la-u-de-caldas\\\/#primaryimage\"},\"image\":{\"@id\":\"https:\\\/\\\/www.ucaldas.edu.co\\\/portal\\\/se-continuan-fortaleciendo-las-residencias-universitarias-femeninas-y-masculinas-de-la-u-de-caldas\\\/#primaryimage\"},\"thumbnailUrl\":\"https:\\\/\\\/www.ucaldas.edu.co\\\/portal\\\/wp-content\\\/uploads\\\/2024\\\/06\\\/imagen-nota-residencias-1.jpeg\",\"datePublished\":\"2024-06-20T23:24:30+00:00\",\"description\":\"Se contin\u00faan fortaleciendo las Residencias Universitarias Femeninas y Masculinas de la U de Caldas. Estos proyectos son de Bienestar.\",\"breadcrumb\":{\"@id\":\"https:\\\/\\\/www.ucaldas.edu.co\\\/portal\\\/se-continuan-fortaleciendo-las-residencias-universitarias-femeninas-y-masculinas-de-la-u-de-caldas\\\/#breadcrumb\"},\"inLanguage\":\"es\",\"potentialAction\":[{\"@type\":\"ReadAction\",\"target\":[\"https:\\\/\\\/www.ucaldas.edu.co\\\/portal\\\/se-continuan-fortaleciendo-las-residencias-universitarias-femeninas-y-masculinas-de-la-u-de-caldas\\\/\"]}]},{\"@type\":\"ImageObject\",\"inLanguage\":\"es\",\"@id\":\"https:\\\/\\\/www.ucaldas.edu.co\\\/portal\\\/se-continuan-fortaleciendo-las-residencias-universitarias-femeninas-y-masculinas-de-la-u-de-caldas\\\/#primaryimage\",\"url\":\"https:\\\/\\\/www.ucaldas.edu.co\\\/portal\\\/wp-content\\\/uploads\\\/2024\\\/06\\\/imagen-nota-residencias-1.jpeg\",\"contentUrl\":\"https:\\\/\\\/www.ucaldas.edu.co\\\/portal\\\/wp-content\\\/uploads\\\/2024\\\/06\\\/imagen-nota-residencias-1.jpeg\",\"width\":1035,\"height\":580,\"caption\":\"Se contin\u00faan fortaleciendo las Residencias Universitarias Femeninas y Masculinas de la U de Caldas. En la imagen se aprecia el dise\u00f1o que tendr\u00edan las nuevas residencias femeninas de la U. de Caldas.\"},{\"@type\":\"BreadcrumbList\",\"@id\":\"https:\\\/\\\/www.ucaldas.edu.co\\\/portal\\\/se-continuan-fortaleciendo-las-residencias-universitarias-femeninas-y-masculinas-de-la-u-de-caldas\\\/#breadcrumb\",\"itemListElement\":[{\"@type\":\"ListItem\",\"position\":1,\"name\":\"Portada\",\"item\":\"https:\\\/\\\/www.ucaldas.edu.co\\\/portal\\\/\"},{\"@type\":\"ListItem\",\"position\":2,\"name\":\"Se contin\u00faan fortaleciendo las Residencias Universitarias Femeninas y Masculinas de la U de Caldas\"}]},{\"@type\":\"WebSite\",\"@id\":\"https:\\\/\\\/www.ucaldas.edu.co\\\/portal\\\/#website\",\"url\":\"https:\\\/\\\/www.ucaldas.edu.co\\\/portal\\\/\",\"name\":\"Universidad de Caldas\",\"description\":\"\",\"publisher\":{\"@id\":\"https:\\\/\\\/www.ucaldas.edu.co\\\/portal\\\/#organization\"},\"alternateName\":\"U. de Caldas\",\"potentialAction\":[{\"@type\":\"SearchAction\",\"target\":{\"@type\":\"EntryPoint\",\"urlTemplate\":\"https:\\\/\\\/www.ucaldas.edu.co\\\/portal\\\/?s={search_term_string}\"},\"query-input\":{\"@type\":\"PropertyValueSpecification\",\"valueRequired\":true,\"valueName\":\"search_term_string\"}}],\"inLanguage\":\"es\"},{\"@type\":\"Organization\",\"@id\":\"https:\\\/\\\/www.ucaldas.edu.co\\\/portal\\\/#organization\",\"name\":\"Universidad de Caldas\",\"alternateName\":\"U. de Caldas\",\"url\":\"https:\\\/\\\/www.ucaldas.edu.co\\\/portal\\\/\",\"logo\":{\"@type\":\"ImageObject\",\"inLanguage\":\"es\",\"@id\":\"https:\\\/\\\/www.ucaldas.edu.co\\\/portal\\\/#\\\/schema\\\/logo\\\/image\\\/\",\"url\":\"https:\\\/\\\/www.ucaldas.edu.co\\\/portal\\\/wp-content\\\/uploads\\\/2023\\\/11\\\/Logo_horizontal_oscuroU-2023.png\",\"contentUrl\":\"https:\\\/\\\/www.ucaldas.edu.co\\\/portal\\\/wp-content\\\/uploads\\\/2023\\\/11\\\/Logo_horizontal_oscuroU-2023.png\",\"width\":263,\"height\":101,\"caption\":\"Universidad de Caldas\"},\"image\":{\"@id\":\"https:\\\/\\\/www.ucaldas.edu.co\\\/portal\\\/#\\\/schema\\\/logo\\\/image\\\/\"},\"sameAs\":[\"https:\\\/\\\/www.facebook.com\\\/udecaldas\",\"https:\\\/\\\/x.com\\\/udecaldas\",\"https:\\\/\\\/www.youtube.com\\\/universidadcaldas\",\"https:\\\/\\\/www.instagram.com\\\/udecaldas\\\/\"]},{\"@type\":\"Person\",\"@id\":\"https:\\\/\\\/www.ucaldas.edu.co\\\/portal\\\/#\\\/schema\\\/person\\\/a1b482e23449158b4bc319926c074fdf\",\"name\":\"ofiprensa\",\"image\":{\"@type\":\"ImageObject\",\"inLanguage\":\"es\",\"@id\":\"https:\\\/\\\/www.ucaldas.edu.co\\\/portal\\\/wp-content\\\/litespeed\\\/avatar\\\/09ea5085e600095a7a811142c6944527.jpg?ver=1777497608\",\"url\":\"https:\\\/\\\/www.ucaldas.edu.co\\\/portal\\\/wp-content\\\/litespeed\\\/avatar\\\/09ea5085e600095a7a811142c6944527.jpg?ver=1777497608\",\"contentUrl\":\"https:\\\/\\\/www.ucaldas.edu.co\\\/portal\\\/wp-content\\\/litespeed\\\/avatar\\\/09ea5085e600095a7a811142c6944527.jpg?ver=1777497608\",\"caption\":\"ofiprensa\"},\"url\":\"https:\\\/\\\/www.ucaldas.edu.co\\\/portal\\\/author\\\/ofiprensa\\\/\"}]}<\/script>\n<!-- \/ Yoast SEO plugin. -->","yoast_head_json":{"title":"Se contin\u00faan fortaleciendo las Residencias Universitarias Femeninas y Masculinas de la U de Caldas Se contin\u00faan fortaleciendo las Residencias Universitarias Femeninas y Masculinas de la U de Caldas","description":"Se contin\u00faan fortaleciendo las Residencias Universitarias Femeninas y Masculinas de la U de Caldas. Estos proyectos son de Bienestar.","robots":{"index":"index","follow":"follow","max-snippet":"max-snippet:-1","max-image-preview":"max-image-preview:large","max-video-preview":"max-video-preview:-1"},"canonical":"https:\/\/www.ucaldas.edu.co\/portal\/se-continuan-fortaleciendo-las-residencias-universitarias-femeninas-y-masculinas-de-la-u-de-caldas\/","schema":{"@context":"https:\/\/schema.org","@graph":[{"@type":"Article","@id":"https:\/\/www.ucaldas.edu.co\/portal\/se-continuan-fortaleciendo-las-residencias-universitarias-femeninas-y-masculinas-de-la-u-de-caldas\/#article","isPartOf":{"@id":"https:\/\/www.ucaldas.edu.co\/portal\/se-continuan-fortaleciendo-las-residencias-universitarias-femeninas-y-masculinas-de-la-u-de-caldas\/"},"author":{"name":"ofiprensa","@id":"https:\/\/www.ucaldas.edu.co\/portal\/#\/schema\/person\/a1b482e23449158b4bc319926c074fdf"},"headline":"Se contin\u00faan fortaleciendo las Residencias Universitarias Femeninas y Masculinas de la U de Caldas","datePublished":"2024-06-20T23:24:30+00:00","mainEntityOfPage":{"@id":"https:\/\/www.ucaldas.edu.co\/portal\/se-continuan-fortaleciendo-las-residencias-universitarias-femeninas-y-masculinas-de-la-u-de-caldas\/"},"wordCount":258,"publisher":{"@id":"https:\/\/www.ucaldas.edu.co\/portal\/#organization"},"image":{"@id":"https:\/\/www.ucaldas.edu.co\/portal\/se-continuan-fortaleciendo-las-residencias-universitarias-femeninas-y-masculinas-de-la-u-de-caldas\/#primaryimage"},"thumbnailUrl":"https:\/\/www.ucaldas.edu.co\/portal\/wp-content\/uploads\/2024\/06\/imagen-nota-residencias-1.jpeg","keywords":["bienestar de la comunidad u caldas","residencias estudiantiles"],"articleSection":["Actualidad","Universidad al D\u00eda"],"inLanguage":"es"},{"@type":"WebPage","@id":"https:\/\/www.ucaldas.edu.co\/portal\/se-continuan-fortaleciendo-las-residencias-universitarias-femeninas-y-masculinas-de-la-u-de-caldas\/","url":"https:\/\/www.ucaldas.edu.co\/portal\/se-continuan-fortaleciendo-las-residencias-universitarias-femeninas-y-masculinas-de-la-u-de-caldas\/","name":"Se contin\u00faan fortaleciendo las Residencias Universitarias Femeninas y Masculinas de la U de Caldas Se contin\u00faan fortaleciendo las Residencias Universitarias Femeninas y Masculinas de la U de Caldas","isPartOf":{"@id":"https:\/\/www.ucaldas.edu.co\/portal\/#website"},"primaryImageOfPage":{"@id":"https:\/\/www.ucaldas.edu.co\/portal\/se-continuan-fortaleciendo-las-residencias-universitarias-femeninas-y-masculinas-de-la-u-de-caldas\/#primaryimage"},"image":{"@id":"https:\/\/www.ucaldas.edu.co\/portal\/se-continuan-fortaleciendo-las-residencias-universitarias-femeninas-y-masculinas-de-la-u-de-caldas\/#primaryimage"},"thumbnailUrl":"https:\/\/www.ucaldas.edu.co\/portal\/wp-content\/uploads\/2024\/06\/imagen-nota-residencias-1.jpeg","datePublished":"2024-06-20T23:24:30+00:00","description":"Se contin\u00faan fortaleciendo las Residencias Universitarias Femeninas y Masculinas de la U de Caldas. Estos proyectos son de Bienestar.","breadcrumb":{"@id":"https:\/\/www.ucaldas.edu.co\/portal\/se-continuan-fortaleciendo-las-residencias-universitarias-femeninas-y-masculinas-de-la-u-de-caldas\/#breadcrumb"},"inLanguage":"es","potentialAction":[{"@type":"ReadAction","target":["https:\/\/www.ucaldas.edu.co\/portal\/se-continuan-fortaleciendo-las-residencias-universitarias-femeninas-y-masculinas-de-la-u-de-caldas\/"]}]},{"@type":"ImageObject","inLanguage":"es","@id":"https:\/\/www.ucaldas.edu.co\/portal\/se-continuan-fortaleciendo-las-residencias-universitarias-femeninas-y-masculinas-de-la-u-de-caldas\/#primaryimage","url":"https:\/\/www.ucaldas.edu.co\/portal\/wp-content\/uploads\/2024\/06\/imagen-nota-residencias-1.jpeg","contentUrl":"https:\/\/www.ucaldas.edu.co\/portal\/wp-content\/uploads\/2024\/06\/imagen-nota-residencias-1.jpeg","width":1035,"height":580,"caption":"Se contin\u00faan fortaleciendo las Residencias Universitarias Femeninas y Masculinas de la U de Caldas. En la imagen se aprecia el dise\u00f1o que tendr\u00edan las nuevas residencias femeninas de la U. de Caldas."},{"@type":"BreadcrumbList","@id":"https:\/\/www.ucaldas.edu.co\/portal\/se-continuan-fortaleciendo-las-residencias-universitarias-femeninas-y-masculinas-de-la-u-de-caldas\/#breadcrumb","itemListElement":[{"@type":"ListItem","position":1,"name":"Portada","item":"https:\/\/www.ucaldas.edu.co\/portal\/"},{"@type":"ListItem","position":2,"name":"Se contin\u00faan fortaleciendo las Residencias Universitarias Femeninas y Masculinas de la U de Caldas"}]},{"@type":"WebSite","@id":"https:\/\/www.ucaldas.edu.co\/portal\/#website","url":"https:\/\/www.ucaldas.edu.co\/portal\/","name":"Universidad de Caldas","description":"","publisher":{"@id":"https:\/\/www.ucaldas.edu.co\/portal\/#organization"},"alternateName":"U. de Caldas","potentialAction":[{"@type":"SearchAction","target":{"@type":"EntryPoint","urlTemplate":"https:\/\/www.ucaldas.edu.co\/portal\/?s={search_term_string}"},"query-input":{"@type":"PropertyValueSpecification","valueRequired":true,"valueName":"search_term_string"}}],"inLanguage":"es"},{"@type":"Organization","@id":"https:\/\/www.ucaldas.edu.co\/portal\/#organization","name":"Universidad de Caldas","alternateName":"U. de Caldas","url":"https:\/\/www.ucaldas.edu.co\/portal\/","logo":{"@type":"ImageObject","inLanguage":"es","@id":"https:\/\/www.ucaldas.edu.co\/portal\/#\/schema\/logo\/image\/","url":"https:\/\/www.ucaldas.edu.co\/portal\/wp-content\/uploads\/2023\/11\/Logo_horizontal_oscuroU-2023.png","contentUrl":"https:\/\/www.ucaldas.edu.co\/portal\/wp-content\/uploads\/2023\/11\/Logo_horizontal_oscuroU-2023.png","width":263,"height":101,"caption":"Universidad de Caldas"},"image":{"@id":"https:\/\/www.ucaldas.edu.co\/portal\/#\/schema\/logo\/image\/"},"sameAs":["https:\/\/www.facebook.com\/udecaldas","https:\/\/x.com\/udecaldas","https:\/\/www.youtube.com\/universidadcaldas","https:\/\/www.instagram.com\/udecaldas\/"]},{"@type":"Person","@id":"https:\/\/www.ucaldas.edu.co\/portal\/#\/schema\/person\/a1b482e23449158b4bc319926c074fdf","name":"ofiprensa","image":{"@type":"ImageObject","inLanguage":"es","@id":"https:\/\/www.ucaldas.edu.co\/portal\/wp-content\/litespeed\/avatar\/09ea5085e600095a7a811142c6944527.jpg?ver=1777497608","url":"https:\/\/www.ucaldas.edu.co\/portal\/wp-content\/litespeed\/avatar\/09ea5085e600095a7a811142c6944527.jpg?ver=1777497608","contentUrl":"https:\/\/www.ucaldas.edu.co\/portal\/wp-content\/litespeed\/avatar\/09ea5085e600095a7a811142c6944527.jpg?ver=1777497608","caption":"ofiprensa"},"url":"https:\/\/www.ucaldas.edu.co\/portal\/author\/ofiprensa\/"}]}},"_links":{"self":[{"href":"https:\/\/www.ucaldas.edu.co\/portal\/wp-json\/wp\/v2\/posts\/82165","targetHints":{"allow":["GET"]}}],"collection":[{"href":"https:\/\/www.ucaldas.edu.co\/portal\/wp-json\/wp\/v2\/posts"}],"about":[{"href":"https:\/\/www.ucaldas.edu.co\/portal\/wp-json\/wp\/v2\/types\/post"}],"author":[{"embeddable":true,"href":"https:\/\/www.ucaldas.edu.co\/portal\/wp-json\/wp\/v2\/users\/2"}],"replies":[{"embeddable":true,"href":"https:\/\/www.ucaldas.edu.co\/portal\/wp-json\/wp\/v2\/comments?post=82165"}],"version-history":[{"count":0,"href":"https:\/\/www.ucaldas.edu.co\/portal\/wp-json\/wp\/v2\/posts\/82165\/revisions"}],"wp:featuredmedia":[{"embeddable":true,"href":"https:\/\/www.ucaldas.edu.co\/portal\/wp-json\/wp\/v2\/media\/82167"}],"wp:attachment":[{"href":"https:\/\/www.ucaldas.edu.co\/portal\/wp-json\/wp\/v2\/media?parent=82165"}],"wp:term":[{"taxonomy":"category","embeddable":true,"href":"https:\/\/www.ucaldas.edu.co\/portal\/wp-json\/wp\/v2\/categories?post=82165"},{"taxonomy":"post_tag","embeddable":true,"href":"https:\/\/www.ucaldas.edu.co\/portal\/wp-json\/wp\/v2\/tags?post=82165"}],"curies":[{"name":"wp","href":"https:\/\/api.w.org\/{rel}","templated":true}]}}