{"id":8214,"date":"2011-05-06T11:26:56","date_gmt":"2011-05-06T16:26:56","guid":{"rendered":"https:\/\/www.ucaldas.edu.co\/portal\/?p=8214"},"modified":"2011-05-06T11:26:56","modified_gmt":"2011-05-06T16:26:56","slug":"convocatoria-jovenes-lideres-iberoamericanos-tiene-abiertas-sus-inscripciones","status":"publish","type":"post","link":"https:\/\/www.ucaldas.edu.co\/portal\/convocatoria-jovenes-lideres-iberoamericanos-tiene-abiertas-sus-inscripciones\/","title":{"rendered":"Convocatoria J\u00f3venes L\u00edderes Iberoamericanos tiene abiertas sus inscripciones"},"content":{"rendered":"<p>De la Fundaci\u00f3n Carolina, la fundaci\u00f3n Rafael del Pino y el grupo Santander<\/p>\n<hr \/>\n<p align=\"center\">\n<p align=\"right\"><b>06\/05\/2011<\/b><\/p>\n<p align=\"right\">\n<p align=\"right\">\n<table border=\"0\">\n<tbody>\n<tr>\n<td>\u00a0<img loading=\"lazy\" decoding=\"async\" style=\"border: 0px\" alt=\"Fundaci\u00f3n Carolina\" src=\"http:\/\/www.ucaldas.edu.co\/images\/fundacion_carolina.jpg\" width=\"160\" height=\"100\" border=\"0\" \/><\/td>\n<td>Ya est\u00e1n <b>abiertas <\/b>las<b> inscripciones<\/b> de la <b>Convocatoria J\u00f3venes<\/b><b> L\u00edderes Iberoamericanos<\/b><b>,<\/b> de la <b>Fundaci\u00f3n Carolina<\/b><b>,<\/b> la <b>Fundaci\u00f3n Rafael<\/b><b> del Pino<\/b> y el <b>Grupo Santander.<\/b><\/p>\n<p>&nbsp;<\/p>\n<p>Ser\u00e1n hasta este <b>lunes 16<\/b> de <b>mayo<\/b> del 2011.<\/td>\n<\/tr>\n<\/tbody>\n<\/table>\n<p>Los interesados en participar en el proceso deben tener la aprobaci\u00f3n de la universidad donde realizan sus estudios. Una vez el candidato haya sido avalado por su universidad y propuesto, a trav\u00e9s de una carta enviada a la Directora de la Fundaci\u00f3n Carolina, podr\u00e1 realizar el registro on-line de su candidatura, seg\u00fan las bases de la convocatoria.<\/p>\n<p>&nbsp;<\/p>\n<p>Este programa busca proporcionar a los l\u00edderes emergentes de Iberoam\u00e9rica con un mejor y m\u00e1s profundo conocimiento de la realidad espa\u00f1ola y europea, crear lazos entre j\u00f3venes l\u00edderes iberoamericanos para que se traduzcan en el futuro en un mayor acercamiento entre estas naciones e impulsar el proceso de integraci\u00f3n iberoamericano.<\/p>\n<p>&nbsp;<\/p>\n<p>Por convenio entre Red Alma Mater (RAM) y la Fundaci\u00f3n Carolina, los candidatos de las universidades miembros de la RAM cuentan con la intermediaci\u00f3n de la Red.<\/p>\n<p>&nbsp;<\/p>\n<p><b>Los requisitos son los siguientes:<\/b><\/p>\n<p>&#8211; Haber obtenido una titulaci\u00f3n superior (licenciados, ingenieros, arquitectos, etc.) despu\u00e9s del 1 de octubre de 2009, o aquellos estudiantes que, a juicio de su universidad y atendiendo a su trayectoria acad\u00e9mica, vayan a licenciarse antes del 29 de junio del 2011, y no superar los 27 a\u00f1os de edad.<\/p>\n<p>&nbsp;<\/p>\n<p>&#8211; Tener en su haber un expediente acad\u00e9mico brillante y acreditar contrastadas habilidades sociales.<\/p>\n<p>&nbsp;<\/p>\n<p>&#8211; Cada universidad podr\u00e1 presentar m\u00e1ximo dos candidatos, que seleccionar\u00e1 atendiendo al equilibrio de g\u00e9nero, al expediente acad\u00e9mico y a otros criterios de m\u00e9rito y excelencia que considere oportunos. Si presentara dos candidaturas, \u00e9stas deber\u00e1n de ser de distinto sexo y pertenecientes a distintas \u00e1reas de conocimiento.<\/p>\n<p>&nbsp;<\/p>\n<p>Para consultar la convocatoria completa haga clic <a href=\"http:\/\/gestion.fundacioncarolina.es\/candidato\/becas\/ficha\/ficha.asp?Id_Programa=2399.\" target=\"_blank\">aqu\u00ed.<\/a><\/p>\n<p>&nbsp;<\/p>\n<p><b>Informes:<\/b> en la Oficina de Internacionalizaci\u00f3n de la U. de Caldas. Tel\u00e9fono: 878 15 00, extensi\u00f3n 12 169, o con Elkin Guti\u00e9rrez, del \u00c1rea Misional Integraci\u00f3n Acad\u00e9mica de la RAM, en el correo electr\u00f3nico: <a href=\"mailto:elkin.gutierrez@almamater.edu.co\" target=\"_blank\">elkin.gutierrez@almamater.edu.co<\/a><\/p>\n","protected":false},"excerpt":{"rendered":"<p>De la Fundaci\u00f3n Carolina, la fundaci\u00f3n Rafael del Pino y el grupo Santander 06\/05\/2011 \u00a0 Ya est\u00e1n abiertas las inscripciones de la Convocatoria J\u00f3venes L\u00edderes Iberoamericanos, de la Fundaci\u00f3n Carolina, la Fundaci\u00f3n Rafael del Pino y el Grupo Santander. &nbsp; Ser\u00e1n hasta este lunes 16 de mayo del 2011. Los interesados en participar en el [&hellip;]<\/p>\n","protected":false},"author":2,"featured_media":0,"comment_status":"closed","ping_status":"closed","sticky":false,"template":"","format":"standard","meta":{"footnotes":""},"categories":[48,53],"tags":[],"class_list":["post-8214","post","type-post","status-publish","format-standard","hentry","category-actualidad","category-universidad-al-dia"],"yoast_head":"<!-- This site is optimized with the Yoast SEO plugin v27.5 - https:\/\/yoast.com\/product\/yoast-seo-wordpress\/ -->\n<title>Convocatoria J\u00f3venes L\u00edderes Iberoamericanos tiene abiertas sus inscripciones .<\/title>\n<meta name=\"robots\" content=\"index, follow, max-snippet:-1, max-image-preview:large, max-video-preview:-1\" \/>\n<link rel=\"canonical\" href=\"https:\/\/www.ucaldas.edu.co\/portal\/convocatoria-jovenes-lideres-iberoamericanos-tiene-abiertas-sus-inscripciones\/\" \/>\n<script type=\"application\/ld+json\" class=\"yoast-schema-graph\">{\"@context\":\"https:\\\/\\\/schema.org\",\"@graph\":[{\"@type\":\"Article\",\"@id\":\"https:\\\/\\\/www.ucaldas.edu.co\\\/portal\\\/convocatoria-jovenes-lideres-iberoamericanos-tiene-abiertas-sus-inscripciones\\\/#article\",\"isPartOf\":{\"@id\":\"https:\\\/\\\/www.ucaldas.edu.co\\\/portal\\\/convocatoria-jovenes-lideres-iberoamericanos-tiene-abiertas-sus-inscripciones\\\/\"},\"author\":{\"name\":\"ofiprensa\",\"@id\":\"https:\\\/\\\/www.ucaldas.edu.co\\\/portal\\\/#\\\/schema\\\/person\\\/a1b482e23449158b4bc319926c074fdf\"},\"headline\":\"Convocatoria J\u00f3venes L\u00edderes Iberoamericanos tiene abiertas sus inscripciones\",\"datePublished\":\"2011-05-06T16:26:56+00:00\",\"mainEntityOfPage\":{\"@id\":\"https:\\\/\\\/www.ucaldas.edu.co\\\/portal\\\/convocatoria-jovenes-lideres-iberoamericanos-tiene-abiertas-sus-inscripciones\\\/\"},\"wordCount\":387,\"publisher\":{\"@id\":\"https:\\\/\\\/www.ucaldas.edu.co\\\/portal\\\/#organization\"},\"image\":{\"@id\":\"https:\\\/\\\/www.ucaldas.edu.co\\\/portal\\\/convocatoria-jovenes-lideres-iberoamericanos-tiene-abiertas-sus-inscripciones\\\/#primaryimage\"},\"thumbnailUrl\":\"http:\\\/\\\/www.ucaldas.edu.co\\\/images\\\/fundacion_carolina.jpg\",\"articleSection\":[\"Actualidad\",\"Universidad al D\u00eda\"],\"inLanguage\":\"es\"},{\"@type\":\"WebPage\",\"@id\":\"https:\\\/\\\/www.ucaldas.edu.co\\\/portal\\\/convocatoria-jovenes-lideres-iberoamericanos-tiene-abiertas-sus-inscripciones\\\/\",\"url\":\"https:\\\/\\\/www.ucaldas.edu.co\\\/portal\\\/convocatoria-jovenes-lideres-iberoamericanos-tiene-abiertas-sus-inscripciones\\\/\",\"name\":\"Convocatoria J\u00f3venes L\u00edderes Iberoamericanos tiene abiertas sus inscripciones .\",\"isPartOf\":{\"@id\":\"https:\\\/\\\/www.ucaldas.edu.co\\\/portal\\\/#website\"},\"primaryImageOfPage\":{\"@id\":\"https:\\\/\\\/www.ucaldas.edu.co\\\/portal\\\/convocatoria-jovenes-lideres-iberoamericanos-tiene-abiertas-sus-inscripciones\\\/#primaryimage\"},\"image\":{\"@id\":\"https:\\\/\\\/www.ucaldas.edu.co\\\/portal\\\/convocatoria-jovenes-lideres-iberoamericanos-tiene-abiertas-sus-inscripciones\\\/#primaryimage\"},\"thumbnailUrl\":\"http:\\\/\\\/www.ucaldas.edu.co\\\/images\\\/fundacion_carolina.jpg\",\"datePublished\":\"2011-05-06T16:26:56+00:00\",\"breadcrumb\":{\"@id\":\"https:\\\/\\\/www.ucaldas.edu.co\\\/portal\\\/convocatoria-jovenes-lideres-iberoamericanos-tiene-abiertas-sus-inscripciones\\\/#breadcrumb\"},\"inLanguage\":\"es\",\"potentialAction\":[{\"@type\":\"ReadAction\",\"target\":[\"https:\\\/\\\/www.ucaldas.edu.co\\\/portal\\\/convocatoria-jovenes-lideres-iberoamericanos-tiene-abiertas-sus-inscripciones\\\/\"]}]},{\"@type\":\"ImageObject\",\"inLanguage\":\"es\",\"@id\":\"https:\\\/\\\/www.ucaldas.edu.co\\\/portal\\\/convocatoria-jovenes-lideres-iberoamericanos-tiene-abiertas-sus-inscripciones\\\/#primaryimage\",\"url\":\"http:\\\/\\\/www.ucaldas.edu.co\\\/images\\\/fundacion_carolina.jpg\",\"contentUrl\":\"http:\\\/\\\/www.ucaldas.edu.co\\\/images\\\/fundacion_carolina.jpg\"},{\"@type\":\"BreadcrumbList\",\"@id\":\"https:\\\/\\\/www.ucaldas.edu.co\\\/portal\\\/convocatoria-jovenes-lideres-iberoamericanos-tiene-abiertas-sus-inscripciones\\\/#breadcrumb\",\"itemListElement\":[{\"@type\":\"ListItem\",\"position\":1,\"name\":\"Portada\",\"item\":\"https:\\\/\\\/www.ucaldas.edu.co\\\/portal\\\/\"},{\"@type\":\"ListItem\",\"position\":2,\"name\":\"Convocatoria J\u00f3venes L\u00edderes Iberoamericanos tiene abiertas sus inscripciones\"}]},{\"@type\":\"WebSite\",\"@id\":\"https:\\\/\\\/www.ucaldas.edu.co\\\/portal\\\/#website\",\"url\":\"https:\\\/\\\/www.ucaldas.edu.co\\\/portal\\\/\",\"name\":\"Universidad de Caldas\",\"description\":\"\",\"publisher\":{\"@id\":\"https:\\\/\\\/www.ucaldas.edu.co\\\/portal\\\/#organization\"},\"alternateName\":\"U. de Caldas\",\"potentialAction\":[{\"@type\":\"SearchAction\",\"target\":{\"@type\":\"EntryPoint\",\"urlTemplate\":\"https:\\\/\\\/www.ucaldas.edu.co\\\/portal\\\/?s={search_term_string}\"},\"query-input\":{\"@type\":\"PropertyValueSpecification\",\"valueRequired\":true,\"valueName\":\"search_term_string\"}}],\"inLanguage\":\"es\"},{\"@type\":\"Organization\",\"@id\":\"https:\\\/\\\/www.ucaldas.edu.co\\\/portal\\\/#organization\",\"name\":\"Universidad de Caldas\",\"alternateName\":\"U. de Caldas\",\"url\":\"https:\\\/\\\/www.ucaldas.edu.co\\\/portal\\\/\",\"logo\":{\"@type\":\"ImageObject\",\"inLanguage\":\"es\",\"@id\":\"https:\\\/\\\/www.ucaldas.edu.co\\\/portal\\\/#\\\/schema\\\/logo\\\/image\\\/\",\"url\":\"https:\\\/\\\/www.ucaldas.edu.co\\\/portal\\\/wp-content\\\/uploads\\\/2023\\\/11\\\/Logo_horizontal_oscuroU-2023.png\",\"contentUrl\":\"https:\\\/\\\/www.ucaldas.edu.co\\\/portal\\\/wp-content\\\/uploads\\\/2023\\\/11\\\/Logo_horizontal_oscuroU-2023.png\",\"width\":263,\"height\":101,\"caption\":\"Universidad de Caldas\"},\"image\":{\"@id\":\"https:\\\/\\\/www.ucaldas.edu.co\\\/portal\\\/#\\\/schema\\\/logo\\\/image\\\/\"},\"sameAs\":[\"https:\\\/\\\/www.facebook.com\\\/udecaldas\",\"https:\\\/\\\/x.com\\\/udecaldas\",\"https:\\\/\\\/www.youtube.com\\\/universidadcaldas\",\"https:\\\/\\\/www.instagram.com\\\/udecaldas\\\/\"]},{\"@type\":\"Person\",\"@id\":\"https:\\\/\\\/www.ucaldas.edu.co\\\/portal\\\/#\\\/schema\\\/person\\\/a1b482e23449158b4bc319926c074fdf\",\"name\":\"ofiprensa\",\"image\":{\"@type\":\"ImageObject\",\"inLanguage\":\"es\",\"@id\":\"https:\\\/\\\/www.ucaldas.edu.co\\\/portal\\\/wp-content\\\/litespeed\\\/avatar\\\/09ea5085e600095a7a811142c6944527.jpg?ver=1777497608\",\"url\":\"https:\\\/\\\/www.ucaldas.edu.co\\\/portal\\\/wp-content\\\/litespeed\\\/avatar\\\/09ea5085e600095a7a811142c6944527.jpg?ver=1777497608\",\"contentUrl\":\"https:\\\/\\\/www.ucaldas.edu.co\\\/portal\\\/wp-content\\\/litespeed\\\/avatar\\\/09ea5085e600095a7a811142c6944527.jpg?ver=1777497608\",\"caption\":\"ofiprensa\"},\"url\":\"https:\\\/\\\/www.ucaldas.edu.co\\\/portal\\\/author\\\/ofiprensa\\\/\"}]}<\/script>\n<!-- \/ Yoast SEO plugin. -->","yoast_head_json":{"title":"Convocatoria J\u00f3venes L\u00edderes Iberoamericanos tiene abiertas sus inscripciones .","robots":{"index":"index","follow":"follow","max-snippet":"max-snippet:-1","max-image-preview":"max-image-preview:large","max-video-preview":"max-video-preview:-1"},"canonical":"https:\/\/www.ucaldas.edu.co\/portal\/convocatoria-jovenes-lideres-iberoamericanos-tiene-abiertas-sus-inscripciones\/","schema":{"@context":"https:\/\/schema.org","@graph":[{"@type":"Article","@id":"https:\/\/www.ucaldas.edu.co\/portal\/convocatoria-jovenes-lideres-iberoamericanos-tiene-abiertas-sus-inscripciones\/#article","isPartOf":{"@id":"https:\/\/www.ucaldas.edu.co\/portal\/convocatoria-jovenes-lideres-iberoamericanos-tiene-abiertas-sus-inscripciones\/"},"author":{"name":"ofiprensa","@id":"https:\/\/www.ucaldas.edu.co\/portal\/#\/schema\/person\/a1b482e23449158b4bc319926c074fdf"},"headline":"Convocatoria J\u00f3venes L\u00edderes Iberoamericanos tiene abiertas sus inscripciones","datePublished":"2011-05-06T16:26:56+00:00","mainEntityOfPage":{"@id":"https:\/\/www.ucaldas.edu.co\/portal\/convocatoria-jovenes-lideres-iberoamericanos-tiene-abiertas-sus-inscripciones\/"},"wordCount":387,"publisher":{"@id":"https:\/\/www.ucaldas.edu.co\/portal\/#organization"},"image":{"@id":"https:\/\/www.ucaldas.edu.co\/portal\/convocatoria-jovenes-lideres-iberoamericanos-tiene-abiertas-sus-inscripciones\/#primaryimage"},"thumbnailUrl":"http:\/\/www.ucaldas.edu.co\/images\/fundacion_carolina.jpg","articleSection":["Actualidad","Universidad al D\u00eda"],"inLanguage":"es"},{"@type":"WebPage","@id":"https:\/\/www.ucaldas.edu.co\/portal\/convocatoria-jovenes-lideres-iberoamericanos-tiene-abiertas-sus-inscripciones\/","url":"https:\/\/www.ucaldas.edu.co\/portal\/convocatoria-jovenes-lideres-iberoamericanos-tiene-abiertas-sus-inscripciones\/","name":"Convocatoria J\u00f3venes L\u00edderes Iberoamericanos tiene abiertas sus inscripciones .","isPartOf":{"@id":"https:\/\/www.ucaldas.edu.co\/portal\/#website"},"primaryImageOfPage":{"@id":"https:\/\/www.ucaldas.edu.co\/portal\/convocatoria-jovenes-lideres-iberoamericanos-tiene-abiertas-sus-inscripciones\/#primaryimage"},"image":{"@id":"https:\/\/www.ucaldas.edu.co\/portal\/convocatoria-jovenes-lideres-iberoamericanos-tiene-abiertas-sus-inscripciones\/#primaryimage"},"thumbnailUrl":"http:\/\/www.ucaldas.edu.co\/images\/fundacion_carolina.jpg","datePublished":"2011-05-06T16:26:56+00:00","breadcrumb":{"@id":"https:\/\/www.ucaldas.edu.co\/portal\/convocatoria-jovenes-lideres-iberoamericanos-tiene-abiertas-sus-inscripciones\/#breadcrumb"},"inLanguage":"es","potentialAction":[{"@type":"ReadAction","target":["https:\/\/www.ucaldas.edu.co\/portal\/convocatoria-jovenes-lideres-iberoamericanos-tiene-abiertas-sus-inscripciones\/"]}]},{"@type":"ImageObject","inLanguage":"es","@id":"https:\/\/www.ucaldas.edu.co\/portal\/convocatoria-jovenes-lideres-iberoamericanos-tiene-abiertas-sus-inscripciones\/#primaryimage","url":"http:\/\/www.ucaldas.edu.co\/images\/fundacion_carolina.jpg","contentUrl":"http:\/\/www.ucaldas.edu.co\/images\/fundacion_carolina.jpg"},{"@type":"BreadcrumbList","@id":"https:\/\/www.ucaldas.edu.co\/portal\/convocatoria-jovenes-lideres-iberoamericanos-tiene-abiertas-sus-inscripciones\/#breadcrumb","itemListElement":[{"@type":"ListItem","position":1,"name":"Portada","item":"https:\/\/www.ucaldas.edu.co\/portal\/"},{"@type":"ListItem","position":2,"name":"Convocatoria J\u00f3venes L\u00edderes Iberoamericanos tiene abiertas sus inscripciones"}]},{"@type":"WebSite","@id":"https:\/\/www.ucaldas.edu.co\/portal\/#website","url":"https:\/\/www.ucaldas.edu.co\/portal\/","name":"Universidad de Caldas","description":"","publisher":{"@id":"https:\/\/www.ucaldas.edu.co\/portal\/#organization"},"alternateName":"U. de Caldas","potentialAction":[{"@type":"SearchAction","target":{"@type":"EntryPoint","urlTemplate":"https:\/\/www.ucaldas.edu.co\/portal\/?s={search_term_string}"},"query-input":{"@type":"PropertyValueSpecification","valueRequired":true,"valueName":"search_term_string"}}],"inLanguage":"es"},{"@type":"Organization","@id":"https:\/\/www.ucaldas.edu.co\/portal\/#organization","name":"Universidad de Caldas","alternateName":"U. de Caldas","url":"https:\/\/www.ucaldas.edu.co\/portal\/","logo":{"@type":"ImageObject","inLanguage":"es","@id":"https:\/\/www.ucaldas.edu.co\/portal\/#\/schema\/logo\/image\/","url":"https:\/\/www.ucaldas.edu.co\/portal\/wp-content\/uploads\/2023\/11\/Logo_horizontal_oscuroU-2023.png","contentUrl":"https:\/\/www.ucaldas.edu.co\/portal\/wp-content\/uploads\/2023\/11\/Logo_horizontal_oscuroU-2023.png","width":263,"height":101,"caption":"Universidad de Caldas"},"image":{"@id":"https:\/\/www.ucaldas.edu.co\/portal\/#\/schema\/logo\/image\/"},"sameAs":["https:\/\/www.facebook.com\/udecaldas","https:\/\/x.com\/udecaldas","https:\/\/www.youtube.com\/universidadcaldas","https:\/\/www.instagram.com\/udecaldas\/"]},{"@type":"Person","@id":"https:\/\/www.ucaldas.edu.co\/portal\/#\/schema\/person\/a1b482e23449158b4bc319926c074fdf","name":"ofiprensa","image":{"@type":"ImageObject","inLanguage":"es","@id":"https:\/\/www.ucaldas.edu.co\/portal\/wp-content\/litespeed\/avatar\/09ea5085e600095a7a811142c6944527.jpg?ver=1777497608","url":"https:\/\/www.ucaldas.edu.co\/portal\/wp-content\/litespeed\/avatar\/09ea5085e600095a7a811142c6944527.jpg?ver=1777497608","contentUrl":"https:\/\/www.ucaldas.edu.co\/portal\/wp-content\/litespeed\/avatar\/09ea5085e600095a7a811142c6944527.jpg?ver=1777497608","caption":"ofiprensa"},"url":"https:\/\/www.ucaldas.edu.co\/portal\/author\/ofiprensa\/"}]}},"_links":{"self":[{"href":"https:\/\/www.ucaldas.edu.co\/portal\/wp-json\/wp\/v2\/posts\/8214","targetHints":{"allow":["GET"]}}],"collection":[{"href":"https:\/\/www.ucaldas.edu.co\/portal\/wp-json\/wp\/v2\/posts"}],"about":[{"href":"https:\/\/www.ucaldas.edu.co\/portal\/wp-json\/wp\/v2\/types\/post"}],"author":[{"embeddable":true,"href":"https:\/\/www.ucaldas.edu.co\/portal\/wp-json\/wp\/v2\/users\/2"}],"replies":[{"embeddable":true,"href":"https:\/\/www.ucaldas.edu.co\/portal\/wp-json\/wp\/v2\/comments?post=8214"}],"version-history":[{"count":0,"href":"https:\/\/www.ucaldas.edu.co\/portal\/wp-json\/wp\/v2\/posts\/8214\/revisions"}],"wp:attachment":[{"href":"https:\/\/www.ucaldas.edu.co\/portal\/wp-json\/wp\/v2\/media?parent=8214"}],"wp:term":[{"taxonomy":"category","embeddable":true,"href":"https:\/\/www.ucaldas.edu.co\/portal\/wp-json\/wp\/v2\/categories?post=8214"},{"taxonomy":"post_tag","embeddable":true,"href":"https:\/\/www.ucaldas.edu.co\/portal\/wp-json\/wp\/v2\/tags?post=8214"}],"curies":[{"name":"wp","href":"https:\/\/api.w.org\/{rel}","templated":true}]}}