{"id":8211,"date":"2011-05-06T11:25:38","date_gmt":"2011-05-06T16:25:38","guid":{"rendered":"https:\/\/www.ucaldas.edu.co\/portal\/?p=8211"},"modified":"2011-05-06T11:25:38","modified_gmt":"2011-05-06T16:25:38","slug":"inscripciones-abiertas-para-el-seminario-conociendo-el-mundo-de-tu-perro","status":"publish","type":"post","link":"https:\/\/www.ucaldas.edu.co\/portal\/inscripciones-abiertas-para-el-seminario-conociendo-el-mundo-de-tu-perro\/","title":{"rendered":"Inscripciones abiertas para el Seminario Conociendo el mundo de tu perro"},"content":{"rendered":"<p>Ser\u00e1 el s\u00e1bado 14 y el domingo 15 de mayo del 2011<\/p>\n<hr \/>\n<p align=\"right\"><b>06\/05\/2011<\/b><\/p>\n<p align=\"right\">\n<p align=\"right\">\n<table border=\"0\">\n<tbody>\n<tr>\n<td><img loading=\"lazy\" decoding=\"async\" style=\"border: 0px\" alt=\"Seminario\" src=\"http:\/\/www.ucaldas.edu.co\/images\/tmp\/seminario_elmundo_perro.jpg\" width=\"240\" height=\"150\" border=\"0\" \/><\/td>\n<td>Ya <b>est\u00e1n abiertas<\/b> las <b>inscripciones <\/b>para el <b>Seminario Conociendo el mundo de tu perro,<\/b> organizado por la <b>Oficina<\/b><b> de Egresados<\/b> de la <b>Universidad<\/b><b> de Caldas,<\/b> la <b>Asociaci\u00f3n<\/b><b> de Egresados de<\/b> <b>Veterinaria<\/b> (Asevez) y por el <b>Colegio de M\u00e9dicos Veterinarios Zootecnistas de Caldas<\/b> (COMVEZCAL), con el <b>apoyo<\/b> de <b>Nutre Can<\/b> y <b>Novartis Animal Health.<\/b><\/p>\n<p>&nbsp;<\/p>\n<p>Ser\u00e1 el s\u00e1bado 14 y el domingo 15 de mayo del 2011. Est\u00e1 dirigido a veterinarios, auxiliares y propietarios apasionados del mundo canino.<\/td>\n<\/tr>\n<\/tbody>\n<\/table>\n<p>&nbsp;<\/p>\n<p>&nbsp;<\/p>\n<p>Los objetivos son fortalecer el v\u00ednculo de los propietarios y sus mascotas, brindar un espacio de profunda interacci\u00f3n, dar a conocer el fascinante mundo comportamental de los caninos, entre otros.<\/p>\n<p>&nbsp;<\/p>\n<p>Claudia Liliana Rodr\u00edguez, coordinadora de varios proyectos colombianos en Educaci\u00f3n sobre Tenencia Responsable orientar\u00e1 el taller, que tiene un costo de $50 mil, valor que incluye memorias y refrigerio. Los egresados carnetizados tendr\u00e1n el 10% de descuento.<\/p>\n<p>&nbsp;<\/p>\n<p>El s\u00e1bado 14 de mayo del 2011, a las 7:00 p.m. en el restaurante El Pe\u00f1\u00f3n se realizar\u00e1 el conversatorio <i>Valor agregado de la etolog\u00eda en la consulta veterinaria. <\/i>Tiene un costo de $30 mil, que incluye refrigerio.<\/p>\n<p>&nbsp;<\/p>\n<p>El domingo 15 de mayo del 2011 se llevar\u00e1 a cabo el Seminario Conociendo el mundo de tu perro, de 8:30 a.m. a 5:00 p.m. en el Auditorio M\u00e9lida Restrepo de Fraume y en el Hospital Veterinario, de la Facultad de Ciencias Agropecuarias de la U. de Caldas.<\/p>\n<p>&nbsp;<\/p>\n<p><b>Informes: <\/b>en la Oficina de Asevez,\u00a0 en la U. de Caldas. Tel\u00e9fono: 887 64 36.<\/p>\n","protected":false},"excerpt":{"rendered":"<p>Ser\u00e1 el s\u00e1bado 14 y el domingo 15 de mayo del 2011 06\/05\/2011 Ya est\u00e1n abiertas las inscripciones para el Seminario Conociendo el mundo de tu perro, organizado por la Oficina de Egresados de la Universidad de Caldas, la Asociaci\u00f3n de Egresados de Veterinaria (Asevez) y por el Colegio de M\u00e9dicos Veterinarios Zootecnistas de Caldas [&hellip;]<\/p>\n","protected":false},"author":2,"featured_media":0,"comment_status":"closed","ping_status":"closed","sticky":false,"template":"","format":"standard","meta":{"footnotes":""},"categories":[48,53],"tags":[],"class_list":["post-8211","post","type-post","status-publish","format-standard","hentry","category-actualidad","category-universidad-al-dia"],"yoast_head":"<!-- This site is optimized with the Yoast SEO plugin v27.5 - https:\/\/yoast.com\/product\/yoast-seo-wordpress\/ -->\n<title>Inscripciones abiertas para el Seminario Conociendo el mundo de tu perro .<\/title>\n<meta name=\"robots\" content=\"index, follow, max-snippet:-1, max-image-preview:large, max-video-preview:-1\" \/>\n<link rel=\"canonical\" href=\"https:\/\/www.ucaldas.edu.co\/portal\/inscripciones-abiertas-para-el-seminario-conociendo-el-mundo-de-tu-perro\/\" \/>\n<script type=\"application\/ld+json\" class=\"yoast-schema-graph\">{\"@context\":\"https:\\\/\\\/schema.org\",\"@graph\":[{\"@type\":\"Article\",\"@id\":\"https:\\\/\\\/www.ucaldas.edu.co\\\/portal\\\/inscripciones-abiertas-para-el-seminario-conociendo-el-mundo-de-tu-perro\\\/#article\",\"isPartOf\":{\"@id\":\"https:\\\/\\\/www.ucaldas.edu.co\\\/portal\\\/inscripciones-abiertas-para-el-seminario-conociendo-el-mundo-de-tu-perro\\\/\"},\"author\":{\"name\":\"ofiprensa\",\"@id\":\"https:\\\/\\\/www.ucaldas.edu.co\\\/portal\\\/#\\\/schema\\\/person\\\/a1b482e23449158b4bc319926c074fdf\"},\"headline\":\"Inscripciones abiertas para el Seminario Conociendo el mundo de tu perro\",\"datePublished\":\"2011-05-06T16:25:38+00:00\",\"mainEntityOfPage\":{\"@id\":\"https:\\\/\\\/www.ucaldas.edu.co\\\/portal\\\/inscripciones-abiertas-para-el-seminario-conociendo-el-mundo-de-tu-perro\\\/\"},\"wordCount\":273,\"publisher\":{\"@id\":\"https:\\\/\\\/www.ucaldas.edu.co\\\/portal\\\/#organization\"},\"image\":{\"@id\":\"https:\\\/\\\/www.ucaldas.edu.co\\\/portal\\\/inscripciones-abiertas-para-el-seminario-conociendo-el-mundo-de-tu-perro\\\/#primaryimage\"},\"thumbnailUrl\":\"http:\\\/\\\/www.ucaldas.edu.co\\\/images\\\/tmp\\\/seminario_elmundo_perro.jpg\",\"articleSection\":[\"Actualidad\",\"Universidad al D\u00eda\"],\"inLanguage\":\"es\"},{\"@type\":\"WebPage\",\"@id\":\"https:\\\/\\\/www.ucaldas.edu.co\\\/portal\\\/inscripciones-abiertas-para-el-seminario-conociendo-el-mundo-de-tu-perro\\\/\",\"url\":\"https:\\\/\\\/www.ucaldas.edu.co\\\/portal\\\/inscripciones-abiertas-para-el-seminario-conociendo-el-mundo-de-tu-perro\\\/\",\"name\":\"Inscripciones abiertas para el Seminario Conociendo el mundo de tu perro .\",\"isPartOf\":{\"@id\":\"https:\\\/\\\/www.ucaldas.edu.co\\\/portal\\\/#website\"},\"primaryImageOfPage\":{\"@id\":\"https:\\\/\\\/www.ucaldas.edu.co\\\/portal\\\/inscripciones-abiertas-para-el-seminario-conociendo-el-mundo-de-tu-perro\\\/#primaryimage\"},\"image\":{\"@id\":\"https:\\\/\\\/www.ucaldas.edu.co\\\/portal\\\/inscripciones-abiertas-para-el-seminario-conociendo-el-mundo-de-tu-perro\\\/#primaryimage\"},\"thumbnailUrl\":\"http:\\\/\\\/www.ucaldas.edu.co\\\/images\\\/tmp\\\/seminario_elmundo_perro.jpg\",\"datePublished\":\"2011-05-06T16:25:38+00:00\",\"breadcrumb\":{\"@id\":\"https:\\\/\\\/www.ucaldas.edu.co\\\/portal\\\/inscripciones-abiertas-para-el-seminario-conociendo-el-mundo-de-tu-perro\\\/#breadcrumb\"},\"inLanguage\":\"es\",\"potentialAction\":[{\"@type\":\"ReadAction\",\"target\":[\"https:\\\/\\\/www.ucaldas.edu.co\\\/portal\\\/inscripciones-abiertas-para-el-seminario-conociendo-el-mundo-de-tu-perro\\\/\"]}]},{\"@type\":\"ImageObject\",\"inLanguage\":\"es\",\"@id\":\"https:\\\/\\\/www.ucaldas.edu.co\\\/portal\\\/inscripciones-abiertas-para-el-seminario-conociendo-el-mundo-de-tu-perro\\\/#primaryimage\",\"url\":\"http:\\\/\\\/www.ucaldas.edu.co\\\/images\\\/tmp\\\/seminario_elmundo_perro.jpg\",\"contentUrl\":\"http:\\\/\\\/www.ucaldas.edu.co\\\/images\\\/tmp\\\/seminario_elmundo_perro.jpg\"},{\"@type\":\"BreadcrumbList\",\"@id\":\"https:\\\/\\\/www.ucaldas.edu.co\\\/portal\\\/inscripciones-abiertas-para-el-seminario-conociendo-el-mundo-de-tu-perro\\\/#breadcrumb\",\"itemListElement\":[{\"@type\":\"ListItem\",\"position\":1,\"name\":\"Portada\",\"item\":\"https:\\\/\\\/www.ucaldas.edu.co\\\/portal\\\/\"},{\"@type\":\"ListItem\",\"position\":2,\"name\":\"Inscripciones abiertas para el Seminario Conociendo el mundo de tu perro\"}]},{\"@type\":\"WebSite\",\"@id\":\"https:\\\/\\\/www.ucaldas.edu.co\\\/portal\\\/#website\",\"url\":\"https:\\\/\\\/www.ucaldas.edu.co\\\/portal\\\/\",\"name\":\"Universidad de Caldas\",\"description\":\"\",\"publisher\":{\"@id\":\"https:\\\/\\\/www.ucaldas.edu.co\\\/portal\\\/#organization\"},\"alternateName\":\"U. de Caldas\",\"potentialAction\":[{\"@type\":\"SearchAction\",\"target\":{\"@type\":\"EntryPoint\",\"urlTemplate\":\"https:\\\/\\\/www.ucaldas.edu.co\\\/portal\\\/?s={search_term_string}\"},\"query-input\":{\"@type\":\"PropertyValueSpecification\",\"valueRequired\":true,\"valueName\":\"search_term_string\"}}],\"inLanguage\":\"es\"},{\"@type\":\"Organization\",\"@id\":\"https:\\\/\\\/www.ucaldas.edu.co\\\/portal\\\/#organization\",\"name\":\"Universidad de Caldas\",\"alternateName\":\"U. de Caldas\",\"url\":\"https:\\\/\\\/www.ucaldas.edu.co\\\/portal\\\/\",\"logo\":{\"@type\":\"ImageObject\",\"inLanguage\":\"es\",\"@id\":\"https:\\\/\\\/www.ucaldas.edu.co\\\/portal\\\/#\\\/schema\\\/logo\\\/image\\\/\",\"url\":\"https:\\\/\\\/www.ucaldas.edu.co\\\/portal\\\/wp-content\\\/uploads\\\/2023\\\/11\\\/Logo_horizontal_oscuroU-2023.png\",\"contentUrl\":\"https:\\\/\\\/www.ucaldas.edu.co\\\/portal\\\/wp-content\\\/uploads\\\/2023\\\/11\\\/Logo_horizontal_oscuroU-2023.png\",\"width\":263,\"height\":101,\"caption\":\"Universidad de Caldas\"},\"image\":{\"@id\":\"https:\\\/\\\/www.ucaldas.edu.co\\\/portal\\\/#\\\/schema\\\/logo\\\/image\\\/\"},\"sameAs\":[\"https:\\\/\\\/www.facebook.com\\\/udecaldas\",\"https:\\\/\\\/x.com\\\/udecaldas\",\"https:\\\/\\\/www.youtube.com\\\/universidadcaldas\",\"https:\\\/\\\/www.instagram.com\\\/udecaldas\\\/\"]},{\"@type\":\"Person\",\"@id\":\"https:\\\/\\\/www.ucaldas.edu.co\\\/portal\\\/#\\\/schema\\\/person\\\/a1b482e23449158b4bc319926c074fdf\",\"name\":\"ofiprensa\",\"image\":{\"@type\":\"ImageObject\",\"inLanguage\":\"es\",\"@id\":\"https:\\\/\\\/www.ucaldas.edu.co\\\/portal\\\/wp-content\\\/litespeed\\\/avatar\\\/09ea5085e600095a7a811142c6944527.jpg?ver=1777497608\",\"url\":\"https:\\\/\\\/www.ucaldas.edu.co\\\/portal\\\/wp-content\\\/litespeed\\\/avatar\\\/09ea5085e600095a7a811142c6944527.jpg?ver=1777497608\",\"contentUrl\":\"https:\\\/\\\/www.ucaldas.edu.co\\\/portal\\\/wp-content\\\/litespeed\\\/avatar\\\/09ea5085e600095a7a811142c6944527.jpg?ver=1777497608\",\"caption\":\"ofiprensa\"},\"url\":\"https:\\\/\\\/www.ucaldas.edu.co\\\/portal\\\/author\\\/ofiprensa\\\/\"}]}<\/script>\n<!-- \/ Yoast SEO plugin. -->","yoast_head_json":{"title":"Inscripciones abiertas para el Seminario Conociendo el mundo de tu perro .","robots":{"index":"index","follow":"follow","max-snippet":"max-snippet:-1","max-image-preview":"max-image-preview:large","max-video-preview":"max-video-preview:-1"},"canonical":"https:\/\/www.ucaldas.edu.co\/portal\/inscripciones-abiertas-para-el-seminario-conociendo-el-mundo-de-tu-perro\/","schema":{"@context":"https:\/\/schema.org","@graph":[{"@type":"Article","@id":"https:\/\/www.ucaldas.edu.co\/portal\/inscripciones-abiertas-para-el-seminario-conociendo-el-mundo-de-tu-perro\/#article","isPartOf":{"@id":"https:\/\/www.ucaldas.edu.co\/portal\/inscripciones-abiertas-para-el-seminario-conociendo-el-mundo-de-tu-perro\/"},"author":{"name":"ofiprensa","@id":"https:\/\/www.ucaldas.edu.co\/portal\/#\/schema\/person\/a1b482e23449158b4bc319926c074fdf"},"headline":"Inscripciones abiertas para el Seminario Conociendo el mundo de tu perro","datePublished":"2011-05-06T16:25:38+00:00","mainEntityOfPage":{"@id":"https:\/\/www.ucaldas.edu.co\/portal\/inscripciones-abiertas-para-el-seminario-conociendo-el-mundo-de-tu-perro\/"},"wordCount":273,"publisher":{"@id":"https:\/\/www.ucaldas.edu.co\/portal\/#organization"},"image":{"@id":"https:\/\/www.ucaldas.edu.co\/portal\/inscripciones-abiertas-para-el-seminario-conociendo-el-mundo-de-tu-perro\/#primaryimage"},"thumbnailUrl":"http:\/\/www.ucaldas.edu.co\/images\/tmp\/seminario_elmundo_perro.jpg","articleSection":["Actualidad","Universidad al D\u00eda"],"inLanguage":"es"},{"@type":"WebPage","@id":"https:\/\/www.ucaldas.edu.co\/portal\/inscripciones-abiertas-para-el-seminario-conociendo-el-mundo-de-tu-perro\/","url":"https:\/\/www.ucaldas.edu.co\/portal\/inscripciones-abiertas-para-el-seminario-conociendo-el-mundo-de-tu-perro\/","name":"Inscripciones abiertas para el Seminario Conociendo el mundo de tu perro .","isPartOf":{"@id":"https:\/\/www.ucaldas.edu.co\/portal\/#website"},"primaryImageOfPage":{"@id":"https:\/\/www.ucaldas.edu.co\/portal\/inscripciones-abiertas-para-el-seminario-conociendo-el-mundo-de-tu-perro\/#primaryimage"},"image":{"@id":"https:\/\/www.ucaldas.edu.co\/portal\/inscripciones-abiertas-para-el-seminario-conociendo-el-mundo-de-tu-perro\/#primaryimage"},"thumbnailUrl":"http:\/\/www.ucaldas.edu.co\/images\/tmp\/seminario_elmundo_perro.jpg","datePublished":"2011-05-06T16:25:38+00:00","breadcrumb":{"@id":"https:\/\/www.ucaldas.edu.co\/portal\/inscripciones-abiertas-para-el-seminario-conociendo-el-mundo-de-tu-perro\/#breadcrumb"},"inLanguage":"es","potentialAction":[{"@type":"ReadAction","target":["https:\/\/www.ucaldas.edu.co\/portal\/inscripciones-abiertas-para-el-seminario-conociendo-el-mundo-de-tu-perro\/"]}]},{"@type":"ImageObject","inLanguage":"es","@id":"https:\/\/www.ucaldas.edu.co\/portal\/inscripciones-abiertas-para-el-seminario-conociendo-el-mundo-de-tu-perro\/#primaryimage","url":"http:\/\/www.ucaldas.edu.co\/images\/tmp\/seminario_elmundo_perro.jpg","contentUrl":"http:\/\/www.ucaldas.edu.co\/images\/tmp\/seminario_elmundo_perro.jpg"},{"@type":"BreadcrumbList","@id":"https:\/\/www.ucaldas.edu.co\/portal\/inscripciones-abiertas-para-el-seminario-conociendo-el-mundo-de-tu-perro\/#breadcrumb","itemListElement":[{"@type":"ListItem","position":1,"name":"Portada","item":"https:\/\/www.ucaldas.edu.co\/portal\/"},{"@type":"ListItem","position":2,"name":"Inscripciones abiertas para el Seminario Conociendo el mundo de tu perro"}]},{"@type":"WebSite","@id":"https:\/\/www.ucaldas.edu.co\/portal\/#website","url":"https:\/\/www.ucaldas.edu.co\/portal\/","name":"Universidad de Caldas","description":"","publisher":{"@id":"https:\/\/www.ucaldas.edu.co\/portal\/#organization"},"alternateName":"U. de Caldas","potentialAction":[{"@type":"SearchAction","target":{"@type":"EntryPoint","urlTemplate":"https:\/\/www.ucaldas.edu.co\/portal\/?s={search_term_string}"},"query-input":{"@type":"PropertyValueSpecification","valueRequired":true,"valueName":"search_term_string"}}],"inLanguage":"es"},{"@type":"Organization","@id":"https:\/\/www.ucaldas.edu.co\/portal\/#organization","name":"Universidad de Caldas","alternateName":"U. de Caldas","url":"https:\/\/www.ucaldas.edu.co\/portal\/","logo":{"@type":"ImageObject","inLanguage":"es","@id":"https:\/\/www.ucaldas.edu.co\/portal\/#\/schema\/logo\/image\/","url":"https:\/\/www.ucaldas.edu.co\/portal\/wp-content\/uploads\/2023\/11\/Logo_horizontal_oscuroU-2023.png","contentUrl":"https:\/\/www.ucaldas.edu.co\/portal\/wp-content\/uploads\/2023\/11\/Logo_horizontal_oscuroU-2023.png","width":263,"height":101,"caption":"Universidad de Caldas"},"image":{"@id":"https:\/\/www.ucaldas.edu.co\/portal\/#\/schema\/logo\/image\/"},"sameAs":["https:\/\/www.facebook.com\/udecaldas","https:\/\/x.com\/udecaldas","https:\/\/www.youtube.com\/universidadcaldas","https:\/\/www.instagram.com\/udecaldas\/"]},{"@type":"Person","@id":"https:\/\/www.ucaldas.edu.co\/portal\/#\/schema\/person\/a1b482e23449158b4bc319926c074fdf","name":"ofiprensa","image":{"@type":"ImageObject","inLanguage":"es","@id":"https:\/\/www.ucaldas.edu.co\/portal\/wp-content\/litespeed\/avatar\/09ea5085e600095a7a811142c6944527.jpg?ver=1777497608","url":"https:\/\/www.ucaldas.edu.co\/portal\/wp-content\/litespeed\/avatar\/09ea5085e600095a7a811142c6944527.jpg?ver=1777497608","contentUrl":"https:\/\/www.ucaldas.edu.co\/portal\/wp-content\/litespeed\/avatar\/09ea5085e600095a7a811142c6944527.jpg?ver=1777497608","caption":"ofiprensa"},"url":"https:\/\/www.ucaldas.edu.co\/portal\/author\/ofiprensa\/"}]}},"_links":{"self":[{"href":"https:\/\/www.ucaldas.edu.co\/portal\/wp-json\/wp\/v2\/posts\/8211","targetHints":{"allow":["GET"]}}],"collection":[{"href":"https:\/\/www.ucaldas.edu.co\/portal\/wp-json\/wp\/v2\/posts"}],"about":[{"href":"https:\/\/www.ucaldas.edu.co\/portal\/wp-json\/wp\/v2\/types\/post"}],"author":[{"embeddable":true,"href":"https:\/\/www.ucaldas.edu.co\/portal\/wp-json\/wp\/v2\/users\/2"}],"replies":[{"embeddable":true,"href":"https:\/\/www.ucaldas.edu.co\/portal\/wp-json\/wp\/v2\/comments?post=8211"}],"version-history":[{"count":0,"href":"https:\/\/www.ucaldas.edu.co\/portal\/wp-json\/wp\/v2\/posts\/8211\/revisions"}],"wp:attachment":[{"href":"https:\/\/www.ucaldas.edu.co\/portal\/wp-json\/wp\/v2\/media?parent=8211"}],"wp:term":[{"taxonomy":"category","embeddable":true,"href":"https:\/\/www.ucaldas.edu.co\/portal\/wp-json\/wp\/v2\/categories?post=8211"},{"taxonomy":"post_tag","embeddable":true,"href":"https:\/\/www.ucaldas.edu.co\/portal\/wp-json\/wp\/v2\/tags?post=8211"}],"curies":[{"name":"wp","href":"https:\/\/api.w.org\/{rel}","templated":true}]}}