{"id":82059,"date":"2024-06-17T18:42:04","date_gmt":"2024-06-17T23:42:04","guid":{"rendered":"https:\/\/www.ucaldas.edu.co\/portal\/?p=82059"},"modified":"2024-06-18T09:33:44","modified_gmt":"2024-06-18T14:33:44","slug":"con-tesis-doctoral-laureada-paula-andrea-ossa-es-la-primera-doctora-en-ciencias-de-la-biologia-de-la-universidad-de-caldas","status":"publish","type":"post","link":"https:\/\/www.ucaldas.edu.co\/portal\/con-tesis-doctoral-laureada-paula-andrea-ossa-es-la-primera-doctora-en-ciencias-de-la-biologia-de-la-universidad-de-caldas\/","title":{"rendered":"Con tesis doctoral laureada, Paula Andrea Ossa es la primera doctora en Ciencias de la Biolog\u00eda de la Universidad de Caldas"},"content":{"rendered":"<div class=\"wpb-content-wrapper\"><p>[vc_row][vc_column][vc_column_text]<\/p>\n<p style=\"text-align: justify;\"><img loading=\"lazy\" decoding=\"async\" class=\"alignnone size-full wp-image-82064\" src=\"https:\/\/www.ucaldas.edu.co\/portal\/wp-content\/uploads\/2024\/06\/Paula-doc-si-scaled.jpg\" alt=\"Foto de Paula Ossa, la primer doctora en Ciencias Biol\u00f3gicas de la U. de Caldas. Su tesis fue laureada y se enfoca en el estudio de las garrapatas como transmisoras de graves enfermedades.\" width=\"2560\" height=\"1707\" \/>Esta evaluaci\u00f3n reconoce la \u00a0labor en investigaci\u00f3n de Paula Andrea Ossa L\u00f3pez, bi\u00f3loga de la Universidad de Caldas, mag\u00edster en Ciencias Biol\u00f3gicas y seleccionada, en el a\u00f1o 2022, como Mujer en la Ciencia. <!--more--><\/p>\n<p style=\"text-align: justify;\">Su trabajo se enfoca en el estudio de las garrapatas asociadas a mam\u00edferos en la Orinoqu\u00eda Colombiana. Su \u00e1rea de investigaci\u00f3n se centra en las interacciones entre vectores, pat\u00f3genos y hospedadores en esta regi\u00f3n del pa\u00eds. Paula no s\u00f3lo emple\u00f3 herramientas cl\u00e1sicas y morfol\u00f3gicas, sino que tambi\u00e9n incorpor\u00f3 nuevas tecnolog\u00edas como la obtenci\u00f3n de genomas mitocondriales y la secuenciaci\u00f3n de microbiomas para la detecci\u00f3n de enfermedades que en nuestro pa\u00eds suelen estar desatendidas.<\/p>\n<p style=\"text-align: justify;\">Antes de recibir el veredicto del jurado frente a su tesis doctoral, Paula logr\u00f3 publicar seis art\u00edculos cient\u00edficos como primera autora, cinco art\u00edculos que se encuentran en revistas Q1 y uno m\u00e1s en revista Q2. Adicionalmente, fue coautora de cuatro art\u00edculos \u00a0derivados de su investigaci\u00f3n en la Orinoqu\u00eda. Este record de publicaciones internacionales, sumado a su aplicado trabajo desde el pregrado, es motivo de orgullo no s\u00f3lo para su grupo de investigaci\u00f3n, sino para toda la comunidad universitaria de la U. de Caldas.<\/p>\n<p style=\"text-align: justify;\">\u201cFelicidad, orgullo y convicci\u00f3n es lo que sentimos para decirle a la Universidad de Caldas que s\u00ed podemos y que nuestros procesos de investigaci\u00f3n tienen altos est\u00e1ndares de calidad. De aplicarse lo contenido en la tesis doctoral de Paula, se impactar\u00eda positivamente en el estudio y tratamiento de enfermedades desatendidas que est\u00e1n causando muchas muertes en el pa\u00eds. Lo que destaco de ella es su persistencia, pues fue tesis meritoria en su pregrado, tesis laureada en su maestr\u00eda y ahora tesis laureada en su doctorado\u201d, expres\u00f3 su director de tesis doctoral, Fredy Harvey Rivera P\u00e1ez.<\/p>\n<p style=\"text-align: justify;\">La Oficina de Prensa convers\u00f3 con Paula para conocer un poco m\u00e1s sobre su proceso investigativo que hoy le entrega este valioso reconocimiento.<\/p>\n<p style=\"text-align: justify;\"><strong>Oficina de Prensa:<\/strong> <em>Felicitaciones por esta tesis doctoral laureda \u00bfQu\u00e9 significa para usted este reconocimiento?<\/em><\/p>\n<p style=\"text-align: justify;\"><strong>Paula <\/strong><strong>Andrea Ossa L\u00f3pez:<\/strong> Gracias. Este reconocimiento es un gran honor y una fuente de motivaci\u00f3n para continuar con mi trabajo. Significa que la investigaci\u00f3n que estamos realizando en la Orinoqu\u00eda Colombiana est\u00e1 teniendo un impacto y que la comunidad cient\u00edfica valora nuestro esfuerzo. Tambi\u00e9n es una oportunidad para visibilizar la importancia de las garrapatas como vectores de enfermedades, un tema que a menudo se pasa por alto.<\/p>\n<p><strong>O.P:<\/strong> <em>\u00bfPuede contarnos m\u00e1s sobre su \u00e1rea de investigaci\u00f3n y por qu\u00e9 eligi\u00f3 este enfoque?<\/em><\/p>\n<p style=\"text-align: justify;\"><strong>P.O:<\/strong> Mi \u00e1rea de investigaci\u00f3n se centra en las garrapatas asociadas a mam\u00edferos en la Orinoqu\u00eda Colombiana y en las redes de interacci\u00f3n entre vectores, pat\u00f3genos y hospedadores en esta regi\u00f3n. Eleg\u00ed este enfoque porque las enfermedades transmitidas por garrapatas son un problema de salud global y nacional que no ha recibido la misma atenci\u00f3n que otros vectores como los mosquitos. Adem\u00e1s, la Orinoqu\u00eda es una zona rica en biodiversidad pero poco estudiada en t\u00e9rminos de ecolog\u00eda de enfermedades.<\/p>\n<p style=\"text-align: justify;\"><strong>O.P:<\/strong> <em>\u00bfQu\u00e9 desaf\u00edos ha enfrentado durante su investigaci\u00f3n y c\u00f3mo los ha superado?<\/em><\/p>\n<p style=\"text-align: justify;\"><strong>P.O:<\/strong> Uno de los mayores desaf\u00edos fue la pandemia de COVID-19. Tambi\u00e9n enfrentamos un incendio en nuestro laboratorio que paraliz\u00f3 nuestras actividades. A nivel personal, salir de mi zona de confort y adaptarme a nuevas herramientas y tecnolog\u00edas fue complicado. Superamos estos desaf\u00edos gracias a un trabajo en equipo muy sincronizado y a la colaboraci\u00f3n con expertos nacionales e internacionales.<\/p>\n<p style=\"text-align: justify;\"><strong>O.P:<\/strong> <em>\u00bfQu\u00e9 fortalezas personales y del equipo de investigaci\u00f3n considera claves para estos logros?<\/em><\/p>\n<p style=\"text-align: justify;\"><strong>P.O:<\/strong> A nivel personal, la disciplina y el trabajo continuo han sido fundamentales. En cuanto al equipo, trabajar con un grupo fuerte y sincronizado fue crucial. La colaboraci\u00f3n con expertos y la capacidad de publicar en revistas indexadas a nivel internacional tambi\u00e9n fueron importantes.<\/p>\n<p style=\"text-align: justify;\"><strong>O.P:<\/strong> <em>\u00bfQu\u00e9 mensaje le gustar\u00eda transmitir a las nuevas generaciones de cient\u00edficos?<\/em><\/p>\n<p style=\"text-align: justify;\"><strong>P.O:<\/strong> Quisiera decirles que la inteligencia es importante, pero la persistencia es clave. Las dificultades son parte del camino, pero con disciplina y un equipo de apoyo, es posible alcanzar altos est\u00e1ndares de calidad en la investigaci\u00f3n. Los logros no se alcanzan solos. Eso lo he aprendido a lo largo de mi carrera\u201d.<\/p>\n<p style=\"text-align: justify;\"><strong>Anexo:<\/strong><\/p>\n<p><a href=\"https:\/\/www.ucaldas.edu.co\/portal\/wp-content\/uploads\/2024\/06\/Paula-doctora.mp3\"><strong>-Audio Doctora en Ciencias de la Biolog\u00eda, Paula Andrea Ossa L\u00f3pez<\/strong><\/a><\/p>\n<audio class=\"wp-audio-shortcode\" id=\"audio-82059-1\" preload=\"none\" style=\"width: 100%;\" controls=\"controls\"><source type=\"audio\/mpeg\" src=\"https:\/\/www.ucaldas.edu.co\/portal\/wp-content\/uploads\/2024\/06\/Paula-doctora.mp3?_=1\" \/><a href=\"https:\/\/www.ucaldas.edu.co\/portal\/wp-content\/uploads\/2024\/06\/Paula-doctora.mp3\">https:\/\/www.ucaldas.edu.co\/portal\/wp-content\/uploads\/2024\/06\/Paula-doctora.mp3<\/a><\/audio>\n<p><a href=\"https:\/\/www.ucaldas.edu.co\/portal\/wp-content\/uploads\/2024\/06\/Fredy-direc-tesis.mp3\"><strong>-Audio Director tesis doctoral de Paula y director del grupo GEBIOME, Fredy Harvey Rivera Pa\u00e9z.<\/strong><\/a><\/p>\n<audio class=\"wp-audio-shortcode\" id=\"audio-82059-2\" preload=\"none\" style=\"width: 100%;\" controls=\"controls\"><source type=\"audio\/mpeg\" src=\"https:\/\/www.ucaldas.edu.co\/portal\/wp-content\/uploads\/2024\/06\/Fredy-direc-tesis.mp3?_=2\" \/><a href=\"https:\/\/www.ucaldas.edu.co\/portal\/wp-content\/uploads\/2024\/06\/Fredy-direc-tesis.mp3\">https:\/\/www.ucaldas.edu.co\/portal\/wp-content\/uploads\/2024\/06\/Fredy-direc-tesis.mp3<\/a><\/audio>\n<p>&nbsp;<\/p>\n<p>[\/vc_column_text][\/vc_column][\/vc_row][vc_row][vc_column][\/vc_column][\/vc_row][vc_row][vc_column][vc_gallery type=\u00bbimage_grid\u00bb images=\u00bb82065,82066,82067,82068,82069,82070&#8243; title=\u00bbPerseverancia y trabajo en equipo han sido fundamentales en este destacado ejercicio investigativo\u00bb][\/vc_column][\/vc_row]<\/p>\n<\/div>","protected":false},"excerpt":{"rendered":"<p>[vc_row][vc_column][vc_column_text] Esta evaluaci\u00f3n reconoce la \u00a0labor en investigaci\u00f3n de Paula Andrea Ossa L\u00f3pez, bi\u00f3loga de la Universidad de Caldas, mag\u00edster en Ciencias Biol\u00f3gicas y seleccionada, en el a\u00f1o 2022, como Mujer en la Ciencia.<\/p>\n","protected":false},"author":2,"featured_media":82064,"comment_status":"closed","ping_status":"open","sticky":false,"template":"","format":"standard","meta":{"footnotes":""},"categories":[1,48,53],"tags":[1942,2192,6502],"class_list":["post-82059","post","type-post","status-publish","format-standard","has-post-thumbnail","hentry","category-sin-categoria","category-actualidad","category-universidad-al-dia","tag-maestria-en-ciencias-biologicas","tag-universidad-de-caldas-u-de-caldas","tag-grupo-gebiome"],"yoast_head":"<!-- This site is optimized with the Yoast SEO plugin v27.5 - https:\/\/yoast.com\/product\/yoast-seo-wordpress\/ -->\n<title>Con tesis doctoral laureada, Paula Andrea Ossa es la primera doctora en Ciencias de la Biolog\u00eda de la Universidad de Caldas .<\/title>\n<meta name=\"robots\" content=\"index, follow, max-snippet:-1, max-image-preview:large, max-video-preview:-1\" \/>\n<link rel=\"canonical\" href=\"https:\/\/www.ucaldas.edu.co\/portal\/con-tesis-doctoral-laureada-paula-andrea-ossa-es-la-primera-doctora-en-ciencias-de-la-biologia-de-la-universidad-de-caldas\/\" \/>\n<script type=\"application\/ld+json\" class=\"yoast-schema-graph\">{\"@context\":\"https:\\\/\\\/schema.org\",\"@graph\":[{\"@type\":\"Article\",\"@id\":\"https:\\\/\\\/www.ucaldas.edu.co\\\/portal\\\/con-tesis-doctoral-laureada-paula-andrea-ossa-es-la-primera-doctora-en-ciencias-de-la-biologia-de-la-universidad-de-caldas\\\/#article\",\"isPartOf\":{\"@id\":\"https:\\\/\\\/www.ucaldas.edu.co\\\/portal\\\/con-tesis-doctoral-laureada-paula-andrea-ossa-es-la-primera-doctora-en-ciencias-de-la-biologia-de-la-universidad-de-caldas\\\/\"},\"author\":{\"name\":\"ofiprensa\",\"@id\":\"https:\\\/\\\/www.ucaldas.edu.co\\\/portal\\\/#\\\/schema\\\/person\\\/a1b482e23449158b4bc319926c074fdf\"},\"headline\":\"Con tesis doctoral laureada, Paula Andrea Ossa es la primera doctora en Ciencias de la Biolog\u00eda de la Universidad de Caldas\",\"datePublished\":\"2024-06-17T23:42:04+00:00\",\"dateModified\":\"2024-06-18T14:33:44+00:00\",\"mainEntityOfPage\":{\"@id\":\"https:\\\/\\\/www.ucaldas.edu.co\\\/portal\\\/con-tesis-doctoral-laureada-paula-andrea-ossa-es-la-primera-doctora-en-ciencias-de-la-biologia-de-la-universidad-de-caldas\\\/\"},\"wordCount\":890,\"publisher\":{\"@id\":\"https:\\\/\\\/www.ucaldas.edu.co\\\/portal\\\/#organization\"},\"image\":{\"@id\":\"https:\\\/\\\/www.ucaldas.edu.co\\\/portal\\\/con-tesis-doctoral-laureada-paula-andrea-ossa-es-la-primera-doctora-en-ciencias-de-la-biologia-de-la-universidad-de-caldas\\\/#primaryimage\"},\"thumbnailUrl\":\"https:\\\/\\\/www.ucaldas.edu.co\\\/portal\\\/wp-content\\\/uploads\\\/2024\\\/06\\\/Paula-doc-si-scaled.jpg\",\"keywords\":[\"Maestr\u00eda en Ciencias Biol\u00f3gicas\",\"Universidad de Caldas. U. de Caldas\",\"grupo gebiome\"],\"articleSection\":{\"1\":\"Actualidad\",\"2\":\"Universidad al D\u00eda\"},\"inLanguage\":\"es\"},{\"@type\":\"WebPage\",\"@id\":\"https:\\\/\\\/www.ucaldas.edu.co\\\/portal\\\/con-tesis-doctoral-laureada-paula-andrea-ossa-es-la-primera-doctora-en-ciencias-de-la-biologia-de-la-universidad-de-caldas\\\/\",\"url\":\"https:\\\/\\\/www.ucaldas.edu.co\\\/portal\\\/con-tesis-doctoral-laureada-paula-andrea-ossa-es-la-primera-doctora-en-ciencias-de-la-biologia-de-la-universidad-de-caldas\\\/\",\"name\":\"Con tesis doctoral laureada, Paula Andrea Ossa es la primera doctora en Ciencias de la Biolog\u00eda de la Universidad de Caldas .\",\"isPartOf\":{\"@id\":\"https:\\\/\\\/www.ucaldas.edu.co\\\/portal\\\/#website\"},\"primaryImageOfPage\":{\"@id\":\"https:\\\/\\\/www.ucaldas.edu.co\\\/portal\\\/con-tesis-doctoral-laureada-paula-andrea-ossa-es-la-primera-doctora-en-ciencias-de-la-biologia-de-la-universidad-de-caldas\\\/#primaryimage\"},\"image\":{\"@id\":\"https:\\\/\\\/www.ucaldas.edu.co\\\/portal\\\/con-tesis-doctoral-laureada-paula-andrea-ossa-es-la-primera-doctora-en-ciencias-de-la-biologia-de-la-universidad-de-caldas\\\/#primaryimage\"},\"thumbnailUrl\":\"https:\\\/\\\/www.ucaldas.edu.co\\\/portal\\\/wp-content\\\/uploads\\\/2024\\\/06\\\/Paula-doc-si-scaled.jpg\",\"datePublished\":\"2024-06-17T23:42:04+00:00\",\"dateModified\":\"2024-06-18T14:33:44+00:00\",\"breadcrumb\":{\"@id\":\"https:\\\/\\\/www.ucaldas.edu.co\\\/portal\\\/con-tesis-doctoral-laureada-paula-andrea-ossa-es-la-primera-doctora-en-ciencias-de-la-biologia-de-la-universidad-de-caldas\\\/#breadcrumb\"},\"inLanguage\":\"es\",\"potentialAction\":[{\"@type\":\"ReadAction\",\"target\":[\"https:\\\/\\\/www.ucaldas.edu.co\\\/portal\\\/con-tesis-doctoral-laureada-paula-andrea-ossa-es-la-primera-doctora-en-ciencias-de-la-biologia-de-la-universidad-de-caldas\\\/\"]}]},{\"@type\":\"ImageObject\",\"inLanguage\":\"es\",\"@id\":\"https:\\\/\\\/www.ucaldas.edu.co\\\/portal\\\/con-tesis-doctoral-laureada-paula-andrea-ossa-es-la-primera-doctora-en-ciencias-de-la-biologia-de-la-universidad-de-caldas\\\/#primaryimage\",\"url\":\"https:\\\/\\\/www.ucaldas.edu.co\\\/portal\\\/wp-content\\\/uploads\\\/2024\\\/06\\\/Paula-doc-si-scaled.jpg\",\"contentUrl\":\"https:\\\/\\\/www.ucaldas.edu.co\\\/portal\\\/wp-content\\\/uploads\\\/2024\\\/06\\\/Paula-doc-si-scaled.jpg\",\"width\":2560,\"height\":1707,\"caption\":\"Foto de Paula Ossa, la primer doctora en Ciencias Biol\u00f3gicas de la U. de Caldas. Su tesis fue laureada y se enfoca en el estudio de las garrapatas como transmisoras de graves enfermedades.\"},{\"@type\":\"BreadcrumbList\",\"@id\":\"https:\\\/\\\/www.ucaldas.edu.co\\\/portal\\\/con-tesis-doctoral-laureada-paula-andrea-ossa-es-la-primera-doctora-en-ciencias-de-la-biologia-de-la-universidad-de-caldas\\\/#breadcrumb\",\"itemListElement\":[{\"@type\":\"ListItem\",\"position\":1,\"name\":\"Portada\",\"item\":\"https:\\\/\\\/www.ucaldas.edu.co\\\/portal\\\/\"},{\"@type\":\"ListItem\",\"position\":2,\"name\":\"Con tesis doctoral laureada, Paula Andrea Ossa es la primera doctora en Ciencias de la Biolog\u00eda de la Universidad de Caldas\"}]},{\"@type\":\"WebSite\",\"@id\":\"https:\\\/\\\/www.ucaldas.edu.co\\\/portal\\\/#website\",\"url\":\"https:\\\/\\\/www.ucaldas.edu.co\\\/portal\\\/\",\"name\":\"Universidad de Caldas\",\"description\":\"\",\"publisher\":{\"@id\":\"https:\\\/\\\/www.ucaldas.edu.co\\\/portal\\\/#organization\"},\"alternateName\":\"U. de Caldas\",\"potentialAction\":[{\"@type\":\"SearchAction\",\"target\":{\"@type\":\"EntryPoint\",\"urlTemplate\":\"https:\\\/\\\/www.ucaldas.edu.co\\\/portal\\\/?s={search_term_string}\"},\"query-input\":{\"@type\":\"PropertyValueSpecification\",\"valueRequired\":true,\"valueName\":\"search_term_string\"}}],\"inLanguage\":\"es\"},{\"@type\":\"Organization\",\"@id\":\"https:\\\/\\\/www.ucaldas.edu.co\\\/portal\\\/#organization\",\"name\":\"Universidad de Caldas\",\"alternateName\":\"U. de Caldas\",\"url\":\"https:\\\/\\\/www.ucaldas.edu.co\\\/portal\\\/\",\"logo\":{\"@type\":\"ImageObject\",\"inLanguage\":\"es\",\"@id\":\"https:\\\/\\\/www.ucaldas.edu.co\\\/portal\\\/#\\\/schema\\\/logo\\\/image\\\/\",\"url\":\"https:\\\/\\\/www.ucaldas.edu.co\\\/portal\\\/wp-content\\\/uploads\\\/2023\\\/11\\\/Logo_horizontal_oscuroU-2023.png\",\"contentUrl\":\"https:\\\/\\\/www.ucaldas.edu.co\\\/portal\\\/wp-content\\\/uploads\\\/2023\\\/11\\\/Logo_horizontal_oscuroU-2023.png\",\"width\":263,\"height\":101,\"caption\":\"Universidad de Caldas\"},\"image\":{\"@id\":\"https:\\\/\\\/www.ucaldas.edu.co\\\/portal\\\/#\\\/schema\\\/logo\\\/image\\\/\"},\"sameAs\":[\"https:\\\/\\\/www.facebook.com\\\/udecaldas\",\"https:\\\/\\\/x.com\\\/udecaldas\",\"https:\\\/\\\/www.youtube.com\\\/universidadcaldas\",\"https:\\\/\\\/www.instagram.com\\\/udecaldas\\\/\"]},{\"@type\":\"Person\",\"@id\":\"https:\\\/\\\/www.ucaldas.edu.co\\\/portal\\\/#\\\/schema\\\/person\\\/a1b482e23449158b4bc319926c074fdf\",\"name\":\"ofiprensa\",\"image\":{\"@type\":\"ImageObject\",\"inLanguage\":\"es\",\"@id\":\"https:\\\/\\\/www.ucaldas.edu.co\\\/portal\\\/wp-content\\\/litespeed\\\/avatar\\\/09ea5085e600095a7a811142c6944527.jpg?ver=1777497608\",\"url\":\"https:\\\/\\\/www.ucaldas.edu.co\\\/portal\\\/wp-content\\\/litespeed\\\/avatar\\\/09ea5085e600095a7a811142c6944527.jpg?ver=1777497608\",\"contentUrl\":\"https:\\\/\\\/www.ucaldas.edu.co\\\/portal\\\/wp-content\\\/litespeed\\\/avatar\\\/09ea5085e600095a7a811142c6944527.jpg?ver=1777497608\",\"caption\":\"ofiprensa\"},\"url\":\"https:\\\/\\\/www.ucaldas.edu.co\\\/portal\\\/author\\\/ofiprensa\\\/\"}]}<\/script>\n<!-- \/ Yoast SEO plugin. -->","yoast_head_json":{"title":"Con tesis doctoral laureada, Paula Andrea Ossa es la primera doctora en Ciencias de la Biolog\u00eda de la Universidad de Caldas .","robots":{"index":"index","follow":"follow","max-snippet":"max-snippet:-1","max-image-preview":"max-image-preview:large","max-video-preview":"max-video-preview:-1"},"canonical":"https:\/\/www.ucaldas.edu.co\/portal\/con-tesis-doctoral-laureada-paula-andrea-ossa-es-la-primera-doctora-en-ciencias-de-la-biologia-de-la-universidad-de-caldas\/","schema":{"@context":"https:\/\/schema.org","@graph":[{"@type":"Article","@id":"https:\/\/www.ucaldas.edu.co\/portal\/con-tesis-doctoral-laureada-paula-andrea-ossa-es-la-primera-doctora-en-ciencias-de-la-biologia-de-la-universidad-de-caldas\/#article","isPartOf":{"@id":"https:\/\/www.ucaldas.edu.co\/portal\/con-tesis-doctoral-laureada-paula-andrea-ossa-es-la-primera-doctora-en-ciencias-de-la-biologia-de-la-universidad-de-caldas\/"},"author":{"name":"ofiprensa","@id":"https:\/\/www.ucaldas.edu.co\/portal\/#\/schema\/person\/a1b482e23449158b4bc319926c074fdf"},"headline":"Con tesis doctoral laureada, Paula Andrea Ossa es la primera doctora en Ciencias de la Biolog\u00eda de la Universidad de Caldas","datePublished":"2024-06-17T23:42:04+00:00","dateModified":"2024-06-18T14:33:44+00:00","mainEntityOfPage":{"@id":"https:\/\/www.ucaldas.edu.co\/portal\/con-tesis-doctoral-laureada-paula-andrea-ossa-es-la-primera-doctora-en-ciencias-de-la-biologia-de-la-universidad-de-caldas\/"},"wordCount":890,"publisher":{"@id":"https:\/\/www.ucaldas.edu.co\/portal\/#organization"},"image":{"@id":"https:\/\/www.ucaldas.edu.co\/portal\/con-tesis-doctoral-laureada-paula-andrea-ossa-es-la-primera-doctora-en-ciencias-de-la-biologia-de-la-universidad-de-caldas\/#primaryimage"},"thumbnailUrl":"https:\/\/www.ucaldas.edu.co\/portal\/wp-content\/uploads\/2024\/06\/Paula-doc-si-scaled.jpg","keywords":["Maestr\u00eda en Ciencias Biol\u00f3gicas","Universidad de Caldas. U. de Caldas","grupo gebiome"],"articleSection":{"1":"Actualidad","2":"Universidad al D\u00eda"},"inLanguage":"es"},{"@type":"WebPage","@id":"https:\/\/www.ucaldas.edu.co\/portal\/con-tesis-doctoral-laureada-paula-andrea-ossa-es-la-primera-doctora-en-ciencias-de-la-biologia-de-la-universidad-de-caldas\/","url":"https:\/\/www.ucaldas.edu.co\/portal\/con-tesis-doctoral-laureada-paula-andrea-ossa-es-la-primera-doctora-en-ciencias-de-la-biologia-de-la-universidad-de-caldas\/","name":"Con tesis doctoral laureada, Paula Andrea Ossa es la primera doctora en Ciencias de la Biolog\u00eda de la Universidad de Caldas .","isPartOf":{"@id":"https:\/\/www.ucaldas.edu.co\/portal\/#website"},"primaryImageOfPage":{"@id":"https:\/\/www.ucaldas.edu.co\/portal\/con-tesis-doctoral-laureada-paula-andrea-ossa-es-la-primera-doctora-en-ciencias-de-la-biologia-de-la-universidad-de-caldas\/#primaryimage"},"image":{"@id":"https:\/\/www.ucaldas.edu.co\/portal\/con-tesis-doctoral-laureada-paula-andrea-ossa-es-la-primera-doctora-en-ciencias-de-la-biologia-de-la-universidad-de-caldas\/#primaryimage"},"thumbnailUrl":"https:\/\/www.ucaldas.edu.co\/portal\/wp-content\/uploads\/2024\/06\/Paula-doc-si-scaled.jpg","datePublished":"2024-06-17T23:42:04+00:00","dateModified":"2024-06-18T14:33:44+00:00","breadcrumb":{"@id":"https:\/\/www.ucaldas.edu.co\/portal\/con-tesis-doctoral-laureada-paula-andrea-ossa-es-la-primera-doctora-en-ciencias-de-la-biologia-de-la-universidad-de-caldas\/#breadcrumb"},"inLanguage":"es","potentialAction":[{"@type":"ReadAction","target":["https:\/\/www.ucaldas.edu.co\/portal\/con-tesis-doctoral-laureada-paula-andrea-ossa-es-la-primera-doctora-en-ciencias-de-la-biologia-de-la-universidad-de-caldas\/"]}]},{"@type":"ImageObject","inLanguage":"es","@id":"https:\/\/www.ucaldas.edu.co\/portal\/con-tesis-doctoral-laureada-paula-andrea-ossa-es-la-primera-doctora-en-ciencias-de-la-biologia-de-la-universidad-de-caldas\/#primaryimage","url":"https:\/\/www.ucaldas.edu.co\/portal\/wp-content\/uploads\/2024\/06\/Paula-doc-si-scaled.jpg","contentUrl":"https:\/\/www.ucaldas.edu.co\/portal\/wp-content\/uploads\/2024\/06\/Paula-doc-si-scaled.jpg","width":2560,"height":1707,"caption":"Foto de Paula Ossa, la primer doctora en Ciencias Biol\u00f3gicas de la U. de Caldas. Su tesis fue laureada y se enfoca en el estudio de las garrapatas como transmisoras de graves enfermedades."},{"@type":"BreadcrumbList","@id":"https:\/\/www.ucaldas.edu.co\/portal\/con-tesis-doctoral-laureada-paula-andrea-ossa-es-la-primera-doctora-en-ciencias-de-la-biologia-de-la-universidad-de-caldas\/#breadcrumb","itemListElement":[{"@type":"ListItem","position":1,"name":"Portada","item":"https:\/\/www.ucaldas.edu.co\/portal\/"},{"@type":"ListItem","position":2,"name":"Con tesis doctoral laureada, Paula Andrea Ossa es la primera doctora en Ciencias de la Biolog\u00eda de la Universidad de Caldas"}]},{"@type":"WebSite","@id":"https:\/\/www.ucaldas.edu.co\/portal\/#website","url":"https:\/\/www.ucaldas.edu.co\/portal\/","name":"Universidad de Caldas","description":"","publisher":{"@id":"https:\/\/www.ucaldas.edu.co\/portal\/#organization"},"alternateName":"U. de Caldas","potentialAction":[{"@type":"SearchAction","target":{"@type":"EntryPoint","urlTemplate":"https:\/\/www.ucaldas.edu.co\/portal\/?s={search_term_string}"},"query-input":{"@type":"PropertyValueSpecification","valueRequired":true,"valueName":"search_term_string"}}],"inLanguage":"es"},{"@type":"Organization","@id":"https:\/\/www.ucaldas.edu.co\/portal\/#organization","name":"Universidad de Caldas","alternateName":"U. de Caldas","url":"https:\/\/www.ucaldas.edu.co\/portal\/","logo":{"@type":"ImageObject","inLanguage":"es","@id":"https:\/\/www.ucaldas.edu.co\/portal\/#\/schema\/logo\/image\/","url":"https:\/\/www.ucaldas.edu.co\/portal\/wp-content\/uploads\/2023\/11\/Logo_horizontal_oscuroU-2023.png","contentUrl":"https:\/\/www.ucaldas.edu.co\/portal\/wp-content\/uploads\/2023\/11\/Logo_horizontal_oscuroU-2023.png","width":263,"height":101,"caption":"Universidad de Caldas"},"image":{"@id":"https:\/\/www.ucaldas.edu.co\/portal\/#\/schema\/logo\/image\/"},"sameAs":["https:\/\/www.facebook.com\/udecaldas","https:\/\/x.com\/udecaldas","https:\/\/www.youtube.com\/universidadcaldas","https:\/\/www.instagram.com\/udecaldas\/"]},{"@type":"Person","@id":"https:\/\/www.ucaldas.edu.co\/portal\/#\/schema\/person\/a1b482e23449158b4bc319926c074fdf","name":"ofiprensa","image":{"@type":"ImageObject","inLanguage":"es","@id":"https:\/\/www.ucaldas.edu.co\/portal\/wp-content\/litespeed\/avatar\/09ea5085e600095a7a811142c6944527.jpg?ver=1777497608","url":"https:\/\/www.ucaldas.edu.co\/portal\/wp-content\/litespeed\/avatar\/09ea5085e600095a7a811142c6944527.jpg?ver=1777497608","contentUrl":"https:\/\/www.ucaldas.edu.co\/portal\/wp-content\/litespeed\/avatar\/09ea5085e600095a7a811142c6944527.jpg?ver=1777497608","caption":"ofiprensa"},"url":"https:\/\/www.ucaldas.edu.co\/portal\/author\/ofiprensa\/"}]}},"_links":{"self":[{"href":"https:\/\/www.ucaldas.edu.co\/portal\/wp-json\/wp\/v2\/posts\/82059","targetHints":{"allow":["GET"]}}],"collection":[{"href":"https:\/\/www.ucaldas.edu.co\/portal\/wp-json\/wp\/v2\/posts"}],"about":[{"href":"https:\/\/www.ucaldas.edu.co\/portal\/wp-json\/wp\/v2\/types\/post"}],"author":[{"embeddable":true,"href":"https:\/\/www.ucaldas.edu.co\/portal\/wp-json\/wp\/v2\/users\/2"}],"replies":[{"embeddable":true,"href":"https:\/\/www.ucaldas.edu.co\/portal\/wp-json\/wp\/v2\/comments?post=82059"}],"version-history":[{"count":0,"href":"https:\/\/www.ucaldas.edu.co\/portal\/wp-json\/wp\/v2\/posts\/82059\/revisions"}],"wp:featuredmedia":[{"embeddable":true,"href":"https:\/\/www.ucaldas.edu.co\/portal\/wp-json\/wp\/v2\/media\/82064"}],"wp:attachment":[{"href":"https:\/\/www.ucaldas.edu.co\/portal\/wp-json\/wp\/v2\/media?parent=82059"}],"wp:term":[{"taxonomy":"category","embeddable":true,"href":"https:\/\/www.ucaldas.edu.co\/portal\/wp-json\/wp\/v2\/categories?post=82059"},{"taxonomy":"post_tag","embeddable":true,"href":"https:\/\/www.ucaldas.edu.co\/portal\/wp-json\/wp\/v2\/tags?post=82059"}],"curies":[{"name":"wp","href":"https:\/\/api.w.org\/{rel}","templated":true}]}}