{"id":8197,"date":"2011-05-05T11:19:43","date_gmt":"2011-05-05T16:19:43","guid":{"rendered":"https:\/\/www.ucaldas.edu.co\/portal\/?p=8197"},"modified":"2011-05-05T11:19:43","modified_gmt":"2011-05-05T16:19:43","slug":"u-de-caldas-realiza-ii-congreso-internacional-sobre-la-jurisdiccion-constitucional","status":"publish","type":"post","link":"https:\/\/www.ucaldas.edu.co\/portal\/u-de-caldas-realiza-ii-congreso-internacional-sobre-la-jurisdiccion-constitucional\/","title":{"rendered":"U. de Caldas realiza II Congreso internacional sobre la jurisdicci\u00f3n constitucional"},"content":{"rendered":"<p>Desde este jueves 5 hasta el s\u00e1bado 7 de mayo del 2011<\/p>\n<hr \/>\n<p align=\"center\">\n<p align=\"right\"><b>05\/05\/2011<\/b><\/p>\n<p align=\"right\"><b>\u00a0<\/b><\/p>\n<table border=\"0\">\n<tbody>\n<tr>\n<td><img loading=\"lazy\" decoding=\"async\" style=\"border: 0px\" alt=\"Congreso\" src=\"http:\/\/www.ucaldas.edu.co\/images\/tmp\/II_Congreso_internacional_jurisdiccion_constitucional.JPG\" width=\"240\" height=\"150\" border=\"0\" \/><\/td>\n<td><b>3 invitados internacionales<\/b> y <b>7 nacionales<\/b> <b>participan<\/b> desde este <b>jueves 5<\/b> hasta el <b>s\u00e1bado 7<\/b> de <b>mayo <\/b>del 2011 en el <b><i>II Congreso internacional la jurisdicci\u00f3n constitucional, Constituci\u00f3n pol\u00edtica de Colombia 20 a\u00f1os<\/i><\/b><i>, <\/i><b>organizado<\/b> por el Programa de Derecho, el Centro de Investigaciones Socio Jur\u00eddicas y el Grupo de Estudios Jur\u00eddicos y Socio Jur\u00eddicos de la <b>Universidad<\/b><b> de Caldas.<\/b><\/p>\n<p>&nbsp;<\/p>\n<p>Eloy Garc\u00eda L\u00f3pez, de la Universidad de Vigo (Espa\u00f1a); Rodrigo Guti\u00e9rrez Rivas, de la Universidad Aut\u00f3noma de M\u00e9xico (UAM) y Alfredo Santiago Culleton, de la Universidad de Do Vale Do Rio Dos Sinos (Brasil) son los invitados internacionales del evento.<\/td>\n<\/tr>\n<\/tbody>\n<\/table>\n<p>&nbsp;<\/p>\n<p>&nbsp;<\/p>\n<p>Por otra parte, la cuota colombiana la conforman Humberto de La Calle Lombana, Humberto Sierra Porto, Ricardo San\u00edn Restrepo, Aquiles Arrieta G\u00f3mez, Carlos Mario Molina Betancur, Carlos Ignacio Jaramillo Jaramillo y Carlos Fernando Giraldo \u00c1ngel.<\/p>\n<p>&nbsp;<\/p>\n<p>\u201cEsta satisfacci\u00f3n es una clara necesidad de la din\u00e1mica de la U. de Caldas. Hoy hemos venido a honrar a la Constituci\u00f3n de 1991 y a reflexionar sobre la pertinencia del derecho en una sociedad como la nuestra, que requiere m\u00e1s que otras\u201d, coment\u00f3 Edgar David Serrano Moya, Decano de la Facultad de Ciencias Jur\u00eddicas y Sociales de la Instituci\u00f3n.<\/p>\n<p>&nbsp;<\/p>\n<p>\u201cUna democracia es b\u00e1sicamente tener la capacidad de elegir libremente las autoridades p\u00fablicas y que \u00e9stas respondan ante la sociedad, pero en el siglo XXI y sobre todo en una sociedad de derecho como la nuestra, una democracia requiere de ciudadanos libre y estos deben serlo de una manera plena\u201d, afirm\u00f3 Ricardo G\u00f3mez Giraldo, Rector de la U. de Caldas, quien presidi\u00f3 el acto inaugural.<\/p>\n<p>&nbsp;<\/p>\n<p><b>Conferencia inaugural<\/b><\/p>\n<p>\u201cEs un honor para m\u00ed volver a mi U. de Caldas. El d\u00eda que se aprob\u00f3 la Constituci\u00f3n la inflaci\u00f3n era del 28% anual y hoy es del 3.19% anual y sin la creaci\u00f3n de un mecanismo como una junta independiente del Banco de la Rep\u00fablica, ese prop\u00f3sito no se hubiera logrado\u201d, expres\u00f3 De La Calle Lombana.<\/p>\n<p>&nbsp;<\/p>\n<p>El ex vicepresidente y ex viceministro orient\u00f3 la conferencia inaugural del evento y afirm\u00f3 que: \u201cnosotros logramos cambiar en la Constituci\u00f3n un esquema que era perverso, porque a trav\u00e9s de una junta monetaria, dirigida exclusivamente por el gobierno, favorec\u00eda ciertos sectores en funci\u00f3n de una idea de desarrollo econ\u00f3mico y lo que se cre\u00f3 fue una especie de pereza para el progreso\u201d.<\/p>\n<p>&nbsp;<\/p>\n<p><b>Informes: <\/b>en el Programa de Derecho. Tel\u00e9fono: 886 27 20, extensi\u00f3n 21 120, o en el correo electr\u00f3nico <a href=\"mailto:constitucion20ucaldas@gmail.com\" target=\"_blank\">constitucion20ucaldas@gmail.com<\/a> o <a href=\"mailto:carlos.gallego@ucaldas.edu.co\" target=\"_blank\">carlos.gallego@ucaldas.edu.co<\/a><\/p>\n","protected":false},"excerpt":{"rendered":"<p>Desde este jueves 5 hasta el s\u00e1bado 7 de mayo del 2011 05\/05\/2011 \u00a0 3 invitados internacionales y 7 nacionales participan desde este jueves 5 hasta el s\u00e1bado 7 de mayo del 2011 en el II Congreso internacional la jurisdicci\u00f3n constitucional, Constituci\u00f3n pol\u00edtica de Colombia 20 a\u00f1os, organizado por el Programa de Derecho, el Centro [&hellip;]<\/p>\n","protected":false},"author":2,"featured_media":0,"comment_status":"closed","ping_status":"closed","sticky":false,"template":"","format":"standard","meta":{"footnotes":""},"categories":[48,53],"tags":[],"class_list":["post-8197","post","type-post","status-publish","format-standard","hentry","category-actualidad","category-universidad-al-dia"],"yoast_head":"<!-- This site is optimized with the Yoast SEO plugin v27.5 - https:\/\/yoast.com\/product\/yoast-seo-wordpress\/ -->\n<title>U. de Caldas realiza II Congreso internacional sobre la jurisdicci\u00f3n constitucional .<\/title>\n<meta name=\"robots\" content=\"index, follow, max-snippet:-1, max-image-preview:large, max-video-preview:-1\" \/>\n<link rel=\"canonical\" href=\"https:\/\/www.ucaldas.edu.co\/portal\/u-de-caldas-realiza-ii-congreso-internacional-sobre-la-jurisdiccion-constitucional\/\" \/>\n<script type=\"application\/ld+json\" class=\"yoast-schema-graph\">{\"@context\":\"https:\\\/\\\/schema.org\",\"@graph\":[{\"@type\":\"Article\",\"@id\":\"https:\\\/\\\/www.ucaldas.edu.co\\\/portal\\\/u-de-caldas-realiza-ii-congreso-internacional-sobre-la-jurisdiccion-constitucional\\\/#article\",\"isPartOf\":{\"@id\":\"https:\\\/\\\/www.ucaldas.edu.co\\\/portal\\\/u-de-caldas-realiza-ii-congreso-internacional-sobre-la-jurisdiccion-constitucional\\\/\"},\"author\":{\"name\":\"ofiprensa\",\"@id\":\"https:\\\/\\\/www.ucaldas.edu.co\\\/portal\\\/#\\\/schema\\\/person\\\/a1b482e23449158b4bc319926c074fdf\"},\"headline\":\"U. de Caldas realiza II Congreso internacional sobre la jurisdicci\u00f3n constitucional\",\"datePublished\":\"2011-05-05T16:19:43+00:00\",\"mainEntityOfPage\":{\"@id\":\"https:\\\/\\\/www.ucaldas.edu.co\\\/portal\\\/u-de-caldas-realiza-ii-congreso-internacional-sobre-la-jurisdiccion-constitucional\\\/\"},\"wordCount\":463,\"publisher\":{\"@id\":\"https:\\\/\\\/www.ucaldas.edu.co\\\/portal\\\/#organization\"},\"image\":{\"@id\":\"https:\\\/\\\/www.ucaldas.edu.co\\\/portal\\\/u-de-caldas-realiza-ii-congreso-internacional-sobre-la-jurisdiccion-constitucional\\\/#primaryimage\"},\"thumbnailUrl\":\"http:\\\/\\\/www.ucaldas.edu.co\\\/images\\\/tmp\\\/II_Congreso_internacional_jurisdiccion_constitucional.JPG\",\"articleSection\":[\"Actualidad\",\"Universidad al D\u00eda\"],\"inLanguage\":\"es\"},{\"@type\":\"WebPage\",\"@id\":\"https:\\\/\\\/www.ucaldas.edu.co\\\/portal\\\/u-de-caldas-realiza-ii-congreso-internacional-sobre-la-jurisdiccion-constitucional\\\/\",\"url\":\"https:\\\/\\\/www.ucaldas.edu.co\\\/portal\\\/u-de-caldas-realiza-ii-congreso-internacional-sobre-la-jurisdiccion-constitucional\\\/\",\"name\":\"U. de Caldas realiza II Congreso internacional sobre la jurisdicci\u00f3n constitucional .\",\"isPartOf\":{\"@id\":\"https:\\\/\\\/www.ucaldas.edu.co\\\/portal\\\/#website\"},\"primaryImageOfPage\":{\"@id\":\"https:\\\/\\\/www.ucaldas.edu.co\\\/portal\\\/u-de-caldas-realiza-ii-congreso-internacional-sobre-la-jurisdiccion-constitucional\\\/#primaryimage\"},\"image\":{\"@id\":\"https:\\\/\\\/www.ucaldas.edu.co\\\/portal\\\/u-de-caldas-realiza-ii-congreso-internacional-sobre-la-jurisdiccion-constitucional\\\/#primaryimage\"},\"thumbnailUrl\":\"http:\\\/\\\/www.ucaldas.edu.co\\\/images\\\/tmp\\\/II_Congreso_internacional_jurisdiccion_constitucional.JPG\",\"datePublished\":\"2011-05-05T16:19:43+00:00\",\"breadcrumb\":{\"@id\":\"https:\\\/\\\/www.ucaldas.edu.co\\\/portal\\\/u-de-caldas-realiza-ii-congreso-internacional-sobre-la-jurisdiccion-constitucional\\\/#breadcrumb\"},\"inLanguage\":\"es\",\"potentialAction\":[{\"@type\":\"ReadAction\",\"target\":[\"https:\\\/\\\/www.ucaldas.edu.co\\\/portal\\\/u-de-caldas-realiza-ii-congreso-internacional-sobre-la-jurisdiccion-constitucional\\\/\"]}]},{\"@type\":\"ImageObject\",\"inLanguage\":\"es\",\"@id\":\"https:\\\/\\\/www.ucaldas.edu.co\\\/portal\\\/u-de-caldas-realiza-ii-congreso-internacional-sobre-la-jurisdiccion-constitucional\\\/#primaryimage\",\"url\":\"http:\\\/\\\/www.ucaldas.edu.co\\\/images\\\/tmp\\\/II_Congreso_internacional_jurisdiccion_constitucional.JPG\",\"contentUrl\":\"http:\\\/\\\/www.ucaldas.edu.co\\\/images\\\/tmp\\\/II_Congreso_internacional_jurisdiccion_constitucional.JPG\"},{\"@type\":\"BreadcrumbList\",\"@id\":\"https:\\\/\\\/www.ucaldas.edu.co\\\/portal\\\/u-de-caldas-realiza-ii-congreso-internacional-sobre-la-jurisdiccion-constitucional\\\/#breadcrumb\",\"itemListElement\":[{\"@type\":\"ListItem\",\"position\":1,\"name\":\"Portada\",\"item\":\"https:\\\/\\\/www.ucaldas.edu.co\\\/portal\\\/\"},{\"@type\":\"ListItem\",\"position\":2,\"name\":\"U. de Caldas realiza II Congreso internacional sobre la jurisdicci\u00f3n constitucional\"}]},{\"@type\":\"WebSite\",\"@id\":\"https:\\\/\\\/www.ucaldas.edu.co\\\/portal\\\/#website\",\"url\":\"https:\\\/\\\/www.ucaldas.edu.co\\\/portal\\\/\",\"name\":\"Universidad de Caldas\",\"description\":\"\",\"publisher\":{\"@id\":\"https:\\\/\\\/www.ucaldas.edu.co\\\/portal\\\/#organization\"},\"alternateName\":\"U. de Caldas\",\"potentialAction\":[{\"@type\":\"SearchAction\",\"target\":{\"@type\":\"EntryPoint\",\"urlTemplate\":\"https:\\\/\\\/www.ucaldas.edu.co\\\/portal\\\/?s={search_term_string}\"},\"query-input\":{\"@type\":\"PropertyValueSpecification\",\"valueRequired\":true,\"valueName\":\"search_term_string\"}}],\"inLanguage\":\"es\"},{\"@type\":\"Organization\",\"@id\":\"https:\\\/\\\/www.ucaldas.edu.co\\\/portal\\\/#organization\",\"name\":\"Universidad de Caldas\",\"alternateName\":\"U. de Caldas\",\"url\":\"https:\\\/\\\/www.ucaldas.edu.co\\\/portal\\\/\",\"logo\":{\"@type\":\"ImageObject\",\"inLanguage\":\"es\",\"@id\":\"https:\\\/\\\/www.ucaldas.edu.co\\\/portal\\\/#\\\/schema\\\/logo\\\/image\\\/\",\"url\":\"https:\\\/\\\/www.ucaldas.edu.co\\\/portal\\\/wp-content\\\/uploads\\\/2023\\\/11\\\/Logo_horizontal_oscuroU-2023.png\",\"contentUrl\":\"https:\\\/\\\/www.ucaldas.edu.co\\\/portal\\\/wp-content\\\/uploads\\\/2023\\\/11\\\/Logo_horizontal_oscuroU-2023.png\",\"width\":263,\"height\":101,\"caption\":\"Universidad de Caldas\"},\"image\":{\"@id\":\"https:\\\/\\\/www.ucaldas.edu.co\\\/portal\\\/#\\\/schema\\\/logo\\\/image\\\/\"},\"sameAs\":[\"https:\\\/\\\/www.facebook.com\\\/udecaldas\",\"https:\\\/\\\/x.com\\\/udecaldas\",\"https:\\\/\\\/www.youtube.com\\\/universidadcaldas\",\"https:\\\/\\\/www.instagram.com\\\/udecaldas\\\/\"]},{\"@type\":\"Person\",\"@id\":\"https:\\\/\\\/www.ucaldas.edu.co\\\/portal\\\/#\\\/schema\\\/person\\\/a1b482e23449158b4bc319926c074fdf\",\"name\":\"ofiprensa\",\"image\":{\"@type\":\"ImageObject\",\"inLanguage\":\"es\",\"@id\":\"https:\\\/\\\/www.ucaldas.edu.co\\\/portal\\\/wp-content\\\/litespeed\\\/avatar\\\/09ea5085e600095a7a811142c6944527.jpg?ver=1777497608\",\"url\":\"https:\\\/\\\/www.ucaldas.edu.co\\\/portal\\\/wp-content\\\/litespeed\\\/avatar\\\/09ea5085e600095a7a811142c6944527.jpg?ver=1777497608\",\"contentUrl\":\"https:\\\/\\\/www.ucaldas.edu.co\\\/portal\\\/wp-content\\\/litespeed\\\/avatar\\\/09ea5085e600095a7a811142c6944527.jpg?ver=1777497608\",\"caption\":\"ofiprensa\"},\"url\":\"https:\\\/\\\/www.ucaldas.edu.co\\\/portal\\\/author\\\/ofiprensa\\\/\"}]}<\/script>\n<!-- \/ Yoast SEO plugin. -->","yoast_head_json":{"title":"U. de Caldas realiza II Congreso internacional sobre la jurisdicci\u00f3n constitucional .","robots":{"index":"index","follow":"follow","max-snippet":"max-snippet:-1","max-image-preview":"max-image-preview:large","max-video-preview":"max-video-preview:-1"},"canonical":"https:\/\/www.ucaldas.edu.co\/portal\/u-de-caldas-realiza-ii-congreso-internacional-sobre-la-jurisdiccion-constitucional\/","schema":{"@context":"https:\/\/schema.org","@graph":[{"@type":"Article","@id":"https:\/\/www.ucaldas.edu.co\/portal\/u-de-caldas-realiza-ii-congreso-internacional-sobre-la-jurisdiccion-constitucional\/#article","isPartOf":{"@id":"https:\/\/www.ucaldas.edu.co\/portal\/u-de-caldas-realiza-ii-congreso-internacional-sobre-la-jurisdiccion-constitucional\/"},"author":{"name":"ofiprensa","@id":"https:\/\/www.ucaldas.edu.co\/portal\/#\/schema\/person\/a1b482e23449158b4bc319926c074fdf"},"headline":"U. de Caldas realiza II Congreso internacional sobre la jurisdicci\u00f3n constitucional","datePublished":"2011-05-05T16:19:43+00:00","mainEntityOfPage":{"@id":"https:\/\/www.ucaldas.edu.co\/portal\/u-de-caldas-realiza-ii-congreso-internacional-sobre-la-jurisdiccion-constitucional\/"},"wordCount":463,"publisher":{"@id":"https:\/\/www.ucaldas.edu.co\/portal\/#organization"},"image":{"@id":"https:\/\/www.ucaldas.edu.co\/portal\/u-de-caldas-realiza-ii-congreso-internacional-sobre-la-jurisdiccion-constitucional\/#primaryimage"},"thumbnailUrl":"http:\/\/www.ucaldas.edu.co\/images\/tmp\/II_Congreso_internacional_jurisdiccion_constitucional.JPG","articleSection":["Actualidad","Universidad al D\u00eda"],"inLanguage":"es"},{"@type":"WebPage","@id":"https:\/\/www.ucaldas.edu.co\/portal\/u-de-caldas-realiza-ii-congreso-internacional-sobre-la-jurisdiccion-constitucional\/","url":"https:\/\/www.ucaldas.edu.co\/portal\/u-de-caldas-realiza-ii-congreso-internacional-sobre-la-jurisdiccion-constitucional\/","name":"U. de Caldas realiza II Congreso internacional sobre la jurisdicci\u00f3n constitucional .","isPartOf":{"@id":"https:\/\/www.ucaldas.edu.co\/portal\/#website"},"primaryImageOfPage":{"@id":"https:\/\/www.ucaldas.edu.co\/portal\/u-de-caldas-realiza-ii-congreso-internacional-sobre-la-jurisdiccion-constitucional\/#primaryimage"},"image":{"@id":"https:\/\/www.ucaldas.edu.co\/portal\/u-de-caldas-realiza-ii-congreso-internacional-sobre-la-jurisdiccion-constitucional\/#primaryimage"},"thumbnailUrl":"http:\/\/www.ucaldas.edu.co\/images\/tmp\/II_Congreso_internacional_jurisdiccion_constitucional.JPG","datePublished":"2011-05-05T16:19:43+00:00","breadcrumb":{"@id":"https:\/\/www.ucaldas.edu.co\/portal\/u-de-caldas-realiza-ii-congreso-internacional-sobre-la-jurisdiccion-constitucional\/#breadcrumb"},"inLanguage":"es","potentialAction":[{"@type":"ReadAction","target":["https:\/\/www.ucaldas.edu.co\/portal\/u-de-caldas-realiza-ii-congreso-internacional-sobre-la-jurisdiccion-constitucional\/"]}]},{"@type":"ImageObject","inLanguage":"es","@id":"https:\/\/www.ucaldas.edu.co\/portal\/u-de-caldas-realiza-ii-congreso-internacional-sobre-la-jurisdiccion-constitucional\/#primaryimage","url":"http:\/\/www.ucaldas.edu.co\/images\/tmp\/II_Congreso_internacional_jurisdiccion_constitucional.JPG","contentUrl":"http:\/\/www.ucaldas.edu.co\/images\/tmp\/II_Congreso_internacional_jurisdiccion_constitucional.JPG"},{"@type":"BreadcrumbList","@id":"https:\/\/www.ucaldas.edu.co\/portal\/u-de-caldas-realiza-ii-congreso-internacional-sobre-la-jurisdiccion-constitucional\/#breadcrumb","itemListElement":[{"@type":"ListItem","position":1,"name":"Portada","item":"https:\/\/www.ucaldas.edu.co\/portal\/"},{"@type":"ListItem","position":2,"name":"U. de Caldas realiza II Congreso internacional sobre la jurisdicci\u00f3n constitucional"}]},{"@type":"WebSite","@id":"https:\/\/www.ucaldas.edu.co\/portal\/#website","url":"https:\/\/www.ucaldas.edu.co\/portal\/","name":"Universidad de Caldas","description":"","publisher":{"@id":"https:\/\/www.ucaldas.edu.co\/portal\/#organization"},"alternateName":"U. de Caldas","potentialAction":[{"@type":"SearchAction","target":{"@type":"EntryPoint","urlTemplate":"https:\/\/www.ucaldas.edu.co\/portal\/?s={search_term_string}"},"query-input":{"@type":"PropertyValueSpecification","valueRequired":true,"valueName":"search_term_string"}}],"inLanguage":"es"},{"@type":"Organization","@id":"https:\/\/www.ucaldas.edu.co\/portal\/#organization","name":"Universidad de Caldas","alternateName":"U. de Caldas","url":"https:\/\/www.ucaldas.edu.co\/portal\/","logo":{"@type":"ImageObject","inLanguage":"es","@id":"https:\/\/www.ucaldas.edu.co\/portal\/#\/schema\/logo\/image\/","url":"https:\/\/www.ucaldas.edu.co\/portal\/wp-content\/uploads\/2023\/11\/Logo_horizontal_oscuroU-2023.png","contentUrl":"https:\/\/www.ucaldas.edu.co\/portal\/wp-content\/uploads\/2023\/11\/Logo_horizontal_oscuroU-2023.png","width":263,"height":101,"caption":"Universidad de Caldas"},"image":{"@id":"https:\/\/www.ucaldas.edu.co\/portal\/#\/schema\/logo\/image\/"},"sameAs":["https:\/\/www.facebook.com\/udecaldas","https:\/\/x.com\/udecaldas","https:\/\/www.youtube.com\/universidadcaldas","https:\/\/www.instagram.com\/udecaldas\/"]},{"@type":"Person","@id":"https:\/\/www.ucaldas.edu.co\/portal\/#\/schema\/person\/a1b482e23449158b4bc319926c074fdf","name":"ofiprensa","image":{"@type":"ImageObject","inLanguage":"es","@id":"https:\/\/www.ucaldas.edu.co\/portal\/wp-content\/litespeed\/avatar\/09ea5085e600095a7a811142c6944527.jpg?ver=1777497608","url":"https:\/\/www.ucaldas.edu.co\/portal\/wp-content\/litespeed\/avatar\/09ea5085e600095a7a811142c6944527.jpg?ver=1777497608","contentUrl":"https:\/\/www.ucaldas.edu.co\/portal\/wp-content\/litespeed\/avatar\/09ea5085e600095a7a811142c6944527.jpg?ver=1777497608","caption":"ofiprensa"},"url":"https:\/\/www.ucaldas.edu.co\/portal\/author\/ofiprensa\/"}]}},"_links":{"self":[{"href":"https:\/\/www.ucaldas.edu.co\/portal\/wp-json\/wp\/v2\/posts\/8197","targetHints":{"allow":["GET"]}}],"collection":[{"href":"https:\/\/www.ucaldas.edu.co\/portal\/wp-json\/wp\/v2\/posts"}],"about":[{"href":"https:\/\/www.ucaldas.edu.co\/portal\/wp-json\/wp\/v2\/types\/post"}],"author":[{"embeddable":true,"href":"https:\/\/www.ucaldas.edu.co\/portal\/wp-json\/wp\/v2\/users\/2"}],"replies":[{"embeddable":true,"href":"https:\/\/www.ucaldas.edu.co\/portal\/wp-json\/wp\/v2\/comments?post=8197"}],"version-history":[{"count":0,"href":"https:\/\/www.ucaldas.edu.co\/portal\/wp-json\/wp\/v2\/posts\/8197\/revisions"}],"wp:attachment":[{"href":"https:\/\/www.ucaldas.edu.co\/portal\/wp-json\/wp\/v2\/media?parent=8197"}],"wp:term":[{"taxonomy":"category","embeddable":true,"href":"https:\/\/www.ucaldas.edu.co\/portal\/wp-json\/wp\/v2\/categories?post=8197"},{"taxonomy":"post_tag","embeddable":true,"href":"https:\/\/www.ucaldas.edu.co\/portal\/wp-json\/wp\/v2\/tags?post=8197"}],"curies":[{"name":"wp","href":"https:\/\/api.w.org\/{rel}","templated":true}]}}