{"id":8195,"date":"2011-05-05T11:18:49","date_gmt":"2011-05-05T16:18:49","guid":{"rendered":"https:\/\/www.ucaldas.edu.co\/portal\/?p=8195"},"modified":"2011-05-05T11:18:49","modified_gmt":"2011-05-05T16:18:49","slug":"comenzo-en-la-u-de-caldas-seminario-nacional-sobre-manejo-de-fertilidad-del-suelo","status":"publish","type":"post","link":"https:\/\/www.ucaldas.edu.co\/portal\/comenzo-en-la-u-de-caldas-seminario-nacional-sobre-manejo-de-fertilidad-del-suelo\/","title":{"rendered":"Comenz\u00f3 en la U. de Caldas Seminario Nacional sobre Manejo de Fertilidad del Suelo"},"content":{"rendered":"<p>16 expertos nacionales e internacionales participan en el evento<\/p>\n<hr \/>\n<p align=\"center\">\n<p align=\"right\"><b>05\/05\/2011<\/b><\/p>\n<p align=\"right\"><b>\u00a0<\/b><\/p>\n<table border=\"0\">\n<tbody>\n<tr>\n<td>\u00a0<img loading=\"lazy\" decoding=\"async\" style=\"border: 0px\" alt=\"Seminario\" src=\"http:\/\/www.ucaldas.edu.co\/images\/tmp\/Seminario_Nacional_Manejo_Fertilidad_Sitioespecifico.JPG\" width=\"240\" height=\"150\" border=\"0\" \/><\/td>\n<td><b>16 expertos nacionales<\/b> e <b>internacionales<\/b> se dan cita en la <b>Universidad<\/b><b> de Caldas<\/b> desde este <b>jueves 5<\/b> hasta el <b>viernes 6<\/b> de mayo del 2011, en el <b><i>Seminario Nacional sobre Manejo de la Fertilidad Sitioespec\u00edfico del Suelo: armonizaci\u00f3n de la producci\u00f3n y los requerimientos ambientales a nivel finca.<\/i><\/b><\/td>\n<\/tr>\n<\/tbody>\n<\/table>\n<p>Lo organizan el Grupo de Investigaci\u00f3n Producci\u00f3n Agr\u00edcola Sostenible en el Tr\u00f3pico Andino (Sosandinos) de la Universidad de Caldas, la Fundaci\u00f3n Universidad Empresa Estado (FUEE), el Ministerio de Agricultura y Desarrollo Rural (MADR) y Asohofrucol.<\/p>\n<p>&nbsp;<\/p>\n<p>El encuentro tambi\u00e9n busca abrir espacios de discusi\u00f3n con respecto a la tendencia del manejo espec\u00edfico de la fertilidad de suelo y\u00a0 conocer las experiencias de otros pa\u00edses y de diversas\u00a0 zonas de Colombia con respecto al tema.<\/p>\n<p>&nbsp;<\/p>\n<p>Adem\u00e1s, se socializaron los resultados del proyecto <i>Manejo de la fertilidad del suelo por sitio sitioespec\u00edfico para la producci\u00f3n sostenible del cultivo de la mora en el Departamento de Caldas,<\/i> financiado por el MADR y Asohofrucol, y ejecutado por la U. de Caldas y la Fundaci\u00f3n Universidad Empresa Estado (FUEE).<\/p>\n<p>&nbsp;<\/p>\n<p>\u201cEn el proyecto se presentan claramente las sinergias derivadas de las alianzas estrat\u00e9gicas. Adem\u00e1s, ha permitido que la U. de Caldas, como responsable directa del proyecto, realice y ejecute investigaciones que sean realmente aplicadas\u201d, coment\u00f3 Jos\u00e9 Fernando Kogson Quintero, Decano de la Facultad de Ciencias Agropecuarias de la U. de Caldas.<\/p>\n<p>&nbsp;<\/p>\n<p>Adem\u00e1s, Kogson Quintero dijo que: \u201cel proyecto represent\u00f3 una oportunidad para articular el trabajo con los estudiantes y docentes de diferentes departamentos de la Facultad de Ciencias Agropecuarias de la Instituci\u00f3n.<\/p>\n<p>&nbsp;<\/p>\n<p><b>Sobre el proyecto<\/b><\/p>\n<p>El objetivo es introducir la tecnolog\u00eda del manejo de los suelos por sitioespec\u00edfico, para producci\u00f3n sostenible de frutales en Caldas, espec\u00edficamente el cultivo de mora.<\/p>\n<p>&nbsp;<\/p>\n<p>La investigaci\u00f3n aborda aspectos de la producci\u00f3n sostenible, tanto desde el punto de vista ambiental, como econ\u00f3mico. Plantea, en primer lugar, la optimizaci\u00f3n del uso de los recursos, especialmente los fertilizantes, que desde el punto de vista ambiental significa la utilizaci\u00f3n de cantidades estrictamente necesarias, incluyendo los riesgos de contaminaci\u00f3n directa e indirecta.<\/p>\n<p>&nbsp;<\/p>\n<p>\u201cEsta propuesta contribuye a incrementar la productividad y la competitividad de la empresa de la producci\u00f3n de mora en la regi\u00f3n. La tendencia mundial es buscar nichos en el mercado internacional, pero lo que queremos es abordar desde la investigaci\u00f3n agropecuaria y optimizar los sistemas de producci\u00f3n\u201d, explic\u00f3 Kogson Quintero.<\/p>\n<p>&nbsp;<\/p>\n<p>En el proyecto participaron 6 docentes de la U. de Caldas, con el acompa\u00f1amiento de estudiantes de la Instituci\u00f3n. Se realiz\u00f3 durante 40 meses, desde el 2007 hasta mayo de este a\u00f1o.<\/p>\n<p>&nbsp;<\/p>\n<p><b>Conferencia inaugural<\/b><\/p>\n<p>Stanley Best, Director Nacional del Programa Agricultura de Precisi\u00f3n INIA Quilamapu (Chile) orient\u00f3 la conferencia inaugural del evento, sobre la aplicaci\u00f3n y desarrollos de la agricultura de precisi\u00f3n en la fruticultura y viticultura en Chile: integrando el sector agroalimentario chileno al nuevo milenio.<\/p>\n<p>&nbsp;<\/p>\n<p>\u201cEn Chile cada a\u00f1o hay diferencias importantes en t\u00e9rminos clim\u00e1ticos. Los sistemas productivos deben empezarse a trabajar mejor, con informaci\u00f3n para afrontar estos cambios. La responsabilidad ambiental tiene que estar ligada al tema comercial, para que sea viable. Debe haber un equilibrio entre los dos factores\u201d, coment\u00f3 Best.<\/p>\n<p>&nbsp;<\/p>\n<p>Para conocer la programaci\u00f3n completa del evento haga clic <a href=\"http:\/\/es.scribd.com\/doc\/54434923\/Sem-Especifico-Programacion\" target=\"_blank\">aqu\u00ed.<\/a><\/p>\n<p>&nbsp;<\/p>\n<p><b>Informes:<\/b> con Jos\u00e9 Farf\u00e1n Rinc\u00f3n, en el celular: 311 310 3677 o en los correos electr\u00f3nicos: <a href=\"mailto:sem.especifico@gmail.com\" target=\"_blank\">sem.especifico@gmail.com<\/a>\u00a0 o <a href=\"mailto:josev.farfan@gmail.com\" target=\"_blank\">josev.farfan@gmail.com<\/a>\u00a0 Tambi\u00e9n, en la p\u00e1gina web <a href=\"http:\/\/www.seminarioespecifico.blogspot.com\/\" target=\"_blank\">www.seminarioespecifico.blogspot.com<\/a><\/p>\n","protected":false},"excerpt":{"rendered":"<p>16 expertos nacionales e internacionales participan en el evento 05\/05\/2011 \u00a0 \u00a0 16 expertos nacionales e internacionales se dan cita en la Universidad de Caldas desde este jueves 5 hasta el viernes 6 de mayo del 2011, en el Seminario Nacional sobre Manejo de la Fertilidad Sitioespec\u00edfico del Suelo: armonizaci\u00f3n de la producci\u00f3n y los [&hellip;]<\/p>\n","protected":false},"author":2,"featured_media":0,"comment_status":"closed","ping_status":"closed","sticky":false,"template":"","format":"standard","meta":{"footnotes":""},"categories":[48,53],"tags":[],"class_list":["post-8195","post","type-post","status-publish","format-standard","hentry","category-actualidad","category-universidad-al-dia"],"yoast_head":"<!-- This site is optimized with the Yoast SEO plugin v27.5 - https:\/\/yoast.com\/product\/yoast-seo-wordpress\/ -->\n<title>Comenz\u00f3 en la U. de Caldas Seminario Nacional sobre Manejo de Fertilidad del Suelo .<\/title>\n<meta name=\"robots\" content=\"index, follow, max-snippet:-1, max-image-preview:large, max-video-preview:-1\" \/>\n<link rel=\"canonical\" href=\"https:\/\/www.ucaldas.edu.co\/portal\/comenzo-en-la-u-de-caldas-seminario-nacional-sobre-manejo-de-fertilidad-del-suelo\/\" \/>\n<script type=\"application\/ld+json\" class=\"yoast-schema-graph\">{\"@context\":\"https:\\\/\\\/schema.org\",\"@graph\":[{\"@type\":\"Article\",\"@id\":\"https:\\\/\\\/www.ucaldas.edu.co\\\/portal\\\/comenzo-en-la-u-de-caldas-seminario-nacional-sobre-manejo-de-fertilidad-del-suelo\\\/#article\",\"isPartOf\":{\"@id\":\"https:\\\/\\\/www.ucaldas.edu.co\\\/portal\\\/comenzo-en-la-u-de-caldas-seminario-nacional-sobre-manejo-de-fertilidad-del-suelo\\\/\"},\"author\":{\"name\":\"ofiprensa\",\"@id\":\"https:\\\/\\\/www.ucaldas.edu.co\\\/portal\\\/#\\\/schema\\\/person\\\/a1b482e23449158b4bc319926c074fdf\"},\"headline\":\"Comenz\u00f3 en la U. de Caldas Seminario Nacional sobre Manejo de Fertilidad del Suelo\",\"datePublished\":\"2011-05-05T16:18:49+00:00\",\"mainEntityOfPage\":{\"@id\":\"https:\\\/\\\/www.ucaldas.edu.co\\\/portal\\\/comenzo-en-la-u-de-caldas-seminario-nacional-sobre-manejo-de-fertilidad-del-suelo\\\/\"},\"wordCount\":627,\"publisher\":{\"@id\":\"https:\\\/\\\/www.ucaldas.edu.co\\\/portal\\\/#organization\"},\"image\":{\"@id\":\"https:\\\/\\\/www.ucaldas.edu.co\\\/portal\\\/comenzo-en-la-u-de-caldas-seminario-nacional-sobre-manejo-de-fertilidad-del-suelo\\\/#primaryimage\"},\"thumbnailUrl\":\"http:\\\/\\\/www.ucaldas.edu.co\\\/images\\\/tmp\\\/Seminario_Nacional_Manejo_Fertilidad_Sitioespecifico.JPG\",\"articleSection\":[\"Actualidad\",\"Universidad al D\u00eda\"],\"inLanguage\":\"es\"},{\"@type\":\"WebPage\",\"@id\":\"https:\\\/\\\/www.ucaldas.edu.co\\\/portal\\\/comenzo-en-la-u-de-caldas-seminario-nacional-sobre-manejo-de-fertilidad-del-suelo\\\/\",\"url\":\"https:\\\/\\\/www.ucaldas.edu.co\\\/portal\\\/comenzo-en-la-u-de-caldas-seminario-nacional-sobre-manejo-de-fertilidad-del-suelo\\\/\",\"name\":\"Comenz\u00f3 en la U. de Caldas Seminario Nacional sobre Manejo de Fertilidad del Suelo .\",\"isPartOf\":{\"@id\":\"https:\\\/\\\/www.ucaldas.edu.co\\\/portal\\\/#website\"},\"primaryImageOfPage\":{\"@id\":\"https:\\\/\\\/www.ucaldas.edu.co\\\/portal\\\/comenzo-en-la-u-de-caldas-seminario-nacional-sobre-manejo-de-fertilidad-del-suelo\\\/#primaryimage\"},\"image\":{\"@id\":\"https:\\\/\\\/www.ucaldas.edu.co\\\/portal\\\/comenzo-en-la-u-de-caldas-seminario-nacional-sobre-manejo-de-fertilidad-del-suelo\\\/#primaryimage\"},\"thumbnailUrl\":\"http:\\\/\\\/www.ucaldas.edu.co\\\/images\\\/tmp\\\/Seminario_Nacional_Manejo_Fertilidad_Sitioespecifico.JPG\",\"datePublished\":\"2011-05-05T16:18:49+00:00\",\"breadcrumb\":{\"@id\":\"https:\\\/\\\/www.ucaldas.edu.co\\\/portal\\\/comenzo-en-la-u-de-caldas-seminario-nacional-sobre-manejo-de-fertilidad-del-suelo\\\/#breadcrumb\"},\"inLanguage\":\"es\",\"potentialAction\":[{\"@type\":\"ReadAction\",\"target\":[\"https:\\\/\\\/www.ucaldas.edu.co\\\/portal\\\/comenzo-en-la-u-de-caldas-seminario-nacional-sobre-manejo-de-fertilidad-del-suelo\\\/\"]}]},{\"@type\":\"ImageObject\",\"inLanguage\":\"es\",\"@id\":\"https:\\\/\\\/www.ucaldas.edu.co\\\/portal\\\/comenzo-en-la-u-de-caldas-seminario-nacional-sobre-manejo-de-fertilidad-del-suelo\\\/#primaryimage\",\"url\":\"http:\\\/\\\/www.ucaldas.edu.co\\\/images\\\/tmp\\\/Seminario_Nacional_Manejo_Fertilidad_Sitioespecifico.JPG\",\"contentUrl\":\"http:\\\/\\\/www.ucaldas.edu.co\\\/images\\\/tmp\\\/Seminario_Nacional_Manejo_Fertilidad_Sitioespecifico.JPG\"},{\"@type\":\"BreadcrumbList\",\"@id\":\"https:\\\/\\\/www.ucaldas.edu.co\\\/portal\\\/comenzo-en-la-u-de-caldas-seminario-nacional-sobre-manejo-de-fertilidad-del-suelo\\\/#breadcrumb\",\"itemListElement\":[{\"@type\":\"ListItem\",\"position\":1,\"name\":\"Portada\",\"item\":\"https:\\\/\\\/www.ucaldas.edu.co\\\/portal\\\/\"},{\"@type\":\"ListItem\",\"position\":2,\"name\":\"Comenz\u00f3 en la U. de Caldas Seminario Nacional sobre Manejo de Fertilidad del Suelo\"}]},{\"@type\":\"WebSite\",\"@id\":\"https:\\\/\\\/www.ucaldas.edu.co\\\/portal\\\/#website\",\"url\":\"https:\\\/\\\/www.ucaldas.edu.co\\\/portal\\\/\",\"name\":\"Universidad de Caldas\",\"description\":\"\",\"publisher\":{\"@id\":\"https:\\\/\\\/www.ucaldas.edu.co\\\/portal\\\/#organization\"},\"alternateName\":\"U. de Caldas\",\"potentialAction\":[{\"@type\":\"SearchAction\",\"target\":{\"@type\":\"EntryPoint\",\"urlTemplate\":\"https:\\\/\\\/www.ucaldas.edu.co\\\/portal\\\/?s={search_term_string}\"},\"query-input\":{\"@type\":\"PropertyValueSpecification\",\"valueRequired\":true,\"valueName\":\"search_term_string\"}}],\"inLanguage\":\"es\"},{\"@type\":\"Organization\",\"@id\":\"https:\\\/\\\/www.ucaldas.edu.co\\\/portal\\\/#organization\",\"name\":\"Universidad de Caldas\",\"alternateName\":\"U. de Caldas\",\"url\":\"https:\\\/\\\/www.ucaldas.edu.co\\\/portal\\\/\",\"logo\":{\"@type\":\"ImageObject\",\"inLanguage\":\"es\",\"@id\":\"https:\\\/\\\/www.ucaldas.edu.co\\\/portal\\\/#\\\/schema\\\/logo\\\/image\\\/\",\"url\":\"https:\\\/\\\/www.ucaldas.edu.co\\\/portal\\\/wp-content\\\/uploads\\\/2023\\\/11\\\/Logo_horizontal_oscuroU-2023.png\",\"contentUrl\":\"https:\\\/\\\/www.ucaldas.edu.co\\\/portal\\\/wp-content\\\/uploads\\\/2023\\\/11\\\/Logo_horizontal_oscuroU-2023.png\",\"width\":263,\"height\":101,\"caption\":\"Universidad de Caldas\"},\"image\":{\"@id\":\"https:\\\/\\\/www.ucaldas.edu.co\\\/portal\\\/#\\\/schema\\\/logo\\\/image\\\/\"},\"sameAs\":[\"https:\\\/\\\/www.facebook.com\\\/udecaldas\",\"https:\\\/\\\/x.com\\\/udecaldas\",\"https:\\\/\\\/www.youtube.com\\\/universidadcaldas\",\"https:\\\/\\\/www.instagram.com\\\/udecaldas\\\/\"]},{\"@type\":\"Person\",\"@id\":\"https:\\\/\\\/www.ucaldas.edu.co\\\/portal\\\/#\\\/schema\\\/person\\\/a1b482e23449158b4bc319926c074fdf\",\"name\":\"ofiprensa\",\"image\":{\"@type\":\"ImageObject\",\"inLanguage\":\"es\",\"@id\":\"https:\\\/\\\/www.ucaldas.edu.co\\\/portal\\\/wp-content\\\/litespeed\\\/avatar\\\/09ea5085e600095a7a811142c6944527.jpg?ver=1777497608\",\"url\":\"https:\\\/\\\/www.ucaldas.edu.co\\\/portal\\\/wp-content\\\/litespeed\\\/avatar\\\/09ea5085e600095a7a811142c6944527.jpg?ver=1777497608\",\"contentUrl\":\"https:\\\/\\\/www.ucaldas.edu.co\\\/portal\\\/wp-content\\\/litespeed\\\/avatar\\\/09ea5085e600095a7a811142c6944527.jpg?ver=1777497608\",\"caption\":\"ofiprensa\"},\"url\":\"https:\\\/\\\/www.ucaldas.edu.co\\\/portal\\\/author\\\/ofiprensa\\\/\"}]}<\/script>\n<!-- \/ Yoast SEO plugin. -->","yoast_head_json":{"title":"Comenz\u00f3 en la U. de Caldas Seminario Nacional sobre Manejo de Fertilidad del Suelo .","robots":{"index":"index","follow":"follow","max-snippet":"max-snippet:-1","max-image-preview":"max-image-preview:large","max-video-preview":"max-video-preview:-1"},"canonical":"https:\/\/www.ucaldas.edu.co\/portal\/comenzo-en-la-u-de-caldas-seminario-nacional-sobre-manejo-de-fertilidad-del-suelo\/","schema":{"@context":"https:\/\/schema.org","@graph":[{"@type":"Article","@id":"https:\/\/www.ucaldas.edu.co\/portal\/comenzo-en-la-u-de-caldas-seminario-nacional-sobre-manejo-de-fertilidad-del-suelo\/#article","isPartOf":{"@id":"https:\/\/www.ucaldas.edu.co\/portal\/comenzo-en-la-u-de-caldas-seminario-nacional-sobre-manejo-de-fertilidad-del-suelo\/"},"author":{"name":"ofiprensa","@id":"https:\/\/www.ucaldas.edu.co\/portal\/#\/schema\/person\/a1b482e23449158b4bc319926c074fdf"},"headline":"Comenz\u00f3 en la U. de Caldas Seminario Nacional sobre Manejo de Fertilidad del Suelo","datePublished":"2011-05-05T16:18:49+00:00","mainEntityOfPage":{"@id":"https:\/\/www.ucaldas.edu.co\/portal\/comenzo-en-la-u-de-caldas-seminario-nacional-sobre-manejo-de-fertilidad-del-suelo\/"},"wordCount":627,"publisher":{"@id":"https:\/\/www.ucaldas.edu.co\/portal\/#organization"},"image":{"@id":"https:\/\/www.ucaldas.edu.co\/portal\/comenzo-en-la-u-de-caldas-seminario-nacional-sobre-manejo-de-fertilidad-del-suelo\/#primaryimage"},"thumbnailUrl":"http:\/\/www.ucaldas.edu.co\/images\/tmp\/Seminario_Nacional_Manejo_Fertilidad_Sitioespecifico.JPG","articleSection":["Actualidad","Universidad al D\u00eda"],"inLanguage":"es"},{"@type":"WebPage","@id":"https:\/\/www.ucaldas.edu.co\/portal\/comenzo-en-la-u-de-caldas-seminario-nacional-sobre-manejo-de-fertilidad-del-suelo\/","url":"https:\/\/www.ucaldas.edu.co\/portal\/comenzo-en-la-u-de-caldas-seminario-nacional-sobre-manejo-de-fertilidad-del-suelo\/","name":"Comenz\u00f3 en la U. de Caldas Seminario Nacional sobre Manejo de Fertilidad del Suelo .","isPartOf":{"@id":"https:\/\/www.ucaldas.edu.co\/portal\/#website"},"primaryImageOfPage":{"@id":"https:\/\/www.ucaldas.edu.co\/portal\/comenzo-en-la-u-de-caldas-seminario-nacional-sobre-manejo-de-fertilidad-del-suelo\/#primaryimage"},"image":{"@id":"https:\/\/www.ucaldas.edu.co\/portal\/comenzo-en-la-u-de-caldas-seminario-nacional-sobre-manejo-de-fertilidad-del-suelo\/#primaryimage"},"thumbnailUrl":"http:\/\/www.ucaldas.edu.co\/images\/tmp\/Seminario_Nacional_Manejo_Fertilidad_Sitioespecifico.JPG","datePublished":"2011-05-05T16:18:49+00:00","breadcrumb":{"@id":"https:\/\/www.ucaldas.edu.co\/portal\/comenzo-en-la-u-de-caldas-seminario-nacional-sobre-manejo-de-fertilidad-del-suelo\/#breadcrumb"},"inLanguage":"es","potentialAction":[{"@type":"ReadAction","target":["https:\/\/www.ucaldas.edu.co\/portal\/comenzo-en-la-u-de-caldas-seminario-nacional-sobre-manejo-de-fertilidad-del-suelo\/"]}]},{"@type":"ImageObject","inLanguage":"es","@id":"https:\/\/www.ucaldas.edu.co\/portal\/comenzo-en-la-u-de-caldas-seminario-nacional-sobre-manejo-de-fertilidad-del-suelo\/#primaryimage","url":"http:\/\/www.ucaldas.edu.co\/images\/tmp\/Seminario_Nacional_Manejo_Fertilidad_Sitioespecifico.JPG","contentUrl":"http:\/\/www.ucaldas.edu.co\/images\/tmp\/Seminario_Nacional_Manejo_Fertilidad_Sitioespecifico.JPG"},{"@type":"BreadcrumbList","@id":"https:\/\/www.ucaldas.edu.co\/portal\/comenzo-en-la-u-de-caldas-seminario-nacional-sobre-manejo-de-fertilidad-del-suelo\/#breadcrumb","itemListElement":[{"@type":"ListItem","position":1,"name":"Portada","item":"https:\/\/www.ucaldas.edu.co\/portal\/"},{"@type":"ListItem","position":2,"name":"Comenz\u00f3 en la U. de Caldas Seminario Nacional sobre Manejo de Fertilidad del Suelo"}]},{"@type":"WebSite","@id":"https:\/\/www.ucaldas.edu.co\/portal\/#website","url":"https:\/\/www.ucaldas.edu.co\/portal\/","name":"Universidad de Caldas","description":"","publisher":{"@id":"https:\/\/www.ucaldas.edu.co\/portal\/#organization"},"alternateName":"U. de Caldas","potentialAction":[{"@type":"SearchAction","target":{"@type":"EntryPoint","urlTemplate":"https:\/\/www.ucaldas.edu.co\/portal\/?s={search_term_string}"},"query-input":{"@type":"PropertyValueSpecification","valueRequired":true,"valueName":"search_term_string"}}],"inLanguage":"es"},{"@type":"Organization","@id":"https:\/\/www.ucaldas.edu.co\/portal\/#organization","name":"Universidad de Caldas","alternateName":"U. de Caldas","url":"https:\/\/www.ucaldas.edu.co\/portal\/","logo":{"@type":"ImageObject","inLanguage":"es","@id":"https:\/\/www.ucaldas.edu.co\/portal\/#\/schema\/logo\/image\/","url":"https:\/\/www.ucaldas.edu.co\/portal\/wp-content\/uploads\/2023\/11\/Logo_horizontal_oscuroU-2023.png","contentUrl":"https:\/\/www.ucaldas.edu.co\/portal\/wp-content\/uploads\/2023\/11\/Logo_horizontal_oscuroU-2023.png","width":263,"height":101,"caption":"Universidad de Caldas"},"image":{"@id":"https:\/\/www.ucaldas.edu.co\/portal\/#\/schema\/logo\/image\/"},"sameAs":["https:\/\/www.facebook.com\/udecaldas","https:\/\/x.com\/udecaldas","https:\/\/www.youtube.com\/universidadcaldas","https:\/\/www.instagram.com\/udecaldas\/"]},{"@type":"Person","@id":"https:\/\/www.ucaldas.edu.co\/portal\/#\/schema\/person\/a1b482e23449158b4bc319926c074fdf","name":"ofiprensa","image":{"@type":"ImageObject","inLanguage":"es","@id":"https:\/\/www.ucaldas.edu.co\/portal\/wp-content\/litespeed\/avatar\/09ea5085e600095a7a811142c6944527.jpg?ver=1777497608","url":"https:\/\/www.ucaldas.edu.co\/portal\/wp-content\/litespeed\/avatar\/09ea5085e600095a7a811142c6944527.jpg?ver=1777497608","contentUrl":"https:\/\/www.ucaldas.edu.co\/portal\/wp-content\/litespeed\/avatar\/09ea5085e600095a7a811142c6944527.jpg?ver=1777497608","caption":"ofiprensa"},"url":"https:\/\/www.ucaldas.edu.co\/portal\/author\/ofiprensa\/"}]}},"_links":{"self":[{"href":"https:\/\/www.ucaldas.edu.co\/portal\/wp-json\/wp\/v2\/posts\/8195","targetHints":{"allow":["GET"]}}],"collection":[{"href":"https:\/\/www.ucaldas.edu.co\/portal\/wp-json\/wp\/v2\/posts"}],"about":[{"href":"https:\/\/www.ucaldas.edu.co\/portal\/wp-json\/wp\/v2\/types\/post"}],"author":[{"embeddable":true,"href":"https:\/\/www.ucaldas.edu.co\/portal\/wp-json\/wp\/v2\/users\/2"}],"replies":[{"embeddable":true,"href":"https:\/\/www.ucaldas.edu.co\/portal\/wp-json\/wp\/v2\/comments?post=8195"}],"version-history":[{"count":0,"href":"https:\/\/www.ucaldas.edu.co\/portal\/wp-json\/wp\/v2\/posts\/8195\/revisions"}],"wp:attachment":[{"href":"https:\/\/www.ucaldas.edu.co\/portal\/wp-json\/wp\/v2\/media?parent=8195"}],"wp:term":[{"taxonomy":"category","embeddable":true,"href":"https:\/\/www.ucaldas.edu.co\/portal\/wp-json\/wp\/v2\/categories?post=8195"},{"taxonomy":"post_tag","embeddable":true,"href":"https:\/\/www.ucaldas.edu.co\/portal\/wp-json\/wp\/v2\/tags?post=8195"}],"curies":[{"name":"wp","href":"https:\/\/api.w.org\/{rel}","templated":true}]}}