{"id":8193,"date":"2011-05-05T11:17:58","date_gmt":"2011-05-05T16:17:58","guid":{"rendered":"https:\/\/www.ucaldas.edu.co\/portal\/?p=8193"},"modified":"2011-05-05T11:17:58","modified_gmt":"2011-05-05T16:17:58","slug":"u-de-caldas-lidera-i-encuentro-de-didactica-de-las-ciencias-sociales","status":"publish","type":"post","link":"https:\/\/www.ucaldas.edu.co\/portal\/u-de-caldas-lidera-i-encuentro-de-didactica-de-las-ciencias-sociales\/","title":{"rendered":"U. de Caldas lidera I Encuentro de Did\u00e1ctica de las Ciencias Sociales"},"content":{"rendered":"<p>Desde este jueves 5 hasta el viernes 6 de mayo del 2011, en la instituci\u00f3n<\/p>\n<hr \/>\n<p align=\"center\">\n<p align=\"right\"><b>05\/05\/2011<\/b><\/p>\n<p align=\"right\">\n<table border=\"0\">\n<tbody>\n<tr>\n<td><img loading=\"lazy\" decoding=\"async\" style=\"border: 0px\" alt=\"Encuentro\" src=\"http:\/\/www.ucaldas.edu.co\/images\/tmp\/I_Encuentro_Regional_Experiencias_Investigativas.JPG\" width=\"240\" height=\"150\" border=\"0\" \/><\/td>\n<td><b>Dos conferencistas nacionales<\/b> con <b>formaci\u00f3n doctoral<\/b> y <b>20 ponentes<\/b> a nivel <b>regional<\/b> participan en el <b>I Encuentro Regional de Experiencias Investigativas en Did\u00e1ctica de las Ciencias Sociales, <\/b>desde este <b>jueves 5 <\/b>hasta<b> viernes 6 de mayo<\/b> del 2011, organizado por la <b>Universidad<\/b><b> de Caldas.<\/b><\/p>\n<p>&nbsp;<\/p>\n<p>El evento se lleva a cabo en el <b>Teatro 8 de<\/b> <b>Junio,<\/b> de la Instituci\u00f3n y lo lideran las Facultades de Ciencias Jur\u00eddicas y Sociales, Artes y Humanidades; los departamentos de Historia y Geograf\u00eda, Estudios Educativos; la Licenciatura en Ciencias Sociales; la Maestr\u00eda en Educaci\u00f3n y el Doctorado en Educaci\u00f3n de la Instituci\u00f3n.<\/td>\n<\/tr>\n<\/tbody>\n<\/table>\n<p>&nbsp;<\/p>\n<p><b>\u00a0<\/b><\/p>\n<p>\u201cEl evento regional se realiz\u00f3 para todas las personas que tengan inter\u00e9s en las ciencias sociales y la meta concreta es que a nivel nacional se conforme una red de las ciencias sociales. La idea es crear grupos de investigaci\u00f3n a nivel nacional y articularlos a nivel internacional\u201d, inform\u00f3 Jorge Alirio Mendieta Ocampo, docente del Departamento de Historia y Geograf\u00eda de la U. de Caldas y miembro organizador del evento.<\/p>\n<p>&nbsp;<\/p>\n<p>Este evento es la preparaci\u00f3n para uno de talla nacional, que se realizar\u00e1 en septiembre de este a\u00f1o, en la U. de Caldas.<\/p>\n<p>&nbsp;<\/p>\n<p>Una de las invitadas especiales del encuentro es Cecilia Luca Gilberte Escobar Vekeman, Doctora en Ciencias Pol\u00edticas y Sociales de la Universidad Libre de Bruselas, (B\u00e9lgica), egresada de la U. de Caldas y docente de la Universidad Tecnol\u00f3gica\u00a0 de Pereira. Disert\u00f3 sobre las <i>Did\u00e1cticas de las Ciencias Sociales: nuevos retos y nuevas ciudadan\u00edas.<\/i><\/p>\n<p>&nbsp;<\/p>\n<p>\u201cQueremos causar una reflexi\u00f3n: si lo que se debe hacer es ense\u00f1ar Ciencias Sociales como disciplinas o como elementos para reflexionar la realidad social. M\u00faltiples actores sociales, conocer diversidades \u00e9tnicas, socioecon\u00f3micas, culturales, y pensar en qu\u00e9 perfil hay que formar profesores de las ciencias sociales\u201d, coment\u00f3 Escobar Vekeman.<\/p>\n<p>\u201cMi pensamiento es que toda ciencia que se reflexione debe entrar en crisis, estamos en un mundo cambiante, un mundo cultural y social que no puede ser est\u00e1tico\u201d, concluy\u00f3 Escobar Vekeman.<\/p>\n<p>Para conocer la programaci\u00f3n completa del evento ingrese a la p\u00e1gina web <a href=\"http:\/\/desarrollo.ucaldas.edu.co\/\" target=\"_blank\">www.ucaldas.edu.co<\/a><b> <\/b>secci\u00f3n <b>Eventos.<\/b><\/p>\n<p><b>Informes: <\/b>en el correo electr\u00f3nico <a href=\"mailto:didactica.sociales@ucaldas.edu.co\" target=\"_blank\">didactica.sociales@ucaldas.edu.co<\/a><\/p>\n","protected":false},"excerpt":{"rendered":"<p>Desde este jueves 5 hasta el viernes 6 de mayo del 2011, en la instituci\u00f3n 05\/05\/2011 Dos conferencistas nacionales con formaci\u00f3n doctoral y 20 ponentes a nivel regional participan en el I Encuentro Regional de Experiencias Investigativas en Did\u00e1ctica de las Ciencias Sociales, desde este jueves 5 hasta viernes 6 de mayo del 2011, organizado [&hellip;]<\/p>\n","protected":false},"author":2,"featured_media":0,"comment_status":"closed","ping_status":"closed","sticky":false,"template":"","format":"standard","meta":{"footnotes":""},"categories":[48,53],"tags":[],"class_list":["post-8193","post","type-post","status-publish","format-standard","hentry","category-actualidad","category-universidad-al-dia"],"yoast_head":"<!-- This site is optimized with the Yoast SEO plugin v27.5 - https:\/\/yoast.com\/product\/yoast-seo-wordpress\/ -->\n<title>U. de Caldas lidera I Encuentro de Did\u00e1ctica de las Ciencias Sociales .<\/title>\n<meta name=\"robots\" content=\"index, follow, max-snippet:-1, max-image-preview:large, max-video-preview:-1\" \/>\n<link rel=\"canonical\" href=\"https:\/\/www.ucaldas.edu.co\/portal\/u-de-caldas-lidera-i-encuentro-de-didactica-de-las-ciencias-sociales\/\" \/>\n<script type=\"application\/ld+json\" class=\"yoast-schema-graph\">{\"@context\":\"https:\\\/\\\/schema.org\",\"@graph\":[{\"@type\":\"Article\",\"@id\":\"https:\\\/\\\/www.ucaldas.edu.co\\\/portal\\\/u-de-caldas-lidera-i-encuentro-de-didactica-de-las-ciencias-sociales\\\/#article\",\"isPartOf\":{\"@id\":\"https:\\\/\\\/www.ucaldas.edu.co\\\/portal\\\/u-de-caldas-lidera-i-encuentro-de-didactica-de-las-ciencias-sociales\\\/\"},\"author\":{\"name\":\"ofiprensa\",\"@id\":\"https:\\\/\\\/www.ucaldas.edu.co\\\/portal\\\/#\\\/schema\\\/person\\\/a1b482e23449158b4bc319926c074fdf\"},\"headline\":\"U. de Caldas lidera I Encuentro de Did\u00e1ctica de las Ciencias Sociales\",\"datePublished\":\"2011-05-05T16:17:58+00:00\",\"mainEntityOfPage\":{\"@id\":\"https:\\\/\\\/www.ucaldas.edu.co\\\/portal\\\/u-de-caldas-lidera-i-encuentro-de-didactica-de-las-ciencias-sociales\\\/\"},\"wordCount\":404,\"publisher\":{\"@id\":\"https:\\\/\\\/www.ucaldas.edu.co\\\/portal\\\/#organization\"},\"image\":{\"@id\":\"https:\\\/\\\/www.ucaldas.edu.co\\\/portal\\\/u-de-caldas-lidera-i-encuentro-de-didactica-de-las-ciencias-sociales\\\/#primaryimage\"},\"thumbnailUrl\":\"http:\\\/\\\/www.ucaldas.edu.co\\\/images\\\/tmp\\\/I_Encuentro_Regional_Experiencias_Investigativas.JPG\",\"articleSection\":[\"Actualidad\",\"Universidad al D\u00eda\"],\"inLanguage\":\"es\"},{\"@type\":\"WebPage\",\"@id\":\"https:\\\/\\\/www.ucaldas.edu.co\\\/portal\\\/u-de-caldas-lidera-i-encuentro-de-didactica-de-las-ciencias-sociales\\\/\",\"url\":\"https:\\\/\\\/www.ucaldas.edu.co\\\/portal\\\/u-de-caldas-lidera-i-encuentro-de-didactica-de-las-ciencias-sociales\\\/\",\"name\":\"U. de Caldas lidera I Encuentro de Did\u00e1ctica de las Ciencias Sociales .\",\"isPartOf\":{\"@id\":\"https:\\\/\\\/www.ucaldas.edu.co\\\/portal\\\/#website\"},\"primaryImageOfPage\":{\"@id\":\"https:\\\/\\\/www.ucaldas.edu.co\\\/portal\\\/u-de-caldas-lidera-i-encuentro-de-didactica-de-las-ciencias-sociales\\\/#primaryimage\"},\"image\":{\"@id\":\"https:\\\/\\\/www.ucaldas.edu.co\\\/portal\\\/u-de-caldas-lidera-i-encuentro-de-didactica-de-las-ciencias-sociales\\\/#primaryimage\"},\"thumbnailUrl\":\"http:\\\/\\\/www.ucaldas.edu.co\\\/images\\\/tmp\\\/I_Encuentro_Regional_Experiencias_Investigativas.JPG\",\"datePublished\":\"2011-05-05T16:17:58+00:00\",\"breadcrumb\":{\"@id\":\"https:\\\/\\\/www.ucaldas.edu.co\\\/portal\\\/u-de-caldas-lidera-i-encuentro-de-didactica-de-las-ciencias-sociales\\\/#breadcrumb\"},\"inLanguage\":\"es\",\"potentialAction\":[{\"@type\":\"ReadAction\",\"target\":[\"https:\\\/\\\/www.ucaldas.edu.co\\\/portal\\\/u-de-caldas-lidera-i-encuentro-de-didactica-de-las-ciencias-sociales\\\/\"]}]},{\"@type\":\"ImageObject\",\"inLanguage\":\"es\",\"@id\":\"https:\\\/\\\/www.ucaldas.edu.co\\\/portal\\\/u-de-caldas-lidera-i-encuentro-de-didactica-de-las-ciencias-sociales\\\/#primaryimage\",\"url\":\"http:\\\/\\\/www.ucaldas.edu.co\\\/images\\\/tmp\\\/I_Encuentro_Regional_Experiencias_Investigativas.JPG\",\"contentUrl\":\"http:\\\/\\\/www.ucaldas.edu.co\\\/images\\\/tmp\\\/I_Encuentro_Regional_Experiencias_Investigativas.JPG\"},{\"@type\":\"BreadcrumbList\",\"@id\":\"https:\\\/\\\/www.ucaldas.edu.co\\\/portal\\\/u-de-caldas-lidera-i-encuentro-de-didactica-de-las-ciencias-sociales\\\/#breadcrumb\",\"itemListElement\":[{\"@type\":\"ListItem\",\"position\":1,\"name\":\"Portada\",\"item\":\"https:\\\/\\\/www.ucaldas.edu.co\\\/portal\\\/\"},{\"@type\":\"ListItem\",\"position\":2,\"name\":\"U. de Caldas lidera I Encuentro de Did\u00e1ctica de las Ciencias Sociales\"}]},{\"@type\":\"WebSite\",\"@id\":\"https:\\\/\\\/www.ucaldas.edu.co\\\/portal\\\/#website\",\"url\":\"https:\\\/\\\/www.ucaldas.edu.co\\\/portal\\\/\",\"name\":\"Universidad de Caldas\",\"description\":\"\",\"publisher\":{\"@id\":\"https:\\\/\\\/www.ucaldas.edu.co\\\/portal\\\/#organization\"},\"alternateName\":\"U. de Caldas\",\"potentialAction\":[{\"@type\":\"SearchAction\",\"target\":{\"@type\":\"EntryPoint\",\"urlTemplate\":\"https:\\\/\\\/www.ucaldas.edu.co\\\/portal\\\/?s={search_term_string}\"},\"query-input\":{\"@type\":\"PropertyValueSpecification\",\"valueRequired\":true,\"valueName\":\"search_term_string\"}}],\"inLanguage\":\"es\"},{\"@type\":\"Organization\",\"@id\":\"https:\\\/\\\/www.ucaldas.edu.co\\\/portal\\\/#organization\",\"name\":\"Universidad de Caldas\",\"alternateName\":\"U. de Caldas\",\"url\":\"https:\\\/\\\/www.ucaldas.edu.co\\\/portal\\\/\",\"logo\":{\"@type\":\"ImageObject\",\"inLanguage\":\"es\",\"@id\":\"https:\\\/\\\/www.ucaldas.edu.co\\\/portal\\\/#\\\/schema\\\/logo\\\/image\\\/\",\"url\":\"https:\\\/\\\/www.ucaldas.edu.co\\\/portal\\\/wp-content\\\/uploads\\\/2023\\\/11\\\/Logo_horizontal_oscuroU-2023.png\",\"contentUrl\":\"https:\\\/\\\/www.ucaldas.edu.co\\\/portal\\\/wp-content\\\/uploads\\\/2023\\\/11\\\/Logo_horizontal_oscuroU-2023.png\",\"width\":263,\"height\":101,\"caption\":\"Universidad de Caldas\"},\"image\":{\"@id\":\"https:\\\/\\\/www.ucaldas.edu.co\\\/portal\\\/#\\\/schema\\\/logo\\\/image\\\/\"},\"sameAs\":[\"https:\\\/\\\/www.facebook.com\\\/udecaldas\",\"https:\\\/\\\/x.com\\\/udecaldas\",\"https:\\\/\\\/www.youtube.com\\\/universidadcaldas\",\"https:\\\/\\\/www.instagram.com\\\/udecaldas\\\/\"]},{\"@type\":\"Person\",\"@id\":\"https:\\\/\\\/www.ucaldas.edu.co\\\/portal\\\/#\\\/schema\\\/person\\\/a1b482e23449158b4bc319926c074fdf\",\"name\":\"ofiprensa\",\"image\":{\"@type\":\"ImageObject\",\"inLanguage\":\"es\",\"@id\":\"https:\\\/\\\/www.ucaldas.edu.co\\\/portal\\\/wp-content\\\/litespeed\\\/avatar\\\/09ea5085e600095a7a811142c6944527.jpg?ver=1777497608\",\"url\":\"https:\\\/\\\/www.ucaldas.edu.co\\\/portal\\\/wp-content\\\/litespeed\\\/avatar\\\/09ea5085e600095a7a811142c6944527.jpg?ver=1777497608\",\"contentUrl\":\"https:\\\/\\\/www.ucaldas.edu.co\\\/portal\\\/wp-content\\\/litespeed\\\/avatar\\\/09ea5085e600095a7a811142c6944527.jpg?ver=1777497608\",\"caption\":\"ofiprensa\"},\"url\":\"https:\\\/\\\/www.ucaldas.edu.co\\\/portal\\\/author\\\/ofiprensa\\\/\"}]}<\/script>\n<!-- \/ Yoast SEO plugin. -->","yoast_head_json":{"title":"U. de Caldas lidera I Encuentro de Did\u00e1ctica de las Ciencias Sociales .","robots":{"index":"index","follow":"follow","max-snippet":"max-snippet:-1","max-image-preview":"max-image-preview:large","max-video-preview":"max-video-preview:-1"},"canonical":"https:\/\/www.ucaldas.edu.co\/portal\/u-de-caldas-lidera-i-encuentro-de-didactica-de-las-ciencias-sociales\/","schema":{"@context":"https:\/\/schema.org","@graph":[{"@type":"Article","@id":"https:\/\/www.ucaldas.edu.co\/portal\/u-de-caldas-lidera-i-encuentro-de-didactica-de-las-ciencias-sociales\/#article","isPartOf":{"@id":"https:\/\/www.ucaldas.edu.co\/portal\/u-de-caldas-lidera-i-encuentro-de-didactica-de-las-ciencias-sociales\/"},"author":{"name":"ofiprensa","@id":"https:\/\/www.ucaldas.edu.co\/portal\/#\/schema\/person\/a1b482e23449158b4bc319926c074fdf"},"headline":"U. de Caldas lidera I Encuentro de Did\u00e1ctica de las Ciencias Sociales","datePublished":"2011-05-05T16:17:58+00:00","mainEntityOfPage":{"@id":"https:\/\/www.ucaldas.edu.co\/portal\/u-de-caldas-lidera-i-encuentro-de-didactica-de-las-ciencias-sociales\/"},"wordCount":404,"publisher":{"@id":"https:\/\/www.ucaldas.edu.co\/portal\/#organization"},"image":{"@id":"https:\/\/www.ucaldas.edu.co\/portal\/u-de-caldas-lidera-i-encuentro-de-didactica-de-las-ciencias-sociales\/#primaryimage"},"thumbnailUrl":"http:\/\/www.ucaldas.edu.co\/images\/tmp\/I_Encuentro_Regional_Experiencias_Investigativas.JPG","articleSection":["Actualidad","Universidad al D\u00eda"],"inLanguage":"es"},{"@type":"WebPage","@id":"https:\/\/www.ucaldas.edu.co\/portal\/u-de-caldas-lidera-i-encuentro-de-didactica-de-las-ciencias-sociales\/","url":"https:\/\/www.ucaldas.edu.co\/portal\/u-de-caldas-lidera-i-encuentro-de-didactica-de-las-ciencias-sociales\/","name":"U. de Caldas lidera I Encuentro de Did\u00e1ctica de las Ciencias Sociales .","isPartOf":{"@id":"https:\/\/www.ucaldas.edu.co\/portal\/#website"},"primaryImageOfPage":{"@id":"https:\/\/www.ucaldas.edu.co\/portal\/u-de-caldas-lidera-i-encuentro-de-didactica-de-las-ciencias-sociales\/#primaryimage"},"image":{"@id":"https:\/\/www.ucaldas.edu.co\/portal\/u-de-caldas-lidera-i-encuentro-de-didactica-de-las-ciencias-sociales\/#primaryimage"},"thumbnailUrl":"http:\/\/www.ucaldas.edu.co\/images\/tmp\/I_Encuentro_Regional_Experiencias_Investigativas.JPG","datePublished":"2011-05-05T16:17:58+00:00","breadcrumb":{"@id":"https:\/\/www.ucaldas.edu.co\/portal\/u-de-caldas-lidera-i-encuentro-de-didactica-de-las-ciencias-sociales\/#breadcrumb"},"inLanguage":"es","potentialAction":[{"@type":"ReadAction","target":["https:\/\/www.ucaldas.edu.co\/portal\/u-de-caldas-lidera-i-encuentro-de-didactica-de-las-ciencias-sociales\/"]}]},{"@type":"ImageObject","inLanguage":"es","@id":"https:\/\/www.ucaldas.edu.co\/portal\/u-de-caldas-lidera-i-encuentro-de-didactica-de-las-ciencias-sociales\/#primaryimage","url":"http:\/\/www.ucaldas.edu.co\/images\/tmp\/I_Encuentro_Regional_Experiencias_Investigativas.JPG","contentUrl":"http:\/\/www.ucaldas.edu.co\/images\/tmp\/I_Encuentro_Regional_Experiencias_Investigativas.JPG"},{"@type":"BreadcrumbList","@id":"https:\/\/www.ucaldas.edu.co\/portal\/u-de-caldas-lidera-i-encuentro-de-didactica-de-las-ciencias-sociales\/#breadcrumb","itemListElement":[{"@type":"ListItem","position":1,"name":"Portada","item":"https:\/\/www.ucaldas.edu.co\/portal\/"},{"@type":"ListItem","position":2,"name":"U. de Caldas lidera I Encuentro de Did\u00e1ctica de las Ciencias Sociales"}]},{"@type":"WebSite","@id":"https:\/\/www.ucaldas.edu.co\/portal\/#website","url":"https:\/\/www.ucaldas.edu.co\/portal\/","name":"Universidad de Caldas","description":"","publisher":{"@id":"https:\/\/www.ucaldas.edu.co\/portal\/#organization"},"alternateName":"U. de Caldas","potentialAction":[{"@type":"SearchAction","target":{"@type":"EntryPoint","urlTemplate":"https:\/\/www.ucaldas.edu.co\/portal\/?s={search_term_string}"},"query-input":{"@type":"PropertyValueSpecification","valueRequired":true,"valueName":"search_term_string"}}],"inLanguage":"es"},{"@type":"Organization","@id":"https:\/\/www.ucaldas.edu.co\/portal\/#organization","name":"Universidad de Caldas","alternateName":"U. de Caldas","url":"https:\/\/www.ucaldas.edu.co\/portal\/","logo":{"@type":"ImageObject","inLanguage":"es","@id":"https:\/\/www.ucaldas.edu.co\/portal\/#\/schema\/logo\/image\/","url":"https:\/\/www.ucaldas.edu.co\/portal\/wp-content\/uploads\/2023\/11\/Logo_horizontal_oscuroU-2023.png","contentUrl":"https:\/\/www.ucaldas.edu.co\/portal\/wp-content\/uploads\/2023\/11\/Logo_horizontal_oscuroU-2023.png","width":263,"height":101,"caption":"Universidad de Caldas"},"image":{"@id":"https:\/\/www.ucaldas.edu.co\/portal\/#\/schema\/logo\/image\/"},"sameAs":["https:\/\/www.facebook.com\/udecaldas","https:\/\/x.com\/udecaldas","https:\/\/www.youtube.com\/universidadcaldas","https:\/\/www.instagram.com\/udecaldas\/"]},{"@type":"Person","@id":"https:\/\/www.ucaldas.edu.co\/portal\/#\/schema\/person\/a1b482e23449158b4bc319926c074fdf","name":"ofiprensa","image":{"@type":"ImageObject","inLanguage":"es","@id":"https:\/\/www.ucaldas.edu.co\/portal\/wp-content\/litespeed\/avatar\/09ea5085e600095a7a811142c6944527.jpg?ver=1777497608","url":"https:\/\/www.ucaldas.edu.co\/portal\/wp-content\/litespeed\/avatar\/09ea5085e600095a7a811142c6944527.jpg?ver=1777497608","contentUrl":"https:\/\/www.ucaldas.edu.co\/portal\/wp-content\/litespeed\/avatar\/09ea5085e600095a7a811142c6944527.jpg?ver=1777497608","caption":"ofiprensa"},"url":"https:\/\/www.ucaldas.edu.co\/portal\/author\/ofiprensa\/"}]}},"_links":{"self":[{"href":"https:\/\/www.ucaldas.edu.co\/portal\/wp-json\/wp\/v2\/posts\/8193","targetHints":{"allow":["GET"]}}],"collection":[{"href":"https:\/\/www.ucaldas.edu.co\/portal\/wp-json\/wp\/v2\/posts"}],"about":[{"href":"https:\/\/www.ucaldas.edu.co\/portal\/wp-json\/wp\/v2\/types\/post"}],"author":[{"embeddable":true,"href":"https:\/\/www.ucaldas.edu.co\/portal\/wp-json\/wp\/v2\/users\/2"}],"replies":[{"embeddable":true,"href":"https:\/\/www.ucaldas.edu.co\/portal\/wp-json\/wp\/v2\/comments?post=8193"}],"version-history":[{"count":0,"href":"https:\/\/www.ucaldas.edu.co\/portal\/wp-json\/wp\/v2\/posts\/8193\/revisions"}],"wp:attachment":[{"href":"https:\/\/www.ucaldas.edu.co\/portal\/wp-json\/wp\/v2\/media?parent=8193"}],"wp:term":[{"taxonomy":"category","embeddable":true,"href":"https:\/\/www.ucaldas.edu.co\/portal\/wp-json\/wp\/v2\/categories?post=8193"},{"taxonomy":"post_tag","embeddable":true,"href":"https:\/\/www.ucaldas.edu.co\/portal\/wp-json\/wp\/v2\/tags?post=8193"}],"curies":[{"name":"wp","href":"https:\/\/api.w.org\/{rel}","templated":true}]}}