{"id":8191,"date":"2011-05-04T11:17:04","date_gmt":"2011-05-04T16:17:04","guid":{"rendered":"https:\/\/www.ucaldas.edu.co\/portal\/?p=8191"},"modified":"2011-05-04T11:17:04","modified_gmt":"2011-05-04T16:17:04","slug":"comienza-en-la-u-de-caldas-seminario-nacional-sobre-manejo-de-fertilidad-del-suelo","status":"publish","type":"post","link":"https:\/\/www.ucaldas.edu.co\/portal\/comienza-en-la-u-de-caldas-seminario-nacional-sobre-manejo-de-fertilidad-del-suelo\/","title":{"rendered":"Comienza en la U. de Caldas Seminario Nacional sobre Manejo de Fertilidad del Suelo"},"content":{"rendered":"<div>\n<div>\n<p align=\"center\">Bolet\u00edn Conjunto<\/p>\n<p align=\"center\">Fundaci\u00f3n Universidad Empresa Estado \u2013 Universidad de Caldas<\/p>\n<p align=\"center\">4 de mayo del 2011<\/p>\n<p align=\"center\">ESTE JUEVES 5 Y VIERNES 6 DE MAYO DEL 2011<\/p>\n<hr \/>\n<p>&nbsp;<\/p>\n<table border=\"0\">\n<tbody>\n<tr>\n<td><img loading=\"lazy\" decoding=\"async\" style=\"border: 0px\" alt=\"Seminario\" src=\"http:\/\/www.ucaldas.edu.co\/images\/tmp\/mapa_suelos_tesoro.jpg\" width=\"240\" height=\"150\" border=\"0\" \/><\/td>\n<td>El Grupo de Investigaci\u00f3n Producci\u00f3n Agr\u00edcola Sostenible en el Tr\u00f3pico Andino (Sosandinos) de la <b>Universidad<\/b><b> de Caldas<\/b>, la <b>Fundaci\u00f3n Universidad<\/b><b> Empresa Estado<\/b> (FUEE), el <b>Ministerio de<\/b> <b>Agricultura y Desarrollo Rural<\/b> (MADR) y <b>Asohofrucol<\/b> se unen para realizar el <b>Seminario Nacional sobre Manejo de la Fertilidad Sitioespec\u00edfico del Suelo.<\/b><\/p>\n<p><b>\u00a0<\/b><\/p>\n<p>Ser\u00e1 este jueves 5 y viernes 6 de mayo del 2011 en la Sala Carlos N\u00e1der N\u00e1der, de la Sede Central de la U. de Caldas.<\/td>\n<\/tr>\n<\/tbody>\n<\/table>\n<p>&nbsp;<\/p>\n<p>El objetivo del evento es socializar los resultados del proyecto <i>Manejo de la fertilidad del suelo por sitio espec\u00edfico para la producci\u00f3n sostenible del cultivo de la mora en el Departamento de Caldas<\/i>, financiado por el MADR y Asohofrucol, y ejecutado por la U. de Caldas y la Fundaci\u00f3n Universidad Empresa Estado (FUEE).<\/p>\n<p>&nbsp;<\/p>\n<p>\u201cEste proyecto es importante la FUEE, pues fortalece las relaciones de los grupos de investigaci\u00f3n de las universidades, las empresas y los representantes del Gobierno, para hacer m\u00e1s competitiva nuestra regi\u00f3n\u201d, afirm\u00f3 Claudia Patricia Benavides, Directora Ejecutiva\u00a0 de la FUEE.<\/p>\n<p><b>\u00a0<\/b><\/p>\n<p>El encuentro tambi\u00e9n busca abrir espacios de discusi\u00f3n con respecto a la tendencia del manejo sitiespec\u00edfico de la fertilidad de suelo y\u00a0 conocer las experiencias de otros pa\u00edses y de diversas\u00a0 zonas de Colombia con respecto al tema.<\/p>\n<p>&nbsp;<\/p>\n<p>\u201cEl manejo de la agricultura de acuerdo al sitioespec\u00edfico es una\u00a0\u00a0 tendencia que se viene trabajando desde los a\u00f1os 80. En el pa\u00eds se ha investigando desde el punto de vista geoestad\u00edstico,\u00a0 luego se ha buscado aplicaciones en lo ambiental y en la fertilidad del suelo\u201d, coment\u00f3 Franco H. Obando Moncayo; L\u00edder de grupo Sosandinos.<\/p>\n<p>&nbsp;<\/p>\n<p>Adem\u00e1s, Obando dijo: \u201cla apuesta actual es utilizar el geoposicionamiento global, involucrando herramientas de software\u00a0 a los estudios de\u00a0 viabilidad de administraci\u00f3n de los recursos naturales.\u201d<\/p>\n<p>&nbsp;<\/p>\n<p>Para conocer la programaci\u00f3n completa del evento haga clic <a href=\"http:\/\/es.scribd.com\/doc\/54434923\/Sem-Especifico-Programacion\" target=\"_blank\">aqu\u00ed.<\/a><\/p>\n<p>&nbsp;<\/p>\n<p>&nbsp;<\/p>\n<p><b>Informes: <\/b>con Jos\u00e9 Farf\u00e1n Rinc\u00f3n, en el celular: 311 310 3677 o en los correos electr\u00f3nicos: <span style=\"text-decoration: underline\"><a href=\"mailto:sem.especifico@gmail.com\" target=\"_blank\">sem.especifico@gmail.com<\/a><\/span> o <span style=\"text-decoration: underline\"><a href=\"mailto:josev.farfan@gmail.com\" target=\"_blank\">josev.farfan@gmail.com<\/a><\/span> Tambi\u00e9n, en la p\u00e1gina web <span style=\"text-decoration: underline\"><a href=\"http:\/\/www.seminarioespecifico.blogspot.com\/\" target=\"_blank\">www.seminarioespecifico.blogspot.com<\/a><\/span><\/p>\n<p>&nbsp;<\/p>\n<\/div>\n<\/div>\n","protected":false},"excerpt":{"rendered":"<p>Bolet\u00edn Conjunto Fundaci\u00f3n Universidad Empresa Estado \u2013 Universidad de Caldas 4 de mayo del 2011 ESTE JUEVES 5 Y VIERNES 6 DE MAYO DEL 2011 &nbsp; El Grupo de Investigaci\u00f3n Producci\u00f3n Agr\u00edcola Sostenible en el Tr\u00f3pico Andino (Sosandinos) de la Universidad de Caldas, la Fundaci\u00f3n Universidad Empresa Estado (FUEE), el Ministerio de Agricultura y Desarrollo [&hellip;]<\/p>\n","protected":false},"author":2,"featured_media":0,"comment_status":"closed","ping_status":"closed","sticky":false,"template":"","format":"standard","meta":{"footnotes":""},"categories":[48,53],"tags":[],"class_list":["post-8191","post","type-post","status-publish","format-standard","hentry","category-actualidad","category-universidad-al-dia"],"yoast_head":"<!-- This site is optimized with the Yoast SEO plugin v27.5 - https:\/\/yoast.com\/product\/yoast-seo-wordpress\/ -->\n<title>Comienza en la U. de Caldas Seminario Nacional sobre Manejo de Fertilidad del Suelo .<\/title>\n<meta name=\"robots\" content=\"index, follow, max-snippet:-1, max-image-preview:large, max-video-preview:-1\" \/>\n<link rel=\"canonical\" href=\"https:\/\/www.ucaldas.edu.co\/portal\/comienza-en-la-u-de-caldas-seminario-nacional-sobre-manejo-de-fertilidad-del-suelo\/\" \/>\n<script type=\"application\/ld+json\" class=\"yoast-schema-graph\">{\"@context\":\"https:\\\/\\\/schema.org\",\"@graph\":[{\"@type\":\"Article\",\"@id\":\"https:\\\/\\\/www.ucaldas.edu.co\\\/portal\\\/comienza-en-la-u-de-caldas-seminario-nacional-sobre-manejo-de-fertilidad-del-suelo\\\/#article\",\"isPartOf\":{\"@id\":\"https:\\\/\\\/www.ucaldas.edu.co\\\/portal\\\/comienza-en-la-u-de-caldas-seminario-nacional-sobre-manejo-de-fertilidad-del-suelo\\\/\"},\"author\":{\"name\":\"ofiprensa\",\"@id\":\"https:\\\/\\\/www.ucaldas.edu.co\\\/portal\\\/#\\\/schema\\\/person\\\/a1b482e23449158b4bc319926c074fdf\"},\"headline\":\"Comienza en la U. de Caldas Seminario Nacional sobre Manejo de Fertilidad del Suelo\",\"datePublished\":\"2011-05-04T16:17:04+00:00\",\"mainEntityOfPage\":{\"@id\":\"https:\\\/\\\/www.ucaldas.edu.co\\\/portal\\\/comienza-en-la-u-de-caldas-seminario-nacional-sobre-manejo-de-fertilidad-del-suelo\\\/\"},\"wordCount\":398,\"publisher\":{\"@id\":\"https:\\\/\\\/www.ucaldas.edu.co\\\/portal\\\/#organization\"},\"image\":{\"@id\":\"https:\\\/\\\/www.ucaldas.edu.co\\\/portal\\\/comienza-en-la-u-de-caldas-seminario-nacional-sobre-manejo-de-fertilidad-del-suelo\\\/#primaryimage\"},\"thumbnailUrl\":\"http:\\\/\\\/www.ucaldas.edu.co\\\/images\\\/tmp\\\/mapa_suelos_tesoro.jpg\",\"articleSection\":[\"Actualidad\",\"Universidad al D\u00eda\"],\"inLanguage\":\"es\"},{\"@type\":\"WebPage\",\"@id\":\"https:\\\/\\\/www.ucaldas.edu.co\\\/portal\\\/comienza-en-la-u-de-caldas-seminario-nacional-sobre-manejo-de-fertilidad-del-suelo\\\/\",\"url\":\"https:\\\/\\\/www.ucaldas.edu.co\\\/portal\\\/comienza-en-la-u-de-caldas-seminario-nacional-sobre-manejo-de-fertilidad-del-suelo\\\/\",\"name\":\"Comienza en la U. de Caldas Seminario Nacional sobre Manejo de Fertilidad del Suelo .\",\"isPartOf\":{\"@id\":\"https:\\\/\\\/www.ucaldas.edu.co\\\/portal\\\/#website\"},\"primaryImageOfPage\":{\"@id\":\"https:\\\/\\\/www.ucaldas.edu.co\\\/portal\\\/comienza-en-la-u-de-caldas-seminario-nacional-sobre-manejo-de-fertilidad-del-suelo\\\/#primaryimage\"},\"image\":{\"@id\":\"https:\\\/\\\/www.ucaldas.edu.co\\\/portal\\\/comienza-en-la-u-de-caldas-seminario-nacional-sobre-manejo-de-fertilidad-del-suelo\\\/#primaryimage\"},\"thumbnailUrl\":\"http:\\\/\\\/www.ucaldas.edu.co\\\/images\\\/tmp\\\/mapa_suelos_tesoro.jpg\",\"datePublished\":\"2011-05-04T16:17:04+00:00\",\"breadcrumb\":{\"@id\":\"https:\\\/\\\/www.ucaldas.edu.co\\\/portal\\\/comienza-en-la-u-de-caldas-seminario-nacional-sobre-manejo-de-fertilidad-del-suelo\\\/#breadcrumb\"},\"inLanguage\":\"es\",\"potentialAction\":[{\"@type\":\"ReadAction\",\"target\":[\"https:\\\/\\\/www.ucaldas.edu.co\\\/portal\\\/comienza-en-la-u-de-caldas-seminario-nacional-sobre-manejo-de-fertilidad-del-suelo\\\/\"]}]},{\"@type\":\"ImageObject\",\"inLanguage\":\"es\",\"@id\":\"https:\\\/\\\/www.ucaldas.edu.co\\\/portal\\\/comienza-en-la-u-de-caldas-seminario-nacional-sobre-manejo-de-fertilidad-del-suelo\\\/#primaryimage\",\"url\":\"http:\\\/\\\/www.ucaldas.edu.co\\\/images\\\/tmp\\\/mapa_suelos_tesoro.jpg\",\"contentUrl\":\"http:\\\/\\\/www.ucaldas.edu.co\\\/images\\\/tmp\\\/mapa_suelos_tesoro.jpg\"},{\"@type\":\"BreadcrumbList\",\"@id\":\"https:\\\/\\\/www.ucaldas.edu.co\\\/portal\\\/comienza-en-la-u-de-caldas-seminario-nacional-sobre-manejo-de-fertilidad-del-suelo\\\/#breadcrumb\",\"itemListElement\":[{\"@type\":\"ListItem\",\"position\":1,\"name\":\"Portada\",\"item\":\"https:\\\/\\\/www.ucaldas.edu.co\\\/portal\\\/\"},{\"@type\":\"ListItem\",\"position\":2,\"name\":\"Comienza en la U. de Caldas Seminario Nacional sobre Manejo de Fertilidad del Suelo\"}]},{\"@type\":\"WebSite\",\"@id\":\"https:\\\/\\\/www.ucaldas.edu.co\\\/portal\\\/#website\",\"url\":\"https:\\\/\\\/www.ucaldas.edu.co\\\/portal\\\/\",\"name\":\"Universidad de Caldas\",\"description\":\"\",\"publisher\":{\"@id\":\"https:\\\/\\\/www.ucaldas.edu.co\\\/portal\\\/#organization\"},\"alternateName\":\"U. de Caldas\",\"potentialAction\":[{\"@type\":\"SearchAction\",\"target\":{\"@type\":\"EntryPoint\",\"urlTemplate\":\"https:\\\/\\\/www.ucaldas.edu.co\\\/portal\\\/?s={search_term_string}\"},\"query-input\":{\"@type\":\"PropertyValueSpecification\",\"valueRequired\":true,\"valueName\":\"search_term_string\"}}],\"inLanguage\":\"es\"},{\"@type\":\"Organization\",\"@id\":\"https:\\\/\\\/www.ucaldas.edu.co\\\/portal\\\/#organization\",\"name\":\"Universidad de Caldas\",\"alternateName\":\"U. de Caldas\",\"url\":\"https:\\\/\\\/www.ucaldas.edu.co\\\/portal\\\/\",\"logo\":{\"@type\":\"ImageObject\",\"inLanguage\":\"es\",\"@id\":\"https:\\\/\\\/www.ucaldas.edu.co\\\/portal\\\/#\\\/schema\\\/logo\\\/image\\\/\",\"url\":\"https:\\\/\\\/www.ucaldas.edu.co\\\/portal\\\/wp-content\\\/uploads\\\/2023\\\/11\\\/Logo_horizontal_oscuroU-2023.png\",\"contentUrl\":\"https:\\\/\\\/www.ucaldas.edu.co\\\/portal\\\/wp-content\\\/uploads\\\/2023\\\/11\\\/Logo_horizontal_oscuroU-2023.png\",\"width\":263,\"height\":101,\"caption\":\"Universidad de Caldas\"},\"image\":{\"@id\":\"https:\\\/\\\/www.ucaldas.edu.co\\\/portal\\\/#\\\/schema\\\/logo\\\/image\\\/\"},\"sameAs\":[\"https:\\\/\\\/www.facebook.com\\\/udecaldas\",\"https:\\\/\\\/x.com\\\/udecaldas\",\"https:\\\/\\\/www.youtube.com\\\/universidadcaldas\",\"https:\\\/\\\/www.instagram.com\\\/udecaldas\\\/\"]},{\"@type\":\"Person\",\"@id\":\"https:\\\/\\\/www.ucaldas.edu.co\\\/portal\\\/#\\\/schema\\\/person\\\/a1b482e23449158b4bc319926c074fdf\",\"name\":\"ofiprensa\",\"image\":{\"@type\":\"ImageObject\",\"inLanguage\":\"es\",\"@id\":\"https:\\\/\\\/www.ucaldas.edu.co\\\/portal\\\/wp-content\\\/litespeed\\\/avatar\\\/09ea5085e600095a7a811142c6944527.jpg?ver=1777497608\",\"url\":\"https:\\\/\\\/www.ucaldas.edu.co\\\/portal\\\/wp-content\\\/litespeed\\\/avatar\\\/09ea5085e600095a7a811142c6944527.jpg?ver=1777497608\",\"contentUrl\":\"https:\\\/\\\/www.ucaldas.edu.co\\\/portal\\\/wp-content\\\/litespeed\\\/avatar\\\/09ea5085e600095a7a811142c6944527.jpg?ver=1777497608\",\"caption\":\"ofiprensa\"},\"url\":\"https:\\\/\\\/www.ucaldas.edu.co\\\/portal\\\/author\\\/ofiprensa\\\/\"}]}<\/script>\n<!-- \/ Yoast SEO plugin. -->","yoast_head_json":{"title":"Comienza en la U. de Caldas Seminario Nacional sobre Manejo de Fertilidad del Suelo .","robots":{"index":"index","follow":"follow","max-snippet":"max-snippet:-1","max-image-preview":"max-image-preview:large","max-video-preview":"max-video-preview:-1"},"canonical":"https:\/\/www.ucaldas.edu.co\/portal\/comienza-en-la-u-de-caldas-seminario-nacional-sobre-manejo-de-fertilidad-del-suelo\/","schema":{"@context":"https:\/\/schema.org","@graph":[{"@type":"Article","@id":"https:\/\/www.ucaldas.edu.co\/portal\/comienza-en-la-u-de-caldas-seminario-nacional-sobre-manejo-de-fertilidad-del-suelo\/#article","isPartOf":{"@id":"https:\/\/www.ucaldas.edu.co\/portal\/comienza-en-la-u-de-caldas-seminario-nacional-sobre-manejo-de-fertilidad-del-suelo\/"},"author":{"name":"ofiprensa","@id":"https:\/\/www.ucaldas.edu.co\/portal\/#\/schema\/person\/a1b482e23449158b4bc319926c074fdf"},"headline":"Comienza en la U. de Caldas Seminario Nacional sobre Manejo de Fertilidad del Suelo","datePublished":"2011-05-04T16:17:04+00:00","mainEntityOfPage":{"@id":"https:\/\/www.ucaldas.edu.co\/portal\/comienza-en-la-u-de-caldas-seminario-nacional-sobre-manejo-de-fertilidad-del-suelo\/"},"wordCount":398,"publisher":{"@id":"https:\/\/www.ucaldas.edu.co\/portal\/#organization"},"image":{"@id":"https:\/\/www.ucaldas.edu.co\/portal\/comienza-en-la-u-de-caldas-seminario-nacional-sobre-manejo-de-fertilidad-del-suelo\/#primaryimage"},"thumbnailUrl":"http:\/\/www.ucaldas.edu.co\/images\/tmp\/mapa_suelos_tesoro.jpg","articleSection":["Actualidad","Universidad al D\u00eda"],"inLanguage":"es"},{"@type":"WebPage","@id":"https:\/\/www.ucaldas.edu.co\/portal\/comienza-en-la-u-de-caldas-seminario-nacional-sobre-manejo-de-fertilidad-del-suelo\/","url":"https:\/\/www.ucaldas.edu.co\/portal\/comienza-en-la-u-de-caldas-seminario-nacional-sobre-manejo-de-fertilidad-del-suelo\/","name":"Comienza en la U. de Caldas Seminario Nacional sobre Manejo de Fertilidad del Suelo .","isPartOf":{"@id":"https:\/\/www.ucaldas.edu.co\/portal\/#website"},"primaryImageOfPage":{"@id":"https:\/\/www.ucaldas.edu.co\/portal\/comienza-en-la-u-de-caldas-seminario-nacional-sobre-manejo-de-fertilidad-del-suelo\/#primaryimage"},"image":{"@id":"https:\/\/www.ucaldas.edu.co\/portal\/comienza-en-la-u-de-caldas-seminario-nacional-sobre-manejo-de-fertilidad-del-suelo\/#primaryimage"},"thumbnailUrl":"http:\/\/www.ucaldas.edu.co\/images\/tmp\/mapa_suelos_tesoro.jpg","datePublished":"2011-05-04T16:17:04+00:00","breadcrumb":{"@id":"https:\/\/www.ucaldas.edu.co\/portal\/comienza-en-la-u-de-caldas-seminario-nacional-sobre-manejo-de-fertilidad-del-suelo\/#breadcrumb"},"inLanguage":"es","potentialAction":[{"@type":"ReadAction","target":["https:\/\/www.ucaldas.edu.co\/portal\/comienza-en-la-u-de-caldas-seminario-nacional-sobre-manejo-de-fertilidad-del-suelo\/"]}]},{"@type":"ImageObject","inLanguage":"es","@id":"https:\/\/www.ucaldas.edu.co\/portal\/comienza-en-la-u-de-caldas-seminario-nacional-sobre-manejo-de-fertilidad-del-suelo\/#primaryimage","url":"http:\/\/www.ucaldas.edu.co\/images\/tmp\/mapa_suelos_tesoro.jpg","contentUrl":"http:\/\/www.ucaldas.edu.co\/images\/tmp\/mapa_suelos_tesoro.jpg"},{"@type":"BreadcrumbList","@id":"https:\/\/www.ucaldas.edu.co\/portal\/comienza-en-la-u-de-caldas-seminario-nacional-sobre-manejo-de-fertilidad-del-suelo\/#breadcrumb","itemListElement":[{"@type":"ListItem","position":1,"name":"Portada","item":"https:\/\/www.ucaldas.edu.co\/portal\/"},{"@type":"ListItem","position":2,"name":"Comienza en la U. de Caldas Seminario Nacional sobre Manejo de Fertilidad del Suelo"}]},{"@type":"WebSite","@id":"https:\/\/www.ucaldas.edu.co\/portal\/#website","url":"https:\/\/www.ucaldas.edu.co\/portal\/","name":"Universidad de Caldas","description":"","publisher":{"@id":"https:\/\/www.ucaldas.edu.co\/portal\/#organization"},"alternateName":"U. de Caldas","potentialAction":[{"@type":"SearchAction","target":{"@type":"EntryPoint","urlTemplate":"https:\/\/www.ucaldas.edu.co\/portal\/?s={search_term_string}"},"query-input":{"@type":"PropertyValueSpecification","valueRequired":true,"valueName":"search_term_string"}}],"inLanguage":"es"},{"@type":"Organization","@id":"https:\/\/www.ucaldas.edu.co\/portal\/#organization","name":"Universidad de Caldas","alternateName":"U. de Caldas","url":"https:\/\/www.ucaldas.edu.co\/portal\/","logo":{"@type":"ImageObject","inLanguage":"es","@id":"https:\/\/www.ucaldas.edu.co\/portal\/#\/schema\/logo\/image\/","url":"https:\/\/www.ucaldas.edu.co\/portal\/wp-content\/uploads\/2023\/11\/Logo_horizontal_oscuroU-2023.png","contentUrl":"https:\/\/www.ucaldas.edu.co\/portal\/wp-content\/uploads\/2023\/11\/Logo_horizontal_oscuroU-2023.png","width":263,"height":101,"caption":"Universidad de Caldas"},"image":{"@id":"https:\/\/www.ucaldas.edu.co\/portal\/#\/schema\/logo\/image\/"},"sameAs":["https:\/\/www.facebook.com\/udecaldas","https:\/\/x.com\/udecaldas","https:\/\/www.youtube.com\/universidadcaldas","https:\/\/www.instagram.com\/udecaldas\/"]},{"@type":"Person","@id":"https:\/\/www.ucaldas.edu.co\/portal\/#\/schema\/person\/a1b482e23449158b4bc319926c074fdf","name":"ofiprensa","image":{"@type":"ImageObject","inLanguage":"es","@id":"https:\/\/www.ucaldas.edu.co\/portal\/wp-content\/litespeed\/avatar\/09ea5085e600095a7a811142c6944527.jpg?ver=1777497608","url":"https:\/\/www.ucaldas.edu.co\/portal\/wp-content\/litespeed\/avatar\/09ea5085e600095a7a811142c6944527.jpg?ver=1777497608","contentUrl":"https:\/\/www.ucaldas.edu.co\/portal\/wp-content\/litespeed\/avatar\/09ea5085e600095a7a811142c6944527.jpg?ver=1777497608","caption":"ofiprensa"},"url":"https:\/\/www.ucaldas.edu.co\/portal\/author\/ofiprensa\/"}]}},"_links":{"self":[{"href":"https:\/\/www.ucaldas.edu.co\/portal\/wp-json\/wp\/v2\/posts\/8191","targetHints":{"allow":["GET"]}}],"collection":[{"href":"https:\/\/www.ucaldas.edu.co\/portal\/wp-json\/wp\/v2\/posts"}],"about":[{"href":"https:\/\/www.ucaldas.edu.co\/portal\/wp-json\/wp\/v2\/types\/post"}],"author":[{"embeddable":true,"href":"https:\/\/www.ucaldas.edu.co\/portal\/wp-json\/wp\/v2\/users\/2"}],"replies":[{"embeddable":true,"href":"https:\/\/www.ucaldas.edu.co\/portal\/wp-json\/wp\/v2\/comments?post=8191"}],"version-history":[{"count":0,"href":"https:\/\/www.ucaldas.edu.co\/portal\/wp-json\/wp\/v2\/posts\/8191\/revisions"}],"wp:attachment":[{"href":"https:\/\/www.ucaldas.edu.co\/portal\/wp-json\/wp\/v2\/media?parent=8191"}],"wp:term":[{"taxonomy":"category","embeddable":true,"href":"https:\/\/www.ucaldas.edu.co\/portal\/wp-json\/wp\/v2\/categories?post=8191"},{"taxonomy":"post_tag","embeddable":true,"href":"https:\/\/www.ucaldas.edu.co\/portal\/wp-json\/wp\/v2\/tags?post=8191"}],"curies":[{"name":"wp","href":"https:\/\/api.w.org\/{rel}","templated":true}]}}