{"id":8189,"date":"2011-05-04T11:15:37","date_gmt":"2011-05-04T16:15:37","guid":{"rendered":"https:\/\/www.ucaldas.edu.co\/portal\/?p=8189"},"modified":"2011-05-04T11:15:37","modified_gmt":"2011-05-04T16:15:37","slug":"docente-de-la-u-de-caldas-gano-beca-de-la-u-estadual-paulista-brasil","status":"publish","type":"post","link":"https:\/\/www.ucaldas.edu.co\/portal\/docente-de-la-u-de-caldas-gano-beca-de-la-u-estadual-paulista-brasil\/","title":{"rendered":"Docente de la U. de Caldas gan\u00f3 beca de la U. Estadual Paulista (Brasil)"},"content":{"rendered":"<p>Realizar\u00e1 doctorado en ciencias de la motricidad, en esa instituci\u00f3n<\/p>\n<hr \/>\n<p align=\"center\">\n<p align=\"right\"><b>04\/05\/2011<\/b><\/p>\n<p><b>\u00a0<\/b><\/p>\n<table border=\"0\">\n<tbody>\n<tr>\n<td><img decoding=\"async\" style=\"border: 0px\" alt=\"Carlos Federico\" src=\"http:\/\/www.ucaldas.edu.co\/images\/tmp\/Carlos_Federico_Ayala.JPG\" border=\"0\" \/><\/td>\n<td><b>Carlos Federico Ayala Zuluaga,<\/b> <b>docente<\/b> de planta de medio tiempo del <b>Departamento de Acci\u00f3n<\/b> <b>F\u00edsica Humana<\/b> de la <b>Universidad<\/b><b> de Caldas<\/b>, <b>gan\u00f3 <\/b>la <b>beca<\/b> de la <b>Universidad Estadual<\/b><b> Paulista<\/b> (Unesp), en Brasil. Ayala Zuluaga <b>iniciar\u00e1<\/b> el <b>1 <\/b>de<b> agosto<\/b> del 2011 sus<b> estudios<\/b> de <b>Doctorado en<\/b> <b>Ciencias de la Motricidad,<\/b> en esa Instituci\u00f3n.<\/td>\n<\/tr>\n<\/tbody>\n<\/table>\n<p>\u201cLa idea es estar 10 meses para tratar de terminar los cr\u00e9ditos acad\u00e9micos y volver, para adelantar desde Colombia mi trabajo de grado. Tengo muchas expectativas personales e investigativas y mi objetivo es cualificar el \u00e1rea de la motricidad, no s\u00f3lo la parte f\u00edsica\u00a0 sino desde una postura mucho m\u00e1s ampl\u00eda y cognitiva\u201d, coment\u00f3 Ayala Zuluaga.<\/p>\n<p>&nbsp;<\/p>\n<p>Adem\u00e1s, Ayala Zuluaga dijo: \u201ctengo tres ideas para enfocar mi trabajo de grado: entrenamiento deportivo, evaluaci\u00f3n y patrones, y capacidades condicionales\u201d.<\/p>\n<p>&nbsp;<\/p>\n<p>Esta fue una convocatoria de la Unesp, a trav\u00e9s de la Organizaci\u00f3n Iberoamericana de Universidades y Postgrados (AUIP).<\/p>\n<p>&nbsp;<\/p>\n<p>La beca cubre estad\u00eda y gastos de sostenimiento. Adem\u00e1s, la Oficina de Internacionalizaci\u00f3n de la U. de Caldas ha apoyado a\u00a0 Ayala Zuluaga en los tr\u00e1mites y adelanta gestiones para apoyarlo en otros aspectos.<\/p>\n<p>&nbsp;<\/p>\n<p><b>Informes: <\/b>en la Oficina de Prensa de la U. de Caldas. Tel\u00e9fono: 878 15 00, extensi\u00f3n 12 167.<\/p>\n","protected":false},"excerpt":{"rendered":"<p>Realizar\u00e1 doctorado en ciencias de la motricidad, en esa instituci\u00f3n 04\/05\/2011 \u00a0 Carlos Federico Ayala Zuluaga, docente de planta de medio tiempo del Departamento de Acci\u00f3n F\u00edsica Humana de la Universidad de Caldas, gan\u00f3 la beca de la Universidad Estadual Paulista (Unesp), en Brasil. Ayala Zuluaga iniciar\u00e1 el 1 de agosto del 2011 sus estudios [&hellip;]<\/p>\n","protected":false},"author":2,"featured_media":0,"comment_status":"closed","ping_status":"closed","sticky":false,"template":"","format":"standard","meta":{"footnotes":""},"categories":[48,53],"tags":[],"class_list":["post-8189","post","type-post","status-publish","format-standard","hentry","category-actualidad","category-universidad-al-dia"],"yoast_head":"<!-- This site is optimized with the Yoast SEO plugin v27.5 - https:\/\/yoast.com\/product\/yoast-seo-wordpress\/ -->\n<title>Docente de la U. de Caldas gan\u00f3 beca de la U. Estadual Paulista (Brasil) .<\/title>\n<meta name=\"robots\" content=\"index, follow, max-snippet:-1, max-image-preview:large, max-video-preview:-1\" \/>\n<link rel=\"canonical\" href=\"https:\/\/www.ucaldas.edu.co\/portal\/docente-de-la-u-de-caldas-gano-beca-de-la-u-estadual-paulista-brasil\/\" \/>\n<script type=\"application\/ld+json\" class=\"yoast-schema-graph\">{\"@context\":\"https:\\\/\\\/schema.org\",\"@graph\":[{\"@type\":\"Article\",\"@id\":\"https:\\\/\\\/www.ucaldas.edu.co\\\/portal\\\/docente-de-la-u-de-caldas-gano-beca-de-la-u-estadual-paulista-brasil\\\/#article\",\"isPartOf\":{\"@id\":\"https:\\\/\\\/www.ucaldas.edu.co\\\/portal\\\/docente-de-la-u-de-caldas-gano-beca-de-la-u-estadual-paulista-brasil\\\/\"},\"author\":{\"name\":\"ofiprensa\",\"@id\":\"https:\\\/\\\/www.ucaldas.edu.co\\\/portal\\\/#\\\/schema\\\/person\\\/a1b482e23449158b4bc319926c074fdf\"},\"headline\":\"Docente de la U. de Caldas gan\u00f3 beca de la U. Estadual Paulista (Brasil)\",\"datePublished\":\"2011-05-04T16:15:37+00:00\",\"mainEntityOfPage\":{\"@id\":\"https:\\\/\\\/www.ucaldas.edu.co\\\/portal\\\/docente-de-la-u-de-caldas-gano-beca-de-la-u-estadual-paulista-brasil\\\/\"},\"wordCount\":240,\"publisher\":{\"@id\":\"https:\\\/\\\/www.ucaldas.edu.co\\\/portal\\\/#organization\"},\"image\":{\"@id\":\"https:\\\/\\\/www.ucaldas.edu.co\\\/portal\\\/docente-de-la-u-de-caldas-gano-beca-de-la-u-estadual-paulista-brasil\\\/#primaryimage\"},\"thumbnailUrl\":\"http:\\\/\\\/www.ucaldas.edu.co\\\/images\\\/tmp\\\/Carlos_Federico_Ayala.JPG\",\"articleSection\":[\"Actualidad\",\"Universidad al D\u00eda\"],\"inLanguage\":\"es\"},{\"@type\":\"WebPage\",\"@id\":\"https:\\\/\\\/www.ucaldas.edu.co\\\/portal\\\/docente-de-la-u-de-caldas-gano-beca-de-la-u-estadual-paulista-brasil\\\/\",\"url\":\"https:\\\/\\\/www.ucaldas.edu.co\\\/portal\\\/docente-de-la-u-de-caldas-gano-beca-de-la-u-estadual-paulista-brasil\\\/\",\"name\":\"Docente de la U. de Caldas gan\u00f3 beca de la U. Estadual Paulista (Brasil) .\",\"isPartOf\":{\"@id\":\"https:\\\/\\\/www.ucaldas.edu.co\\\/portal\\\/#website\"},\"primaryImageOfPage\":{\"@id\":\"https:\\\/\\\/www.ucaldas.edu.co\\\/portal\\\/docente-de-la-u-de-caldas-gano-beca-de-la-u-estadual-paulista-brasil\\\/#primaryimage\"},\"image\":{\"@id\":\"https:\\\/\\\/www.ucaldas.edu.co\\\/portal\\\/docente-de-la-u-de-caldas-gano-beca-de-la-u-estadual-paulista-brasil\\\/#primaryimage\"},\"thumbnailUrl\":\"http:\\\/\\\/www.ucaldas.edu.co\\\/images\\\/tmp\\\/Carlos_Federico_Ayala.JPG\",\"datePublished\":\"2011-05-04T16:15:37+00:00\",\"breadcrumb\":{\"@id\":\"https:\\\/\\\/www.ucaldas.edu.co\\\/portal\\\/docente-de-la-u-de-caldas-gano-beca-de-la-u-estadual-paulista-brasil\\\/#breadcrumb\"},\"inLanguage\":\"es\",\"potentialAction\":[{\"@type\":\"ReadAction\",\"target\":[\"https:\\\/\\\/www.ucaldas.edu.co\\\/portal\\\/docente-de-la-u-de-caldas-gano-beca-de-la-u-estadual-paulista-brasil\\\/\"]}]},{\"@type\":\"ImageObject\",\"inLanguage\":\"es\",\"@id\":\"https:\\\/\\\/www.ucaldas.edu.co\\\/portal\\\/docente-de-la-u-de-caldas-gano-beca-de-la-u-estadual-paulista-brasil\\\/#primaryimage\",\"url\":\"http:\\\/\\\/www.ucaldas.edu.co\\\/images\\\/tmp\\\/Carlos_Federico_Ayala.JPG\",\"contentUrl\":\"http:\\\/\\\/www.ucaldas.edu.co\\\/images\\\/tmp\\\/Carlos_Federico_Ayala.JPG\"},{\"@type\":\"BreadcrumbList\",\"@id\":\"https:\\\/\\\/www.ucaldas.edu.co\\\/portal\\\/docente-de-la-u-de-caldas-gano-beca-de-la-u-estadual-paulista-brasil\\\/#breadcrumb\",\"itemListElement\":[{\"@type\":\"ListItem\",\"position\":1,\"name\":\"Portada\",\"item\":\"https:\\\/\\\/www.ucaldas.edu.co\\\/portal\\\/\"},{\"@type\":\"ListItem\",\"position\":2,\"name\":\"Docente de la U. de Caldas gan\u00f3 beca de la U. Estadual Paulista (Brasil)\"}]},{\"@type\":\"WebSite\",\"@id\":\"https:\\\/\\\/www.ucaldas.edu.co\\\/portal\\\/#website\",\"url\":\"https:\\\/\\\/www.ucaldas.edu.co\\\/portal\\\/\",\"name\":\"Universidad de Caldas\",\"description\":\"\",\"publisher\":{\"@id\":\"https:\\\/\\\/www.ucaldas.edu.co\\\/portal\\\/#organization\"},\"alternateName\":\"U. de Caldas\",\"potentialAction\":[{\"@type\":\"SearchAction\",\"target\":{\"@type\":\"EntryPoint\",\"urlTemplate\":\"https:\\\/\\\/www.ucaldas.edu.co\\\/portal\\\/?s={search_term_string}\"},\"query-input\":{\"@type\":\"PropertyValueSpecification\",\"valueRequired\":true,\"valueName\":\"search_term_string\"}}],\"inLanguage\":\"es\"},{\"@type\":\"Organization\",\"@id\":\"https:\\\/\\\/www.ucaldas.edu.co\\\/portal\\\/#organization\",\"name\":\"Universidad de Caldas\",\"alternateName\":\"U. de Caldas\",\"url\":\"https:\\\/\\\/www.ucaldas.edu.co\\\/portal\\\/\",\"logo\":{\"@type\":\"ImageObject\",\"inLanguage\":\"es\",\"@id\":\"https:\\\/\\\/www.ucaldas.edu.co\\\/portal\\\/#\\\/schema\\\/logo\\\/image\\\/\",\"url\":\"https:\\\/\\\/www.ucaldas.edu.co\\\/portal\\\/wp-content\\\/uploads\\\/2023\\\/11\\\/Logo_horizontal_oscuroU-2023.png\",\"contentUrl\":\"https:\\\/\\\/www.ucaldas.edu.co\\\/portal\\\/wp-content\\\/uploads\\\/2023\\\/11\\\/Logo_horizontal_oscuroU-2023.png\",\"width\":263,\"height\":101,\"caption\":\"Universidad de Caldas\"},\"image\":{\"@id\":\"https:\\\/\\\/www.ucaldas.edu.co\\\/portal\\\/#\\\/schema\\\/logo\\\/image\\\/\"},\"sameAs\":[\"https:\\\/\\\/www.facebook.com\\\/udecaldas\",\"https:\\\/\\\/x.com\\\/udecaldas\",\"https:\\\/\\\/www.youtube.com\\\/universidadcaldas\",\"https:\\\/\\\/www.instagram.com\\\/udecaldas\\\/\"]},{\"@type\":\"Person\",\"@id\":\"https:\\\/\\\/www.ucaldas.edu.co\\\/portal\\\/#\\\/schema\\\/person\\\/a1b482e23449158b4bc319926c074fdf\",\"name\":\"ofiprensa\",\"image\":{\"@type\":\"ImageObject\",\"inLanguage\":\"es\",\"@id\":\"https:\\\/\\\/www.ucaldas.edu.co\\\/portal\\\/wp-content\\\/litespeed\\\/avatar\\\/09ea5085e600095a7a811142c6944527.jpg?ver=1777497608\",\"url\":\"https:\\\/\\\/www.ucaldas.edu.co\\\/portal\\\/wp-content\\\/litespeed\\\/avatar\\\/09ea5085e600095a7a811142c6944527.jpg?ver=1777497608\",\"contentUrl\":\"https:\\\/\\\/www.ucaldas.edu.co\\\/portal\\\/wp-content\\\/litespeed\\\/avatar\\\/09ea5085e600095a7a811142c6944527.jpg?ver=1777497608\",\"caption\":\"ofiprensa\"},\"url\":\"https:\\\/\\\/www.ucaldas.edu.co\\\/portal\\\/author\\\/ofiprensa\\\/\"}]}<\/script>\n<!-- \/ Yoast SEO plugin. -->","yoast_head_json":{"title":"Docente de la U. de Caldas gan\u00f3 beca de la U. Estadual Paulista (Brasil) .","robots":{"index":"index","follow":"follow","max-snippet":"max-snippet:-1","max-image-preview":"max-image-preview:large","max-video-preview":"max-video-preview:-1"},"canonical":"https:\/\/www.ucaldas.edu.co\/portal\/docente-de-la-u-de-caldas-gano-beca-de-la-u-estadual-paulista-brasil\/","schema":{"@context":"https:\/\/schema.org","@graph":[{"@type":"Article","@id":"https:\/\/www.ucaldas.edu.co\/portal\/docente-de-la-u-de-caldas-gano-beca-de-la-u-estadual-paulista-brasil\/#article","isPartOf":{"@id":"https:\/\/www.ucaldas.edu.co\/portal\/docente-de-la-u-de-caldas-gano-beca-de-la-u-estadual-paulista-brasil\/"},"author":{"name":"ofiprensa","@id":"https:\/\/www.ucaldas.edu.co\/portal\/#\/schema\/person\/a1b482e23449158b4bc319926c074fdf"},"headline":"Docente de la U. de Caldas gan\u00f3 beca de la U. Estadual Paulista (Brasil)","datePublished":"2011-05-04T16:15:37+00:00","mainEntityOfPage":{"@id":"https:\/\/www.ucaldas.edu.co\/portal\/docente-de-la-u-de-caldas-gano-beca-de-la-u-estadual-paulista-brasil\/"},"wordCount":240,"publisher":{"@id":"https:\/\/www.ucaldas.edu.co\/portal\/#organization"},"image":{"@id":"https:\/\/www.ucaldas.edu.co\/portal\/docente-de-la-u-de-caldas-gano-beca-de-la-u-estadual-paulista-brasil\/#primaryimage"},"thumbnailUrl":"http:\/\/www.ucaldas.edu.co\/images\/tmp\/Carlos_Federico_Ayala.JPG","articleSection":["Actualidad","Universidad al D\u00eda"],"inLanguage":"es"},{"@type":"WebPage","@id":"https:\/\/www.ucaldas.edu.co\/portal\/docente-de-la-u-de-caldas-gano-beca-de-la-u-estadual-paulista-brasil\/","url":"https:\/\/www.ucaldas.edu.co\/portal\/docente-de-la-u-de-caldas-gano-beca-de-la-u-estadual-paulista-brasil\/","name":"Docente de la U. de Caldas gan\u00f3 beca de la U. Estadual Paulista (Brasil) .","isPartOf":{"@id":"https:\/\/www.ucaldas.edu.co\/portal\/#website"},"primaryImageOfPage":{"@id":"https:\/\/www.ucaldas.edu.co\/portal\/docente-de-la-u-de-caldas-gano-beca-de-la-u-estadual-paulista-brasil\/#primaryimage"},"image":{"@id":"https:\/\/www.ucaldas.edu.co\/portal\/docente-de-la-u-de-caldas-gano-beca-de-la-u-estadual-paulista-brasil\/#primaryimage"},"thumbnailUrl":"http:\/\/www.ucaldas.edu.co\/images\/tmp\/Carlos_Federico_Ayala.JPG","datePublished":"2011-05-04T16:15:37+00:00","breadcrumb":{"@id":"https:\/\/www.ucaldas.edu.co\/portal\/docente-de-la-u-de-caldas-gano-beca-de-la-u-estadual-paulista-brasil\/#breadcrumb"},"inLanguage":"es","potentialAction":[{"@type":"ReadAction","target":["https:\/\/www.ucaldas.edu.co\/portal\/docente-de-la-u-de-caldas-gano-beca-de-la-u-estadual-paulista-brasil\/"]}]},{"@type":"ImageObject","inLanguage":"es","@id":"https:\/\/www.ucaldas.edu.co\/portal\/docente-de-la-u-de-caldas-gano-beca-de-la-u-estadual-paulista-brasil\/#primaryimage","url":"http:\/\/www.ucaldas.edu.co\/images\/tmp\/Carlos_Federico_Ayala.JPG","contentUrl":"http:\/\/www.ucaldas.edu.co\/images\/tmp\/Carlos_Federico_Ayala.JPG"},{"@type":"BreadcrumbList","@id":"https:\/\/www.ucaldas.edu.co\/portal\/docente-de-la-u-de-caldas-gano-beca-de-la-u-estadual-paulista-brasil\/#breadcrumb","itemListElement":[{"@type":"ListItem","position":1,"name":"Portada","item":"https:\/\/www.ucaldas.edu.co\/portal\/"},{"@type":"ListItem","position":2,"name":"Docente de la U. de Caldas gan\u00f3 beca de la U. Estadual Paulista (Brasil)"}]},{"@type":"WebSite","@id":"https:\/\/www.ucaldas.edu.co\/portal\/#website","url":"https:\/\/www.ucaldas.edu.co\/portal\/","name":"Universidad de Caldas","description":"","publisher":{"@id":"https:\/\/www.ucaldas.edu.co\/portal\/#organization"},"alternateName":"U. de Caldas","potentialAction":[{"@type":"SearchAction","target":{"@type":"EntryPoint","urlTemplate":"https:\/\/www.ucaldas.edu.co\/portal\/?s={search_term_string}"},"query-input":{"@type":"PropertyValueSpecification","valueRequired":true,"valueName":"search_term_string"}}],"inLanguage":"es"},{"@type":"Organization","@id":"https:\/\/www.ucaldas.edu.co\/portal\/#organization","name":"Universidad de Caldas","alternateName":"U. de Caldas","url":"https:\/\/www.ucaldas.edu.co\/portal\/","logo":{"@type":"ImageObject","inLanguage":"es","@id":"https:\/\/www.ucaldas.edu.co\/portal\/#\/schema\/logo\/image\/","url":"https:\/\/www.ucaldas.edu.co\/portal\/wp-content\/uploads\/2023\/11\/Logo_horizontal_oscuroU-2023.png","contentUrl":"https:\/\/www.ucaldas.edu.co\/portal\/wp-content\/uploads\/2023\/11\/Logo_horizontal_oscuroU-2023.png","width":263,"height":101,"caption":"Universidad de Caldas"},"image":{"@id":"https:\/\/www.ucaldas.edu.co\/portal\/#\/schema\/logo\/image\/"},"sameAs":["https:\/\/www.facebook.com\/udecaldas","https:\/\/x.com\/udecaldas","https:\/\/www.youtube.com\/universidadcaldas","https:\/\/www.instagram.com\/udecaldas\/"]},{"@type":"Person","@id":"https:\/\/www.ucaldas.edu.co\/portal\/#\/schema\/person\/a1b482e23449158b4bc319926c074fdf","name":"ofiprensa","image":{"@type":"ImageObject","inLanguage":"es","@id":"https:\/\/www.ucaldas.edu.co\/portal\/wp-content\/litespeed\/avatar\/09ea5085e600095a7a811142c6944527.jpg?ver=1777497608","url":"https:\/\/www.ucaldas.edu.co\/portal\/wp-content\/litespeed\/avatar\/09ea5085e600095a7a811142c6944527.jpg?ver=1777497608","contentUrl":"https:\/\/www.ucaldas.edu.co\/portal\/wp-content\/litespeed\/avatar\/09ea5085e600095a7a811142c6944527.jpg?ver=1777497608","caption":"ofiprensa"},"url":"https:\/\/www.ucaldas.edu.co\/portal\/author\/ofiprensa\/"}]}},"_links":{"self":[{"href":"https:\/\/www.ucaldas.edu.co\/portal\/wp-json\/wp\/v2\/posts\/8189","targetHints":{"allow":["GET"]}}],"collection":[{"href":"https:\/\/www.ucaldas.edu.co\/portal\/wp-json\/wp\/v2\/posts"}],"about":[{"href":"https:\/\/www.ucaldas.edu.co\/portal\/wp-json\/wp\/v2\/types\/post"}],"author":[{"embeddable":true,"href":"https:\/\/www.ucaldas.edu.co\/portal\/wp-json\/wp\/v2\/users\/2"}],"replies":[{"embeddable":true,"href":"https:\/\/www.ucaldas.edu.co\/portal\/wp-json\/wp\/v2\/comments?post=8189"}],"version-history":[{"count":0,"href":"https:\/\/www.ucaldas.edu.co\/portal\/wp-json\/wp\/v2\/posts\/8189\/revisions"}],"wp:attachment":[{"href":"https:\/\/www.ucaldas.edu.co\/portal\/wp-json\/wp\/v2\/media?parent=8189"}],"wp:term":[{"taxonomy":"category","embeddable":true,"href":"https:\/\/www.ucaldas.edu.co\/portal\/wp-json\/wp\/v2\/categories?post=8189"},{"taxonomy":"post_tag","embeddable":true,"href":"https:\/\/www.ucaldas.edu.co\/portal\/wp-json\/wp\/v2\/tags?post=8189"}],"curies":[{"name":"wp","href":"https:\/\/api.w.org\/{rel}","templated":true}]}}