{"id":8185,"date":"2011-05-04T11:13:22","date_gmt":"2011-05-04T16:13:22","guid":{"rendered":"https:\/\/www.ucaldas.edu.co\/portal\/?p=8185"},"modified":"2011-05-04T11:13:22","modified_gmt":"2011-05-04T16:13:22","slug":"u-de-caldas-estreno-la-obra-de-teatro-rastros-sin-rostros","status":"publish","type":"post","link":"https:\/\/www.ucaldas.edu.co\/portal\/u-de-caldas-estreno-la-obra-de-teatro-rastros-sin-rostros\/","title":{"rendered":"U. de Caldas estren\u00f3 la obra de teatro Rastros sin rostros"},"content":{"rendered":"<p>La iniciativa participar\u00e1 en festival de teatro de la U. de Guadalajara (M\u00e9xico)<\/p>\n<hr \/>\n<p>&nbsp;<\/p>\n<p align=\"center\">\n<p align=\"right\"><b>04\/05\/2011<\/b><\/p>\n<p><b>\u00a0<\/b><\/p>\n<table border=\"0\">\n<tbody>\n<tr>\n<td><img loading=\"lazy\" decoding=\"async\" style=\"border: 0px\" alt=\"Obra de teatro\" src=\"http:\/\/www.ucaldas.edu.co\/images\/tmp\/Obra_teatro_Rastros_sin_rostros.JPG\" width=\"240\" height=\"150\" border=\"0\" \/><\/td>\n<td>La <b>Universidad<\/b><b> de Caldas<\/b> <b>estren\u00f3<\/b> la <b>obra <\/b>de <b>teatro<\/b> <b><i>Rastros sin rostros,<\/i><\/b><i> <\/i>el pasado <b>viernes 15<\/b> de <b>abril<\/b> del 2011. Este es el producto del<b> proceso <\/b>de<b> investigaci\u00f3n<\/b> sobre la <b>problem\u00e1tica<\/b> del <b>desplazamiento forzado<\/b>\u00a0 en <b>Colombia<\/b> que realiza el <b>Grupo <\/b>de<b> Investigaci\u00f3n Teatro,<\/b> <b>Cultura y<\/b> <b>Sociedad<\/b><b> <\/b>del Departamento de Artes Esc\u00e9nicas de la Instituci\u00f3n.<\/p>\n<p>&nbsp;<\/p>\n<p>\u201cEl balance es muy positivo porque la gente realmente sinti\u00f3 que la obra es una propuesta novedosa, que se logra llevar a cabo gracias al p\u00fablico. Los resultados de la investigaci\u00f3n estar\u00e1n listos para finales de julio\u201d, coment\u00f3 Liliana Hurtado S\u00e1enz, Directora de la Obra y docente del Departamento de Artes Esc\u00e9nicas de la U. de Caldas.<\/td>\n<\/tr>\n<\/tbody>\n<\/table>\n<p>&nbsp;<\/p>\n<p>Actores profesionales y egresados del Programa de Artes Esc\u00e9nicas de la Universidad realizaron esta puesta en escena, con el objetivo de que el p\u00fablico tome un rol espec\u00edfico dentro de la obra y se sienta sujeto y objeto de la problem\u00e1tica.<\/p>\n<p>&nbsp;<\/p>\n<p>\u201cAdem\u00e1s, participaremos en el Festival de Teatro de la Universidad de Guadalajara (M\u00e9xico), que ser\u00e1 del 22 al 26 de agosto del 2011. All\u00ed, compartiremos experiencias sobre el trabajo realizado\u201d, expres\u00f3 Hurtado S\u00e1enz.<\/p>\n<p>&nbsp;<\/p>\n<p>Alrededor de 350 personas asistieron a la puesta en escena, que se realiz\u00f3 en 7 funciones y en la cual los asistentes pasaron por diferentes estados de lectura sensorial e interpretativa.<\/p>\n<p>&nbsp;<\/p>\n<p>La ficha t\u00e9cnica de la obra es la siguiente:<\/p>\n<p>Directora: Liliana Hurtado S\u00e1enz<\/p>\n<p>Codirector\u00a0 y asesor vocal: Carlos Julio Jaime<\/p>\n<p>Creadores investigadores e int\u00e9rpretes: Carlos Julio Jaime, Yisela P\u00e1ez Herrera, Camilo Molina Cruz, Alexandra Vinasco Benavides, Diana Carolina Su\u00e1rez Hincapi\u00e9 y Liliana Hurtado<\/p>\n<p>Musicalizaci\u00f3n: Juan Manuel Soto<\/p>\n<p>Asesor Coreogr\u00e1fico: Fernando Ovalle<\/p>\n<p>Vestuario: Felipe Mill\u00e1n<\/p>\n<p>Escenograf\u00eda: Diego S\u00e1nchez<\/p>\n<p>Video: Jaime Cesar Espinoza<\/p>\n<p>Dise\u00f1ador grafico: Jaime Cesar Espinoza<\/p>\n<p>Iluminaci\u00f3n: Carlos Andr\u00e9s Rivera<\/p>\n<p>Instalaci\u00f3n Fotogr\u00e1fica: Diego Alexander Escobar<\/p>\n<p>&nbsp;<\/p>\n<p><b>Informes: <\/b>con Liliana Hurtado S\u00e1enz, docente del Departamento de Artes Esc\u00e9nicas de la U. de Caldas. Tel\u00e9fono: 880 21 70, extensi\u00f3n 41 105, en el celular: 300 773 7101, o en los correos electr\u00f3nicos: <span style=\"text-decoration: underline\"><a href=\"mailto:lilihur51@hotmail.com\" target=\"_blank\">lilihur51@hotmail.com<\/a><\/span> o\u00a0 <span style=\"text-decoration: underline\"><a href=\"mailto:marina.hurtado@ucaldas.edu.co\" target=\"_blank\">marina.hurtado@ucaldas.edu.co<\/a><\/span><\/p>\n","protected":false},"excerpt":{"rendered":"<p>La iniciativa participar\u00e1 en festival de teatro de la U. de Guadalajara (M\u00e9xico) &nbsp; 04\/05\/2011 \u00a0 La Universidad de Caldas estren\u00f3 la obra de teatro Rastros sin rostros, el pasado viernes 15 de abril del 2011. Este es el producto del proceso de investigaci\u00f3n sobre la problem\u00e1tica del desplazamiento forzado\u00a0 en Colombia que realiza el [&hellip;]<\/p>\n","protected":false},"author":2,"featured_media":0,"comment_status":"closed","ping_status":"closed","sticky":false,"template":"","format":"standard","meta":{"footnotes":""},"categories":[48,53],"tags":[],"class_list":["post-8185","post","type-post","status-publish","format-standard","hentry","category-actualidad","category-universidad-al-dia"],"yoast_head":"<!-- This site is optimized with the Yoast SEO plugin v27.5 - https:\/\/yoast.com\/product\/yoast-seo-wordpress\/ -->\n<title>U. de Caldas estren\u00f3 la obra de teatro Rastros sin rostros .<\/title>\n<meta name=\"robots\" content=\"index, follow, max-snippet:-1, max-image-preview:large, max-video-preview:-1\" \/>\n<link rel=\"canonical\" href=\"https:\/\/www.ucaldas.edu.co\/portal\/u-de-caldas-estreno-la-obra-de-teatro-rastros-sin-rostros\/\" \/>\n<script type=\"application\/ld+json\" class=\"yoast-schema-graph\">{\"@context\":\"https:\\\/\\\/schema.org\",\"@graph\":[{\"@type\":\"Article\",\"@id\":\"https:\\\/\\\/www.ucaldas.edu.co\\\/portal\\\/u-de-caldas-estreno-la-obra-de-teatro-rastros-sin-rostros\\\/#article\",\"isPartOf\":{\"@id\":\"https:\\\/\\\/www.ucaldas.edu.co\\\/portal\\\/u-de-caldas-estreno-la-obra-de-teatro-rastros-sin-rostros\\\/\"},\"author\":{\"name\":\"ofiprensa\",\"@id\":\"https:\\\/\\\/www.ucaldas.edu.co\\\/portal\\\/#\\\/schema\\\/person\\\/a1b482e23449158b4bc319926c074fdf\"},\"headline\":\"U. de Caldas estren\u00f3 la obra de teatro Rastros sin rostros\",\"datePublished\":\"2011-05-04T16:13:22+00:00\",\"mainEntityOfPage\":{\"@id\":\"https:\\\/\\\/www.ucaldas.edu.co\\\/portal\\\/u-de-caldas-estreno-la-obra-de-teatro-rastros-sin-rostros\\\/\"},\"wordCount\":388,\"publisher\":{\"@id\":\"https:\\\/\\\/www.ucaldas.edu.co\\\/portal\\\/#organization\"},\"image\":{\"@id\":\"https:\\\/\\\/www.ucaldas.edu.co\\\/portal\\\/u-de-caldas-estreno-la-obra-de-teatro-rastros-sin-rostros\\\/#primaryimage\"},\"thumbnailUrl\":\"http:\\\/\\\/www.ucaldas.edu.co\\\/images\\\/tmp\\\/Obra_teatro_Rastros_sin_rostros.JPG\",\"articleSection\":[\"Actualidad\",\"Universidad al D\u00eda\"],\"inLanguage\":\"es\"},{\"@type\":\"WebPage\",\"@id\":\"https:\\\/\\\/www.ucaldas.edu.co\\\/portal\\\/u-de-caldas-estreno-la-obra-de-teatro-rastros-sin-rostros\\\/\",\"url\":\"https:\\\/\\\/www.ucaldas.edu.co\\\/portal\\\/u-de-caldas-estreno-la-obra-de-teatro-rastros-sin-rostros\\\/\",\"name\":\"U. de Caldas estren\u00f3 la obra de teatro Rastros sin rostros .\",\"isPartOf\":{\"@id\":\"https:\\\/\\\/www.ucaldas.edu.co\\\/portal\\\/#website\"},\"primaryImageOfPage\":{\"@id\":\"https:\\\/\\\/www.ucaldas.edu.co\\\/portal\\\/u-de-caldas-estreno-la-obra-de-teatro-rastros-sin-rostros\\\/#primaryimage\"},\"image\":{\"@id\":\"https:\\\/\\\/www.ucaldas.edu.co\\\/portal\\\/u-de-caldas-estreno-la-obra-de-teatro-rastros-sin-rostros\\\/#primaryimage\"},\"thumbnailUrl\":\"http:\\\/\\\/www.ucaldas.edu.co\\\/images\\\/tmp\\\/Obra_teatro_Rastros_sin_rostros.JPG\",\"datePublished\":\"2011-05-04T16:13:22+00:00\",\"breadcrumb\":{\"@id\":\"https:\\\/\\\/www.ucaldas.edu.co\\\/portal\\\/u-de-caldas-estreno-la-obra-de-teatro-rastros-sin-rostros\\\/#breadcrumb\"},\"inLanguage\":\"es\",\"potentialAction\":[{\"@type\":\"ReadAction\",\"target\":[\"https:\\\/\\\/www.ucaldas.edu.co\\\/portal\\\/u-de-caldas-estreno-la-obra-de-teatro-rastros-sin-rostros\\\/\"]}]},{\"@type\":\"ImageObject\",\"inLanguage\":\"es\",\"@id\":\"https:\\\/\\\/www.ucaldas.edu.co\\\/portal\\\/u-de-caldas-estreno-la-obra-de-teatro-rastros-sin-rostros\\\/#primaryimage\",\"url\":\"http:\\\/\\\/www.ucaldas.edu.co\\\/images\\\/tmp\\\/Obra_teatro_Rastros_sin_rostros.JPG\",\"contentUrl\":\"http:\\\/\\\/www.ucaldas.edu.co\\\/images\\\/tmp\\\/Obra_teatro_Rastros_sin_rostros.JPG\"},{\"@type\":\"BreadcrumbList\",\"@id\":\"https:\\\/\\\/www.ucaldas.edu.co\\\/portal\\\/u-de-caldas-estreno-la-obra-de-teatro-rastros-sin-rostros\\\/#breadcrumb\",\"itemListElement\":[{\"@type\":\"ListItem\",\"position\":1,\"name\":\"Portada\",\"item\":\"https:\\\/\\\/www.ucaldas.edu.co\\\/portal\\\/\"},{\"@type\":\"ListItem\",\"position\":2,\"name\":\"U. de Caldas estren\u00f3 la obra de teatro Rastros sin rostros\"}]},{\"@type\":\"WebSite\",\"@id\":\"https:\\\/\\\/www.ucaldas.edu.co\\\/portal\\\/#website\",\"url\":\"https:\\\/\\\/www.ucaldas.edu.co\\\/portal\\\/\",\"name\":\"Universidad de Caldas\",\"description\":\"\",\"publisher\":{\"@id\":\"https:\\\/\\\/www.ucaldas.edu.co\\\/portal\\\/#organization\"},\"alternateName\":\"U. de Caldas\",\"potentialAction\":[{\"@type\":\"SearchAction\",\"target\":{\"@type\":\"EntryPoint\",\"urlTemplate\":\"https:\\\/\\\/www.ucaldas.edu.co\\\/portal\\\/?s={search_term_string}\"},\"query-input\":{\"@type\":\"PropertyValueSpecification\",\"valueRequired\":true,\"valueName\":\"search_term_string\"}}],\"inLanguage\":\"es\"},{\"@type\":\"Organization\",\"@id\":\"https:\\\/\\\/www.ucaldas.edu.co\\\/portal\\\/#organization\",\"name\":\"Universidad de Caldas\",\"alternateName\":\"U. de Caldas\",\"url\":\"https:\\\/\\\/www.ucaldas.edu.co\\\/portal\\\/\",\"logo\":{\"@type\":\"ImageObject\",\"inLanguage\":\"es\",\"@id\":\"https:\\\/\\\/www.ucaldas.edu.co\\\/portal\\\/#\\\/schema\\\/logo\\\/image\\\/\",\"url\":\"https:\\\/\\\/www.ucaldas.edu.co\\\/portal\\\/wp-content\\\/uploads\\\/2023\\\/11\\\/Logo_horizontal_oscuroU-2023.png\",\"contentUrl\":\"https:\\\/\\\/www.ucaldas.edu.co\\\/portal\\\/wp-content\\\/uploads\\\/2023\\\/11\\\/Logo_horizontal_oscuroU-2023.png\",\"width\":263,\"height\":101,\"caption\":\"Universidad de Caldas\"},\"image\":{\"@id\":\"https:\\\/\\\/www.ucaldas.edu.co\\\/portal\\\/#\\\/schema\\\/logo\\\/image\\\/\"},\"sameAs\":[\"https:\\\/\\\/www.facebook.com\\\/udecaldas\",\"https:\\\/\\\/x.com\\\/udecaldas\",\"https:\\\/\\\/www.youtube.com\\\/universidadcaldas\",\"https:\\\/\\\/www.instagram.com\\\/udecaldas\\\/\"]},{\"@type\":\"Person\",\"@id\":\"https:\\\/\\\/www.ucaldas.edu.co\\\/portal\\\/#\\\/schema\\\/person\\\/a1b482e23449158b4bc319926c074fdf\",\"name\":\"ofiprensa\",\"image\":{\"@type\":\"ImageObject\",\"inLanguage\":\"es\",\"@id\":\"https:\\\/\\\/www.ucaldas.edu.co\\\/portal\\\/wp-content\\\/litespeed\\\/avatar\\\/09ea5085e600095a7a811142c6944527.jpg?ver=1777497608\",\"url\":\"https:\\\/\\\/www.ucaldas.edu.co\\\/portal\\\/wp-content\\\/litespeed\\\/avatar\\\/09ea5085e600095a7a811142c6944527.jpg?ver=1777497608\",\"contentUrl\":\"https:\\\/\\\/www.ucaldas.edu.co\\\/portal\\\/wp-content\\\/litespeed\\\/avatar\\\/09ea5085e600095a7a811142c6944527.jpg?ver=1777497608\",\"caption\":\"ofiprensa\"},\"url\":\"https:\\\/\\\/www.ucaldas.edu.co\\\/portal\\\/author\\\/ofiprensa\\\/\"}]}<\/script>\n<!-- \/ Yoast SEO plugin. -->","yoast_head_json":{"title":"U. de Caldas estren\u00f3 la obra de teatro Rastros sin rostros .","robots":{"index":"index","follow":"follow","max-snippet":"max-snippet:-1","max-image-preview":"max-image-preview:large","max-video-preview":"max-video-preview:-1"},"canonical":"https:\/\/www.ucaldas.edu.co\/portal\/u-de-caldas-estreno-la-obra-de-teatro-rastros-sin-rostros\/","schema":{"@context":"https:\/\/schema.org","@graph":[{"@type":"Article","@id":"https:\/\/www.ucaldas.edu.co\/portal\/u-de-caldas-estreno-la-obra-de-teatro-rastros-sin-rostros\/#article","isPartOf":{"@id":"https:\/\/www.ucaldas.edu.co\/portal\/u-de-caldas-estreno-la-obra-de-teatro-rastros-sin-rostros\/"},"author":{"name":"ofiprensa","@id":"https:\/\/www.ucaldas.edu.co\/portal\/#\/schema\/person\/a1b482e23449158b4bc319926c074fdf"},"headline":"U. de Caldas estren\u00f3 la obra de teatro Rastros sin rostros","datePublished":"2011-05-04T16:13:22+00:00","mainEntityOfPage":{"@id":"https:\/\/www.ucaldas.edu.co\/portal\/u-de-caldas-estreno-la-obra-de-teatro-rastros-sin-rostros\/"},"wordCount":388,"publisher":{"@id":"https:\/\/www.ucaldas.edu.co\/portal\/#organization"},"image":{"@id":"https:\/\/www.ucaldas.edu.co\/portal\/u-de-caldas-estreno-la-obra-de-teatro-rastros-sin-rostros\/#primaryimage"},"thumbnailUrl":"http:\/\/www.ucaldas.edu.co\/images\/tmp\/Obra_teatro_Rastros_sin_rostros.JPG","articleSection":["Actualidad","Universidad al D\u00eda"],"inLanguage":"es"},{"@type":"WebPage","@id":"https:\/\/www.ucaldas.edu.co\/portal\/u-de-caldas-estreno-la-obra-de-teatro-rastros-sin-rostros\/","url":"https:\/\/www.ucaldas.edu.co\/portal\/u-de-caldas-estreno-la-obra-de-teatro-rastros-sin-rostros\/","name":"U. de Caldas estren\u00f3 la obra de teatro Rastros sin rostros .","isPartOf":{"@id":"https:\/\/www.ucaldas.edu.co\/portal\/#website"},"primaryImageOfPage":{"@id":"https:\/\/www.ucaldas.edu.co\/portal\/u-de-caldas-estreno-la-obra-de-teatro-rastros-sin-rostros\/#primaryimage"},"image":{"@id":"https:\/\/www.ucaldas.edu.co\/portal\/u-de-caldas-estreno-la-obra-de-teatro-rastros-sin-rostros\/#primaryimage"},"thumbnailUrl":"http:\/\/www.ucaldas.edu.co\/images\/tmp\/Obra_teatro_Rastros_sin_rostros.JPG","datePublished":"2011-05-04T16:13:22+00:00","breadcrumb":{"@id":"https:\/\/www.ucaldas.edu.co\/portal\/u-de-caldas-estreno-la-obra-de-teatro-rastros-sin-rostros\/#breadcrumb"},"inLanguage":"es","potentialAction":[{"@type":"ReadAction","target":["https:\/\/www.ucaldas.edu.co\/portal\/u-de-caldas-estreno-la-obra-de-teatro-rastros-sin-rostros\/"]}]},{"@type":"ImageObject","inLanguage":"es","@id":"https:\/\/www.ucaldas.edu.co\/portal\/u-de-caldas-estreno-la-obra-de-teatro-rastros-sin-rostros\/#primaryimage","url":"http:\/\/www.ucaldas.edu.co\/images\/tmp\/Obra_teatro_Rastros_sin_rostros.JPG","contentUrl":"http:\/\/www.ucaldas.edu.co\/images\/tmp\/Obra_teatro_Rastros_sin_rostros.JPG"},{"@type":"BreadcrumbList","@id":"https:\/\/www.ucaldas.edu.co\/portal\/u-de-caldas-estreno-la-obra-de-teatro-rastros-sin-rostros\/#breadcrumb","itemListElement":[{"@type":"ListItem","position":1,"name":"Portada","item":"https:\/\/www.ucaldas.edu.co\/portal\/"},{"@type":"ListItem","position":2,"name":"U. de Caldas estren\u00f3 la obra de teatro Rastros sin rostros"}]},{"@type":"WebSite","@id":"https:\/\/www.ucaldas.edu.co\/portal\/#website","url":"https:\/\/www.ucaldas.edu.co\/portal\/","name":"Universidad de Caldas","description":"","publisher":{"@id":"https:\/\/www.ucaldas.edu.co\/portal\/#organization"},"alternateName":"U. de Caldas","potentialAction":[{"@type":"SearchAction","target":{"@type":"EntryPoint","urlTemplate":"https:\/\/www.ucaldas.edu.co\/portal\/?s={search_term_string}"},"query-input":{"@type":"PropertyValueSpecification","valueRequired":true,"valueName":"search_term_string"}}],"inLanguage":"es"},{"@type":"Organization","@id":"https:\/\/www.ucaldas.edu.co\/portal\/#organization","name":"Universidad de Caldas","alternateName":"U. de Caldas","url":"https:\/\/www.ucaldas.edu.co\/portal\/","logo":{"@type":"ImageObject","inLanguage":"es","@id":"https:\/\/www.ucaldas.edu.co\/portal\/#\/schema\/logo\/image\/","url":"https:\/\/www.ucaldas.edu.co\/portal\/wp-content\/uploads\/2023\/11\/Logo_horizontal_oscuroU-2023.png","contentUrl":"https:\/\/www.ucaldas.edu.co\/portal\/wp-content\/uploads\/2023\/11\/Logo_horizontal_oscuroU-2023.png","width":263,"height":101,"caption":"Universidad de Caldas"},"image":{"@id":"https:\/\/www.ucaldas.edu.co\/portal\/#\/schema\/logo\/image\/"},"sameAs":["https:\/\/www.facebook.com\/udecaldas","https:\/\/x.com\/udecaldas","https:\/\/www.youtube.com\/universidadcaldas","https:\/\/www.instagram.com\/udecaldas\/"]},{"@type":"Person","@id":"https:\/\/www.ucaldas.edu.co\/portal\/#\/schema\/person\/a1b482e23449158b4bc319926c074fdf","name":"ofiprensa","image":{"@type":"ImageObject","inLanguage":"es","@id":"https:\/\/www.ucaldas.edu.co\/portal\/wp-content\/litespeed\/avatar\/09ea5085e600095a7a811142c6944527.jpg?ver=1777497608","url":"https:\/\/www.ucaldas.edu.co\/portal\/wp-content\/litespeed\/avatar\/09ea5085e600095a7a811142c6944527.jpg?ver=1777497608","contentUrl":"https:\/\/www.ucaldas.edu.co\/portal\/wp-content\/litespeed\/avatar\/09ea5085e600095a7a811142c6944527.jpg?ver=1777497608","caption":"ofiprensa"},"url":"https:\/\/www.ucaldas.edu.co\/portal\/author\/ofiprensa\/"}]}},"_links":{"self":[{"href":"https:\/\/www.ucaldas.edu.co\/portal\/wp-json\/wp\/v2\/posts\/8185","targetHints":{"allow":["GET"]}}],"collection":[{"href":"https:\/\/www.ucaldas.edu.co\/portal\/wp-json\/wp\/v2\/posts"}],"about":[{"href":"https:\/\/www.ucaldas.edu.co\/portal\/wp-json\/wp\/v2\/types\/post"}],"author":[{"embeddable":true,"href":"https:\/\/www.ucaldas.edu.co\/portal\/wp-json\/wp\/v2\/users\/2"}],"replies":[{"embeddable":true,"href":"https:\/\/www.ucaldas.edu.co\/portal\/wp-json\/wp\/v2\/comments?post=8185"}],"version-history":[{"count":0,"href":"https:\/\/www.ucaldas.edu.co\/portal\/wp-json\/wp\/v2\/posts\/8185\/revisions"}],"wp:attachment":[{"href":"https:\/\/www.ucaldas.edu.co\/portal\/wp-json\/wp\/v2\/media?parent=8185"}],"wp:term":[{"taxonomy":"category","embeddable":true,"href":"https:\/\/www.ucaldas.edu.co\/portal\/wp-json\/wp\/v2\/categories?post=8185"},{"taxonomy":"post_tag","embeddable":true,"href":"https:\/\/www.ucaldas.edu.co\/portal\/wp-json\/wp\/v2\/tags?post=8185"}],"curies":[{"name":"wp","href":"https:\/\/api.w.org\/{rel}","templated":true}]}}