{"id":81807,"date":"2024-06-06T16:56:21","date_gmt":"2024-06-06T21:56:21","guid":{"rendered":"https:\/\/www.ucaldas.edu.co\/portal\/?p=81807"},"modified":"2024-06-06T16:56:21","modified_gmt":"2024-06-06T21:56:21","slug":"preparate-para-la-primera-semana-de-la-inteligencia-artificial-en-manizales","status":"publish","type":"post","link":"https:\/\/www.ucaldas.edu.co\/portal\/preparate-para-la-primera-semana-de-la-inteligencia-artificial-en-manizales\/","title":{"rendered":"Prep\u00e1rate para la Primera Semana de la Inteligencia Artificial en Manizales."},"content":{"rendered":"<p><img loading=\"lazy\" decoding=\"async\" class=\"alignnone size-full wp-image-81810\" src=\"https:\/\/www.ucaldas.edu.co\/portal\/wp-content\/uploads\/2024\/06\/semana-ia-scaled.jpg\" alt=\"Afiche promocional de la Semana de la Inteligencia Artificial, que se realizar\u00e1 entre el 11 y el 14 de junio en el CCU Rogelio Salmona, U. de Caldas.\" width=\"2560\" height=\"1440\" \/><\/p>\n<p style=\"text-align: justify;\">Llega a la ciudad la Primera Semana de la Inteligencia Artificial que para esta edici\u00f3n pone en el centro de discusi\u00f3n la ciencia y el arte. Esta iniciativa, liderada por el Centro Cultural del Banco de la Rep\u00fablica de Manizales y el Centro de Ciencia Francisco Jos\u00e9 de Caldas, de la Universidad de Caldas, busca generar reflexiones y conversaciones que nos lleven a preguntarnos sobre las implicaciones \u00e9ticas de su uso, el aprovechamiento que provee para centros culturales y bibliotecas, as\u00ed como su rol en la creaci\u00f3n y difusi\u00f3n de las artes pl\u00e1sticas, visuales y musicales.<!--more--><\/p>\n<p style=\"text-align: justify;\">Con foros, conversaciones, charlas magistrales, conferencias, presentaciones de herramientas desarrolladas con IA y talleres pr\u00e1cticos, la ciudadan\u00eda de Manizales podr\u00e1 disfrutar de este evento que va del 11 al 14 de junio y que se realizar\u00e1 en el Centro Cultural Universitario Rogelio Salmona y el Banco de la Rep\u00fablica de Manizales.<\/p>\n<p style=\"text-align: justify;\">\u201cApostarle a una Semana de la Inteligencia Artificial en Manizales es poner a nuestra ciudad y regi\u00f3n en un di\u00e1logo con un debate contempor\u00e1neo que nos est\u00e1 convocando a construir, a problematizar, a entender y a comprender el mundo de las inteligencias artificiales. Es un di\u00e1logo necesario que tenemos que ver con enfoque territorial desde nuestra regi\u00f3n pero, es tambi\u00e9n una invitaci\u00f3n a construir en conjunto con la ciudadan\u00eda, las instituciones y especialistas, posturas, debates y creaciones alrededor del asunto\u201d, afirma Ivonne Mendoza, gerente del Centro Cultural del Banco de la Rep\u00fablica de Manizales.<\/p>\n<p style=\"text-align: justify;\">El prop\u00f3sito de esta iniciativa es poner en com\u00fan esta herramienta tecnol\u00f3gica\u00a0 y generar reflexiones alrededor de su desarrollo e inclusi\u00f3n en la vida cotidiana, la investigaci\u00f3n cient\u00edfica, la creaci\u00f3n art\u00edstica y la gesti\u00f3n cultural. Para ello nos acompa\u00f1ar\u00e1n expertos nacionales y locales que activar\u00e1n conversaciones y espacios de di\u00e1logo para pensar juntos las maneras de correlaci\u00f3n con los avances digitales.<\/p>\n<p style=\"text-align: justify;\">\u201cLa inteligencia artificial es un asunto que ya lleg\u00f3 para que nos adaptemos a ella. Es una realidad que creo, no debemos verla como amenaza, sino como aliada en los procesos que podemos llevar en nuestra cotidianidad. Por tanto, la apuesta del Centro de Ciencia Francisco Jos\u00e9 de Caldas es llevar la ciencia a ese contexto explicativo para que las personas del com\u00fan podamos entender qu\u00e9 es y c\u00f3mo puede ser \u00fatil\u201d, as\u00ed lo expresa Carolina Salguero Mej\u00eda, directora del Centro de Ciencia Francisco Jos\u00e9 de Caldas de la Universidad de Caldas.<\/p>\n<p style=\"text-align: justify;\"><strong>Ag\u00e9ndese: <\/strong><\/p>\n<p style=\"text-align: justify;\">El martes 11 de junio a las 9:00 a.m. inicia la programaci\u00f3n de la Primera Semana de la Inteligencia Artificial en el \u00d3culo del Centro Cultural Universitario Rogelio Salmona con la siguiente agenda:<\/p>\n<p style=\"text-align: justify;\">-Presentaci\u00f3n ABC de la inteligencia artificial a cargo del Centro de Ciencia Francisco Jos\u00e9 de Caldas.<\/p>\n<p style=\"text-align: justify;\">-Foro inaugural Datos abiertos, retos compartidos con la participaci\u00f3n de profesores de la Universidad de Caldas y ciudadanos.<\/p>\n<p style=\"text-align: justify;\">-Conferencia M\u00e1s all\u00e1 del algor\u00edtmico: la reflexi\u00f3n bio\u00e9tica en la IA a cargo de Beatriz Campillo.<\/p>\n<p style=\"text-align: justify;\">Las conferencias y charlas magistrales se realizar\u00e1n en el Centro Cultural Universitario Rogelio Salmona y los talleres pr\u00e1cticos se realizar\u00e1n en el Banco de la Rep\u00fablica.<\/p>\n<p style=\"text-align: justify;\">La Primera Semana de la Inteligencia Artificial en la ciencia y en arte no requiere inscripci\u00f3n, es abierta y gratuita para todos y todas.<\/p>\n<p>Conozca la programaci\u00f3n completa <a href=\"http:\/\/qrcc.me\/sduw7oc8z4tc\">aqu\u00ed.<\/a><\/p>\n<p><strong>Anexo<\/strong><\/p>\n<p><a href=\"https:\/\/www.ucaldas.edu.co\/portal\/wp-content\/uploads\/2024\/06\/Carolina-Salguero-Meji\u0301a.m4a\"><strong>-Audio Directora Centro de Ciencia Francisco Jos\u00e9 de Caldas de la Universidad de Caldas, Carolina Salguero<\/strong><\/a><\/p>\n<audio class=\"wp-audio-shortcode\" id=\"audio-81807-1\" preload=\"none\" style=\"width: 100%;\" controls=\"controls\"><source type=\"audio\/mpeg\" src=\"https:\/\/www.ucaldas.edu.co\/portal\/wp-content\/uploads\/2024\/06\/Carolina-Salguero-Meji\u0301a.m4a?_=1\" \/><a href=\"https:\/\/www.ucaldas.edu.co\/portal\/wp-content\/uploads\/2024\/06\/Carolina-Salguero-Meji\u0301a.m4a\">https:\/\/www.ucaldas.edu.co\/portal\/wp-content\/uploads\/2024\/06\/Carolina-Salguero-Meji\u0301a.m4a<\/a><\/audio>\n<p><a href=\"https:\/\/www.ucaldas.edu.co\/portal\/wp-content\/uploads\/2024\/06\/Ivonne-Mendoza-1.m4a\"><strong>-Audio Gerente Centro Cultural del Banco de la Rep\u00fablica de Manizales, Ivonne Mendoza<\/strong><\/a><\/p>\n<audio class=\"wp-audio-shortcode\" id=\"audio-81807-2\" preload=\"none\" style=\"width: 100%;\" controls=\"controls\"><source type=\"audio\/mpeg\" src=\"https:\/\/www.ucaldas.edu.co\/portal\/wp-content\/uploads\/2024\/06\/Ivonne-Mendoza-1.m4a?_=2\" \/><a href=\"https:\/\/www.ucaldas.edu.co\/portal\/wp-content\/uploads\/2024\/06\/Ivonne-Mendoza-1.m4a\">https:\/\/www.ucaldas.edu.co\/portal\/wp-content\/uploads\/2024\/06\/Ivonne-Mendoza-1.m4a<\/a><\/audio>\n<p><strong>\u00a0<\/strong><\/p>\n<p><strong>\u00a0<\/strong><\/p>\n","protected":false},"excerpt":{"rendered":"<p>Llega a la ciudad la Primera Semana de la Inteligencia Artificial que para esta edici\u00f3n pone en el centro de discusi\u00f3n la ciencia y el arte. Esta iniciativa, liderada por el Centro Cultural del Banco de la Rep\u00fablica de Manizales y el Centro de Ciencia Francisco Jos\u00e9 de Caldas, de la Universidad de Caldas, busca [&hellip;]<\/p>\n","protected":false},"author":2,"featured_media":81810,"comment_status":"closed","ping_status":"open","sticky":false,"template":"","format":"standard","meta":{"footnotes":""},"categories":[48,53],"tags":[130,193,3475,3978],"class_list":["post-81807","post","type-post","status-publish","format-standard","has-post-thumbnail","hentry","category-actualidad","category-universidad-al-dia","tag-ciencia","tag-arte","tag-ccu-rogelio-salmona","tag-inteligencia-artificial"],"yoast_head":"<!-- This site is optimized with the Yoast SEO plugin v27.5 - https:\/\/yoast.com\/product\/yoast-seo-wordpress\/ -->\n<title>Prep\u00e1rate para la Primera Semana de la Inteligencia Artificial en Manizales. .<\/title>\n<meta name=\"robots\" content=\"index, follow, max-snippet:-1, max-image-preview:large, max-video-preview:-1\" \/>\n<link rel=\"canonical\" href=\"https:\/\/www.ucaldas.edu.co\/portal\/preparate-para-la-primera-semana-de-la-inteligencia-artificial-en-manizales\/\" \/>\n<script type=\"application\/ld+json\" class=\"yoast-schema-graph\">{\"@context\":\"https:\\\/\\\/schema.org\",\"@graph\":[{\"@type\":\"Article\",\"@id\":\"https:\\\/\\\/www.ucaldas.edu.co\\\/portal\\\/preparate-para-la-primera-semana-de-la-inteligencia-artificial-en-manizales\\\/#article\",\"isPartOf\":{\"@id\":\"https:\\\/\\\/www.ucaldas.edu.co\\\/portal\\\/preparate-para-la-primera-semana-de-la-inteligencia-artificial-en-manizales\\\/\"},\"author\":{\"name\":\"ofiprensa\",\"@id\":\"https:\\\/\\\/www.ucaldas.edu.co\\\/portal\\\/#\\\/schema\\\/person\\\/a1b482e23449158b4bc319926c074fdf\"},\"headline\":\"Prep\u00e1rate para la Primera Semana de la Inteligencia Artificial en Manizales.\",\"datePublished\":\"2024-06-06T21:56:21+00:00\",\"mainEntityOfPage\":{\"@id\":\"https:\\\/\\\/www.ucaldas.edu.co\\\/portal\\\/preparate-para-la-primera-semana-de-la-inteligencia-artificial-en-manizales\\\/\"},\"wordCount\":653,\"publisher\":{\"@id\":\"https:\\\/\\\/www.ucaldas.edu.co\\\/portal\\\/#organization\"},\"image\":{\"@id\":\"https:\\\/\\\/www.ucaldas.edu.co\\\/portal\\\/preparate-para-la-primera-semana-de-la-inteligencia-artificial-en-manizales\\\/#primaryimage\"},\"thumbnailUrl\":\"https:\\\/\\\/www.ucaldas.edu.co\\\/portal\\\/wp-content\\\/uploads\\\/2024\\\/06\\\/semana-ia-scaled.jpg\",\"keywords\":[\"ciencia\",\"Arte\",\"ccu Rogelio salmona\",\"inteligencia artificial\"],\"articleSection\":[\"Actualidad\",\"Universidad al D\u00eda\"],\"inLanguage\":\"es\"},{\"@type\":\"WebPage\",\"@id\":\"https:\\\/\\\/www.ucaldas.edu.co\\\/portal\\\/preparate-para-la-primera-semana-de-la-inteligencia-artificial-en-manizales\\\/\",\"url\":\"https:\\\/\\\/www.ucaldas.edu.co\\\/portal\\\/preparate-para-la-primera-semana-de-la-inteligencia-artificial-en-manizales\\\/\",\"name\":\"Prep\u00e1rate para la Primera Semana de la Inteligencia Artificial en Manizales. .\",\"isPartOf\":{\"@id\":\"https:\\\/\\\/www.ucaldas.edu.co\\\/portal\\\/#website\"},\"primaryImageOfPage\":{\"@id\":\"https:\\\/\\\/www.ucaldas.edu.co\\\/portal\\\/preparate-para-la-primera-semana-de-la-inteligencia-artificial-en-manizales\\\/#primaryimage\"},\"image\":{\"@id\":\"https:\\\/\\\/www.ucaldas.edu.co\\\/portal\\\/preparate-para-la-primera-semana-de-la-inteligencia-artificial-en-manizales\\\/#primaryimage\"},\"thumbnailUrl\":\"https:\\\/\\\/www.ucaldas.edu.co\\\/portal\\\/wp-content\\\/uploads\\\/2024\\\/06\\\/semana-ia-scaled.jpg\",\"datePublished\":\"2024-06-06T21:56:21+00:00\",\"breadcrumb\":{\"@id\":\"https:\\\/\\\/www.ucaldas.edu.co\\\/portal\\\/preparate-para-la-primera-semana-de-la-inteligencia-artificial-en-manizales\\\/#breadcrumb\"},\"inLanguage\":\"es\",\"potentialAction\":[{\"@type\":\"ReadAction\",\"target\":[\"https:\\\/\\\/www.ucaldas.edu.co\\\/portal\\\/preparate-para-la-primera-semana-de-la-inteligencia-artificial-en-manizales\\\/\"]}]},{\"@type\":\"ImageObject\",\"inLanguage\":\"es\",\"@id\":\"https:\\\/\\\/www.ucaldas.edu.co\\\/portal\\\/preparate-para-la-primera-semana-de-la-inteligencia-artificial-en-manizales\\\/#primaryimage\",\"url\":\"https:\\\/\\\/www.ucaldas.edu.co\\\/portal\\\/wp-content\\\/uploads\\\/2024\\\/06\\\/semana-ia-scaled.jpg\",\"contentUrl\":\"https:\\\/\\\/www.ucaldas.edu.co\\\/portal\\\/wp-content\\\/uploads\\\/2024\\\/06\\\/semana-ia-scaled.jpg\",\"width\":2560,\"height\":1440,\"caption\":\"Afiche promocional de la Semana de la Inteligencia Artificial, que se realizar\u00e1 entre el 11 y el 14 de junio en el CCU Rogelio Salmona, U. de Caldas.\"},{\"@type\":\"BreadcrumbList\",\"@id\":\"https:\\\/\\\/www.ucaldas.edu.co\\\/portal\\\/preparate-para-la-primera-semana-de-la-inteligencia-artificial-en-manizales\\\/#breadcrumb\",\"itemListElement\":[{\"@type\":\"ListItem\",\"position\":1,\"name\":\"Portada\",\"item\":\"https:\\\/\\\/www.ucaldas.edu.co\\\/portal\\\/\"},{\"@type\":\"ListItem\",\"position\":2,\"name\":\"Prep\u00e1rate para la Primera Semana de la Inteligencia Artificial en Manizales.\"}]},{\"@type\":\"WebSite\",\"@id\":\"https:\\\/\\\/www.ucaldas.edu.co\\\/portal\\\/#website\",\"url\":\"https:\\\/\\\/www.ucaldas.edu.co\\\/portal\\\/\",\"name\":\"Universidad de Caldas\",\"description\":\"\",\"publisher\":{\"@id\":\"https:\\\/\\\/www.ucaldas.edu.co\\\/portal\\\/#organization\"},\"alternateName\":\"U. de Caldas\",\"potentialAction\":[{\"@type\":\"SearchAction\",\"target\":{\"@type\":\"EntryPoint\",\"urlTemplate\":\"https:\\\/\\\/www.ucaldas.edu.co\\\/portal\\\/?s={search_term_string}\"},\"query-input\":{\"@type\":\"PropertyValueSpecification\",\"valueRequired\":true,\"valueName\":\"search_term_string\"}}],\"inLanguage\":\"es\"},{\"@type\":\"Organization\",\"@id\":\"https:\\\/\\\/www.ucaldas.edu.co\\\/portal\\\/#organization\",\"name\":\"Universidad de Caldas\",\"alternateName\":\"U. de Caldas\",\"url\":\"https:\\\/\\\/www.ucaldas.edu.co\\\/portal\\\/\",\"logo\":{\"@type\":\"ImageObject\",\"inLanguage\":\"es\",\"@id\":\"https:\\\/\\\/www.ucaldas.edu.co\\\/portal\\\/#\\\/schema\\\/logo\\\/image\\\/\",\"url\":\"https:\\\/\\\/www.ucaldas.edu.co\\\/portal\\\/wp-content\\\/uploads\\\/2023\\\/11\\\/Logo_horizontal_oscuroU-2023.png\",\"contentUrl\":\"https:\\\/\\\/www.ucaldas.edu.co\\\/portal\\\/wp-content\\\/uploads\\\/2023\\\/11\\\/Logo_horizontal_oscuroU-2023.png\",\"width\":263,\"height\":101,\"caption\":\"Universidad de Caldas\"},\"image\":{\"@id\":\"https:\\\/\\\/www.ucaldas.edu.co\\\/portal\\\/#\\\/schema\\\/logo\\\/image\\\/\"},\"sameAs\":[\"https:\\\/\\\/www.facebook.com\\\/udecaldas\",\"https:\\\/\\\/x.com\\\/udecaldas\",\"https:\\\/\\\/www.youtube.com\\\/universidadcaldas\",\"https:\\\/\\\/www.instagram.com\\\/udecaldas\\\/\"]},{\"@type\":\"Person\",\"@id\":\"https:\\\/\\\/www.ucaldas.edu.co\\\/portal\\\/#\\\/schema\\\/person\\\/a1b482e23449158b4bc319926c074fdf\",\"name\":\"ofiprensa\",\"image\":{\"@type\":\"ImageObject\",\"inLanguage\":\"es\",\"@id\":\"https:\\\/\\\/www.ucaldas.edu.co\\\/portal\\\/wp-content\\\/litespeed\\\/avatar\\\/09ea5085e600095a7a811142c6944527.jpg?ver=1777497608\",\"url\":\"https:\\\/\\\/www.ucaldas.edu.co\\\/portal\\\/wp-content\\\/litespeed\\\/avatar\\\/09ea5085e600095a7a811142c6944527.jpg?ver=1777497608\",\"contentUrl\":\"https:\\\/\\\/www.ucaldas.edu.co\\\/portal\\\/wp-content\\\/litespeed\\\/avatar\\\/09ea5085e600095a7a811142c6944527.jpg?ver=1777497608\",\"caption\":\"ofiprensa\"},\"url\":\"https:\\\/\\\/www.ucaldas.edu.co\\\/portal\\\/author\\\/ofiprensa\\\/\"}]}<\/script>\n<!-- \/ Yoast SEO plugin. -->","yoast_head_json":{"title":"Prep\u00e1rate para la Primera Semana de la Inteligencia Artificial en Manizales. .","robots":{"index":"index","follow":"follow","max-snippet":"max-snippet:-1","max-image-preview":"max-image-preview:large","max-video-preview":"max-video-preview:-1"},"canonical":"https:\/\/www.ucaldas.edu.co\/portal\/preparate-para-la-primera-semana-de-la-inteligencia-artificial-en-manizales\/","schema":{"@context":"https:\/\/schema.org","@graph":[{"@type":"Article","@id":"https:\/\/www.ucaldas.edu.co\/portal\/preparate-para-la-primera-semana-de-la-inteligencia-artificial-en-manizales\/#article","isPartOf":{"@id":"https:\/\/www.ucaldas.edu.co\/portal\/preparate-para-la-primera-semana-de-la-inteligencia-artificial-en-manizales\/"},"author":{"name":"ofiprensa","@id":"https:\/\/www.ucaldas.edu.co\/portal\/#\/schema\/person\/a1b482e23449158b4bc319926c074fdf"},"headline":"Prep\u00e1rate para la Primera Semana de la Inteligencia Artificial en Manizales.","datePublished":"2024-06-06T21:56:21+00:00","mainEntityOfPage":{"@id":"https:\/\/www.ucaldas.edu.co\/portal\/preparate-para-la-primera-semana-de-la-inteligencia-artificial-en-manizales\/"},"wordCount":653,"publisher":{"@id":"https:\/\/www.ucaldas.edu.co\/portal\/#organization"},"image":{"@id":"https:\/\/www.ucaldas.edu.co\/portal\/preparate-para-la-primera-semana-de-la-inteligencia-artificial-en-manizales\/#primaryimage"},"thumbnailUrl":"https:\/\/www.ucaldas.edu.co\/portal\/wp-content\/uploads\/2024\/06\/semana-ia-scaled.jpg","keywords":["ciencia","Arte","ccu Rogelio salmona","inteligencia artificial"],"articleSection":["Actualidad","Universidad al D\u00eda"],"inLanguage":"es"},{"@type":"WebPage","@id":"https:\/\/www.ucaldas.edu.co\/portal\/preparate-para-la-primera-semana-de-la-inteligencia-artificial-en-manizales\/","url":"https:\/\/www.ucaldas.edu.co\/portal\/preparate-para-la-primera-semana-de-la-inteligencia-artificial-en-manizales\/","name":"Prep\u00e1rate para la Primera Semana de la Inteligencia Artificial en Manizales. .","isPartOf":{"@id":"https:\/\/www.ucaldas.edu.co\/portal\/#website"},"primaryImageOfPage":{"@id":"https:\/\/www.ucaldas.edu.co\/portal\/preparate-para-la-primera-semana-de-la-inteligencia-artificial-en-manizales\/#primaryimage"},"image":{"@id":"https:\/\/www.ucaldas.edu.co\/portal\/preparate-para-la-primera-semana-de-la-inteligencia-artificial-en-manizales\/#primaryimage"},"thumbnailUrl":"https:\/\/www.ucaldas.edu.co\/portal\/wp-content\/uploads\/2024\/06\/semana-ia-scaled.jpg","datePublished":"2024-06-06T21:56:21+00:00","breadcrumb":{"@id":"https:\/\/www.ucaldas.edu.co\/portal\/preparate-para-la-primera-semana-de-la-inteligencia-artificial-en-manizales\/#breadcrumb"},"inLanguage":"es","potentialAction":[{"@type":"ReadAction","target":["https:\/\/www.ucaldas.edu.co\/portal\/preparate-para-la-primera-semana-de-la-inteligencia-artificial-en-manizales\/"]}]},{"@type":"ImageObject","inLanguage":"es","@id":"https:\/\/www.ucaldas.edu.co\/portal\/preparate-para-la-primera-semana-de-la-inteligencia-artificial-en-manizales\/#primaryimage","url":"https:\/\/www.ucaldas.edu.co\/portal\/wp-content\/uploads\/2024\/06\/semana-ia-scaled.jpg","contentUrl":"https:\/\/www.ucaldas.edu.co\/portal\/wp-content\/uploads\/2024\/06\/semana-ia-scaled.jpg","width":2560,"height":1440,"caption":"Afiche promocional de la Semana de la Inteligencia Artificial, que se realizar\u00e1 entre el 11 y el 14 de junio en el CCU Rogelio Salmona, U. de Caldas."},{"@type":"BreadcrumbList","@id":"https:\/\/www.ucaldas.edu.co\/portal\/preparate-para-la-primera-semana-de-la-inteligencia-artificial-en-manizales\/#breadcrumb","itemListElement":[{"@type":"ListItem","position":1,"name":"Portada","item":"https:\/\/www.ucaldas.edu.co\/portal\/"},{"@type":"ListItem","position":2,"name":"Prep\u00e1rate para la Primera Semana de la Inteligencia Artificial en Manizales."}]},{"@type":"WebSite","@id":"https:\/\/www.ucaldas.edu.co\/portal\/#website","url":"https:\/\/www.ucaldas.edu.co\/portal\/","name":"Universidad de Caldas","description":"","publisher":{"@id":"https:\/\/www.ucaldas.edu.co\/portal\/#organization"},"alternateName":"U. de Caldas","potentialAction":[{"@type":"SearchAction","target":{"@type":"EntryPoint","urlTemplate":"https:\/\/www.ucaldas.edu.co\/portal\/?s={search_term_string}"},"query-input":{"@type":"PropertyValueSpecification","valueRequired":true,"valueName":"search_term_string"}}],"inLanguage":"es"},{"@type":"Organization","@id":"https:\/\/www.ucaldas.edu.co\/portal\/#organization","name":"Universidad de Caldas","alternateName":"U. de Caldas","url":"https:\/\/www.ucaldas.edu.co\/portal\/","logo":{"@type":"ImageObject","inLanguage":"es","@id":"https:\/\/www.ucaldas.edu.co\/portal\/#\/schema\/logo\/image\/","url":"https:\/\/www.ucaldas.edu.co\/portal\/wp-content\/uploads\/2023\/11\/Logo_horizontal_oscuroU-2023.png","contentUrl":"https:\/\/www.ucaldas.edu.co\/portal\/wp-content\/uploads\/2023\/11\/Logo_horizontal_oscuroU-2023.png","width":263,"height":101,"caption":"Universidad de Caldas"},"image":{"@id":"https:\/\/www.ucaldas.edu.co\/portal\/#\/schema\/logo\/image\/"},"sameAs":["https:\/\/www.facebook.com\/udecaldas","https:\/\/x.com\/udecaldas","https:\/\/www.youtube.com\/universidadcaldas","https:\/\/www.instagram.com\/udecaldas\/"]},{"@type":"Person","@id":"https:\/\/www.ucaldas.edu.co\/portal\/#\/schema\/person\/a1b482e23449158b4bc319926c074fdf","name":"ofiprensa","image":{"@type":"ImageObject","inLanguage":"es","@id":"https:\/\/www.ucaldas.edu.co\/portal\/wp-content\/litespeed\/avatar\/09ea5085e600095a7a811142c6944527.jpg?ver=1777497608","url":"https:\/\/www.ucaldas.edu.co\/portal\/wp-content\/litespeed\/avatar\/09ea5085e600095a7a811142c6944527.jpg?ver=1777497608","contentUrl":"https:\/\/www.ucaldas.edu.co\/portal\/wp-content\/litespeed\/avatar\/09ea5085e600095a7a811142c6944527.jpg?ver=1777497608","caption":"ofiprensa"},"url":"https:\/\/www.ucaldas.edu.co\/portal\/author\/ofiprensa\/"}]}},"_links":{"self":[{"href":"https:\/\/www.ucaldas.edu.co\/portal\/wp-json\/wp\/v2\/posts\/81807","targetHints":{"allow":["GET"]}}],"collection":[{"href":"https:\/\/www.ucaldas.edu.co\/portal\/wp-json\/wp\/v2\/posts"}],"about":[{"href":"https:\/\/www.ucaldas.edu.co\/portal\/wp-json\/wp\/v2\/types\/post"}],"author":[{"embeddable":true,"href":"https:\/\/www.ucaldas.edu.co\/portal\/wp-json\/wp\/v2\/users\/2"}],"replies":[{"embeddable":true,"href":"https:\/\/www.ucaldas.edu.co\/portal\/wp-json\/wp\/v2\/comments?post=81807"}],"version-history":[{"count":0,"href":"https:\/\/www.ucaldas.edu.co\/portal\/wp-json\/wp\/v2\/posts\/81807\/revisions"}],"wp:featuredmedia":[{"embeddable":true,"href":"https:\/\/www.ucaldas.edu.co\/portal\/wp-json\/wp\/v2\/media\/81810"}],"wp:attachment":[{"href":"https:\/\/www.ucaldas.edu.co\/portal\/wp-json\/wp\/v2\/media?parent=81807"}],"wp:term":[{"taxonomy":"category","embeddable":true,"href":"https:\/\/www.ucaldas.edu.co\/portal\/wp-json\/wp\/v2\/categories?post=81807"},{"taxonomy":"post_tag","embeddable":true,"href":"https:\/\/www.ucaldas.edu.co\/portal\/wp-json\/wp\/v2\/tags?post=81807"}],"curies":[{"name":"wp","href":"https:\/\/api.w.org\/{rel}","templated":true}]}}