{"id":81801,"date":"2024-06-06T16:50:33","date_gmt":"2024-06-06T21:50:33","guid":{"rendered":"https:\/\/www.ucaldas.edu.co\/portal\/?p=81801"},"modified":"2025-07-24T10:28:34","modified_gmt":"2025-07-24T15:28:34","slug":"universidad-de-caldas-tambien-llega-a-instituciones-educativas-del-departamento-de-risaralda","status":"publish","type":"post","link":"https:\/\/www.ucaldas.edu.co\/portal\/universidad-de-caldas-tambien-llega-a-instituciones-educativas-del-departamento-de-risaralda\/","title":{"rendered":"Universidad de Caldas tambi\u00e9n llega a Instituciones Educativas del departamento de Risaralda."},"content":{"rendered":"<p><img loading=\"lazy\" decoding=\"async\" class=\"alignnone size-full wp-image-81805\" src=\"https:\/\/www.ucaldas.edu.co\/portal\/wp-content\/uploads\/2024\/06\/edu-risaralda-1-1.jpg\" alt=\"Imagen representativa del programa S\u00famale a la Educaci\u00f3n, donde la U. de Caldas ha tenido una destacada participaci\u00f3n. Se aprecia una estudiante de secundaria en un laboratoio de qu\u00edmica.\" width=\"1280\" height=\"720\" \/><\/p>\n<p style=\"text-align: justify;\">El convenio con la Gobernaci\u00f3n de Risaralda, espec\u00edficamente con la Secretar\u00eda de Educaci\u00f3n, en el proyecto <strong>S\u00daMALE A LA EDUCACI\u00d3N SUPERIOR<\/strong>, le ha permitido a la Universidad de Caldas articularse con 15 instituciones educativas desde el a\u00f1o 2018.<!--more--><\/p>\n<p style=\"text-align: justify;\">Durante este tiempo se han matriculado 478 estudiantes, de los cuales 172 est\u00e1n activos y 224 se graduaron. Gracias a <strong>S\u00daMALE A LA EDUCACI\u00d3N SUPERIOR<\/strong>, la Universidad ha hecho presencia en municipios como Pueblo Rico, Ap\u00eda, Balboa, La Celia, Mistrat\u00f3, Bel\u00e9n de Umbr\u00eda, Gu\u00e1tica, Quinch\u00eda y Dosquebradas, con programas como:<\/p>\n<ul style=\"text-align: justify;\">\n<li>T\u00e9cnico Profesional en Saneamiento Ambiental<\/li>\n<li>T\u00e9cnico Profesional en Formulaci\u00f3n e implementaci\u00f3n de proyectos agropecuarios<\/li>\n<li>T\u00e9cnico Profesional en la empresa cafetera<\/li>\n<li>T\u00e9cnico profesional en producci\u00f3n agr\u00edcola<\/li>\n<li>Tecnolog\u00eda en Gesti\u00f3n Ambiental<\/li>\n<li>Tecnolog\u00eda en Gesti\u00f3n de la empresa cafetera<\/li>\n<\/ul>\n<p style=\"text-align: justify;\">Seg\u00fan el Rector de la Universidad de Caldas, Fabio Hernando Arias Orozco, entre los beneficios est\u00e1 pertenecer a una instituci\u00f3n de educaci\u00f3n superior de alta calidad, con oportunidades de continuar realizando una carrera profesional en las diferentes sedes que se encuentran cerca del departamento de Risaralda como lo son Anserma y Riosucio. Adem\u00e1s de su impacto inmediato en la vida de los estudiantes<\/p>\n<p style=\"text-align: justify;\">\u00ab<strong>S\u00daMALE A LA EDUCACI\u00d3N SUPERIOR<\/strong>\u00bb tambi\u00e9n tiene el potencial de transformar positivamente el panorama educativo y socioecon\u00f3mico del pa\u00eds, al invertir en la formaci\u00f3n de una nueva generaci\u00f3n de j\u00f3venes talentosos y comprometidos, que configurar\u00e1n un futuro m\u00e1s pr\u00f3spero y equitativo para todos.<\/p>\n<p><strong>Anexo:<\/strong><\/p>\n<p><a href=\"https:\/\/www.ucaldas.edu.co\/portal\/wp-content\/uploads\/2024\/06\/rector-nota-educacion-risaralda.mp3\"><strong>-Audio Rector Universidad de Caldas, Fabio Hernando Arias Orozco<\/strong><\/a><\/p>\n<audio class=\"wp-audio-shortcode\" id=\"audio-81801-1\" preload=\"none\" style=\"width: 100%;\" controls=\"controls\"><source type=\"audio\/mpeg\" src=\"https:\/\/www.ucaldas.edu.co\/portal\/wp-content\/uploads\/2024\/06\/rector-nota-educacion-risaralda.mp3?_=1\" \/><a href=\"https:\/\/www.ucaldas.edu.co\/portal\/wp-content\/uploads\/2024\/06\/rector-nota-educacion-risaralda.mp3\">https:\/\/www.ucaldas.edu.co\/portal\/wp-content\/uploads\/2024\/06\/rector-nota-educacion-risaralda.mp3<\/a><\/audio>\n","protected":false},"excerpt":{"rendered":"<p>El convenio con la Gobernaci\u00f3n de Risaralda, espec\u00edficamente con la Secretar\u00eda de Educaci\u00f3n, en el proyecto S\u00daMALE A LA EDUCACI\u00d3N SUPERIOR, le ha permitido a la Universidad de Caldas articularse con 15 instituciones educativas desde el a\u00f1o 2018.<\/p>\n","protected":false},"author":2,"featured_media":81805,"comment_status":"closed","ping_status":"open","sticky":false,"template":"","format":"standard","meta":{"footnotes":""},"categories":[48,53,600,9870],"tags":[7443,9015],"class_list":["post-81801","post","type-post","status-publish","format-standard","has-post-thumbnail","hentry","category-actualidad","category-universidad-al-dia","category-ucaldas-regional","category-u-caldas-en-tu-pueblo","tag-educacion-superior-en-colombia","tag-actualidad-en-educacion"],"yoast_head":"<!-- This site is optimized with the Yoast SEO plugin v27.5 - https:\/\/yoast.com\/product\/yoast-seo-wordpress\/ -->\n<title>Universidad de Caldas tambi\u00e9n llega a Instituciones Educativas del departamento de Risaralda. .<\/title>\n<meta name=\"robots\" content=\"index, follow, max-snippet:-1, max-image-preview:large, max-video-preview:-1\" \/>\n<link rel=\"canonical\" href=\"https:\/\/www.ucaldas.edu.co\/portal\/universidad-de-caldas-tambien-llega-a-instituciones-educativas-del-departamento-de-risaralda\/\" \/>\n<script type=\"application\/ld+json\" class=\"yoast-schema-graph\">{\"@context\":\"https:\\\/\\\/schema.org\",\"@graph\":[{\"@type\":\"Article\",\"@id\":\"https:\\\/\\\/www.ucaldas.edu.co\\\/portal\\\/universidad-de-caldas-tambien-llega-a-instituciones-educativas-del-departamento-de-risaralda\\\/#article\",\"isPartOf\":{\"@id\":\"https:\\\/\\\/www.ucaldas.edu.co\\\/portal\\\/universidad-de-caldas-tambien-llega-a-instituciones-educativas-del-departamento-de-risaralda\\\/\"},\"author\":{\"name\":\"ofiprensa\",\"@id\":\"https:\\\/\\\/www.ucaldas.edu.co\\\/portal\\\/#\\\/schema\\\/person\\\/a1b482e23449158b4bc319926c074fdf\"},\"headline\":\"Universidad de Caldas tambi\u00e9n llega a Instituciones Educativas del departamento de Risaralda.\",\"datePublished\":\"2024-06-06T21:50:33+00:00\",\"dateModified\":\"2025-07-24T15:28:34+00:00\",\"mainEntityOfPage\":{\"@id\":\"https:\\\/\\\/www.ucaldas.edu.co\\\/portal\\\/universidad-de-caldas-tambien-llega-a-instituciones-educativas-del-departamento-de-risaralda\\\/\"},\"wordCount\":303,\"publisher\":{\"@id\":\"https:\\\/\\\/www.ucaldas.edu.co\\\/portal\\\/#organization\"},\"image\":{\"@id\":\"https:\\\/\\\/www.ucaldas.edu.co\\\/portal\\\/universidad-de-caldas-tambien-llega-a-instituciones-educativas-del-departamento-de-risaralda\\\/#primaryimage\"},\"thumbnailUrl\":\"https:\\\/\\\/www.ucaldas.edu.co\\\/portal\\\/wp-content\\\/uploads\\\/2024\\\/06\\\/edu-risaralda-1-1.jpg\",\"keywords\":[\"educaci\u00f3n superior en colombia\",\"actualidad en educaci\u00f3n\"],\"articleSection\":[\"Actualidad\",\"Universidad al D\u00eda\",\"UCaldas Regional\",\"U Caldas en tu Pueblo\"],\"inLanguage\":\"es\"},{\"@type\":\"WebPage\",\"@id\":\"https:\\\/\\\/www.ucaldas.edu.co\\\/portal\\\/universidad-de-caldas-tambien-llega-a-instituciones-educativas-del-departamento-de-risaralda\\\/\",\"url\":\"https:\\\/\\\/www.ucaldas.edu.co\\\/portal\\\/universidad-de-caldas-tambien-llega-a-instituciones-educativas-del-departamento-de-risaralda\\\/\",\"name\":\"Universidad de Caldas tambi\u00e9n llega a Instituciones Educativas del departamento de Risaralda. .\",\"isPartOf\":{\"@id\":\"https:\\\/\\\/www.ucaldas.edu.co\\\/portal\\\/#website\"},\"primaryImageOfPage\":{\"@id\":\"https:\\\/\\\/www.ucaldas.edu.co\\\/portal\\\/universidad-de-caldas-tambien-llega-a-instituciones-educativas-del-departamento-de-risaralda\\\/#primaryimage\"},\"image\":{\"@id\":\"https:\\\/\\\/www.ucaldas.edu.co\\\/portal\\\/universidad-de-caldas-tambien-llega-a-instituciones-educativas-del-departamento-de-risaralda\\\/#primaryimage\"},\"thumbnailUrl\":\"https:\\\/\\\/www.ucaldas.edu.co\\\/portal\\\/wp-content\\\/uploads\\\/2024\\\/06\\\/edu-risaralda-1-1.jpg\",\"datePublished\":\"2024-06-06T21:50:33+00:00\",\"dateModified\":\"2025-07-24T15:28:34+00:00\",\"breadcrumb\":{\"@id\":\"https:\\\/\\\/www.ucaldas.edu.co\\\/portal\\\/universidad-de-caldas-tambien-llega-a-instituciones-educativas-del-departamento-de-risaralda\\\/#breadcrumb\"},\"inLanguage\":\"es\",\"potentialAction\":[{\"@type\":\"ReadAction\",\"target\":[\"https:\\\/\\\/www.ucaldas.edu.co\\\/portal\\\/universidad-de-caldas-tambien-llega-a-instituciones-educativas-del-departamento-de-risaralda\\\/\"]}]},{\"@type\":\"ImageObject\",\"inLanguage\":\"es\",\"@id\":\"https:\\\/\\\/www.ucaldas.edu.co\\\/portal\\\/universidad-de-caldas-tambien-llega-a-instituciones-educativas-del-departamento-de-risaralda\\\/#primaryimage\",\"url\":\"https:\\\/\\\/www.ucaldas.edu.co\\\/portal\\\/wp-content\\\/uploads\\\/2024\\\/06\\\/edu-risaralda-1-1.jpg\",\"contentUrl\":\"https:\\\/\\\/www.ucaldas.edu.co\\\/portal\\\/wp-content\\\/uploads\\\/2024\\\/06\\\/edu-risaralda-1-1.jpg\",\"width\":1280,\"height\":720,\"caption\":\"Imagen representativa del programa S\u00famale a la Educaci\u00f3n, donde la U. de Caldas ha tenido una destacada participaci\u00f3n. Se aprecia una estudiante de secundaria en un laboratoio de qu\u00edmica.\"},{\"@type\":\"BreadcrumbList\",\"@id\":\"https:\\\/\\\/www.ucaldas.edu.co\\\/portal\\\/universidad-de-caldas-tambien-llega-a-instituciones-educativas-del-departamento-de-risaralda\\\/#breadcrumb\",\"itemListElement\":[{\"@type\":\"ListItem\",\"position\":1,\"name\":\"Portada\",\"item\":\"https:\\\/\\\/www.ucaldas.edu.co\\\/portal\\\/\"},{\"@type\":\"ListItem\",\"position\":2,\"name\":\"Universidad de Caldas tambi\u00e9n llega a Instituciones Educativas del departamento de Risaralda.\"}]},{\"@type\":\"WebSite\",\"@id\":\"https:\\\/\\\/www.ucaldas.edu.co\\\/portal\\\/#website\",\"url\":\"https:\\\/\\\/www.ucaldas.edu.co\\\/portal\\\/\",\"name\":\"Universidad de Caldas\",\"description\":\"\",\"publisher\":{\"@id\":\"https:\\\/\\\/www.ucaldas.edu.co\\\/portal\\\/#organization\"},\"alternateName\":\"U. de Caldas\",\"potentialAction\":[{\"@type\":\"SearchAction\",\"target\":{\"@type\":\"EntryPoint\",\"urlTemplate\":\"https:\\\/\\\/www.ucaldas.edu.co\\\/portal\\\/?s={search_term_string}\"},\"query-input\":{\"@type\":\"PropertyValueSpecification\",\"valueRequired\":true,\"valueName\":\"search_term_string\"}}],\"inLanguage\":\"es\"},{\"@type\":\"Organization\",\"@id\":\"https:\\\/\\\/www.ucaldas.edu.co\\\/portal\\\/#organization\",\"name\":\"Universidad de Caldas\",\"alternateName\":\"U. de Caldas\",\"url\":\"https:\\\/\\\/www.ucaldas.edu.co\\\/portal\\\/\",\"logo\":{\"@type\":\"ImageObject\",\"inLanguage\":\"es\",\"@id\":\"https:\\\/\\\/www.ucaldas.edu.co\\\/portal\\\/#\\\/schema\\\/logo\\\/image\\\/\",\"url\":\"https:\\\/\\\/www.ucaldas.edu.co\\\/portal\\\/wp-content\\\/uploads\\\/2023\\\/11\\\/Logo_horizontal_oscuroU-2023.png\",\"contentUrl\":\"https:\\\/\\\/www.ucaldas.edu.co\\\/portal\\\/wp-content\\\/uploads\\\/2023\\\/11\\\/Logo_horizontal_oscuroU-2023.png\",\"width\":263,\"height\":101,\"caption\":\"Universidad de Caldas\"},\"image\":{\"@id\":\"https:\\\/\\\/www.ucaldas.edu.co\\\/portal\\\/#\\\/schema\\\/logo\\\/image\\\/\"},\"sameAs\":[\"https:\\\/\\\/www.facebook.com\\\/udecaldas\",\"https:\\\/\\\/x.com\\\/udecaldas\",\"https:\\\/\\\/www.youtube.com\\\/universidadcaldas\",\"https:\\\/\\\/www.instagram.com\\\/udecaldas\\\/\"]},{\"@type\":\"Person\",\"@id\":\"https:\\\/\\\/www.ucaldas.edu.co\\\/portal\\\/#\\\/schema\\\/person\\\/a1b482e23449158b4bc319926c074fdf\",\"name\":\"ofiprensa\",\"image\":{\"@type\":\"ImageObject\",\"inLanguage\":\"es\",\"@id\":\"https:\\\/\\\/www.ucaldas.edu.co\\\/portal\\\/wp-content\\\/litespeed\\\/avatar\\\/09ea5085e600095a7a811142c6944527.jpg?ver=1777497608\",\"url\":\"https:\\\/\\\/www.ucaldas.edu.co\\\/portal\\\/wp-content\\\/litespeed\\\/avatar\\\/09ea5085e600095a7a811142c6944527.jpg?ver=1777497608\",\"contentUrl\":\"https:\\\/\\\/www.ucaldas.edu.co\\\/portal\\\/wp-content\\\/litespeed\\\/avatar\\\/09ea5085e600095a7a811142c6944527.jpg?ver=1777497608\",\"caption\":\"ofiprensa\"},\"url\":\"https:\\\/\\\/www.ucaldas.edu.co\\\/portal\\\/author\\\/ofiprensa\\\/\"}]}<\/script>\n<!-- \/ Yoast SEO plugin. -->","yoast_head_json":{"title":"Universidad de Caldas tambi\u00e9n llega a Instituciones Educativas del departamento de Risaralda. .","robots":{"index":"index","follow":"follow","max-snippet":"max-snippet:-1","max-image-preview":"max-image-preview:large","max-video-preview":"max-video-preview:-1"},"canonical":"https:\/\/www.ucaldas.edu.co\/portal\/universidad-de-caldas-tambien-llega-a-instituciones-educativas-del-departamento-de-risaralda\/","schema":{"@context":"https:\/\/schema.org","@graph":[{"@type":"Article","@id":"https:\/\/www.ucaldas.edu.co\/portal\/universidad-de-caldas-tambien-llega-a-instituciones-educativas-del-departamento-de-risaralda\/#article","isPartOf":{"@id":"https:\/\/www.ucaldas.edu.co\/portal\/universidad-de-caldas-tambien-llega-a-instituciones-educativas-del-departamento-de-risaralda\/"},"author":{"name":"ofiprensa","@id":"https:\/\/www.ucaldas.edu.co\/portal\/#\/schema\/person\/a1b482e23449158b4bc319926c074fdf"},"headline":"Universidad de Caldas tambi\u00e9n llega a Instituciones Educativas del departamento de Risaralda.","datePublished":"2024-06-06T21:50:33+00:00","dateModified":"2025-07-24T15:28:34+00:00","mainEntityOfPage":{"@id":"https:\/\/www.ucaldas.edu.co\/portal\/universidad-de-caldas-tambien-llega-a-instituciones-educativas-del-departamento-de-risaralda\/"},"wordCount":303,"publisher":{"@id":"https:\/\/www.ucaldas.edu.co\/portal\/#organization"},"image":{"@id":"https:\/\/www.ucaldas.edu.co\/portal\/universidad-de-caldas-tambien-llega-a-instituciones-educativas-del-departamento-de-risaralda\/#primaryimage"},"thumbnailUrl":"https:\/\/www.ucaldas.edu.co\/portal\/wp-content\/uploads\/2024\/06\/edu-risaralda-1-1.jpg","keywords":["educaci\u00f3n superior en colombia","actualidad en educaci\u00f3n"],"articleSection":["Actualidad","Universidad al D\u00eda","UCaldas Regional","U Caldas en tu Pueblo"],"inLanguage":"es"},{"@type":"WebPage","@id":"https:\/\/www.ucaldas.edu.co\/portal\/universidad-de-caldas-tambien-llega-a-instituciones-educativas-del-departamento-de-risaralda\/","url":"https:\/\/www.ucaldas.edu.co\/portal\/universidad-de-caldas-tambien-llega-a-instituciones-educativas-del-departamento-de-risaralda\/","name":"Universidad de Caldas tambi\u00e9n llega a Instituciones Educativas del departamento de Risaralda. .","isPartOf":{"@id":"https:\/\/www.ucaldas.edu.co\/portal\/#website"},"primaryImageOfPage":{"@id":"https:\/\/www.ucaldas.edu.co\/portal\/universidad-de-caldas-tambien-llega-a-instituciones-educativas-del-departamento-de-risaralda\/#primaryimage"},"image":{"@id":"https:\/\/www.ucaldas.edu.co\/portal\/universidad-de-caldas-tambien-llega-a-instituciones-educativas-del-departamento-de-risaralda\/#primaryimage"},"thumbnailUrl":"https:\/\/www.ucaldas.edu.co\/portal\/wp-content\/uploads\/2024\/06\/edu-risaralda-1-1.jpg","datePublished":"2024-06-06T21:50:33+00:00","dateModified":"2025-07-24T15:28:34+00:00","breadcrumb":{"@id":"https:\/\/www.ucaldas.edu.co\/portal\/universidad-de-caldas-tambien-llega-a-instituciones-educativas-del-departamento-de-risaralda\/#breadcrumb"},"inLanguage":"es","potentialAction":[{"@type":"ReadAction","target":["https:\/\/www.ucaldas.edu.co\/portal\/universidad-de-caldas-tambien-llega-a-instituciones-educativas-del-departamento-de-risaralda\/"]}]},{"@type":"ImageObject","inLanguage":"es","@id":"https:\/\/www.ucaldas.edu.co\/portal\/universidad-de-caldas-tambien-llega-a-instituciones-educativas-del-departamento-de-risaralda\/#primaryimage","url":"https:\/\/www.ucaldas.edu.co\/portal\/wp-content\/uploads\/2024\/06\/edu-risaralda-1-1.jpg","contentUrl":"https:\/\/www.ucaldas.edu.co\/portal\/wp-content\/uploads\/2024\/06\/edu-risaralda-1-1.jpg","width":1280,"height":720,"caption":"Imagen representativa del programa S\u00famale a la Educaci\u00f3n, donde la U. de Caldas ha tenido una destacada participaci\u00f3n. Se aprecia una estudiante de secundaria en un laboratoio de qu\u00edmica."},{"@type":"BreadcrumbList","@id":"https:\/\/www.ucaldas.edu.co\/portal\/universidad-de-caldas-tambien-llega-a-instituciones-educativas-del-departamento-de-risaralda\/#breadcrumb","itemListElement":[{"@type":"ListItem","position":1,"name":"Portada","item":"https:\/\/www.ucaldas.edu.co\/portal\/"},{"@type":"ListItem","position":2,"name":"Universidad de Caldas tambi\u00e9n llega a Instituciones Educativas del departamento de Risaralda."}]},{"@type":"WebSite","@id":"https:\/\/www.ucaldas.edu.co\/portal\/#website","url":"https:\/\/www.ucaldas.edu.co\/portal\/","name":"Universidad de Caldas","description":"","publisher":{"@id":"https:\/\/www.ucaldas.edu.co\/portal\/#organization"},"alternateName":"U. de Caldas","potentialAction":[{"@type":"SearchAction","target":{"@type":"EntryPoint","urlTemplate":"https:\/\/www.ucaldas.edu.co\/portal\/?s={search_term_string}"},"query-input":{"@type":"PropertyValueSpecification","valueRequired":true,"valueName":"search_term_string"}}],"inLanguage":"es"},{"@type":"Organization","@id":"https:\/\/www.ucaldas.edu.co\/portal\/#organization","name":"Universidad de Caldas","alternateName":"U. de Caldas","url":"https:\/\/www.ucaldas.edu.co\/portal\/","logo":{"@type":"ImageObject","inLanguage":"es","@id":"https:\/\/www.ucaldas.edu.co\/portal\/#\/schema\/logo\/image\/","url":"https:\/\/www.ucaldas.edu.co\/portal\/wp-content\/uploads\/2023\/11\/Logo_horizontal_oscuroU-2023.png","contentUrl":"https:\/\/www.ucaldas.edu.co\/portal\/wp-content\/uploads\/2023\/11\/Logo_horizontal_oscuroU-2023.png","width":263,"height":101,"caption":"Universidad de Caldas"},"image":{"@id":"https:\/\/www.ucaldas.edu.co\/portal\/#\/schema\/logo\/image\/"},"sameAs":["https:\/\/www.facebook.com\/udecaldas","https:\/\/x.com\/udecaldas","https:\/\/www.youtube.com\/universidadcaldas","https:\/\/www.instagram.com\/udecaldas\/"]},{"@type":"Person","@id":"https:\/\/www.ucaldas.edu.co\/portal\/#\/schema\/person\/a1b482e23449158b4bc319926c074fdf","name":"ofiprensa","image":{"@type":"ImageObject","inLanguage":"es","@id":"https:\/\/www.ucaldas.edu.co\/portal\/wp-content\/litespeed\/avatar\/09ea5085e600095a7a811142c6944527.jpg?ver=1777497608","url":"https:\/\/www.ucaldas.edu.co\/portal\/wp-content\/litespeed\/avatar\/09ea5085e600095a7a811142c6944527.jpg?ver=1777497608","contentUrl":"https:\/\/www.ucaldas.edu.co\/portal\/wp-content\/litespeed\/avatar\/09ea5085e600095a7a811142c6944527.jpg?ver=1777497608","caption":"ofiprensa"},"url":"https:\/\/www.ucaldas.edu.co\/portal\/author\/ofiprensa\/"}]}},"_links":{"self":[{"href":"https:\/\/www.ucaldas.edu.co\/portal\/wp-json\/wp\/v2\/posts\/81801","targetHints":{"allow":["GET"]}}],"collection":[{"href":"https:\/\/www.ucaldas.edu.co\/portal\/wp-json\/wp\/v2\/posts"}],"about":[{"href":"https:\/\/www.ucaldas.edu.co\/portal\/wp-json\/wp\/v2\/types\/post"}],"author":[{"embeddable":true,"href":"https:\/\/www.ucaldas.edu.co\/portal\/wp-json\/wp\/v2\/users\/2"}],"replies":[{"embeddable":true,"href":"https:\/\/www.ucaldas.edu.co\/portal\/wp-json\/wp\/v2\/comments?post=81801"}],"version-history":[{"count":0,"href":"https:\/\/www.ucaldas.edu.co\/portal\/wp-json\/wp\/v2\/posts\/81801\/revisions"}],"wp:featuredmedia":[{"embeddable":true,"href":"https:\/\/www.ucaldas.edu.co\/portal\/wp-json\/wp\/v2\/media\/81805"}],"wp:attachment":[{"href":"https:\/\/www.ucaldas.edu.co\/portal\/wp-json\/wp\/v2\/media?parent=81801"}],"wp:term":[{"taxonomy":"category","embeddable":true,"href":"https:\/\/www.ucaldas.edu.co\/portal\/wp-json\/wp\/v2\/categories?post=81801"},{"taxonomy":"post_tag","embeddable":true,"href":"https:\/\/www.ucaldas.edu.co\/portal\/wp-json\/wp\/v2\/tags?post=81801"}],"curies":[{"name":"wp","href":"https:\/\/api.w.org\/{rel}","templated":true}]}}