{"id":8173,"date":"2011-05-03T11:08:42","date_gmt":"2011-05-03T16:08:42","guid":{"rendered":"https:\/\/www.ucaldas.edu.co\/portal\/?p=8173"},"modified":"2011-05-03T11:08:42","modified_gmt":"2011-05-03T16:08:42","slug":"inicio-ciclo-de-conferencias-memoria-espacio-y-sociedad-de-la-u-de-caldas","status":"publish","type":"post","link":"https:\/\/www.ucaldas.edu.co\/portal\/inicio-ciclo-de-conferencias-memoria-espacio-y-sociedad-de-la-u-de-caldas\/","title":{"rendered":"Inici\u00f3 Ciclo de conferencias Memoria, Espacio y Sociedad, de la U. de Caldas"},"content":{"rendered":"<p>Saskia sassen, de la u. De columbia (new york), orient\u00f3 el primer encuentro del 2011<\/p>\n<hr \/>\n<p align=\"center\">\n<p align=\"right\">03\/05\/2011<\/p>\n<p>&nbsp;<\/p>\n<table border=\"0\">\n<tbody>\n<tr>\n<td><img loading=\"lazy\" decoding=\"async\" style=\"border: 0px\" alt=\"Memoria, espacio\" src=\"http:\/\/www.ucaldas.edu.co\/images\/tmp\/Memoria_Espacio_Sociedad.JPG\" width=\"240\" height=\"150\" border=\"0\" \/><\/td>\n<td><b><i>Territorios, autoridad y derechos. De los ensamblajes medievales a los ensamblajes globales<\/i><\/b> fue la <b>primera conferencia<\/b> del <b>2011<\/b> del <b>Ciclo de conferencias Memoria, Espacio y Sociedad<\/b>, de la <b>Universidad<\/b><b> de Caldas<\/b>, que <b>orient\u00f3<\/b> <b>Saskia Sassen<\/b>, de la <b>Universidad<\/b><b> de Columbia<\/b> (New York), el pasado <b>lunes 2<\/b> de <b>mayo<\/b> del 2011.<\/td>\n<\/tr>\n<\/tbody>\n<\/table>\n<p>&nbsp;<\/p>\n<p>\u201cEn esta \u00e9poca de la globalizaci\u00f3n hay que volver al territorio, pero hablando de territorio material, justamente por la cuesti\u00f3n que se necesita m\u00e1s tierra para cultivar. Este fen\u00f3meno se ha vuelto agudo y muchas de las emigraciones, por ejemplo de \u00c1frica a Europa, son consecuencias de estos nuevos modelos de desarrollo, que expulsan la gente\u201d, coment\u00f3 Sassen.<\/p>\n<p>&nbsp;<\/p>\n<p>Adem\u00e1s, Sassen dijo: \u201cen el caso colombiano hay una gran escala de los movimientos de expulsi\u00f3n. Sea la extracci\u00f3n de recursos o las nuevas guerras, se ve mucha emigraci\u00f3n hacia las ciudades. Se habla de la emigraci\u00f3n a las ciudades, pero no de las grandes fuerzas que expulsan\u201d.<\/p>\n<p>&nbsp;<\/p>\n<p>Este encuentro lo organiz\u00f3 el Instituto de Investigaciones en Ciencias Sociales y Humanas (ICSH) de la Instituci\u00f3n. Comunidad acad\u00e9mica y p\u00fablico en general asistieron al evento, que se llev\u00f3 a cabo en el Auditorio Tulio G\u00f3mez Estrada, de la Sede Palogrande de la Instituci\u00f3n.<\/p>\n<p>&nbsp;<\/p>\n<p>Espere pronto la programaci\u00f3n completa del Ciclo, en la p\u00e1gina web <b><a href=\"http:\/\/desarrollo.ucaldas.edu.co\/\" target=\"_blank\">www.ucaldas.edu.co<\/a> <\/b>secci\u00f3n <b>Eventos. <\/b><\/p>\n<p>&nbsp;<\/p>\n<p><b>Informes: <\/b>en el ICSH. Tel\u00e9fono: 878 15 00, extensi\u00f3n 12 666, o en el correo electr\u00f3nico: <a href=\"mailto:iicsh@ucaldas.edu.co\" target=\"_blank\">iicsh@ucaldas.edu.co<\/a><\/p>\n","protected":false},"excerpt":{"rendered":"<p>Saskia sassen, de la u. De columbia (new york), orient\u00f3 el primer encuentro del 2011 03\/05\/2011 &nbsp; Territorios, autoridad y derechos. De los ensamblajes medievales a los ensamblajes globales fue la primera conferencia del 2011 del Ciclo de conferencias Memoria, Espacio y Sociedad, de la Universidad de Caldas, que orient\u00f3 Saskia Sassen, de la Universidad [&hellip;]<\/p>\n","protected":false},"author":2,"featured_media":0,"comment_status":"closed","ping_status":"closed","sticky":false,"template":"","format":"standard","meta":{"footnotes":""},"categories":[48,53],"tags":[],"class_list":["post-8173","post","type-post","status-publish","format-standard","hentry","category-actualidad","category-universidad-al-dia"],"yoast_head":"<!-- This site is optimized with the Yoast SEO plugin v27.5 - https:\/\/yoast.com\/product\/yoast-seo-wordpress\/ -->\n<title>Inici\u00f3 Ciclo de conferencias Memoria, Espacio y Sociedad, de la U. de Caldas .<\/title>\n<meta name=\"robots\" content=\"index, follow, max-snippet:-1, max-image-preview:large, max-video-preview:-1\" \/>\n<link rel=\"canonical\" href=\"https:\/\/www.ucaldas.edu.co\/portal\/inicio-ciclo-de-conferencias-memoria-espacio-y-sociedad-de-la-u-de-caldas\/\" \/>\n<script type=\"application\/ld+json\" class=\"yoast-schema-graph\">{\"@context\":\"https:\\\/\\\/schema.org\",\"@graph\":[{\"@type\":\"Article\",\"@id\":\"https:\\\/\\\/www.ucaldas.edu.co\\\/portal\\\/inicio-ciclo-de-conferencias-memoria-espacio-y-sociedad-de-la-u-de-caldas\\\/#article\",\"isPartOf\":{\"@id\":\"https:\\\/\\\/www.ucaldas.edu.co\\\/portal\\\/inicio-ciclo-de-conferencias-memoria-espacio-y-sociedad-de-la-u-de-caldas\\\/\"},\"author\":{\"name\":\"ofiprensa\",\"@id\":\"https:\\\/\\\/www.ucaldas.edu.co\\\/portal\\\/#\\\/schema\\\/person\\\/a1b482e23449158b4bc319926c074fdf\"},\"headline\":\"Inici\u00f3 Ciclo de conferencias Memoria, Espacio y Sociedad, de la U. de Caldas\",\"datePublished\":\"2011-05-03T16:08:42+00:00\",\"mainEntityOfPage\":{\"@id\":\"https:\\\/\\\/www.ucaldas.edu.co\\\/portal\\\/inicio-ciclo-de-conferencias-memoria-espacio-y-sociedad-de-la-u-de-caldas\\\/\"},\"wordCount\":282,\"publisher\":{\"@id\":\"https:\\\/\\\/www.ucaldas.edu.co\\\/portal\\\/#organization\"},\"image\":{\"@id\":\"https:\\\/\\\/www.ucaldas.edu.co\\\/portal\\\/inicio-ciclo-de-conferencias-memoria-espacio-y-sociedad-de-la-u-de-caldas\\\/#primaryimage\"},\"thumbnailUrl\":\"http:\\\/\\\/www.ucaldas.edu.co\\\/images\\\/tmp\\\/Memoria_Espacio_Sociedad.JPG\",\"articleSection\":[\"Actualidad\",\"Universidad al D\u00eda\"],\"inLanguage\":\"es\"},{\"@type\":\"WebPage\",\"@id\":\"https:\\\/\\\/www.ucaldas.edu.co\\\/portal\\\/inicio-ciclo-de-conferencias-memoria-espacio-y-sociedad-de-la-u-de-caldas\\\/\",\"url\":\"https:\\\/\\\/www.ucaldas.edu.co\\\/portal\\\/inicio-ciclo-de-conferencias-memoria-espacio-y-sociedad-de-la-u-de-caldas\\\/\",\"name\":\"Inici\u00f3 Ciclo de conferencias Memoria, Espacio y Sociedad, de la U. de Caldas .\",\"isPartOf\":{\"@id\":\"https:\\\/\\\/www.ucaldas.edu.co\\\/portal\\\/#website\"},\"primaryImageOfPage\":{\"@id\":\"https:\\\/\\\/www.ucaldas.edu.co\\\/portal\\\/inicio-ciclo-de-conferencias-memoria-espacio-y-sociedad-de-la-u-de-caldas\\\/#primaryimage\"},\"image\":{\"@id\":\"https:\\\/\\\/www.ucaldas.edu.co\\\/portal\\\/inicio-ciclo-de-conferencias-memoria-espacio-y-sociedad-de-la-u-de-caldas\\\/#primaryimage\"},\"thumbnailUrl\":\"http:\\\/\\\/www.ucaldas.edu.co\\\/images\\\/tmp\\\/Memoria_Espacio_Sociedad.JPG\",\"datePublished\":\"2011-05-03T16:08:42+00:00\",\"breadcrumb\":{\"@id\":\"https:\\\/\\\/www.ucaldas.edu.co\\\/portal\\\/inicio-ciclo-de-conferencias-memoria-espacio-y-sociedad-de-la-u-de-caldas\\\/#breadcrumb\"},\"inLanguage\":\"es\",\"potentialAction\":[{\"@type\":\"ReadAction\",\"target\":[\"https:\\\/\\\/www.ucaldas.edu.co\\\/portal\\\/inicio-ciclo-de-conferencias-memoria-espacio-y-sociedad-de-la-u-de-caldas\\\/\"]}]},{\"@type\":\"ImageObject\",\"inLanguage\":\"es\",\"@id\":\"https:\\\/\\\/www.ucaldas.edu.co\\\/portal\\\/inicio-ciclo-de-conferencias-memoria-espacio-y-sociedad-de-la-u-de-caldas\\\/#primaryimage\",\"url\":\"http:\\\/\\\/www.ucaldas.edu.co\\\/images\\\/tmp\\\/Memoria_Espacio_Sociedad.JPG\",\"contentUrl\":\"http:\\\/\\\/www.ucaldas.edu.co\\\/images\\\/tmp\\\/Memoria_Espacio_Sociedad.JPG\"},{\"@type\":\"BreadcrumbList\",\"@id\":\"https:\\\/\\\/www.ucaldas.edu.co\\\/portal\\\/inicio-ciclo-de-conferencias-memoria-espacio-y-sociedad-de-la-u-de-caldas\\\/#breadcrumb\",\"itemListElement\":[{\"@type\":\"ListItem\",\"position\":1,\"name\":\"Portada\",\"item\":\"https:\\\/\\\/www.ucaldas.edu.co\\\/portal\\\/\"},{\"@type\":\"ListItem\",\"position\":2,\"name\":\"Inici\u00f3 Ciclo de conferencias Memoria, Espacio y Sociedad, de la U. de Caldas\"}]},{\"@type\":\"WebSite\",\"@id\":\"https:\\\/\\\/www.ucaldas.edu.co\\\/portal\\\/#website\",\"url\":\"https:\\\/\\\/www.ucaldas.edu.co\\\/portal\\\/\",\"name\":\"Universidad de Caldas\",\"description\":\"\",\"publisher\":{\"@id\":\"https:\\\/\\\/www.ucaldas.edu.co\\\/portal\\\/#organization\"},\"alternateName\":\"U. de Caldas\",\"potentialAction\":[{\"@type\":\"SearchAction\",\"target\":{\"@type\":\"EntryPoint\",\"urlTemplate\":\"https:\\\/\\\/www.ucaldas.edu.co\\\/portal\\\/?s={search_term_string}\"},\"query-input\":{\"@type\":\"PropertyValueSpecification\",\"valueRequired\":true,\"valueName\":\"search_term_string\"}}],\"inLanguage\":\"es\"},{\"@type\":\"Organization\",\"@id\":\"https:\\\/\\\/www.ucaldas.edu.co\\\/portal\\\/#organization\",\"name\":\"Universidad de Caldas\",\"alternateName\":\"U. de Caldas\",\"url\":\"https:\\\/\\\/www.ucaldas.edu.co\\\/portal\\\/\",\"logo\":{\"@type\":\"ImageObject\",\"inLanguage\":\"es\",\"@id\":\"https:\\\/\\\/www.ucaldas.edu.co\\\/portal\\\/#\\\/schema\\\/logo\\\/image\\\/\",\"url\":\"https:\\\/\\\/www.ucaldas.edu.co\\\/portal\\\/wp-content\\\/uploads\\\/2023\\\/11\\\/Logo_horizontal_oscuroU-2023.png\",\"contentUrl\":\"https:\\\/\\\/www.ucaldas.edu.co\\\/portal\\\/wp-content\\\/uploads\\\/2023\\\/11\\\/Logo_horizontal_oscuroU-2023.png\",\"width\":263,\"height\":101,\"caption\":\"Universidad de Caldas\"},\"image\":{\"@id\":\"https:\\\/\\\/www.ucaldas.edu.co\\\/portal\\\/#\\\/schema\\\/logo\\\/image\\\/\"},\"sameAs\":[\"https:\\\/\\\/www.facebook.com\\\/udecaldas\",\"https:\\\/\\\/x.com\\\/udecaldas\",\"https:\\\/\\\/www.youtube.com\\\/universidadcaldas\",\"https:\\\/\\\/www.instagram.com\\\/udecaldas\\\/\"]},{\"@type\":\"Person\",\"@id\":\"https:\\\/\\\/www.ucaldas.edu.co\\\/portal\\\/#\\\/schema\\\/person\\\/a1b482e23449158b4bc319926c074fdf\",\"name\":\"ofiprensa\",\"image\":{\"@type\":\"ImageObject\",\"inLanguage\":\"es\",\"@id\":\"https:\\\/\\\/www.ucaldas.edu.co\\\/portal\\\/wp-content\\\/litespeed\\\/avatar\\\/09ea5085e600095a7a811142c6944527.jpg?ver=1777497608\",\"url\":\"https:\\\/\\\/www.ucaldas.edu.co\\\/portal\\\/wp-content\\\/litespeed\\\/avatar\\\/09ea5085e600095a7a811142c6944527.jpg?ver=1777497608\",\"contentUrl\":\"https:\\\/\\\/www.ucaldas.edu.co\\\/portal\\\/wp-content\\\/litespeed\\\/avatar\\\/09ea5085e600095a7a811142c6944527.jpg?ver=1777497608\",\"caption\":\"ofiprensa\"},\"url\":\"https:\\\/\\\/www.ucaldas.edu.co\\\/portal\\\/author\\\/ofiprensa\\\/\"}]}<\/script>\n<!-- \/ Yoast SEO plugin. -->","yoast_head_json":{"title":"Inici\u00f3 Ciclo de conferencias Memoria, Espacio y Sociedad, de la U. de Caldas .","robots":{"index":"index","follow":"follow","max-snippet":"max-snippet:-1","max-image-preview":"max-image-preview:large","max-video-preview":"max-video-preview:-1"},"canonical":"https:\/\/www.ucaldas.edu.co\/portal\/inicio-ciclo-de-conferencias-memoria-espacio-y-sociedad-de-la-u-de-caldas\/","schema":{"@context":"https:\/\/schema.org","@graph":[{"@type":"Article","@id":"https:\/\/www.ucaldas.edu.co\/portal\/inicio-ciclo-de-conferencias-memoria-espacio-y-sociedad-de-la-u-de-caldas\/#article","isPartOf":{"@id":"https:\/\/www.ucaldas.edu.co\/portal\/inicio-ciclo-de-conferencias-memoria-espacio-y-sociedad-de-la-u-de-caldas\/"},"author":{"name":"ofiprensa","@id":"https:\/\/www.ucaldas.edu.co\/portal\/#\/schema\/person\/a1b482e23449158b4bc319926c074fdf"},"headline":"Inici\u00f3 Ciclo de conferencias Memoria, Espacio y Sociedad, de la U. de Caldas","datePublished":"2011-05-03T16:08:42+00:00","mainEntityOfPage":{"@id":"https:\/\/www.ucaldas.edu.co\/portal\/inicio-ciclo-de-conferencias-memoria-espacio-y-sociedad-de-la-u-de-caldas\/"},"wordCount":282,"publisher":{"@id":"https:\/\/www.ucaldas.edu.co\/portal\/#organization"},"image":{"@id":"https:\/\/www.ucaldas.edu.co\/portal\/inicio-ciclo-de-conferencias-memoria-espacio-y-sociedad-de-la-u-de-caldas\/#primaryimage"},"thumbnailUrl":"http:\/\/www.ucaldas.edu.co\/images\/tmp\/Memoria_Espacio_Sociedad.JPG","articleSection":["Actualidad","Universidad al D\u00eda"],"inLanguage":"es"},{"@type":"WebPage","@id":"https:\/\/www.ucaldas.edu.co\/portal\/inicio-ciclo-de-conferencias-memoria-espacio-y-sociedad-de-la-u-de-caldas\/","url":"https:\/\/www.ucaldas.edu.co\/portal\/inicio-ciclo-de-conferencias-memoria-espacio-y-sociedad-de-la-u-de-caldas\/","name":"Inici\u00f3 Ciclo de conferencias Memoria, Espacio y Sociedad, de la U. de Caldas .","isPartOf":{"@id":"https:\/\/www.ucaldas.edu.co\/portal\/#website"},"primaryImageOfPage":{"@id":"https:\/\/www.ucaldas.edu.co\/portal\/inicio-ciclo-de-conferencias-memoria-espacio-y-sociedad-de-la-u-de-caldas\/#primaryimage"},"image":{"@id":"https:\/\/www.ucaldas.edu.co\/portal\/inicio-ciclo-de-conferencias-memoria-espacio-y-sociedad-de-la-u-de-caldas\/#primaryimage"},"thumbnailUrl":"http:\/\/www.ucaldas.edu.co\/images\/tmp\/Memoria_Espacio_Sociedad.JPG","datePublished":"2011-05-03T16:08:42+00:00","breadcrumb":{"@id":"https:\/\/www.ucaldas.edu.co\/portal\/inicio-ciclo-de-conferencias-memoria-espacio-y-sociedad-de-la-u-de-caldas\/#breadcrumb"},"inLanguage":"es","potentialAction":[{"@type":"ReadAction","target":["https:\/\/www.ucaldas.edu.co\/portal\/inicio-ciclo-de-conferencias-memoria-espacio-y-sociedad-de-la-u-de-caldas\/"]}]},{"@type":"ImageObject","inLanguage":"es","@id":"https:\/\/www.ucaldas.edu.co\/portal\/inicio-ciclo-de-conferencias-memoria-espacio-y-sociedad-de-la-u-de-caldas\/#primaryimage","url":"http:\/\/www.ucaldas.edu.co\/images\/tmp\/Memoria_Espacio_Sociedad.JPG","contentUrl":"http:\/\/www.ucaldas.edu.co\/images\/tmp\/Memoria_Espacio_Sociedad.JPG"},{"@type":"BreadcrumbList","@id":"https:\/\/www.ucaldas.edu.co\/portal\/inicio-ciclo-de-conferencias-memoria-espacio-y-sociedad-de-la-u-de-caldas\/#breadcrumb","itemListElement":[{"@type":"ListItem","position":1,"name":"Portada","item":"https:\/\/www.ucaldas.edu.co\/portal\/"},{"@type":"ListItem","position":2,"name":"Inici\u00f3 Ciclo de conferencias Memoria, Espacio y Sociedad, de la U. de Caldas"}]},{"@type":"WebSite","@id":"https:\/\/www.ucaldas.edu.co\/portal\/#website","url":"https:\/\/www.ucaldas.edu.co\/portal\/","name":"Universidad de Caldas","description":"","publisher":{"@id":"https:\/\/www.ucaldas.edu.co\/portal\/#organization"},"alternateName":"U. de Caldas","potentialAction":[{"@type":"SearchAction","target":{"@type":"EntryPoint","urlTemplate":"https:\/\/www.ucaldas.edu.co\/portal\/?s={search_term_string}"},"query-input":{"@type":"PropertyValueSpecification","valueRequired":true,"valueName":"search_term_string"}}],"inLanguage":"es"},{"@type":"Organization","@id":"https:\/\/www.ucaldas.edu.co\/portal\/#organization","name":"Universidad de Caldas","alternateName":"U. de Caldas","url":"https:\/\/www.ucaldas.edu.co\/portal\/","logo":{"@type":"ImageObject","inLanguage":"es","@id":"https:\/\/www.ucaldas.edu.co\/portal\/#\/schema\/logo\/image\/","url":"https:\/\/www.ucaldas.edu.co\/portal\/wp-content\/uploads\/2023\/11\/Logo_horizontal_oscuroU-2023.png","contentUrl":"https:\/\/www.ucaldas.edu.co\/portal\/wp-content\/uploads\/2023\/11\/Logo_horizontal_oscuroU-2023.png","width":263,"height":101,"caption":"Universidad de Caldas"},"image":{"@id":"https:\/\/www.ucaldas.edu.co\/portal\/#\/schema\/logo\/image\/"},"sameAs":["https:\/\/www.facebook.com\/udecaldas","https:\/\/x.com\/udecaldas","https:\/\/www.youtube.com\/universidadcaldas","https:\/\/www.instagram.com\/udecaldas\/"]},{"@type":"Person","@id":"https:\/\/www.ucaldas.edu.co\/portal\/#\/schema\/person\/a1b482e23449158b4bc319926c074fdf","name":"ofiprensa","image":{"@type":"ImageObject","inLanguage":"es","@id":"https:\/\/www.ucaldas.edu.co\/portal\/wp-content\/litespeed\/avatar\/09ea5085e600095a7a811142c6944527.jpg?ver=1777497608","url":"https:\/\/www.ucaldas.edu.co\/portal\/wp-content\/litespeed\/avatar\/09ea5085e600095a7a811142c6944527.jpg?ver=1777497608","contentUrl":"https:\/\/www.ucaldas.edu.co\/portal\/wp-content\/litespeed\/avatar\/09ea5085e600095a7a811142c6944527.jpg?ver=1777497608","caption":"ofiprensa"},"url":"https:\/\/www.ucaldas.edu.co\/portal\/author\/ofiprensa\/"}]}},"_links":{"self":[{"href":"https:\/\/www.ucaldas.edu.co\/portal\/wp-json\/wp\/v2\/posts\/8173","targetHints":{"allow":["GET"]}}],"collection":[{"href":"https:\/\/www.ucaldas.edu.co\/portal\/wp-json\/wp\/v2\/posts"}],"about":[{"href":"https:\/\/www.ucaldas.edu.co\/portal\/wp-json\/wp\/v2\/types\/post"}],"author":[{"embeddable":true,"href":"https:\/\/www.ucaldas.edu.co\/portal\/wp-json\/wp\/v2\/users\/2"}],"replies":[{"embeddable":true,"href":"https:\/\/www.ucaldas.edu.co\/portal\/wp-json\/wp\/v2\/comments?post=8173"}],"version-history":[{"count":0,"href":"https:\/\/www.ucaldas.edu.co\/portal\/wp-json\/wp\/v2\/posts\/8173\/revisions"}],"wp:attachment":[{"href":"https:\/\/www.ucaldas.edu.co\/portal\/wp-json\/wp\/v2\/media?parent=8173"}],"wp:term":[{"taxonomy":"category","embeddable":true,"href":"https:\/\/www.ucaldas.edu.co\/portal\/wp-json\/wp\/v2\/categories?post=8173"},{"taxonomy":"post_tag","embeddable":true,"href":"https:\/\/www.ucaldas.edu.co\/portal\/wp-json\/wp\/v2\/tags?post=8173"}],"curies":[{"name":"wp","href":"https:\/\/api.w.org\/{rel}","templated":true}]}}