{"id":81714,"date":"2024-05-31T16:27:43","date_gmt":"2024-05-31T21:27:43","guid":{"rendered":"https:\/\/www.ucaldas.edu.co\/portal\/?p=81714"},"modified":"2024-05-31T16:27:43","modified_gmt":"2024-05-31T21:27:43","slug":"a-celebrar-los-30-anos-del-programa-ingenieria-de-alimentos","status":"publish","type":"post","link":"https:\/\/www.ucaldas.edu.co\/portal\/a-celebrar-los-30-anos-del-programa-ingenieria-de-alimentos\/","title":{"rendered":"\u00a1A celebrar los 30 a\u00f1os del Programa Ingenier\u00eda de Alimentos!"},"content":{"rendered":"<p><img loading=\"lazy\" decoding=\"async\" class=\"alignnone size-full wp-image-81717\" src=\"https:\/\/www.ucaldas.edu.co\/portal\/wp-content\/uploads\/2024\/05\/banner_30-anos_Alimentos.png\" alt=\"Banner promocional de los 30 a\u00f1os del programa de Ingenier\u00eda de Alimentos de la Universidad de Caldas, cuya celebraci\u00f3n ser\u00e1 el pr\u00f3ximo 4 de junio.\" width=\"1600\" height=\"400\" \/><\/p>\n<p style=\"text-align: justify;\">El Programa de Ingenier\u00eda de Alimentos de la Universidad de Caldas se prepara para conmemorar, el pr\u00f3ximo 4 de junio, tres d\u00e9cadas de procesos acad\u00e9micos y contribuci\u00f3n al desarrollo de este campo de la ingenier\u00eda en Colombia. Esta celebraci\u00f3n har\u00e1 parte del Encuentro Acad\u00e9mico de Investigaci\u00f3n, de la Facultad de Ingenier\u00edas, EAiFi, donde se tendr\u00e1n actividades acad\u00e9micas como presentaci\u00f3n de posters, ponencias y experiencias recientes de investigaci\u00f3n.<!--more--><\/p>\n<p style=\"text-align: justify;\">Para esta celebraci\u00f3n de los 30 a\u00f1os del programa de Ingenier\u00eda de Alimentos, se llevar\u00e1 a cabo una jornada l\u00fadica y cultural, en la que estudiantes y egresados del Programa se reunir\u00e1n para fortalecer lazos y celebrar los a\u00f1os de fundaci\u00f3n de una disciplina fundamental en el sector empresarial, que impacta directamente en la calidad de vida de todos los ciudadanos.<\/p>\n<p style=\"text-align: justify;\">\u201cLa relevancia de la Ingenier\u00eda de Alimentos en Colombia es innegable. Los profesionales en este campo conocen a fondo la composici\u00f3n de los alimentos, as\u00ed como los procesos de temperatura y\/o fragmentaci\u00f3n que influyen en su calidad y seguridad. De hecho, la normativa colombiana exige que cada empresa alimentaria cuente con al menos un ingeniero de alimentos en su equipo, destacando la importancia estrat\u00e9gica de esta profesi\u00f3n\u201d, afirma el director del programa de Ingenier\u00eda de Alimentos, Andr\u00e9s Ch\u00e1vez Salazar<\/p>\n<p style=\"text-align: justify;\">En este contexto, la Universidad de Caldas juega un papel crucial a trav\u00e9s de su Unidad Tecnol\u00f3gica de Alimentos, que alberga el \u00fanico laboratorio certificado en Caldas para realizar an\u00e1lisis en esta l\u00ednea. El laboratorio, certificado por el Instituto Nacional de Vigilancia de Medicamentos y Alimentos (INVIMA), recibe muestras no solo de la regi\u00f3n, sino tambi\u00e9n de ciudades como Cali y otras partes del pa\u00eds. Su trabajo desempe\u00f1a un papel fundamental en la garant\u00eda de la calidad y seguridad alimentaria en Colombia, contribuyendo as\u00ed al bienestar y la salud de la poblaci\u00f3n.<\/p>\n<p style=\"text-align: justify;\">Larga vida a nuestro programa de Ingenier\u00eda de Alimentos<\/p>\n<p><a href=\"https:\/\/www.ucaldas.edu.co\/portal\/wp-content\/uploads\/2024\/05\/Programacion.png\">Conozca aqu\u00ed la programaci\u00f3n<\/a><\/p>\n<p><strong>Anexo<\/strong><\/p>\n<p><a href=\"https:\/\/www.ucaldas.edu.co\/portal\/wp-content\/uploads\/2024\/05\/inge-alimentos.mp3\"><strong>Audio Director Programa de Ingenier\u00eda de Alimentos, Andr\u00e9s Ch\u00e1vez Salazar<\/strong><\/a><\/p>\n<audio class=\"wp-audio-shortcode\" id=\"audio-81714-1\" preload=\"none\" style=\"width: 100%;\" controls=\"controls\"><source type=\"audio\/mpeg\" src=\"https:\/\/www.ucaldas.edu.co\/portal\/wp-content\/uploads\/2024\/05\/inge-alimentos.mp3?_=1\" \/><a href=\"https:\/\/www.ucaldas.edu.co\/portal\/wp-content\/uploads\/2024\/05\/inge-alimentos.mp3\">https:\/\/www.ucaldas.edu.co\/portal\/wp-content\/uploads\/2024\/05\/inge-alimentos.mp3<\/a><\/audio>\n<p><strong>\u00a0<\/strong><\/p>\n<p><strong>\u00a0<\/strong><\/p>\n<p><strong>\u00a0<\/strong><\/p>\n","protected":false},"excerpt":{"rendered":"<p>El Programa de Ingenier\u00eda de Alimentos de la Universidad de Caldas se prepara para conmemorar, el pr\u00f3ximo 4 de junio, tres d\u00e9cadas de procesos acad\u00e9micos y contribuci\u00f3n al desarrollo de este campo de la ingenier\u00eda en Colombia. Esta celebraci\u00f3n har\u00e1 parte del Encuentro Acad\u00e9mico de Investigaci\u00f3n, de la Facultad de Ingenier\u00edas, EAiFi, donde se tendr\u00e1n [&hellip;]<\/p>\n","protected":false},"author":2,"featured_media":81717,"comment_status":"closed","ping_status":"open","sticky":false,"template":"","format":"standard","meta":{"footnotes":""},"categories":[48,53],"tags":[590,8255],"class_list":["post-81714","post","type-post","status-publish","format-standard","has-post-thumbnail","hentry","category-actualidad","category-universidad-al-dia","tag-ingenieria-de-alimentos","tag-estudiantes-u-de-caldas"],"yoast_head":"<!-- This site is optimized with the Yoast SEO plugin v27.5 - https:\/\/yoast.com\/product\/yoast-seo-wordpress\/ -->\n<title>\u00a1A celebrar los 30 a\u00f1os del Programa Ingenier\u00eda de Alimentos! .<\/title>\n<meta name=\"robots\" content=\"index, follow, max-snippet:-1, max-image-preview:large, max-video-preview:-1\" \/>\n<link rel=\"canonical\" href=\"https:\/\/www.ucaldas.edu.co\/portal\/a-celebrar-los-30-anos-del-programa-ingenieria-de-alimentos\/\" \/>\n<script type=\"application\/ld+json\" class=\"yoast-schema-graph\">{\"@context\":\"https:\\\/\\\/schema.org\",\"@graph\":[{\"@type\":\"Article\",\"@id\":\"https:\\\/\\\/www.ucaldas.edu.co\\\/portal\\\/a-celebrar-los-30-anos-del-programa-ingenieria-de-alimentos\\\/#article\",\"isPartOf\":{\"@id\":\"https:\\\/\\\/www.ucaldas.edu.co\\\/portal\\\/a-celebrar-los-30-anos-del-programa-ingenieria-de-alimentos\\\/\"},\"author\":{\"name\":\"ofiprensa\",\"@id\":\"https:\\\/\\\/www.ucaldas.edu.co\\\/portal\\\/#\\\/schema\\\/person\\\/a1b482e23449158b4bc319926c074fdf\"},\"headline\":\"\u00a1A celebrar los 30 a\u00f1os del Programa Ingenier\u00eda de Alimentos!\",\"datePublished\":\"2024-05-31T21:27:43+00:00\",\"mainEntityOfPage\":{\"@id\":\"https:\\\/\\\/www.ucaldas.edu.co\\\/portal\\\/a-celebrar-los-30-anos-del-programa-ingenieria-de-alimentos\\\/\"},\"wordCount\":390,\"publisher\":{\"@id\":\"https:\\\/\\\/www.ucaldas.edu.co\\\/portal\\\/#organization\"},\"image\":{\"@id\":\"https:\\\/\\\/www.ucaldas.edu.co\\\/portal\\\/a-celebrar-los-30-anos-del-programa-ingenieria-de-alimentos\\\/#primaryimage\"},\"thumbnailUrl\":\"https:\\\/\\\/www.ucaldas.edu.co\\\/portal\\\/wp-content\\\/uploads\\\/2024\\\/05\\\/banner_30-anos_Alimentos.png\",\"keywords\":[\"ingenier\u00eda de alimentos\",\"estudiantes u de caldas\"],\"articleSection\":[\"Actualidad\",\"Universidad al D\u00eda\"],\"inLanguage\":\"es\"},{\"@type\":\"WebPage\",\"@id\":\"https:\\\/\\\/www.ucaldas.edu.co\\\/portal\\\/a-celebrar-los-30-anos-del-programa-ingenieria-de-alimentos\\\/\",\"url\":\"https:\\\/\\\/www.ucaldas.edu.co\\\/portal\\\/a-celebrar-los-30-anos-del-programa-ingenieria-de-alimentos\\\/\",\"name\":\"\u00a1A celebrar los 30 a\u00f1os del Programa Ingenier\u00eda de Alimentos! .\",\"isPartOf\":{\"@id\":\"https:\\\/\\\/www.ucaldas.edu.co\\\/portal\\\/#website\"},\"primaryImageOfPage\":{\"@id\":\"https:\\\/\\\/www.ucaldas.edu.co\\\/portal\\\/a-celebrar-los-30-anos-del-programa-ingenieria-de-alimentos\\\/#primaryimage\"},\"image\":{\"@id\":\"https:\\\/\\\/www.ucaldas.edu.co\\\/portal\\\/a-celebrar-los-30-anos-del-programa-ingenieria-de-alimentos\\\/#primaryimage\"},\"thumbnailUrl\":\"https:\\\/\\\/www.ucaldas.edu.co\\\/portal\\\/wp-content\\\/uploads\\\/2024\\\/05\\\/banner_30-anos_Alimentos.png\",\"datePublished\":\"2024-05-31T21:27:43+00:00\",\"breadcrumb\":{\"@id\":\"https:\\\/\\\/www.ucaldas.edu.co\\\/portal\\\/a-celebrar-los-30-anos-del-programa-ingenieria-de-alimentos\\\/#breadcrumb\"},\"inLanguage\":\"es\",\"potentialAction\":[{\"@type\":\"ReadAction\",\"target\":[\"https:\\\/\\\/www.ucaldas.edu.co\\\/portal\\\/a-celebrar-los-30-anos-del-programa-ingenieria-de-alimentos\\\/\"]}]},{\"@type\":\"ImageObject\",\"inLanguage\":\"es\",\"@id\":\"https:\\\/\\\/www.ucaldas.edu.co\\\/portal\\\/a-celebrar-los-30-anos-del-programa-ingenieria-de-alimentos\\\/#primaryimage\",\"url\":\"https:\\\/\\\/www.ucaldas.edu.co\\\/portal\\\/wp-content\\\/uploads\\\/2024\\\/05\\\/banner_30-anos_Alimentos.png\",\"contentUrl\":\"https:\\\/\\\/www.ucaldas.edu.co\\\/portal\\\/wp-content\\\/uploads\\\/2024\\\/05\\\/banner_30-anos_Alimentos.png\",\"width\":1600,\"height\":400,\"caption\":\"Banner promocional de los 30 a\u00f1os del programa de Ingenier\u00eda de Alimentos de la Universidad de Caldas, cuya celebraci\u00f3n ser\u00e1 el pr\u00f3ximo 4 de junio.\"},{\"@type\":\"BreadcrumbList\",\"@id\":\"https:\\\/\\\/www.ucaldas.edu.co\\\/portal\\\/a-celebrar-los-30-anos-del-programa-ingenieria-de-alimentos\\\/#breadcrumb\",\"itemListElement\":[{\"@type\":\"ListItem\",\"position\":1,\"name\":\"Portada\",\"item\":\"https:\\\/\\\/www.ucaldas.edu.co\\\/portal\\\/\"},{\"@type\":\"ListItem\",\"position\":2,\"name\":\"\u00a1A celebrar los 30 a\u00f1os del Programa Ingenier\u00eda de Alimentos!\"}]},{\"@type\":\"WebSite\",\"@id\":\"https:\\\/\\\/www.ucaldas.edu.co\\\/portal\\\/#website\",\"url\":\"https:\\\/\\\/www.ucaldas.edu.co\\\/portal\\\/\",\"name\":\"Universidad de Caldas\",\"description\":\"\",\"publisher\":{\"@id\":\"https:\\\/\\\/www.ucaldas.edu.co\\\/portal\\\/#organization\"},\"alternateName\":\"U. de Caldas\",\"potentialAction\":[{\"@type\":\"SearchAction\",\"target\":{\"@type\":\"EntryPoint\",\"urlTemplate\":\"https:\\\/\\\/www.ucaldas.edu.co\\\/portal\\\/?s={search_term_string}\"},\"query-input\":{\"@type\":\"PropertyValueSpecification\",\"valueRequired\":true,\"valueName\":\"search_term_string\"}}],\"inLanguage\":\"es\"},{\"@type\":\"Organization\",\"@id\":\"https:\\\/\\\/www.ucaldas.edu.co\\\/portal\\\/#organization\",\"name\":\"Universidad de Caldas\",\"alternateName\":\"U. de Caldas\",\"url\":\"https:\\\/\\\/www.ucaldas.edu.co\\\/portal\\\/\",\"logo\":{\"@type\":\"ImageObject\",\"inLanguage\":\"es\",\"@id\":\"https:\\\/\\\/www.ucaldas.edu.co\\\/portal\\\/#\\\/schema\\\/logo\\\/image\\\/\",\"url\":\"https:\\\/\\\/www.ucaldas.edu.co\\\/portal\\\/wp-content\\\/uploads\\\/2023\\\/11\\\/Logo_horizontal_oscuroU-2023.png\",\"contentUrl\":\"https:\\\/\\\/www.ucaldas.edu.co\\\/portal\\\/wp-content\\\/uploads\\\/2023\\\/11\\\/Logo_horizontal_oscuroU-2023.png\",\"width\":263,\"height\":101,\"caption\":\"Universidad de Caldas\"},\"image\":{\"@id\":\"https:\\\/\\\/www.ucaldas.edu.co\\\/portal\\\/#\\\/schema\\\/logo\\\/image\\\/\"},\"sameAs\":[\"https:\\\/\\\/www.facebook.com\\\/udecaldas\",\"https:\\\/\\\/x.com\\\/udecaldas\",\"https:\\\/\\\/www.youtube.com\\\/universidadcaldas\",\"https:\\\/\\\/www.instagram.com\\\/udecaldas\\\/\"]},{\"@type\":\"Person\",\"@id\":\"https:\\\/\\\/www.ucaldas.edu.co\\\/portal\\\/#\\\/schema\\\/person\\\/a1b482e23449158b4bc319926c074fdf\",\"name\":\"ofiprensa\",\"image\":{\"@type\":\"ImageObject\",\"inLanguage\":\"es\",\"@id\":\"https:\\\/\\\/www.ucaldas.edu.co\\\/portal\\\/wp-content\\\/litespeed\\\/avatar\\\/09ea5085e600095a7a811142c6944527.jpg?ver=1776892805\",\"url\":\"https:\\\/\\\/www.ucaldas.edu.co\\\/portal\\\/wp-content\\\/litespeed\\\/avatar\\\/09ea5085e600095a7a811142c6944527.jpg?ver=1776892805\",\"contentUrl\":\"https:\\\/\\\/www.ucaldas.edu.co\\\/portal\\\/wp-content\\\/litespeed\\\/avatar\\\/09ea5085e600095a7a811142c6944527.jpg?ver=1776892805\",\"caption\":\"ofiprensa\"},\"url\":\"https:\\\/\\\/www.ucaldas.edu.co\\\/portal\\\/author\\\/ofiprensa\\\/\"}]}<\/script>\n<!-- \/ Yoast SEO plugin. -->","yoast_head_json":{"title":"\u00a1A celebrar los 30 a\u00f1os del Programa Ingenier\u00eda de Alimentos! .","robots":{"index":"index","follow":"follow","max-snippet":"max-snippet:-1","max-image-preview":"max-image-preview:large","max-video-preview":"max-video-preview:-1"},"canonical":"https:\/\/www.ucaldas.edu.co\/portal\/a-celebrar-los-30-anos-del-programa-ingenieria-de-alimentos\/","schema":{"@context":"https:\/\/schema.org","@graph":[{"@type":"Article","@id":"https:\/\/www.ucaldas.edu.co\/portal\/a-celebrar-los-30-anos-del-programa-ingenieria-de-alimentos\/#article","isPartOf":{"@id":"https:\/\/www.ucaldas.edu.co\/portal\/a-celebrar-los-30-anos-del-programa-ingenieria-de-alimentos\/"},"author":{"name":"ofiprensa","@id":"https:\/\/www.ucaldas.edu.co\/portal\/#\/schema\/person\/a1b482e23449158b4bc319926c074fdf"},"headline":"\u00a1A celebrar los 30 a\u00f1os del Programa Ingenier\u00eda de Alimentos!","datePublished":"2024-05-31T21:27:43+00:00","mainEntityOfPage":{"@id":"https:\/\/www.ucaldas.edu.co\/portal\/a-celebrar-los-30-anos-del-programa-ingenieria-de-alimentos\/"},"wordCount":390,"publisher":{"@id":"https:\/\/www.ucaldas.edu.co\/portal\/#organization"},"image":{"@id":"https:\/\/www.ucaldas.edu.co\/portal\/a-celebrar-los-30-anos-del-programa-ingenieria-de-alimentos\/#primaryimage"},"thumbnailUrl":"https:\/\/www.ucaldas.edu.co\/portal\/wp-content\/uploads\/2024\/05\/banner_30-anos_Alimentos.png","keywords":["ingenier\u00eda de alimentos","estudiantes u de caldas"],"articleSection":["Actualidad","Universidad al D\u00eda"],"inLanguage":"es"},{"@type":"WebPage","@id":"https:\/\/www.ucaldas.edu.co\/portal\/a-celebrar-los-30-anos-del-programa-ingenieria-de-alimentos\/","url":"https:\/\/www.ucaldas.edu.co\/portal\/a-celebrar-los-30-anos-del-programa-ingenieria-de-alimentos\/","name":"\u00a1A celebrar los 30 a\u00f1os del Programa Ingenier\u00eda de Alimentos! .","isPartOf":{"@id":"https:\/\/www.ucaldas.edu.co\/portal\/#website"},"primaryImageOfPage":{"@id":"https:\/\/www.ucaldas.edu.co\/portal\/a-celebrar-los-30-anos-del-programa-ingenieria-de-alimentos\/#primaryimage"},"image":{"@id":"https:\/\/www.ucaldas.edu.co\/portal\/a-celebrar-los-30-anos-del-programa-ingenieria-de-alimentos\/#primaryimage"},"thumbnailUrl":"https:\/\/www.ucaldas.edu.co\/portal\/wp-content\/uploads\/2024\/05\/banner_30-anos_Alimentos.png","datePublished":"2024-05-31T21:27:43+00:00","breadcrumb":{"@id":"https:\/\/www.ucaldas.edu.co\/portal\/a-celebrar-los-30-anos-del-programa-ingenieria-de-alimentos\/#breadcrumb"},"inLanguage":"es","potentialAction":[{"@type":"ReadAction","target":["https:\/\/www.ucaldas.edu.co\/portal\/a-celebrar-los-30-anos-del-programa-ingenieria-de-alimentos\/"]}]},{"@type":"ImageObject","inLanguage":"es","@id":"https:\/\/www.ucaldas.edu.co\/portal\/a-celebrar-los-30-anos-del-programa-ingenieria-de-alimentos\/#primaryimage","url":"https:\/\/www.ucaldas.edu.co\/portal\/wp-content\/uploads\/2024\/05\/banner_30-anos_Alimentos.png","contentUrl":"https:\/\/www.ucaldas.edu.co\/portal\/wp-content\/uploads\/2024\/05\/banner_30-anos_Alimentos.png","width":1600,"height":400,"caption":"Banner promocional de los 30 a\u00f1os del programa de Ingenier\u00eda de Alimentos de la Universidad de Caldas, cuya celebraci\u00f3n ser\u00e1 el pr\u00f3ximo 4 de junio."},{"@type":"BreadcrumbList","@id":"https:\/\/www.ucaldas.edu.co\/portal\/a-celebrar-los-30-anos-del-programa-ingenieria-de-alimentos\/#breadcrumb","itemListElement":[{"@type":"ListItem","position":1,"name":"Portada","item":"https:\/\/www.ucaldas.edu.co\/portal\/"},{"@type":"ListItem","position":2,"name":"\u00a1A celebrar los 30 a\u00f1os del Programa Ingenier\u00eda de Alimentos!"}]},{"@type":"WebSite","@id":"https:\/\/www.ucaldas.edu.co\/portal\/#website","url":"https:\/\/www.ucaldas.edu.co\/portal\/","name":"Universidad de Caldas","description":"","publisher":{"@id":"https:\/\/www.ucaldas.edu.co\/portal\/#organization"},"alternateName":"U. de Caldas","potentialAction":[{"@type":"SearchAction","target":{"@type":"EntryPoint","urlTemplate":"https:\/\/www.ucaldas.edu.co\/portal\/?s={search_term_string}"},"query-input":{"@type":"PropertyValueSpecification","valueRequired":true,"valueName":"search_term_string"}}],"inLanguage":"es"},{"@type":"Organization","@id":"https:\/\/www.ucaldas.edu.co\/portal\/#organization","name":"Universidad de Caldas","alternateName":"U. de Caldas","url":"https:\/\/www.ucaldas.edu.co\/portal\/","logo":{"@type":"ImageObject","inLanguage":"es","@id":"https:\/\/www.ucaldas.edu.co\/portal\/#\/schema\/logo\/image\/","url":"https:\/\/www.ucaldas.edu.co\/portal\/wp-content\/uploads\/2023\/11\/Logo_horizontal_oscuroU-2023.png","contentUrl":"https:\/\/www.ucaldas.edu.co\/portal\/wp-content\/uploads\/2023\/11\/Logo_horizontal_oscuroU-2023.png","width":263,"height":101,"caption":"Universidad de Caldas"},"image":{"@id":"https:\/\/www.ucaldas.edu.co\/portal\/#\/schema\/logo\/image\/"},"sameAs":["https:\/\/www.facebook.com\/udecaldas","https:\/\/x.com\/udecaldas","https:\/\/www.youtube.com\/universidadcaldas","https:\/\/www.instagram.com\/udecaldas\/"]},{"@type":"Person","@id":"https:\/\/www.ucaldas.edu.co\/portal\/#\/schema\/person\/a1b482e23449158b4bc319926c074fdf","name":"ofiprensa","image":{"@type":"ImageObject","inLanguage":"es","@id":"https:\/\/www.ucaldas.edu.co\/portal\/wp-content\/litespeed\/avatar\/09ea5085e600095a7a811142c6944527.jpg?ver=1776892805","url":"https:\/\/www.ucaldas.edu.co\/portal\/wp-content\/litespeed\/avatar\/09ea5085e600095a7a811142c6944527.jpg?ver=1776892805","contentUrl":"https:\/\/www.ucaldas.edu.co\/portal\/wp-content\/litespeed\/avatar\/09ea5085e600095a7a811142c6944527.jpg?ver=1776892805","caption":"ofiprensa"},"url":"https:\/\/www.ucaldas.edu.co\/portal\/author\/ofiprensa\/"}]}},"_links":{"self":[{"href":"https:\/\/www.ucaldas.edu.co\/portal\/wp-json\/wp\/v2\/posts\/81714","targetHints":{"allow":["GET"]}}],"collection":[{"href":"https:\/\/www.ucaldas.edu.co\/portal\/wp-json\/wp\/v2\/posts"}],"about":[{"href":"https:\/\/www.ucaldas.edu.co\/portal\/wp-json\/wp\/v2\/types\/post"}],"author":[{"embeddable":true,"href":"https:\/\/www.ucaldas.edu.co\/portal\/wp-json\/wp\/v2\/users\/2"}],"replies":[{"embeddable":true,"href":"https:\/\/www.ucaldas.edu.co\/portal\/wp-json\/wp\/v2\/comments?post=81714"}],"version-history":[{"count":0,"href":"https:\/\/www.ucaldas.edu.co\/portal\/wp-json\/wp\/v2\/posts\/81714\/revisions"}],"wp:featuredmedia":[{"embeddable":true,"href":"https:\/\/www.ucaldas.edu.co\/portal\/wp-json\/wp\/v2\/media\/81717"}],"wp:attachment":[{"href":"https:\/\/www.ucaldas.edu.co\/portal\/wp-json\/wp\/v2\/media?parent=81714"}],"wp:term":[{"taxonomy":"category","embeddable":true,"href":"https:\/\/www.ucaldas.edu.co\/portal\/wp-json\/wp\/v2\/categories?post=81714"},{"taxonomy":"post_tag","embeddable":true,"href":"https:\/\/www.ucaldas.edu.co\/portal\/wp-json\/wp\/v2\/tags?post=81714"}],"curies":[{"name":"wp","href":"https:\/\/api.w.org\/{rel}","templated":true}]}}