{"id":81651,"date":"2024-05-30T17:51:29","date_gmt":"2024-05-30T22:51:29","guid":{"rendered":"https:\/\/www.ucaldas.edu.co\/portal\/?p=81651"},"modified":"2024-05-31T15:44:20","modified_gmt":"2024-05-31T20:44:20","slug":"el-concejo-de-la-dorada-le-dijo-si-al-parque-educativo-empresarial-tecnologico-y-agroindustrial-de-la-universidad-de-caldas-en-el-magdalena-centro","status":"publish","type":"post","link":"https:\/\/www.ucaldas.edu.co\/portal\/el-concejo-de-la-dorada-le-dijo-si-al-parque-educativo-empresarial-tecnologico-y-agroindustrial-de-la-universidad-de-caldas-en-el-magdalena-centro\/","title":{"rendered":"El Concejo de la Dorada le dijo s\u00ed al Parque Educativo, Empresarial, Tecnol\u00f3gico y Agroindustrial de la Universidad de Caldas en el Magdalena Centro"},"content":{"rendered":"<p style=\"text-align: justify;\">\n<p><img loading=\"lazy\" decoding=\"async\" class=\"alignnone size-medium wp-image-81655 aligncenter\" src=\"https:\/\/www.ucaldas.edu.co\/portal\/wp-content\/uploads\/2024\/05\/dorada-scaled-e1717188243620-300x225.jpg\" alt=\"\" width=\"300\" height=\"225\" srcset=\"https:\/\/www.ucaldas.edu.co\/portal\/wp-content\/uploads\/2024\/05\/dorada-scaled-e1717188243620-300x225.jpg 300w, https:\/\/www.ucaldas.edu.co\/portal\/wp-content\/uploads\/2024\/05\/dorada-scaled-e1717188243620-1024x768.jpg 1024w, https:\/\/www.ucaldas.edu.co\/portal\/wp-content\/uploads\/2024\/05\/dorada-scaled-e1717188243620-768x576.jpg 768w, https:\/\/www.ucaldas.edu.co\/portal\/wp-content\/uploads\/2024\/05\/dorada-scaled-e1717188243620-1536x1152.jpg 1536w, https:\/\/www.ucaldas.edu.co\/portal\/wp-content\/uploads\/2024\/05\/dorada-scaled-e1717188243620-2048x1536.jpg 2048w\" sizes=\"auto, (max-width: 300px) 100vw, 300px\" \/><\/p>\n<p style=\"text-align: justify;\">En el Concejo de la Dorada se aprob\u00f3 el acuerdo 008 del 2024 por el cual se declara la p\u00e9rdida de fuerza ejecutoria de la utilidad p\u00fablica y de inter\u00e9s social de los predios Santa Cecilia y La Esperanza, previamente entregados por la SAE (Sociedad de Activos Especiales) a la Universidad de Caldas.<!--more--><\/p>\n<p style=\"text-align: justify;\">Este acuerdo permitir\u00e1 que la Universidad de Caldas sea la propietaria de los predios donde se construir\u00e1 el Parque Educativo, Empresarial, Tecnol\u00f3gico y Agroindustrial en la regi\u00f3n de Magdalena Centro. Este es el primer paso que marca el avance significativo en el sue\u00f1o de la Universidad de Caldas, de establecer un multicampus en una zona estrat\u00e9gica que abarca 18 municipios y cerca de un mill\u00f3n de habitantes.<\/p>\n<p style=\"text-align: justify;\">\u201cEn el mes de diciembre la Universidad de Caldas recibi\u00f3 estos predios en comodato por parte de la SAE. Pero tenerlos en comodato no nos daba todas las posibilidades para empezar estudios y dise\u00f1os de lo que queremos all\u00ed, que es un parque educativo, tecnol\u00f3gico, empresarial y agroindustrial. Ya con lo que ocurri\u00f3 en el Concejo de la Dorada, que fue levantar la Afectaci\u00f3n de Bien de Inter\u00e9s P\u00fablico, lo que queda es definir los tr\u00e1mites de registro y pedirle a la SAE que nos de la escritura. Con este documento se puede iniciar el proceso de estudios y dise\u00f1o del parque para dar inicio al sue\u00f1o del multicampus para esta regi\u00f3n que recoge 18 municipios y cerca de un mill\u00f3n de habitantes\u201d, expres\u00f3 el rector de la Universidad de Caldas, Fabio Hernando Arias Orozco, quien agreg\u00f3 que Corpocaldas trabajar\u00e1 de la mano con la U. de Caldas para establecer estrategias de conservaci\u00f3n de fauna y flora en estos predios.<\/p>\n<p style=\"text-align: justify;\">En este contexto se destaca el compromiso de la ministra de Deporte, Luz Cristina L\u00f3pez Trejos, egresada ilustre de la Universidad de Caldas, quien expres\u00f3 su disposici\u00f3n a gestionar recursos para la construcci\u00f3n de instalaciones deportivas, incluida una piscina ol\u00edmpica, una vez que se radique el proyecto correspondiente.<\/p>\n<p style=\"text-align: justify;\">Este hito marca el inicio de una nueva era para la educaci\u00f3n, la innovaci\u00f3n y el progreso en la regi\u00f3n de Magdalena Centro, consolidando el papel de la Universidad de Caldas como una instituci\u00f3n comprometida con el desarrollo integral de su comunidad y el pa\u00eds.<\/p>\n<p><strong>Anexo<\/strong><\/p>\n<p><a href=\"https:\/\/www.ucaldas.edu.co\/portal\/wp-content\/uploads\/2024\/05\/Isabel-Dorada.mp3\"><strong>Audio concejal del municipio de la Dorada, Isabel Alves<\/strong><\/a><\/p>\n<audio class=\"wp-audio-shortcode\" id=\"audio-81651-1\" preload=\"none\" style=\"width: 100%;\" controls=\"controls\"><source type=\"audio\/mpeg\" src=\"https:\/\/www.ucaldas.edu.co\/portal\/wp-content\/uploads\/2024\/05\/Isabel-Dorada.mp3?_=1\" \/><a href=\"https:\/\/www.ucaldas.edu.co\/portal\/wp-content\/uploads\/2024\/05\/Isabel-Dorada.mp3\">https:\/\/www.ucaldas.edu.co\/portal\/wp-content\/uploads\/2024\/05\/Isabel-Dorada.mp3<\/a><\/audio>\n<p><a href=\"https:\/\/www.ucaldas.edu.co\/portal\/wp-content\/uploads\/2024\/05\/Eider-Dorada-si.mp3\"><strong>Audio concejal del municipio de la Dorada, Eider Herrera Arias.<\/strong><\/a><\/p>\n<audio class=\"wp-audio-shortcode\" id=\"audio-81651-2\" preload=\"none\" style=\"width: 100%;\" controls=\"controls\"><source type=\"audio\/mpeg\" src=\"https:\/\/www.ucaldas.edu.co\/portal\/wp-content\/uploads\/2024\/05\/Eider-Dorada-si.mp3?_=2\" \/><a href=\"https:\/\/www.ucaldas.edu.co\/portal\/wp-content\/uploads\/2024\/05\/Eider-Dorada-si.mp3\">https:\/\/www.ucaldas.edu.co\/portal\/wp-content\/uploads\/2024\/05\/Eider-Dorada-si.mp3<\/a><\/audio>\n<p><a href=\"https:\/\/www.ucaldas.edu.co\/portal\/wp-content\/uploads\/2024\/05\/rector-Dorada.mp3\"><strong>Audio rector Universidad de Caldas, Fabio Hernando Arias Orozco.<\/strong><\/a><\/p>\n<audio class=\"wp-audio-shortcode\" id=\"audio-81651-3\" preload=\"none\" style=\"width: 100%;\" controls=\"controls\"><source type=\"audio\/mpeg\" src=\"https:\/\/www.ucaldas.edu.co\/portal\/wp-content\/uploads\/2024\/05\/rector-Dorada.mp3?_=3\" \/><a href=\"https:\/\/www.ucaldas.edu.co\/portal\/wp-content\/uploads\/2024\/05\/rector-Dorada.mp3\">https:\/\/www.ucaldas.edu.co\/portal\/wp-content\/uploads\/2024\/05\/rector-Dorada.mp3<\/a><\/audio>\n","protected":false},"excerpt":{"rendered":"<p>En el Concejo de la Dorada se aprob\u00f3 el acuerdo 008 del 2024 por el cual se declara la p\u00e9rdida de fuerza ejecutoria de la utilidad p\u00fablica y de inter\u00e9s social de los predios Santa Cecilia y La Esperanza, previamente entregados por la SAE (Sociedad de Activos Especiales) a la Universidad de Caldas.<\/p>\n","protected":false},"author":2,"featured_media":81655,"comment_status":"closed","ping_status":"open","sticky":false,"template":"","format":"standard","meta":{"footnotes":""},"categories":[53,48],"tags":[7257,7122],"class_list":["post-81651","post","type-post","status-publish","format-standard","has-post-thumbnail","hentry","category-universidad-al-dia","category-actualidad","tag-proyectos-u-de-caldas","tag-magdalena-centro-caldense"],"yoast_head":"<!-- This site is optimized with the Yoast SEO plugin v27.5 - https:\/\/yoast.com\/product\/yoast-seo-wordpress\/ -->\n<title>El Concejo de la Dorada le dijo s\u00ed al Parque Educativo, Empresarial, Tecnol\u00f3gico y Agroindustrial de la Universidad de Caldas en el Magdalena Centro .<\/title>\n<meta name=\"robots\" content=\"index, follow, max-snippet:-1, max-image-preview:large, max-video-preview:-1\" \/>\n<link rel=\"canonical\" href=\"https:\/\/www.ucaldas.edu.co\/portal\/el-concejo-de-la-dorada-le-dijo-si-al-parque-educativo-empresarial-tecnologico-y-agroindustrial-de-la-universidad-de-caldas-en-el-magdalena-centro\/\" \/>\n<script type=\"application\/ld+json\" class=\"yoast-schema-graph\">{\"@context\":\"https:\\\/\\\/schema.org\",\"@graph\":[{\"@type\":\"Article\",\"@id\":\"https:\\\/\\\/www.ucaldas.edu.co\\\/portal\\\/el-concejo-de-la-dorada-le-dijo-si-al-parque-educativo-empresarial-tecnologico-y-agroindustrial-de-la-universidad-de-caldas-en-el-magdalena-centro\\\/#article\",\"isPartOf\":{\"@id\":\"https:\\\/\\\/www.ucaldas.edu.co\\\/portal\\\/el-concejo-de-la-dorada-le-dijo-si-al-parque-educativo-empresarial-tecnologico-y-agroindustrial-de-la-universidad-de-caldas-en-el-magdalena-centro\\\/\"},\"author\":{\"name\":\"ofiprensa\",\"@id\":\"https:\\\/\\\/www.ucaldas.edu.co\\\/portal\\\/#\\\/schema\\\/person\\\/a1b482e23449158b4bc319926c074fdf\"},\"headline\":\"El Concejo de la Dorada le dijo s\u00ed al Parque Educativo, Empresarial, Tecnol\u00f3gico y Agroindustrial de la Universidad de Caldas en el Magdalena Centro\",\"datePublished\":\"2024-05-30T22:51:29+00:00\",\"dateModified\":\"2024-05-31T20:44:20+00:00\",\"mainEntityOfPage\":{\"@id\":\"https:\\\/\\\/www.ucaldas.edu.co\\\/portal\\\/el-concejo-de-la-dorada-le-dijo-si-al-parque-educativo-empresarial-tecnologico-y-agroindustrial-de-la-universidad-de-caldas-en-el-magdalena-centro\\\/\"},\"wordCount\":490,\"publisher\":{\"@id\":\"https:\\\/\\\/www.ucaldas.edu.co\\\/portal\\\/#organization\"},\"image\":{\"@id\":\"https:\\\/\\\/www.ucaldas.edu.co\\\/portal\\\/el-concejo-de-la-dorada-le-dijo-si-al-parque-educativo-empresarial-tecnologico-y-agroindustrial-de-la-universidad-de-caldas-en-el-magdalena-centro\\\/#primaryimage\"},\"thumbnailUrl\":\"https:\\\/\\\/www.ucaldas.edu.co\\\/portal\\\/wp-content\\\/uploads\\\/2024\\\/05\\\/dorada-scaled-e1717188243620.jpg\",\"keywords\":[\"proyectos u de caldas\",\"magdalena centro caldense\"],\"articleSection\":[\"Universidad al D\u00eda\",\"Actualidad\"],\"inLanguage\":\"es\"},{\"@type\":\"WebPage\",\"@id\":\"https:\\\/\\\/www.ucaldas.edu.co\\\/portal\\\/el-concejo-de-la-dorada-le-dijo-si-al-parque-educativo-empresarial-tecnologico-y-agroindustrial-de-la-universidad-de-caldas-en-el-magdalena-centro\\\/\",\"url\":\"https:\\\/\\\/www.ucaldas.edu.co\\\/portal\\\/el-concejo-de-la-dorada-le-dijo-si-al-parque-educativo-empresarial-tecnologico-y-agroindustrial-de-la-universidad-de-caldas-en-el-magdalena-centro\\\/\",\"name\":\"El Concejo de la Dorada le dijo s\u00ed al Parque Educativo, Empresarial, Tecnol\u00f3gico y Agroindustrial de la Universidad de Caldas en el Magdalena Centro .\",\"isPartOf\":{\"@id\":\"https:\\\/\\\/www.ucaldas.edu.co\\\/portal\\\/#website\"},\"primaryImageOfPage\":{\"@id\":\"https:\\\/\\\/www.ucaldas.edu.co\\\/portal\\\/el-concejo-de-la-dorada-le-dijo-si-al-parque-educativo-empresarial-tecnologico-y-agroindustrial-de-la-universidad-de-caldas-en-el-magdalena-centro\\\/#primaryimage\"},\"image\":{\"@id\":\"https:\\\/\\\/www.ucaldas.edu.co\\\/portal\\\/el-concejo-de-la-dorada-le-dijo-si-al-parque-educativo-empresarial-tecnologico-y-agroindustrial-de-la-universidad-de-caldas-en-el-magdalena-centro\\\/#primaryimage\"},\"thumbnailUrl\":\"https:\\\/\\\/www.ucaldas.edu.co\\\/portal\\\/wp-content\\\/uploads\\\/2024\\\/05\\\/dorada-scaled-e1717188243620.jpg\",\"datePublished\":\"2024-05-30T22:51:29+00:00\",\"dateModified\":\"2024-05-31T20:44:20+00:00\",\"breadcrumb\":{\"@id\":\"https:\\\/\\\/www.ucaldas.edu.co\\\/portal\\\/el-concejo-de-la-dorada-le-dijo-si-al-parque-educativo-empresarial-tecnologico-y-agroindustrial-de-la-universidad-de-caldas-en-el-magdalena-centro\\\/#breadcrumb\"},\"inLanguage\":\"es\",\"potentialAction\":[{\"@type\":\"ReadAction\",\"target\":[\"https:\\\/\\\/www.ucaldas.edu.co\\\/portal\\\/el-concejo-de-la-dorada-le-dijo-si-al-parque-educativo-empresarial-tecnologico-y-agroindustrial-de-la-universidad-de-caldas-en-el-magdalena-centro\\\/\"]}]},{\"@type\":\"ImageObject\",\"inLanguage\":\"es\",\"@id\":\"https:\\\/\\\/www.ucaldas.edu.co\\\/portal\\\/el-concejo-de-la-dorada-le-dijo-si-al-parque-educativo-empresarial-tecnologico-y-agroindustrial-de-la-universidad-de-caldas-en-el-magdalena-centro\\\/#primaryimage\",\"url\":\"https:\\\/\\\/www.ucaldas.edu.co\\\/portal\\\/wp-content\\\/uploads\\\/2024\\\/05\\\/dorada-scaled-e1717188243620.jpg\",\"contentUrl\":\"https:\\\/\\\/www.ucaldas.edu.co\\\/portal\\\/wp-content\\\/uploads\\\/2024\\\/05\\\/dorada-scaled-e1717188243620.jpg\",\"width\":2560,\"height\":1920},{\"@type\":\"BreadcrumbList\",\"@id\":\"https:\\\/\\\/www.ucaldas.edu.co\\\/portal\\\/el-concejo-de-la-dorada-le-dijo-si-al-parque-educativo-empresarial-tecnologico-y-agroindustrial-de-la-universidad-de-caldas-en-el-magdalena-centro\\\/#breadcrumb\",\"itemListElement\":[{\"@type\":\"ListItem\",\"position\":1,\"name\":\"Portada\",\"item\":\"https:\\\/\\\/www.ucaldas.edu.co\\\/portal\\\/\"},{\"@type\":\"ListItem\",\"position\":2,\"name\":\"El Concejo de la Dorada le dijo s\u00ed al Parque Educativo, Empresarial, Tecnol\u00f3gico y Agroindustrial de la Universidad de Caldas en el Magdalena Centro\"}]},{\"@type\":\"WebSite\",\"@id\":\"https:\\\/\\\/www.ucaldas.edu.co\\\/portal\\\/#website\",\"url\":\"https:\\\/\\\/www.ucaldas.edu.co\\\/portal\\\/\",\"name\":\"Universidad de Caldas\",\"description\":\"\",\"publisher\":{\"@id\":\"https:\\\/\\\/www.ucaldas.edu.co\\\/portal\\\/#organization\"},\"alternateName\":\"U. de Caldas\",\"potentialAction\":[{\"@type\":\"SearchAction\",\"target\":{\"@type\":\"EntryPoint\",\"urlTemplate\":\"https:\\\/\\\/www.ucaldas.edu.co\\\/portal\\\/?s={search_term_string}\"},\"query-input\":{\"@type\":\"PropertyValueSpecification\",\"valueRequired\":true,\"valueName\":\"search_term_string\"}}],\"inLanguage\":\"es\"},{\"@type\":\"Organization\",\"@id\":\"https:\\\/\\\/www.ucaldas.edu.co\\\/portal\\\/#organization\",\"name\":\"Universidad de Caldas\",\"alternateName\":\"U. de Caldas\",\"url\":\"https:\\\/\\\/www.ucaldas.edu.co\\\/portal\\\/\",\"logo\":{\"@type\":\"ImageObject\",\"inLanguage\":\"es\",\"@id\":\"https:\\\/\\\/www.ucaldas.edu.co\\\/portal\\\/#\\\/schema\\\/logo\\\/image\\\/\",\"url\":\"https:\\\/\\\/www.ucaldas.edu.co\\\/portal\\\/wp-content\\\/uploads\\\/2023\\\/11\\\/Logo_horizontal_oscuroU-2023.png\",\"contentUrl\":\"https:\\\/\\\/www.ucaldas.edu.co\\\/portal\\\/wp-content\\\/uploads\\\/2023\\\/11\\\/Logo_horizontal_oscuroU-2023.png\",\"width\":263,\"height\":101,\"caption\":\"Universidad de Caldas\"},\"image\":{\"@id\":\"https:\\\/\\\/www.ucaldas.edu.co\\\/portal\\\/#\\\/schema\\\/logo\\\/image\\\/\"},\"sameAs\":[\"https:\\\/\\\/www.facebook.com\\\/udecaldas\",\"https:\\\/\\\/x.com\\\/udecaldas\",\"https:\\\/\\\/www.youtube.com\\\/universidadcaldas\",\"https:\\\/\\\/www.instagram.com\\\/udecaldas\\\/\"]},{\"@type\":\"Person\",\"@id\":\"https:\\\/\\\/www.ucaldas.edu.co\\\/portal\\\/#\\\/schema\\\/person\\\/a1b482e23449158b4bc319926c074fdf\",\"name\":\"ofiprensa\",\"image\":{\"@type\":\"ImageObject\",\"inLanguage\":\"es\",\"@id\":\"https:\\\/\\\/www.ucaldas.edu.co\\\/portal\\\/wp-content\\\/litespeed\\\/avatar\\\/09ea5085e600095a7a811142c6944527.jpg?ver=1776892805\",\"url\":\"https:\\\/\\\/www.ucaldas.edu.co\\\/portal\\\/wp-content\\\/litespeed\\\/avatar\\\/09ea5085e600095a7a811142c6944527.jpg?ver=1776892805\",\"contentUrl\":\"https:\\\/\\\/www.ucaldas.edu.co\\\/portal\\\/wp-content\\\/litespeed\\\/avatar\\\/09ea5085e600095a7a811142c6944527.jpg?ver=1776892805\",\"caption\":\"ofiprensa\"},\"url\":\"https:\\\/\\\/www.ucaldas.edu.co\\\/portal\\\/author\\\/ofiprensa\\\/\"}]}<\/script>\n<!-- \/ Yoast SEO plugin. -->","yoast_head_json":{"title":"El Concejo de la Dorada le dijo s\u00ed al Parque Educativo, Empresarial, Tecnol\u00f3gico y Agroindustrial de la Universidad de Caldas en el Magdalena Centro .","robots":{"index":"index","follow":"follow","max-snippet":"max-snippet:-1","max-image-preview":"max-image-preview:large","max-video-preview":"max-video-preview:-1"},"canonical":"https:\/\/www.ucaldas.edu.co\/portal\/el-concejo-de-la-dorada-le-dijo-si-al-parque-educativo-empresarial-tecnologico-y-agroindustrial-de-la-universidad-de-caldas-en-el-magdalena-centro\/","schema":{"@context":"https:\/\/schema.org","@graph":[{"@type":"Article","@id":"https:\/\/www.ucaldas.edu.co\/portal\/el-concejo-de-la-dorada-le-dijo-si-al-parque-educativo-empresarial-tecnologico-y-agroindustrial-de-la-universidad-de-caldas-en-el-magdalena-centro\/#article","isPartOf":{"@id":"https:\/\/www.ucaldas.edu.co\/portal\/el-concejo-de-la-dorada-le-dijo-si-al-parque-educativo-empresarial-tecnologico-y-agroindustrial-de-la-universidad-de-caldas-en-el-magdalena-centro\/"},"author":{"name":"ofiprensa","@id":"https:\/\/www.ucaldas.edu.co\/portal\/#\/schema\/person\/a1b482e23449158b4bc319926c074fdf"},"headline":"El Concejo de la Dorada le dijo s\u00ed al Parque Educativo, Empresarial, Tecnol\u00f3gico y Agroindustrial de la Universidad de Caldas en el Magdalena Centro","datePublished":"2024-05-30T22:51:29+00:00","dateModified":"2024-05-31T20:44:20+00:00","mainEntityOfPage":{"@id":"https:\/\/www.ucaldas.edu.co\/portal\/el-concejo-de-la-dorada-le-dijo-si-al-parque-educativo-empresarial-tecnologico-y-agroindustrial-de-la-universidad-de-caldas-en-el-magdalena-centro\/"},"wordCount":490,"publisher":{"@id":"https:\/\/www.ucaldas.edu.co\/portal\/#organization"},"image":{"@id":"https:\/\/www.ucaldas.edu.co\/portal\/el-concejo-de-la-dorada-le-dijo-si-al-parque-educativo-empresarial-tecnologico-y-agroindustrial-de-la-universidad-de-caldas-en-el-magdalena-centro\/#primaryimage"},"thumbnailUrl":"https:\/\/www.ucaldas.edu.co\/portal\/wp-content\/uploads\/2024\/05\/dorada-scaled-e1717188243620.jpg","keywords":["proyectos u de caldas","magdalena centro caldense"],"articleSection":["Universidad al D\u00eda","Actualidad"],"inLanguage":"es"},{"@type":"WebPage","@id":"https:\/\/www.ucaldas.edu.co\/portal\/el-concejo-de-la-dorada-le-dijo-si-al-parque-educativo-empresarial-tecnologico-y-agroindustrial-de-la-universidad-de-caldas-en-el-magdalena-centro\/","url":"https:\/\/www.ucaldas.edu.co\/portal\/el-concejo-de-la-dorada-le-dijo-si-al-parque-educativo-empresarial-tecnologico-y-agroindustrial-de-la-universidad-de-caldas-en-el-magdalena-centro\/","name":"El Concejo de la Dorada le dijo s\u00ed al Parque Educativo, Empresarial, Tecnol\u00f3gico y Agroindustrial de la Universidad de Caldas en el Magdalena Centro .","isPartOf":{"@id":"https:\/\/www.ucaldas.edu.co\/portal\/#website"},"primaryImageOfPage":{"@id":"https:\/\/www.ucaldas.edu.co\/portal\/el-concejo-de-la-dorada-le-dijo-si-al-parque-educativo-empresarial-tecnologico-y-agroindustrial-de-la-universidad-de-caldas-en-el-magdalena-centro\/#primaryimage"},"image":{"@id":"https:\/\/www.ucaldas.edu.co\/portal\/el-concejo-de-la-dorada-le-dijo-si-al-parque-educativo-empresarial-tecnologico-y-agroindustrial-de-la-universidad-de-caldas-en-el-magdalena-centro\/#primaryimage"},"thumbnailUrl":"https:\/\/www.ucaldas.edu.co\/portal\/wp-content\/uploads\/2024\/05\/dorada-scaled-e1717188243620.jpg","datePublished":"2024-05-30T22:51:29+00:00","dateModified":"2024-05-31T20:44:20+00:00","breadcrumb":{"@id":"https:\/\/www.ucaldas.edu.co\/portal\/el-concejo-de-la-dorada-le-dijo-si-al-parque-educativo-empresarial-tecnologico-y-agroindustrial-de-la-universidad-de-caldas-en-el-magdalena-centro\/#breadcrumb"},"inLanguage":"es","potentialAction":[{"@type":"ReadAction","target":["https:\/\/www.ucaldas.edu.co\/portal\/el-concejo-de-la-dorada-le-dijo-si-al-parque-educativo-empresarial-tecnologico-y-agroindustrial-de-la-universidad-de-caldas-en-el-magdalena-centro\/"]}]},{"@type":"ImageObject","inLanguage":"es","@id":"https:\/\/www.ucaldas.edu.co\/portal\/el-concejo-de-la-dorada-le-dijo-si-al-parque-educativo-empresarial-tecnologico-y-agroindustrial-de-la-universidad-de-caldas-en-el-magdalena-centro\/#primaryimage","url":"https:\/\/www.ucaldas.edu.co\/portal\/wp-content\/uploads\/2024\/05\/dorada-scaled-e1717188243620.jpg","contentUrl":"https:\/\/www.ucaldas.edu.co\/portal\/wp-content\/uploads\/2024\/05\/dorada-scaled-e1717188243620.jpg","width":2560,"height":1920},{"@type":"BreadcrumbList","@id":"https:\/\/www.ucaldas.edu.co\/portal\/el-concejo-de-la-dorada-le-dijo-si-al-parque-educativo-empresarial-tecnologico-y-agroindustrial-de-la-universidad-de-caldas-en-el-magdalena-centro\/#breadcrumb","itemListElement":[{"@type":"ListItem","position":1,"name":"Portada","item":"https:\/\/www.ucaldas.edu.co\/portal\/"},{"@type":"ListItem","position":2,"name":"El Concejo de la Dorada le dijo s\u00ed al Parque Educativo, Empresarial, Tecnol\u00f3gico y Agroindustrial de la Universidad de Caldas en el Magdalena Centro"}]},{"@type":"WebSite","@id":"https:\/\/www.ucaldas.edu.co\/portal\/#website","url":"https:\/\/www.ucaldas.edu.co\/portal\/","name":"Universidad de Caldas","description":"","publisher":{"@id":"https:\/\/www.ucaldas.edu.co\/portal\/#organization"},"alternateName":"U. de Caldas","potentialAction":[{"@type":"SearchAction","target":{"@type":"EntryPoint","urlTemplate":"https:\/\/www.ucaldas.edu.co\/portal\/?s={search_term_string}"},"query-input":{"@type":"PropertyValueSpecification","valueRequired":true,"valueName":"search_term_string"}}],"inLanguage":"es"},{"@type":"Organization","@id":"https:\/\/www.ucaldas.edu.co\/portal\/#organization","name":"Universidad de Caldas","alternateName":"U. de Caldas","url":"https:\/\/www.ucaldas.edu.co\/portal\/","logo":{"@type":"ImageObject","inLanguage":"es","@id":"https:\/\/www.ucaldas.edu.co\/portal\/#\/schema\/logo\/image\/","url":"https:\/\/www.ucaldas.edu.co\/portal\/wp-content\/uploads\/2023\/11\/Logo_horizontal_oscuroU-2023.png","contentUrl":"https:\/\/www.ucaldas.edu.co\/portal\/wp-content\/uploads\/2023\/11\/Logo_horizontal_oscuroU-2023.png","width":263,"height":101,"caption":"Universidad de Caldas"},"image":{"@id":"https:\/\/www.ucaldas.edu.co\/portal\/#\/schema\/logo\/image\/"},"sameAs":["https:\/\/www.facebook.com\/udecaldas","https:\/\/x.com\/udecaldas","https:\/\/www.youtube.com\/universidadcaldas","https:\/\/www.instagram.com\/udecaldas\/"]},{"@type":"Person","@id":"https:\/\/www.ucaldas.edu.co\/portal\/#\/schema\/person\/a1b482e23449158b4bc319926c074fdf","name":"ofiprensa","image":{"@type":"ImageObject","inLanguage":"es","@id":"https:\/\/www.ucaldas.edu.co\/portal\/wp-content\/litespeed\/avatar\/09ea5085e600095a7a811142c6944527.jpg?ver=1776892805","url":"https:\/\/www.ucaldas.edu.co\/portal\/wp-content\/litespeed\/avatar\/09ea5085e600095a7a811142c6944527.jpg?ver=1776892805","contentUrl":"https:\/\/www.ucaldas.edu.co\/portal\/wp-content\/litespeed\/avatar\/09ea5085e600095a7a811142c6944527.jpg?ver=1776892805","caption":"ofiprensa"},"url":"https:\/\/www.ucaldas.edu.co\/portal\/author\/ofiprensa\/"}]}},"_links":{"self":[{"href":"https:\/\/www.ucaldas.edu.co\/portal\/wp-json\/wp\/v2\/posts\/81651","targetHints":{"allow":["GET"]}}],"collection":[{"href":"https:\/\/www.ucaldas.edu.co\/portal\/wp-json\/wp\/v2\/posts"}],"about":[{"href":"https:\/\/www.ucaldas.edu.co\/portal\/wp-json\/wp\/v2\/types\/post"}],"author":[{"embeddable":true,"href":"https:\/\/www.ucaldas.edu.co\/portal\/wp-json\/wp\/v2\/users\/2"}],"replies":[{"embeddable":true,"href":"https:\/\/www.ucaldas.edu.co\/portal\/wp-json\/wp\/v2\/comments?post=81651"}],"version-history":[{"count":0,"href":"https:\/\/www.ucaldas.edu.co\/portal\/wp-json\/wp\/v2\/posts\/81651\/revisions"}],"wp:featuredmedia":[{"embeddable":true,"href":"https:\/\/www.ucaldas.edu.co\/portal\/wp-json\/wp\/v2\/media\/81655"}],"wp:attachment":[{"href":"https:\/\/www.ucaldas.edu.co\/portal\/wp-json\/wp\/v2\/media?parent=81651"}],"wp:term":[{"taxonomy":"category","embeddable":true,"href":"https:\/\/www.ucaldas.edu.co\/portal\/wp-json\/wp\/v2\/categories?post=81651"},{"taxonomy":"post_tag","embeddable":true,"href":"https:\/\/www.ucaldas.edu.co\/portal\/wp-json\/wp\/v2\/tags?post=81651"}],"curies":[{"name":"wp","href":"https:\/\/api.w.org\/{rel}","templated":true}]}}