{"id":81638,"date":"2024-05-30T17:26:59","date_gmt":"2024-05-30T22:26:59","guid":{"rendered":"https:\/\/www.ucaldas.edu.co\/portal\/?p=81638"},"modified":"2024-05-30T17:26:59","modified_gmt":"2024-05-30T22:26:59","slug":"invitacion-a-participar-en-las-convocatorias-del-festival-internacional-de-musica-cima-2024","status":"publish","type":"post","link":"https:\/\/www.ucaldas.edu.co\/portal\/invitacion-a-participar-en-las-convocatorias-del-festival-internacional-de-musica-cima-2024\/","title":{"rendered":"Invitaci\u00f3n a participar en las Convocatorias del Festival Internacional de M\u00fasica CiMa 2024"},"content":{"rendered":"<p><img loading=\"lazy\" decoding=\"async\" class=\"alignnone size-full wp-image-81641\" src=\"https:\/\/www.ucaldas.edu.co\/portal\/wp-content\/uploads\/2024\/05\/convocatoria-CIMA.jpg\" alt=\"Afiche promocional del Festival Internacional de M\u00fasica CiMA que se realizar\u00e1 en septiembre. Abren convocatoria para m\u00fasicos que quieran participar en foro acad\u00e9mico, concierto de grupo y concierto de mujeres.\" width=\"1080\" height=\"1080\" \/><\/p>\n<p>&nbsp;<\/p>\n<p style=\"text-align: justify;\">La IX edici\u00f3n del Festival Internacional de M\u00fasica CiMa \u201cColombia en la Cima\u201d abre sus puertas para participar en sus convocatorias de este 2024. La Facultad de Artes y Humanidades invita a la comunidad universitaria y p\u00fablico en general \u00a0a enviar sus propuestas para formar parte de la edici\u00f3n 2024 del Festival, que se llevar\u00e1 a cabo del 9 al 14 de septiembre en la ciudad de Manizales. Esta es una oportunidad para interactuar con otros artistas del sector y participar en actividades como talleres, conferencias y clases magistrales.<!--more--><\/p>\n<p style=\"text-align: justify;\">Este festival, conocido por su diversidad y excelencia art\u00edstica, ofrecer\u00e1 una plataforma \u00fanica para m\u00fasicos locales e internacionales. Desde el jazz hasta la m\u00fasica cl\u00e1sica, pasando por g\u00e9neros folcl\u00f3ricos y contempor\u00e1neos, CIMA ofrece un viaje musical para todos los gustos, donde adem\u00e1s se brindar\u00e1 la oportunidad de establecer conexiones interculturales y fomentar el di\u00e1logo a trav\u00e9s de la m\u00fasica, reafirmando el compromiso de la Universidad de Caldas con la diversidad y la difusi\u00f3n de talentos art\u00edsticos.<\/p>\n<p style=\"text-align: justify;\"><strong>La convocatoria para este 2024 incluye tres categor\u00edas: <\/strong><\/p>\n<p style=\"text-align: justify;\"><strong>Conciertos<\/strong>: dirigido a todas las agrupaciones, solistas, m\u00fasicos, que quieran un concierto dentro del Festival.<\/p>\n<p style=\"text-align: justify;\"><strong>Mujeres en la CiMa:<\/strong> dirigido a mujeres int\u00e9rpretes y compositoras. Este concierto se viene haciendo en las \u00faltimas tres ediciones del Festival. Consiste en reconocer el talento y valor de la mujer en el contexto de la m\u00fasica.<\/p>\n<p style=\"text-align: justify;\"><strong>Foro Acad\u00e9mico:<\/strong> espacio de encuentro de saberes donde se presentar\u00e1n resultados de investigaci\u00f3n en el \u00e1mbito de la m\u00fasica, musicolog\u00eda y otras \u00e1reas relacionadas.<\/p>\n<p style=\"text-align: justify;\">Para m\u00e1s informaci\u00f3n y detalles sobre c\u00f3mo participar, los interesados pueden consultar aqu\u00ed las bases de la convocatoria:<\/p>\n<p>Los informes y env\u00edos de propuestas deben realizarse al correo electr\u00f3nico:<\/p>\n<p><a href=\"mailto:festcima@ucaldas.edu.co\">festcima@ucaldas.edu.co<\/a><\/p>\n<p><strong>\u00a1Esperamos\u00a0tu\u00a0propuesta!<\/strong><\/p>\n<p><strong>Anexo<\/strong><\/p>\n<p><a href=\"https:\/\/www.ucaldas.edu.co\/portal\/wp-content\/uploads\/2024\/05\/yovani.mp3\"><strong>Audio director general del Festival Internacional de M\u00fasica CiMA, Yovanny \u00a0Betancur<\/strong><\/a><\/p>\n<audio class=\"wp-audio-shortcode\" id=\"audio-81638-1\" preload=\"none\" style=\"width: 100%;\" controls=\"controls\"><source type=\"audio\/mpeg\" src=\"https:\/\/www.ucaldas.edu.co\/portal\/wp-content\/uploads\/2024\/05\/yovani.mp3?_=1\" \/><a href=\"https:\/\/www.ucaldas.edu.co\/portal\/wp-content\/uploads\/2024\/05\/yovani.mp3\">https:\/\/www.ucaldas.edu.co\/portal\/wp-content\/uploads\/2024\/05\/yovani.mp3<\/a><\/audio>\n<p><strong>\u00a0<\/strong><\/p>\n","protected":false},"excerpt":{"rendered":"<p>&nbsp; La IX edici\u00f3n del Festival Internacional de M\u00fasica CiMa \u201cColombia en la Cima\u201d abre sus puertas para participar en sus convocatorias de este 2024. La Facultad de Artes y Humanidades invita a la comunidad universitaria y p\u00fablico en general \u00a0a enviar sus propuestas para formar parte de la edici\u00f3n 2024 del Festival, que se [&hellip;]<\/p>\n","protected":false},"author":2,"featured_media":81641,"comment_status":"closed","ping_status":"open","sticky":false,"template":"","format":"standard","meta":{"footnotes":""},"categories":[48,53],"tags":[7930,9733],"class_list":["post-81638","post","type-post","status-publish","format-standard","has-post-thumbnail","hentry","category-actualidad","category-universidad-al-dia","tag-evento-musical","tag-fest-cima"],"yoast_head":"<!-- This site is optimized with the Yoast SEO plugin v27.5 - https:\/\/yoast.com\/product\/yoast-seo-wordpress\/ -->\n<title>Invitaci\u00f3n a participar en las Convocatorias del Festival Internacional de M\u00fasica CiMa 2024 .<\/title>\n<meta name=\"robots\" content=\"index, follow, max-snippet:-1, max-image-preview:large, max-video-preview:-1\" \/>\n<link rel=\"canonical\" href=\"https:\/\/www.ucaldas.edu.co\/portal\/invitacion-a-participar-en-las-convocatorias-del-festival-internacional-de-musica-cima-2024\/\" \/>\n<script type=\"application\/ld+json\" class=\"yoast-schema-graph\">{\"@context\":\"https:\\\/\\\/schema.org\",\"@graph\":[{\"@type\":\"Article\",\"@id\":\"https:\\\/\\\/www.ucaldas.edu.co\\\/portal\\\/invitacion-a-participar-en-las-convocatorias-del-festival-internacional-de-musica-cima-2024\\\/#article\",\"isPartOf\":{\"@id\":\"https:\\\/\\\/www.ucaldas.edu.co\\\/portal\\\/invitacion-a-participar-en-las-convocatorias-del-festival-internacional-de-musica-cima-2024\\\/\"},\"author\":{\"name\":\"ofiprensa\",\"@id\":\"https:\\\/\\\/www.ucaldas.edu.co\\\/portal\\\/#\\\/schema\\\/person\\\/a1b482e23449158b4bc319926c074fdf\"},\"headline\":\"Invitaci\u00f3n a participar en las Convocatorias del Festival Internacional de M\u00fasica CiMa 2024\",\"datePublished\":\"2024-05-30T22:26:59+00:00\",\"mainEntityOfPage\":{\"@id\":\"https:\\\/\\\/www.ucaldas.edu.co\\\/portal\\\/invitacion-a-participar-en-las-convocatorias-del-festival-internacional-de-musica-cima-2024\\\/\"},\"wordCount\":353,\"publisher\":{\"@id\":\"https:\\\/\\\/www.ucaldas.edu.co\\\/portal\\\/#organization\"},\"image\":{\"@id\":\"https:\\\/\\\/www.ucaldas.edu.co\\\/portal\\\/invitacion-a-participar-en-las-convocatorias-del-festival-internacional-de-musica-cima-2024\\\/#primaryimage\"},\"thumbnailUrl\":\"https:\\\/\\\/www.ucaldas.edu.co\\\/portal\\\/wp-content\\\/uploads\\\/2024\\\/05\\\/convocatoria-CIMA.jpg\",\"keywords\":[\"evento musical\",\"fest cima\"],\"articleSection\":[\"Actualidad\",\"Universidad al D\u00eda\"],\"inLanguage\":\"es\"},{\"@type\":\"WebPage\",\"@id\":\"https:\\\/\\\/www.ucaldas.edu.co\\\/portal\\\/invitacion-a-participar-en-las-convocatorias-del-festival-internacional-de-musica-cima-2024\\\/\",\"url\":\"https:\\\/\\\/www.ucaldas.edu.co\\\/portal\\\/invitacion-a-participar-en-las-convocatorias-del-festival-internacional-de-musica-cima-2024\\\/\",\"name\":\"Invitaci\u00f3n a participar en las Convocatorias del Festival Internacional de M\u00fasica CiMa 2024 .\",\"isPartOf\":{\"@id\":\"https:\\\/\\\/www.ucaldas.edu.co\\\/portal\\\/#website\"},\"primaryImageOfPage\":{\"@id\":\"https:\\\/\\\/www.ucaldas.edu.co\\\/portal\\\/invitacion-a-participar-en-las-convocatorias-del-festival-internacional-de-musica-cima-2024\\\/#primaryimage\"},\"image\":{\"@id\":\"https:\\\/\\\/www.ucaldas.edu.co\\\/portal\\\/invitacion-a-participar-en-las-convocatorias-del-festival-internacional-de-musica-cima-2024\\\/#primaryimage\"},\"thumbnailUrl\":\"https:\\\/\\\/www.ucaldas.edu.co\\\/portal\\\/wp-content\\\/uploads\\\/2024\\\/05\\\/convocatoria-CIMA.jpg\",\"datePublished\":\"2024-05-30T22:26:59+00:00\",\"breadcrumb\":{\"@id\":\"https:\\\/\\\/www.ucaldas.edu.co\\\/portal\\\/invitacion-a-participar-en-las-convocatorias-del-festival-internacional-de-musica-cima-2024\\\/#breadcrumb\"},\"inLanguage\":\"es\",\"potentialAction\":[{\"@type\":\"ReadAction\",\"target\":[\"https:\\\/\\\/www.ucaldas.edu.co\\\/portal\\\/invitacion-a-participar-en-las-convocatorias-del-festival-internacional-de-musica-cima-2024\\\/\"]}]},{\"@type\":\"ImageObject\",\"inLanguage\":\"es\",\"@id\":\"https:\\\/\\\/www.ucaldas.edu.co\\\/portal\\\/invitacion-a-participar-en-las-convocatorias-del-festival-internacional-de-musica-cima-2024\\\/#primaryimage\",\"url\":\"https:\\\/\\\/www.ucaldas.edu.co\\\/portal\\\/wp-content\\\/uploads\\\/2024\\\/05\\\/convocatoria-CIMA.jpg\",\"contentUrl\":\"https:\\\/\\\/www.ucaldas.edu.co\\\/portal\\\/wp-content\\\/uploads\\\/2024\\\/05\\\/convocatoria-CIMA.jpg\",\"width\":1080,\"height\":1080,\"caption\":\"Afiche promocional del Festival Internacional de M\u00fasica CiMA que se realizar\u00e1 en septiembre. Abren convocatoria para m\u00fasicos que quieran participar en foro acad\u00e9mico, concierto de grupo y concierto de mujeres.\"},{\"@type\":\"BreadcrumbList\",\"@id\":\"https:\\\/\\\/www.ucaldas.edu.co\\\/portal\\\/invitacion-a-participar-en-las-convocatorias-del-festival-internacional-de-musica-cima-2024\\\/#breadcrumb\",\"itemListElement\":[{\"@type\":\"ListItem\",\"position\":1,\"name\":\"Portada\",\"item\":\"https:\\\/\\\/www.ucaldas.edu.co\\\/portal\\\/\"},{\"@type\":\"ListItem\",\"position\":2,\"name\":\"Invitaci\u00f3n a participar en las Convocatorias del Festival Internacional de M\u00fasica CiMa 2024\"}]},{\"@type\":\"WebSite\",\"@id\":\"https:\\\/\\\/www.ucaldas.edu.co\\\/portal\\\/#website\",\"url\":\"https:\\\/\\\/www.ucaldas.edu.co\\\/portal\\\/\",\"name\":\"Universidad de Caldas\",\"description\":\"\",\"publisher\":{\"@id\":\"https:\\\/\\\/www.ucaldas.edu.co\\\/portal\\\/#organization\"},\"alternateName\":\"U. de Caldas\",\"potentialAction\":[{\"@type\":\"SearchAction\",\"target\":{\"@type\":\"EntryPoint\",\"urlTemplate\":\"https:\\\/\\\/www.ucaldas.edu.co\\\/portal\\\/?s={search_term_string}\"},\"query-input\":{\"@type\":\"PropertyValueSpecification\",\"valueRequired\":true,\"valueName\":\"search_term_string\"}}],\"inLanguage\":\"es\"},{\"@type\":\"Organization\",\"@id\":\"https:\\\/\\\/www.ucaldas.edu.co\\\/portal\\\/#organization\",\"name\":\"Universidad de Caldas\",\"alternateName\":\"U. de Caldas\",\"url\":\"https:\\\/\\\/www.ucaldas.edu.co\\\/portal\\\/\",\"logo\":{\"@type\":\"ImageObject\",\"inLanguage\":\"es\",\"@id\":\"https:\\\/\\\/www.ucaldas.edu.co\\\/portal\\\/#\\\/schema\\\/logo\\\/image\\\/\",\"url\":\"https:\\\/\\\/www.ucaldas.edu.co\\\/portal\\\/wp-content\\\/uploads\\\/2023\\\/11\\\/Logo_horizontal_oscuroU-2023.png\",\"contentUrl\":\"https:\\\/\\\/www.ucaldas.edu.co\\\/portal\\\/wp-content\\\/uploads\\\/2023\\\/11\\\/Logo_horizontal_oscuroU-2023.png\",\"width\":263,\"height\":101,\"caption\":\"Universidad de Caldas\"},\"image\":{\"@id\":\"https:\\\/\\\/www.ucaldas.edu.co\\\/portal\\\/#\\\/schema\\\/logo\\\/image\\\/\"},\"sameAs\":[\"https:\\\/\\\/www.facebook.com\\\/udecaldas\",\"https:\\\/\\\/x.com\\\/udecaldas\",\"https:\\\/\\\/www.youtube.com\\\/universidadcaldas\",\"https:\\\/\\\/www.instagram.com\\\/udecaldas\\\/\"]},{\"@type\":\"Person\",\"@id\":\"https:\\\/\\\/www.ucaldas.edu.co\\\/portal\\\/#\\\/schema\\\/person\\\/a1b482e23449158b4bc319926c074fdf\",\"name\":\"ofiprensa\",\"image\":{\"@type\":\"ImageObject\",\"inLanguage\":\"es\",\"@id\":\"https:\\\/\\\/www.ucaldas.edu.co\\\/portal\\\/wp-content\\\/litespeed\\\/avatar\\\/09ea5085e600095a7a811142c6944527.jpg?ver=1776892805\",\"url\":\"https:\\\/\\\/www.ucaldas.edu.co\\\/portal\\\/wp-content\\\/litespeed\\\/avatar\\\/09ea5085e600095a7a811142c6944527.jpg?ver=1776892805\",\"contentUrl\":\"https:\\\/\\\/www.ucaldas.edu.co\\\/portal\\\/wp-content\\\/litespeed\\\/avatar\\\/09ea5085e600095a7a811142c6944527.jpg?ver=1776892805\",\"caption\":\"ofiprensa\"},\"url\":\"https:\\\/\\\/www.ucaldas.edu.co\\\/portal\\\/author\\\/ofiprensa\\\/\"}]}<\/script>\n<!-- \/ Yoast SEO plugin. -->","yoast_head_json":{"title":"Invitaci\u00f3n a participar en las Convocatorias del Festival Internacional de M\u00fasica CiMa 2024 .","robots":{"index":"index","follow":"follow","max-snippet":"max-snippet:-1","max-image-preview":"max-image-preview:large","max-video-preview":"max-video-preview:-1"},"canonical":"https:\/\/www.ucaldas.edu.co\/portal\/invitacion-a-participar-en-las-convocatorias-del-festival-internacional-de-musica-cima-2024\/","schema":{"@context":"https:\/\/schema.org","@graph":[{"@type":"Article","@id":"https:\/\/www.ucaldas.edu.co\/portal\/invitacion-a-participar-en-las-convocatorias-del-festival-internacional-de-musica-cima-2024\/#article","isPartOf":{"@id":"https:\/\/www.ucaldas.edu.co\/portal\/invitacion-a-participar-en-las-convocatorias-del-festival-internacional-de-musica-cima-2024\/"},"author":{"name":"ofiprensa","@id":"https:\/\/www.ucaldas.edu.co\/portal\/#\/schema\/person\/a1b482e23449158b4bc319926c074fdf"},"headline":"Invitaci\u00f3n a participar en las Convocatorias del Festival Internacional de M\u00fasica CiMa 2024","datePublished":"2024-05-30T22:26:59+00:00","mainEntityOfPage":{"@id":"https:\/\/www.ucaldas.edu.co\/portal\/invitacion-a-participar-en-las-convocatorias-del-festival-internacional-de-musica-cima-2024\/"},"wordCount":353,"publisher":{"@id":"https:\/\/www.ucaldas.edu.co\/portal\/#organization"},"image":{"@id":"https:\/\/www.ucaldas.edu.co\/portal\/invitacion-a-participar-en-las-convocatorias-del-festival-internacional-de-musica-cima-2024\/#primaryimage"},"thumbnailUrl":"https:\/\/www.ucaldas.edu.co\/portal\/wp-content\/uploads\/2024\/05\/convocatoria-CIMA.jpg","keywords":["evento musical","fest cima"],"articleSection":["Actualidad","Universidad al D\u00eda"],"inLanguage":"es"},{"@type":"WebPage","@id":"https:\/\/www.ucaldas.edu.co\/portal\/invitacion-a-participar-en-las-convocatorias-del-festival-internacional-de-musica-cima-2024\/","url":"https:\/\/www.ucaldas.edu.co\/portal\/invitacion-a-participar-en-las-convocatorias-del-festival-internacional-de-musica-cima-2024\/","name":"Invitaci\u00f3n a participar en las Convocatorias del Festival Internacional de M\u00fasica CiMa 2024 .","isPartOf":{"@id":"https:\/\/www.ucaldas.edu.co\/portal\/#website"},"primaryImageOfPage":{"@id":"https:\/\/www.ucaldas.edu.co\/portal\/invitacion-a-participar-en-las-convocatorias-del-festival-internacional-de-musica-cima-2024\/#primaryimage"},"image":{"@id":"https:\/\/www.ucaldas.edu.co\/portal\/invitacion-a-participar-en-las-convocatorias-del-festival-internacional-de-musica-cima-2024\/#primaryimage"},"thumbnailUrl":"https:\/\/www.ucaldas.edu.co\/portal\/wp-content\/uploads\/2024\/05\/convocatoria-CIMA.jpg","datePublished":"2024-05-30T22:26:59+00:00","breadcrumb":{"@id":"https:\/\/www.ucaldas.edu.co\/portal\/invitacion-a-participar-en-las-convocatorias-del-festival-internacional-de-musica-cima-2024\/#breadcrumb"},"inLanguage":"es","potentialAction":[{"@type":"ReadAction","target":["https:\/\/www.ucaldas.edu.co\/portal\/invitacion-a-participar-en-las-convocatorias-del-festival-internacional-de-musica-cima-2024\/"]}]},{"@type":"ImageObject","inLanguage":"es","@id":"https:\/\/www.ucaldas.edu.co\/portal\/invitacion-a-participar-en-las-convocatorias-del-festival-internacional-de-musica-cima-2024\/#primaryimage","url":"https:\/\/www.ucaldas.edu.co\/portal\/wp-content\/uploads\/2024\/05\/convocatoria-CIMA.jpg","contentUrl":"https:\/\/www.ucaldas.edu.co\/portal\/wp-content\/uploads\/2024\/05\/convocatoria-CIMA.jpg","width":1080,"height":1080,"caption":"Afiche promocional del Festival Internacional de M\u00fasica CiMA que se realizar\u00e1 en septiembre. Abren convocatoria para m\u00fasicos que quieran participar en foro acad\u00e9mico, concierto de grupo y concierto de mujeres."},{"@type":"BreadcrumbList","@id":"https:\/\/www.ucaldas.edu.co\/portal\/invitacion-a-participar-en-las-convocatorias-del-festival-internacional-de-musica-cima-2024\/#breadcrumb","itemListElement":[{"@type":"ListItem","position":1,"name":"Portada","item":"https:\/\/www.ucaldas.edu.co\/portal\/"},{"@type":"ListItem","position":2,"name":"Invitaci\u00f3n a participar en las Convocatorias del Festival Internacional de M\u00fasica CiMa 2024"}]},{"@type":"WebSite","@id":"https:\/\/www.ucaldas.edu.co\/portal\/#website","url":"https:\/\/www.ucaldas.edu.co\/portal\/","name":"Universidad de Caldas","description":"","publisher":{"@id":"https:\/\/www.ucaldas.edu.co\/portal\/#organization"},"alternateName":"U. de Caldas","potentialAction":[{"@type":"SearchAction","target":{"@type":"EntryPoint","urlTemplate":"https:\/\/www.ucaldas.edu.co\/portal\/?s={search_term_string}"},"query-input":{"@type":"PropertyValueSpecification","valueRequired":true,"valueName":"search_term_string"}}],"inLanguage":"es"},{"@type":"Organization","@id":"https:\/\/www.ucaldas.edu.co\/portal\/#organization","name":"Universidad de Caldas","alternateName":"U. de Caldas","url":"https:\/\/www.ucaldas.edu.co\/portal\/","logo":{"@type":"ImageObject","inLanguage":"es","@id":"https:\/\/www.ucaldas.edu.co\/portal\/#\/schema\/logo\/image\/","url":"https:\/\/www.ucaldas.edu.co\/portal\/wp-content\/uploads\/2023\/11\/Logo_horizontal_oscuroU-2023.png","contentUrl":"https:\/\/www.ucaldas.edu.co\/portal\/wp-content\/uploads\/2023\/11\/Logo_horizontal_oscuroU-2023.png","width":263,"height":101,"caption":"Universidad de Caldas"},"image":{"@id":"https:\/\/www.ucaldas.edu.co\/portal\/#\/schema\/logo\/image\/"},"sameAs":["https:\/\/www.facebook.com\/udecaldas","https:\/\/x.com\/udecaldas","https:\/\/www.youtube.com\/universidadcaldas","https:\/\/www.instagram.com\/udecaldas\/"]},{"@type":"Person","@id":"https:\/\/www.ucaldas.edu.co\/portal\/#\/schema\/person\/a1b482e23449158b4bc319926c074fdf","name":"ofiprensa","image":{"@type":"ImageObject","inLanguage":"es","@id":"https:\/\/www.ucaldas.edu.co\/portal\/wp-content\/litespeed\/avatar\/09ea5085e600095a7a811142c6944527.jpg?ver=1776892805","url":"https:\/\/www.ucaldas.edu.co\/portal\/wp-content\/litespeed\/avatar\/09ea5085e600095a7a811142c6944527.jpg?ver=1776892805","contentUrl":"https:\/\/www.ucaldas.edu.co\/portal\/wp-content\/litespeed\/avatar\/09ea5085e600095a7a811142c6944527.jpg?ver=1776892805","caption":"ofiprensa"},"url":"https:\/\/www.ucaldas.edu.co\/portal\/author\/ofiprensa\/"}]}},"_links":{"self":[{"href":"https:\/\/www.ucaldas.edu.co\/portal\/wp-json\/wp\/v2\/posts\/81638","targetHints":{"allow":["GET"]}}],"collection":[{"href":"https:\/\/www.ucaldas.edu.co\/portal\/wp-json\/wp\/v2\/posts"}],"about":[{"href":"https:\/\/www.ucaldas.edu.co\/portal\/wp-json\/wp\/v2\/types\/post"}],"author":[{"embeddable":true,"href":"https:\/\/www.ucaldas.edu.co\/portal\/wp-json\/wp\/v2\/users\/2"}],"replies":[{"embeddable":true,"href":"https:\/\/www.ucaldas.edu.co\/portal\/wp-json\/wp\/v2\/comments?post=81638"}],"version-history":[{"count":0,"href":"https:\/\/www.ucaldas.edu.co\/portal\/wp-json\/wp\/v2\/posts\/81638\/revisions"}],"wp:featuredmedia":[{"embeddable":true,"href":"https:\/\/www.ucaldas.edu.co\/portal\/wp-json\/wp\/v2\/media\/81641"}],"wp:attachment":[{"href":"https:\/\/www.ucaldas.edu.co\/portal\/wp-json\/wp\/v2\/media?parent=81638"}],"wp:term":[{"taxonomy":"category","embeddable":true,"href":"https:\/\/www.ucaldas.edu.co\/portal\/wp-json\/wp\/v2\/categories?post=81638"},{"taxonomy":"post_tag","embeddable":true,"href":"https:\/\/www.ucaldas.edu.co\/portal\/wp-json\/wp\/v2\/tags?post=81638"}],"curies":[{"name":"wp","href":"https:\/\/api.w.org\/{rel}","templated":true}]}}