{"id":81630,"date":"2024-05-30T16:34:37","date_gmt":"2024-05-30T21:34:37","guid":{"rendered":"https:\/\/www.ucaldas.edu.co\/portal\/?p=81630"},"modified":"2024-05-30T16:34:37","modified_gmt":"2024-05-30T21:34:37","slug":"las-voces-comunitarias-hablaran-en-el-centro-cultural-universitario-rogelio-salmona","status":"publish","type":"post","link":"https:\/\/www.ucaldas.edu.co\/portal\/las-voces-comunitarias-hablaran-en-el-centro-cultural-universitario-rogelio-salmona\/","title":{"rendered":"Las voces comunitarias hablar\u00e1n en el Centro Cultural Universitario Rogelio Salmona"},"content":{"rendered":"<p><img loading=\"lazy\" decoding=\"async\" class=\"alignnone size-full wp-image-81632\" src=\"https:\/\/www.ucaldas.edu.co\/portal\/wp-content\/uploads\/2024\/05\/imagen-Entre-Voces.png\" alt=\"Afiche promocional del evento Entre Voces, donde se dar\u00e1n a conocer los resultados de una investigaci\u00f3n con comunidades vulnerables que han desarrollado acciones para salir de sus crisis.\" width=\"3840\" height=\"2160\" \/><\/p>\n<p style=\"text-align: justify;\">El pr\u00f3ximo 5 y 7 de junio se realizar\u00e1 el evento <em>Entre Voces: El poder de la recuperaci\u00f3n comunitaria, <\/em>en el auditorio principal del Centro Cultural Universitario Rogelio Salmona.<!--more--><\/p>\n<p style=\"text-align: justify;\">En este espacio se dar\u00e1n a conocer los resultados parciales del proyecto de investigaci\u00f3n de la Universidad de Caldas: \u201cVoces de Recuperaci\u00f3n. Reconocimiento de los riesgos interseccionales, las capacidades y las necesidades de recuperaci\u00f3n a partir de la pandemia del COVID 19, en comunidades marginalizadas de Am\u00e9rica Latina\u201d, financiado por el Ministerio de Ciencia, Tecnolog\u00eda e Innovaci\u00f3n y el International Development Research Centre, IDRC.<\/p>\n<p style=\"text-align: justify;\">A prop\u00f3sito de este evento, conversamos con la docente del Departamento de Desarrollo Humano e investigadora principal del proyecto Voces de Recuperaci\u00f3n, Victoria Lugo, quien ofrece un completo panorama de un proyecto que aporta a la paz en los territorios y al mejoramiento de la calidad de vida de las comunidades vinculadas.<\/p>\n<p style=\"text-align: justify;\"><strong>Oficina de Prensa<\/strong>: <em>\u00bfDe d\u00f3nde surge su inter\u00e9s en los temas de mitigaci\u00f3n de violencias y construcci\u00f3n de paz en los territorios?<\/em><\/p>\n<p style=\"text-align: justify;\"><strong>Victoria Lugo:<\/strong> de la intenci\u00f3n de aportar al mejoramiento de las condiciones de vida de las poblaciones que m\u00e1s han sufrido en Colombia. Estamos hablando de un conflicto armado de larga duraci\u00f3n, con casi diez millones de v\u00edctimas. Esto representa una din\u00e1mica muy compleja y dif\u00edcil de entender. Por eso creo que es un asunto de responsabilidad y de compromiso pol\u00edtico para aportar a la formaci\u00f3n de las nuevas generaciones de profesionales seg\u00fan las necesidades y caracter\u00edsticas de la sociedad donde viven.<\/p>\n<p style=\"text-align: justify;\"><strong>O.P:<\/strong> <em>\u00bfCu\u00e1l es el poder o los poderes de la recuperaci\u00f3n comunitaria a la luz de este proyecto de investigaci\u00f3n?<\/em><\/p>\n<p style=\"text-align: justify;\"><strong>V.L:<\/strong> Ese poder radica en la posibilidad de que nosotros entendamos y reconozcamos las acciones conjuntas que desarrollan las mismas comunidades para salir adelante en situaciones tan adversas como la pandemia del COVID 19. Estas acciones abren caminos para una interlocuci\u00f3n m\u00e1s activa y propositiva con las instituciones del Estado. As\u00ed que este proyecto de Voces de Recuperaci\u00f3n se integra a toda una perspectiva de investigaci\u00f3n, cooperaci\u00f3n, educaci\u00f3n y fortalecimiento institucional.<\/p>\n<p style=\"text-align: justify;\"><strong>O.P<\/strong>: <em>\u00bfQu\u00e9 aprendizajes, lecciones y caminos surgieron a partir de este ejercicio de apropiaci\u00f3n del conocimiento con las seis organizaciones comunitarias?<\/em><\/p>\n<p style=\"text-align: justify;\"><strong>V.L:<\/strong> Este proyecto es una alianza internacional con investigadores de Brasil, Per\u00fa, Colombia, y est\u00e1 financiado por MinCiencias y el Instituto Canadiense IDRC. Entre todos nos propusimos entender tanto los impactos como las estrategias de recuperaci\u00f3n de las comunidades m\u00e1s vulnerables. Lo que hemos aprendido es que las comunidades tienen mucho para decir y ense\u00f1arnos a partir de su propia experiencia de vida y de su trabajo colectivo. As\u00ed mismo, nos ha quedado claro que es vital que alcen la voz en relaci\u00f3n a a las condiciones de pobreza, violencia, aislamiento o dificultad en el acceso a programas del Estado.<\/p>\n<p><strong>Anexo<\/strong><\/p>\n<p><a href=\"https:\/\/www.ucaldas.edu.co\/portal\/wp-content\/uploads\/2024\/05\/profe-lugo-entre-voces.mp3\"><strong>Audio docente del Departamento de Desarrollo Humano e investigadora principal del proyecto Voces de Recuperaci\u00f3n, Victoria Lugo.<\/strong><\/a><\/p>\n<audio class=\"wp-audio-shortcode\" id=\"audio-81630-1\" preload=\"none\" style=\"width: 100%;\" controls=\"controls\"><source type=\"audio\/mpeg\" src=\"https:\/\/www.ucaldas.edu.co\/portal\/wp-content\/uploads\/2024\/05\/profe-lugo-entre-voces.mp3?_=1\" \/><a href=\"https:\/\/www.ucaldas.edu.co\/portal\/wp-content\/uploads\/2024\/05\/profe-lugo-entre-voces.mp3\">https:\/\/www.ucaldas.edu.co\/portal\/wp-content\/uploads\/2024\/05\/profe-lugo-entre-voces.mp3<\/a><\/audio>\n<p>&nbsp;<\/p>\n<p>&nbsp;<\/p>\n","protected":false},"excerpt":{"rendered":"<p>El pr\u00f3ximo 5 y 7 de junio se realizar\u00e1 el evento Entre Voces: El poder de la recuperaci\u00f3n comunitaria, en el auditorio principal del Centro Cultural Universitario Rogelio Salmona.<\/p>\n","protected":false},"author":2,"featured_media":81632,"comment_status":"closed","ping_status":"open","sticky":false,"template":"","format":"standard","meta":{"footnotes":""},"categories":[48,53],"tags":[4543,5330,8192],"class_list":["post-81630","post","type-post","status-publish","format-standard","has-post-thumbnail","hentry","category-actualidad","category-universidad-al-dia","tag-minciencias","tag-territorios-de-paz","tag-bienestar-comunidad"],"yoast_head":"<!-- This site is optimized with the Yoast SEO plugin v27.5 - https:\/\/yoast.com\/product\/yoast-seo-wordpress\/ -->\n<title>Las voces comunitarias hablar\u00e1n en el Centro Cultural Universitario Rogelio Salmona .<\/title>\n<meta name=\"robots\" content=\"index, follow, max-snippet:-1, max-image-preview:large, max-video-preview:-1\" \/>\n<link rel=\"canonical\" href=\"https:\/\/www.ucaldas.edu.co\/portal\/las-voces-comunitarias-hablaran-en-el-centro-cultural-universitario-rogelio-salmona\/\" \/>\n<script type=\"application\/ld+json\" class=\"yoast-schema-graph\">{\"@context\":\"https:\\\/\\\/schema.org\",\"@graph\":[{\"@type\":\"Article\",\"@id\":\"https:\\\/\\\/www.ucaldas.edu.co\\\/portal\\\/las-voces-comunitarias-hablaran-en-el-centro-cultural-universitario-rogelio-salmona\\\/#article\",\"isPartOf\":{\"@id\":\"https:\\\/\\\/www.ucaldas.edu.co\\\/portal\\\/las-voces-comunitarias-hablaran-en-el-centro-cultural-universitario-rogelio-salmona\\\/\"},\"author\":{\"name\":\"ofiprensa\",\"@id\":\"https:\\\/\\\/www.ucaldas.edu.co\\\/portal\\\/#\\\/schema\\\/person\\\/a1b482e23449158b4bc319926c074fdf\"},\"headline\":\"Las voces comunitarias hablar\u00e1n en el Centro Cultural Universitario Rogelio Salmona\",\"datePublished\":\"2024-05-30T21:34:37+00:00\",\"mainEntityOfPage\":{\"@id\":\"https:\\\/\\\/www.ucaldas.edu.co\\\/portal\\\/las-voces-comunitarias-hablaran-en-el-centro-cultural-universitario-rogelio-salmona\\\/\"},\"wordCount\":546,\"publisher\":{\"@id\":\"https:\\\/\\\/www.ucaldas.edu.co\\\/portal\\\/#organization\"},\"image\":{\"@id\":\"https:\\\/\\\/www.ucaldas.edu.co\\\/portal\\\/las-voces-comunitarias-hablaran-en-el-centro-cultural-universitario-rogelio-salmona\\\/#primaryimage\"},\"thumbnailUrl\":\"https:\\\/\\\/www.ucaldas.edu.co\\\/portal\\\/wp-content\\\/uploads\\\/2024\\\/05\\\/imagen-Entre-Voces.png\",\"keywords\":[\"Minciencias\",\"territorios de paz\",\"bienestar comunidad\"],\"articleSection\":[\"Actualidad\",\"Universidad al D\u00eda\"],\"inLanguage\":\"es\"},{\"@type\":\"WebPage\",\"@id\":\"https:\\\/\\\/www.ucaldas.edu.co\\\/portal\\\/las-voces-comunitarias-hablaran-en-el-centro-cultural-universitario-rogelio-salmona\\\/\",\"url\":\"https:\\\/\\\/www.ucaldas.edu.co\\\/portal\\\/las-voces-comunitarias-hablaran-en-el-centro-cultural-universitario-rogelio-salmona\\\/\",\"name\":\"Las voces comunitarias hablar\u00e1n en el Centro Cultural Universitario Rogelio Salmona .\",\"isPartOf\":{\"@id\":\"https:\\\/\\\/www.ucaldas.edu.co\\\/portal\\\/#website\"},\"primaryImageOfPage\":{\"@id\":\"https:\\\/\\\/www.ucaldas.edu.co\\\/portal\\\/las-voces-comunitarias-hablaran-en-el-centro-cultural-universitario-rogelio-salmona\\\/#primaryimage\"},\"image\":{\"@id\":\"https:\\\/\\\/www.ucaldas.edu.co\\\/portal\\\/las-voces-comunitarias-hablaran-en-el-centro-cultural-universitario-rogelio-salmona\\\/#primaryimage\"},\"thumbnailUrl\":\"https:\\\/\\\/www.ucaldas.edu.co\\\/portal\\\/wp-content\\\/uploads\\\/2024\\\/05\\\/imagen-Entre-Voces.png\",\"datePublished\":\"2024-05-30T21:34:37+00:00\",\"breadcrumb\":{\"@id\":\"https:\\\/\\\/www.ucaldas.edu.co\\\/portal\\\/las-voces-comunitarias-hablaran-en-el-centro-cultural-universitario-rogelio-salmona\\\/#breadcrumb\"},\"inLanguage\":\"es\",\"potentialAction\":[{\"@type\":\"ReadAction\",\"target\":[\"https:\\\/\\\/www.ucaldas.edu.co\\\/portal\\\/las-voces-comunitarias-hablaran-en-el-centro-cultural-universitario-rogelio-salmona\\\/\"]}]},{\"@type\":\"ImageObject\",\"inLanguage\":\"es\",\"@id\":\"https:\\\/\\\/www.ucaldas.edu.co\\\/portal\\\/las-voces-comunitarias-hablaran-en-el-centro-cultural-universitario-rogelio-salmona\\\/#primaryimage\",\"url\":\"https:\\\/\\\/www.ucaldas.edu.co\\\/portal\\\/wp-content\\\/uploads\\\/2024\\\/05\\\/imagen-Entre-Voces.png\",\"contentUrl\":\"https:\\\/\\\/www.ucaldas.edu.co\\\/portal\\\/wp-content\\\/uploads\\\/2024\\\/05\\\/imagen-Entre-Voces.png\",\"width\":3840,\"height\":2160,\"caption\":\"Afiche promocional del evento Entre Voces, donde se dar\u00e1n a conocer los resultados de una investigaci\u00f3n con comunidades vulnerables que han desarrollado acciones para salir de sus crisis.\"},{\"@type\":\"BreadcrumbList\",\"@id\":\"https:\\\/\\\/www.ucaldas.edu.co\\\/portal\\\/las-voces-comunitarias-hablaran-en-el-centro-cultural-universitario-rogelio-salmona\\\/#breadcrumb\",\"itemListElement\":[{\"@type\":\"ListItem\",\"position\":1,\"name\":\"Portada\",\"item\":\"https:\\\/\\\/www.ucaldas.edu.co\\\/portal\\\/\"},{\"@type\":\"ListItem\",\"position\":2,\"name\":\"Las voces comunitarias hablar\u00e1n en el Centro Cultural Universitario Rogelio Salmona\"}]},{\"@type\":\"WebSite\",\"@id\":\"https:\\\/\\\/www.ucaldas.edu.co\\\/portal\\\/#website\",\"url\":\"https:\\\/\\\/www.ucaldas.edu.co\\\/portal\\\/\",\"name\":\"Universidad de Caldas\",\"description\":\"\",\"publisher\":{\"@id\":\"https:\\\/\\\/www.ucaldas.edu.co\\\/portal\\\/#organization\"},\"alternateName\":\"U. de Caldas\",\"potentialAction\":[{\"@type\":\"SearchAction\",\"target\":{\"@type\":\"EntryPoint\",\"urlTemplate\":\"https:\\\/\\\/www.ucaldas.edu.co\\\/portal\\\/?s={search_term_string}\"},\"query-input\":{\"@type\":\"PropertyValueSpecification\",\"valueRequired\":true,\"valueName\":\"search_term_string\"}}],\"inLanguage\":\"es\"},{\"@type\":\"Organization\",\"@id\":\"https:\\\/\\\/www.ucaldas.edu.co\\\/portal\\\/#organization\",\"name\":\"Universidad de Caldas\",\"alternateName\":\"U. de Caldas\",\"url\":\"https:\\\/\\\/www.ucaldas.edu.co\\\/portal\\\/\",\"logo\":{\"@type\":\"ImageObject\",\"inLanguage\":\"es\",\"@id\":\"https:\\\/\\\/www.ucaldas.edu.co\\\/portal\\\/#\\\/schema\\\/logo\\\/image\\\/\",\"url\":\"https:\\\/\\\/www.ucaldas.edu.co\\\/portal\\\/wp-content\\\/uploads\\\/2023\\\/11\\\/Logo_horizontal_oscuroU-2023.png\",\"contentUrl\":\"https:\\\/\\\/www.ucaldas.edu.co\\\/portal\\\/wp-content\\\/uploads\\\/2023\\\/11\\\/Logo_horizontal_oscuroU-2023.png\",\"width\":263,\"height\":101,\"caption\":\"Universidad de Caldas\"},\"image\":{\"@id\":\"https:\\\/\\\/www.ucaldas.edu.co\\\/portal\\\/#\\\/schema\\\/logo\\\/image\\\/\"},\"sameAs\":[\"https:\\\/\\\/www.facebook.com\\\/udecaldas\",\"https:\\\/\\\/x.com\\\/udecaldas\",\"https:\\\/\\\/www.youtube.com\\\/universidadcaldas\",\"https:\\\/\\\/www.instagram.com\\\/udecaldas\\\/\"]},{\"@type\":\"Person\",\"@id\":\"https:\\\/\\\/www.ucaldas.edu.co\\\/portal\\\/#\\\/schema\\\/person\\\/a1b482e23449158b4bc319926c074fdf\",\"name\":\"ofiprensa\",\"image\":{\"@type\":\"ImageObject\",\"inLanguage\":\"es\",\"@id\":\"https:\\\/\\\/www.ucaldas.edu.co\\\/portal\\\/wp-content\\\/litespeed\\\/avatar\\\/09ea5085e600095a7a811142c6944527.jpg?ver=1776892805\",\"url\":\"https:\\\/\\\/www.ucaldas.edu.co\\\/portal\\\/wp-content\\\/litespeed\\\/avatar\\\/09ea5085e600095a7a811142c6944527.jpg?ver=1776892805\",\"contentUrl\":\"https:\\\/\\\/www.ucaldas.edu.co\\\/portal\\\/wp-content\\\/litespeed\\\/avatar\\\/09ea5085e600095a7a811142c6944527.jpg?ver=1776892805\",\"caption\":\"ofiprensa\"},\"url\":\"https:\\\/\\\/www.ucaldas.edu.co\\\/portal\\\/author\\\/ofiprensa\\\/\"}]}<\/script>\n<!-- \/ Yoast SEO plugin. -->","yoast_head_json":{"title":"Las voces comunitarias hablar\u00e1n en el Centro Cultural Universitario Rogelio Salmona .","robots":{"index":"index","follow":"follow","max-snippet":"max-snippet:-1","max-image-preview":"max-image-preview:large","max-video-preview":"max-video-preview:-1"},"canonical":"https:\/\/www.ucaldas.edu.co\/portal\/las-voces-comunitarias-hablaran-en-el-centro-cultural-universitario-rogelio-salmona\/","schema":{"@context":"https:\/\/schema.org","@graph":[{"@type":"Article","@id":"https:\/\/www.ucaldas.edu.co\/portal\/las-voces-comunitarias-hablaran-en-el-centro-cultural-universitario-rogelio-salmona\/#article","isPartOf":{"@id":"https:\/\/www.ucaldas.edu.co\/portal\/las-voces-comunitarias-hablaran-en-el-centro-cultural-universitario-rogelio-salmona\/"},"author":{"name":"ofiprensa","@id":"https:\/\/www.ucaldas.edu.co\/portal\/#\/schema\/person\/a1b482e23449158b4bc319926c074fdf"},"headline":"Las voces comunitarias hablar\u00e1n en el Centro Cultural Universitario Rogelio Salmona","datePublished":"2024-05-30T21:34:37+00:00","mainEntityOfPage":{"@id":"https:\/\/www.ucaldas.edu.co\/portal\/las-voces-comunitarias-hablaran-en-el-centro-cultural-universitario-rogelio-salmona\/"},"wordCount":546,"publisher":{"@id":"https:\/\/www.ucaldas.edu.co\/portal\/#organization"},"image":{"@id":"https:\/\/www.ucaldas.edu.co\/portal\/las-voces-comunitarias-hablaran-en-el-centro-cultural-universitario-rogelio-salmona\/#primaryimage"},"thumbnailUrl":"https:\/\/www.ucaldas.edu.co\/portal\/wp-content\/uploads\/2024\/05\/imagen-Entre-Voces.png","keywords":["Minciencias","territorios de paz","bienestar comunidad"],"articleSection":["Actualidad","Universidad al D\u00eda"],"inLanguage":"es"},{"@type":"WebPage","@id":"https:\/\/www.ucaldas.edu.co\/portal\/las-voces-comunitarias-hablaran-en-el-centro-cultural-universitario-rogelio-salmona\/","url":"https:\/\/www.ucaldas.edu.co\/portal\/las-voces-comunitarias-hablaran-en-el-centro-cultural-universitario-rogelio-salmona\/","name":"Las voces comunitarias hablar\u00e1n en el Centro Cultural Universitario Rogelio Salmona .","isPartOf":{"@id":"https:\/\/www.ucaldas.edu.co\/portal\/#website"},"primaryImageOfPage":{"@id":"https:\/\/www.ucaldas.edu.co\/portal\/las-voces-comunitarias-hablaran-en-el-centro-cultural-universitario-rogelio-salmona\/#primaryimage"},"image":{"@id":"https:\/\/www.ucaldas.edu.co\/portal\/las-voces-comunitarias-hablaran-en-el-centro-cultural-universitario-rogelio-salmona\/#primaryimage"},"thumbnailUrl":"https:\/\/www.ucaldas.edu.co\/portal\/wp-content\/uploads\/2024\/05\/imagen-Entre-Voces.png","datePublished":"2024-05-30T21:34:37+00:00","breadcrumb":{"@id":"https:\/\/www.ucaldas.edu.co\/portal\/las-voces-comunitarias-hablaran-en-el-centro-cultural-universitario-rogelio-salmona\/#breadcrumb"},"inLanguage":"es","potentialAction":[{"@type":"ReadAction","target":["https:\/\/www.ucaldas.edu.co\/portal\/las-voces-comunitarias-hablaran-en-el-centro-cultural-universitario-rogelio-salmona\/"]}]},{"@type":"ImageObject","inLanguage":"es","@id":"https:\/\/www.ucaldas.edu.co\/portal\/las-voces-comunitarias-hablaran-en-el-centro-cultural-universitario-rogelio-salmona\/#primaryimage","url":"https:\/\/www.ucaldas.edu.co\/portal\/wp-content\/uploads\/2024\/05\/imagen-Entre-Voces.png","contentUrl":"https:\/\/www.ucaldas.edu.co\/portal\/wp-content\/uploads\/2024\/05\/imagen-Entre-Voces.png","width":3840,"height":2160,"caption":"Afiche promocional del evento Entre Voces, donde se dar\u00e1n a conocer los resultados de una investigaci\u00f3n con comunidades vulnerables que han desarrollado acciones para salir de sus crisis."},{"@type":"BreadcrumbList","@id":"https:\/\/www.ucaldas.edu.co\/portal\/las-voces-comunitarias-hablaran-en-el-centro-cultural-universitario-rogelio-salmona\/#breadcrumb","itemListElement":[{"@type":"ListItem","position":1,"name":"Portada","item":"https:\/\/www.ucaldas.edu.co\/portal\/"},{"@type":"ListItem","position":2,"name":"Las voces comunitarias hablar\u00e1n en el Centro Cultural Universitario Rogelio Salmona"}]},{"@type":"WebSite","@id":"https:\/\/www.ucaldas.edu.co\/portal\/#website","url":"https:\/\/www.ucaldas.edu.co\/portal\/","name":"Universidad de Caldas","description":"","publisher":{"@id":"https:\/\/www.ucaldas.edu.co\/portal\/#organization"},"alternateName":"U. de Caldas","potentialAction":[{"@type":"SearchAction","target":{"@type":"EntryPoint","urlTemplate":"https:\/\/www.ucaldas.edu.co\/portal\/?s={search_term_string}"},"query-input":{"@type":"PropertyValueSpecification","valueRequired":true,"valueName":"search_term_string"}}],"inLanguage":"es"},{"@type":"Organization","@id":"https:\/\/www.ucaldas.edu.co\/portal\/#organization","name":"Universidad de Caldas","alternateName":"U. de Caldas","url":"https:\/\/www.ucaldas.edu.co\/portal\/","logo":{"@type":"ImageObject","inLanguage":"es","@id":"https:\/\/www.ucaldas.edu.co\/portal\/#\/schema\/logo\/image\/","url":"https:\/\/www.ucaldas.edu.co\/portal\/wp-content\/uploads\/2023\/11\/Logo_horizontal_oscuroU-2023.png","contentUrl":"https:\/\/www.ucaldas.edu.co\/portal\/wp-content\/uploads\/2023\/11\/Logo_horizontal_oscuroU-2023.png","width":263,"height":101,"caption":"Universidad de Caldas"},"image":{"@id":"https:\/\/www.ucaldas.edu.co\/portal\/#\/schema\/logo\/image\/"},"sameAs":["https:\/\/www.facebook.com\/udecaldas","https:\/\/x.com\/udecaldas","https:\/\/www.youtube.com\/universidadcaldas","https:\/\/www.instagram.com\/udecaldas\/"]},{"@type":"Person","@id":"https:\/\/www.ucaldas.edu.co\/portal\/#\/schema\/person\/a1b482e23449158b4bc319926c074fdf","name":"ofiprensa","image":{"@type":"ImageObject","inLanguage":"es","@id":"https:\/\/www.ucaldas.edu.co\/portal\/wp-content\/litespeed\/avatar\/09ea5085e600095a7a811142c6944527.jpg?ver=1776892805","url":"https:\/\/www.ucaldas.edu.co\/portal\/wp-content\/litespeed\/avatar\/09ea5085e600095a7a811142c6944527.jpg?ver=1776892805","contentUrl":"https:\/\/www.ucaldas.edu.co\/portal\/wp-content\/litespeed\/avatar\/09ea5085e600095a7a811142c6944527.jpg?ver=1776892805","caption":"ofiprensa"},"url":"https:\/\/www.ucaldas.edu.co\/portal\/author\/ofiprensa\/"}]}},"_links":{"self":[{"href":"https:\/\/www.ucaldas.edu.co\/portal\/wp-json\/wp\/v2\/posts\/81630","targetHints":{"allow":["GET"]}}],"collection":[{"href":"https:\/\/www.ucaldas.edu.co\/portal\/wp-json\/wp\/v2\/posts"}],"about":[{"href":"https:\/\/www.ucaldas.edu.co\/portal\/wp-json\/wp\/v2\/types\/post"}],"author":[{"embeddable":true,"href":"https:\/\/www.ucaldas.edu.co\/portal\/wp-json\/wp\/v2\/users\/2"}],"replies":[{"embeddable":true,"href":"https:\/\/www.ucaldas.edu.co\/portal\/wp-json\/wp\/v2\/comments?post=81630"}],"version-history":[{"count":0,"href":"https:\/\/www.ucaldas.edu.co\/portal\/wp-json\/wp\/v2\/posts\/81630\/revisions"}],"wp:featuredmedia":[{"embeddable":true,"href":"https:\/\/www.ucaldas.edu.co\/portal\/wp-json\/wp\/v2\/media\/81632"}],"wp:attachment":[{"href":"https:\/\/www.ucaldas.edu.co\/portal\/wp-json\/wp\/v2\/media?parent=81630"}],"wp:term":[{"taxonomy":"category","embeddable":true,"href":"https:\/\/www.ucaldas.edu.co\/portal\/wp-json\/wp\/v2\/categories?post=81630"},{"taxonomy":"post_tag","embeddable":true,"href":"https:\/\/www.ucaldas.edu.co\/portal\/wp-json\/wp\/v2\/tags?post=81630"}],"curies":[{"name":"wp","href":"https:\/\/api.w.org\/{rel}","templated":true}]}}