{"id":81507,"date":"2024-05-22T17:57:46","date_gmt":"2024-05-22T22:57:46","guid":{"rendered":"https:\/\/www.ucaldas.edu.co\/portal\/?p=81507"},"modified":"2024-05-22T17:57:46","modified_gmt":"2024-05-22T22:57:46","slug":"u-de-caldas-en-el-camino-hacia-la-inclusion-participacion-en-el-encuentro-hispanoamericano-caminar-hacia-universidades-inclusivas","status":"publish","type":"post","link":"https:\/\/www.ucaldas.edu.co\/portal\/u-de-caldas-en-el-camino-hacia-la-inclusion-participacion-en-el-encuentro-hispanoamericano-caminar-hacia-universidades-inclusivas\/","title":{"rendered":"U. de Caldas en el camino hacia la inclusi\u00f3n. Participaci\u00f3n en el encuentro hispanoamericano \u201cCaminar hacia universidades inclusivas\u201d"},"content":{"rendered":"<p><img loading=\"lazy\" decoding=\"async\" class=\"alignnone size-full wp-image-81509\" src=\"https:\/\/www.ucaldas.edu.co\/portal\/wp-content\/uploads\/2024\/05\/Univbersidades-inclusivas-3.jpg\" alt=\"imagen del vicerrector acad\u00e9mico de la U. de Caldas, Germ\u00e1n Londo\u00f1o, participando en la UNIR de Espa\u00f1a, en encuentro de universidades en hispanoam\u00e9rica para hablar de inclusi\u00f3n.\" width=\"1600\" height=\"1200\" \/><\/p>\n<p style=\"text-align: justify;\">El Vicerrector Acad\u00e9mico de la Universidad de Caldas, Germ\u00e1n G\u00f3mez Londo\u00f1o, particip\u00f3 en el encuentro hispanoamericano \u201cCaminar hacia universidades inclusivas\u201d, realizado en la Universidad Internacional de la Rioja, donde se socializaron las mejores experiencias de inclusi\u00f3n y se plantearon los objetivos m\u00e1s apremiantes en los cuales deben trabajar los actores gubernamentales y acad\u00e9micos en esta parte del continente. <!--more--><\/p>\n<p style=\"text-align: justify;\">La mesa redonda donde particip\u00f3 el Vicerrector Acad\u00e9mico ten\u00eda por nombre <em>\u201cInvestigaci\u00f3n, Transferencia y Tecnolog\u00eda, tres herramientas para la inclusi\u00f3n\u201d.<\/em> En su intervenci\u00f3n, socializ\u00f3 experiencias exitosas del contexto local, como la del Sistema Universitario de Manizales, SUMA, o la validaci\u00f3n que ya se plantea en la U. de Caldas para incluir la segunda lengua ind\u00edgena en las pruebas de admisi\u00f3n y graduaci\u00f3n de estudiantes de pregrado y posgrado.<\/p>\n<p style=\"text-align: justify;\">\u201cEs la primera vez que se convoca a una conversaci\u00f3n alrededor del asunto de la inclusi\u00f3n en Iberoam\u00e9rica. Creo que todos los procesos que se expusieron fueron muy interesantes. Una de mis conclusiones es que en Colombia vamos bien, pero esto tiene que ser un esfuerzo conjunto, donde se cuente con apoyos econ\u00f3micos de los ministerios, pues se requieren importantes recursos para dotaci\u00f3n tecnol\u00f3gica, capacitaci\u00f3n de personal docente, adecuaci\u00f3n de los campus\u00a0 y dem\u00e1s\u201d, expres\u00f3 el Vicerrector acad\u00e9mico de la Universidad de Caldas, Germ\u00e1n G\u00f3mez Londo\u00f1o.<\/p>\n<p><strong>Buenas pr\u00e1cticas de inclusi\u00f3n U. de Caldas:<\/strong><\/p>\n<ul>\n<li style=\"text-align: justify;\">De la mano de Bienestar y otras facultades se viene trabajando en la identificaci\u00f3n de la poblaci\u00f3n estudiantil que tiene dificultades para el acceso a las instalaciones.<\/li>\n<li style=\"text-align: justify;\">En el programa Universidad en tu Pueblo y los programas con la Fundaci\u00f3n Luker y la Alcald\u00eda, se cuenta con int\u00e9rpretes de se\u00f1as para facilitar el tr\u00e1nsito a la educaci\u00f3n superior de los estudiantes de la media.<\/li>\n<li style=\"text-align: justify;\">Las remodelaciones que se han hecho en algunos campus est\u00e1n orientadas para facilitar el tr\u00e1nsito entre los edificios. Hay sedes como Jur\u00eddicas y Ciencias para la Salud que cuentan con ingreso en ascensor. En el edificio central est\u00e1n las rampas de acceso.<\/li>\n<\/ul>\n<p><strong>Anexo<\/strong><\/p>\n<p><a href=\"https:\/\/www.ucaldas.edu.co\/portal\/wp-content\/uploads\/2024\/05\/vice-German-inclusion.mp3\"><strong>Vicerrector acad\u00e9mico de la Universidad de Caldas, Germ\u00e1n G\u00f3mez Londo\u00f1o.<\/strong><\/a><\/p>\n<audio class=\"wp-audio-shortcode\" id=\"audio-81507-1\" preload=\"none\" style=\"width: 100%;\" controls=\"controls\"><source type=\"audio\/mpeg\" src=\"https:\/\/www.ucaldas.edu.co\/portal\/wp-content\/uploads\/2024\/05\/vice-German-inclusion.mp3?_=1\" \/><a href=\"https:\/\/www.ucaldas.edu.co\/portal\/wp-content\/uploads\/2024\/05\/vice-German-inclusion.mp3\">https:\/\/www.ucaldas.edu.co\/portal\/wp-content\/uploads\/2024\/05\/vice-German-inclusion.mp3<\/a><\/audio>\n","protected":false},"excerpt":{"rendered":"<p>El Vicerrector Acad\u00e9mico de la Universidad de Caldas, Germ\u00e1n G\u00f3mez Londo\u00f1o, particip\u00f3 en el encuentro hispanoamericano \u201cCaminar hacia universidades inclusivas\u201d, realizado en la Universidad Internacional de la Rioja, donde se socializaron las mejores experiencias de inclusi\u00f3n y se plantearon los objetivos m\u00e1s apremiantes en los cuales deben trabajar los actores gubernamentales y acad\u00e9micos en esta [&hellip;]<\/p>\n","protected":false},"author":2,"featured_media":81509,"comment_status":"closed","ping_status":"open","sticky":false,"template":"","format":"standard","meta":{"footnotes":"","_members_access_role":[],"_members_access_error":""},"categories":[48,53],"tags":[178,6023,8958],"class_list":["post-81507","post","type-post","status-publish","format-standard","has-post-thumbnail","hentry","category-actualidad","category-universidad-al-dia","tag-encuentro","tag-u-de-caldas-por-el-mundo","tag-inclusion-educacion"],"yoast_head":"<!-- This site is optimized with the Yoast SEO plugin v28.4 - https:\/\/yoast.com\/product\/yoast-seo-wordpress\/ -->\n<title>U. de Caldas en el camino hacia la inclusi\u00f3n. Participaci\u00f3n en el encuentro hispanoamericano \u201cCaminar hacia universidades inclusivas\u201d .<\/title>\n<meta name=\"robots\" content=\"index, follow, max-snippet:-1, max-image-preview:large, max-video-preview:-1\" \/>\n<link rel=\"canonical\" href=\"https:\/\/www.ucaldas.edu.co\/portal\/u-de-caldas-en-el-camino-hacia-la-inclusion-participacion-en-el-encuentro-hispanoamericano-caminar-hacia-universidades-inclusivas\/\" \/>\n<script type=\"application\/ld+json\" class=\"yoast-schema-graph\">{\"@context\":\"https:\\\/\\\/schema.org\",\"@graph\":[{\"@type\":\"Article\",\"@id\":\"https:\\\/\\\/www.ucaldas.edu.co\\\/portal\\\/u-de-caldas-en-el-camino-hacia-la-inclusion-participacion-en-el-encuentro-hispanoamericano-caminar-hacia-universidades-inclusivas\\\/#article\",\"isPartOf\":{\"@id\":\"https:\\\/\\\/www.ucaldas.edu.co\\\/portal\\\/u-de-caldas-en-el-camino-hacia-la-inclusion-participacion-en-el-encuentro-hispanoamericano-caminar-hacia-universidades-inclusivas\\\/\"},\"author\":{\"name\":\"ofiprensa\",\"@id\":\"https:\\\/\\\/www.ucaldas.edu.co\\\/portal\\\/#\\\/schema\\\/person\\\/a1b482e23449158b4bc319926c074fdf\"},\"headline\":\"U. de Caldas en el camino hacia la inclusi\u00f3n. Participaci\u00f3n en el encuentro hispanoamericano \u201cCaminar hacia universidades inclusivas\u201d\",\"datePublished\":\"2024-05-22T22:57:46+00:00\",\"mainEntityOfPage\":{\"@id\":\"https:\\\/\\\/www.ucaldas.edu.co\\\/portal\\\/u-de-caldas-en-el-camino-hacia-la-inclusion-participacion-en-el-encuentro-hispanoamericano-caminar-hacia-universidades-inclusivas\\\/\"},\"wordCount\":417,\"publisher\":{\"@id\":\"https:\\\/\\\/www.ucaldas.edu.co\\\/portal\\\/#organization\"},\"image\":{\"@id\":\"https:\\\/\\\/www.ucaldas.edu.co\\\/portal\\\/u-de-caldas-en-el-camino-hacia-la-inclusion-participacion-en-el-encuentro-hispanoamericano-caminar-hacia-universidades-inclusivas\\\/#primaryimage\"},\"thumbnailUrl\":\"https:\\\/\\\/www.ucaldas.edu.co\\\/portal\\\/wp-content\\\/uploads\\\/2024\\\/05\\\/Univbersidades-inclusivas-3.jpg\",\"keywords\":[\"encuentro\",\"u de caldas por el mundo\",\"inclusi\u00f3n educaci\u00f3n\"],\"articleSection\":[\"Actualidad\",\"Universidad al D\u00eda\"],\"inLanguage\":\"es\"},{\"@type\":\"WebPage\",\"@id\":\"https:\\\/\\\/www.ucaldas.edu.co\\\/portal\\\/u-de-caldas-en-el-camino-hacia-la-inclusion-participacion-en-el-encuentro-hispanoamericano-caminar-hacia-universidades-inclusivas\\\/\",\"url\":\"https:\\\/\\\/www.ucaldas.edu.co\\\/portal\\\/u-de-caldas-en-el-camino-hacia-la-inclusion-participacion-en-el-encuentro-hispanoamericano-caminar-hacia-universidades-inclusivas\\\/\",\"name\":\"U. de Caldas en el camino hacia la inclusi\u00f3n. Participaci\u00f3n en el encuentro hispanoamericano \u201cCaminar hacia universidades inclusivas\u201d .\",\"isPartOf\":{\"@id\":\"https:\\\/\\\/www.ucaldas.edu.co\\\/portal\\\/#website\"},\"primaryImageOfPage\":{\"@id\":\"https:\\\/\\\/www.ucaldas.edu.co\\\/portal\\\/u-de-caldas-en-el-camino-hacia-la-inclusion-participacion-en-el-encuentro-hispanoamericano-caminar-hacia-universidades-inclusivas\\\/#primaryimage\"},\"image\":{\"@id\":\"https:\\\/\\\/www.ucaldas.edu.co\\\/portal\\\/u-de-caldas-en-el-camino-hacia-la-inclusion-participacion-en-el-encuentro-hispanoamericano-caminar-hacia-universidades-inclusivas\\\/#primaryimage\"},\"thumbnailUrl\":\"https:\\\/\\\/www.ucaldas.edu.co\\\/portal\\\/wp-content\\\/uploads\\\/2024\\\/05\\\/Univbersidades-inclusivas-3.jpg\",\"datePublished\":\"2024-05-22T22:57:46+00:00\",\"breadcrumb\":{\"@id\":\"https:\\\/\\\/www.ucaldas.edu.co\\\/portal\\\/u-de-caldas-en-el-camino-hacia-la-inclusion-participacion-en-el-encuentro-hispanoamericano-caminar-hacia-universidades-inclusivas\\\/#breadcrumb\"},\"inLanguage\":\"es\",\"potentialAction\":[{\"@type\":\"ReadAction\",\"target\":[\"https:\\\/\\\/www.ucaldas.edu.co\\\/portal\\\/u-de-caldas-en-el-camino-hacia-la-inclusion-participacion-en-el-encuentro-hispanoamericano-caminar-hacia-universidades-inclusivas\\\/\"]}]},{\"@type\":\"ImageObject\",\"inLanguage\":\"es\",\"@id\":\"https:\\\/\\\/www.ucaldas.edu.co\\\/portal\\\/u-de-caldas-en-el-camino-hacia-la-inclusion-participacion-en-el-encuentro-hispanoamericano-caminar-hacia-universidades-inclusivas\\\/#primaryimage\",\"url\":\"https:\\\/\\\/www.ucaldas.edu.co\\\/portal\\\/wp-content\\\/uploads\\\/2024\\\/05\\\/Univbersidades-inclusivas-3.jpg\",\"contentUrl\":\"https:\\\/\\\/www.ucaldas.edu.co\\\/portal\\\/wp-content\\\/uploads\\\/2024\\\/05\\\/Univbersidades-inclusivas-3.jpg\",\"width\":1600,\"height\":1200,\"caption\":\"imagen del vicerrector acad\u00e9mico de la U. de Caldas, Germ\u00e1n Londo\u00f1o, participando en la UNIR de Espa\u00f1a, en encuentro de universidades en hispanoam\u00e9rica para hablar de inclusi\u00f3n.\"},{\"@type\":\"BreadcrumbList\",\"@id\":\"https:\\\/\\\/www.ucaldas.edu.co\\\/portal\\\/u-de-caldas-en-el-camino-hacia-la-inclusion-participacion-en-el-encuentro-hispanoamericano-caminar-hacia-universidades-inclusivas\\\/#breadcrumb\",\"itemListElement\":[{\"@type\":\"ListItem\",\"position\":1,\"name\":\"Portada\",\"item\":\"https:\\\/\\\/www.ucaldas.edu.co\\\/portal\\\/\"},{\"@type\":\"ListItem\",\"position\":2,\"name\":\"U. de Caldas en el camino hacia la inclusi\u00f3n. Participaci\u00f3n en el encuentro hispanoamericano \u201cCaminar hacia universidades inclusivas\u201d\"}]},{\"@type\":\"WebSite\",\"@id\":\"https:\\\/\\\/www.ucaldas.edu.co\\\/portal\\\/#website\",\"url\":\"https:\\\/\\\/www.ucaldas.edu.co\\\/portal\\\/\",\"name\":\"Universidad de Caldas\",\"description\":\"\",\"publisher\":{\"@id\":\"https:\\\/\\\/www.ucaldas.edu.co\\\/portal\\\/#organization\"},\"alternateName\":\"U. de Caldas\",\"potentialAction\":[{\"@type\":\"SearchAction\",\"target\":{\"@type\":\"EntryPoint\",\"urlTemplate\":\"https:\\\/\\\/www.ucaldas.edu.co\\\/portal\\\/?s={search_term_string}\"},\"query-input\":{\"@type\":\"PropertyValueSpecification\",\"valueRequired\":true,\"valueName\":\"search_term_string\"}}],\"inLanguage\":\"es\"},{\"@type\":\"Organization\",\"@id\":\"https:\\\/\\\/www.ucaldas.edu.co\\\/portal\\\/#organization\",\"name\":\"Universidad de Caldas\",\"alternateName\":\"U. de Caldas\",\"url\":\"https:\\\/\\\/www.ucaldas.edu.co\\\/portal\\\/\",\"logo\":{\"@type\":\"ImageObject\",\"inLanguage\":\"es\",\"@id\":\"https:\\\/\\\/www.ucaldas.edu.co\\\/portal\\\/#\\\/schema\\\/logo\\\/image\\\/\",\"url\":\"https:\\\/\\\/www.ucaldas.edu.co\\\/portal\\\/wp-content\\\/uploads\\\/2023\\\/11\\\/Logo_horizontal_oscuroU-2023.png\",\"contentUrl\":\"https:\\\/\\\/www.ucaldas.edu.co\\\/portal\\\/wp-content\\\/uploads\\\/2023\\\/11\\\/Logo_horizontal_oscuroU-2023.png\",\"width\":263,\"height\":101,\"caption\":\"Universidad de Caldas\"},\"image\":{\"@id\":\"https:\\\/\\\/www.ucaldas.edu.co\\\/portal\\\/#\\\/schema\\\/logo\\\/image\\\/\"},\"sameAs\":[\"https:\\\/\\\/www.facebook.com\\\/udecaldas\",\"https:\\\/\\\/x.com\\\/udecaldas\",\"https:\\\/\\\/www.youtube.com\\\/universidadcaldas\",\"https:\\\/\\\/www.instagram.com\\\/udecaldas\\\/\"]},{\"@type\":\"Person\",\"@id\":\"https:\\\/\\\/www.ucaldas.edu.co\\\/portal\\\/#\\\/schema\\\/person\\\/a1b482e23449158b4bc319926c074fdf\",\"name\":\"ofiprensa\",\"image\":{\"@type\":\"ImageObject\",\"inLanguage\":\"es\",\"@id\":\"https:\\\/\\\/www.ucaldas.edu.co\\\/portal\\\/wp-content\\\/litespeed\\\/avatar\\\/09ea5085e600095a7a811142c6944527.jpg?ver=1788384175\",\"url\":\"https:\\\/\\\/www.ucaldas.edu.co\\\/portal\\\/wp-content\\\/litespeed\\\/avatar\\\/09ea5085e600095a7a811142c6944527.jpg?ver=1788384175\",\"contentUrl\":\"https:\\\/\\\/www.ucaldas.edu.co\\\/portal\\\/wp-content\\\/litespeed\\\/avatar\\\/09ea5085e600095a7a811142c6944527.jpg?ver=1788384175\",\"caption\":\"ofiprensa\"},\"url\":\"https:\\\/\\\/www.ucaldas.edu.co\\\/portal\\\/author\\\/ofiprensa\\\/\"}]}<\/script>\n<!-- \/ Yoast SEO plugin. -->","yoast_head_json":{"title":"U. de Caldas en el camino hacia la inclusi\u00f3n. Participaci\u00f3n en el encuentro hispanoamericano \u201cCaminar hacia universidades inclusivas\u201d .","robots":{"index":"index","follow":"follow","max-snippet":"max-snippet:-1","max-image-preview":"max-image-preview:large","max-video-preview":"max-video-preview:-1"},"canonical":"https:\/\/www.ucaldas.edu.co\/portal\/u-de-caldas-en-el-camino-hacia-la-inclusion-participacion-en-el-encuentro-hispanoamericano-caminar-hacia-universidades-inclusivas\/","schema":{"@context":"https:\/\/schema.org","@graph":[{"@type":"Article","@id":"https:\/\/www.ucaldas.edu.co\/portal\/u-de-caldas-en-el-camino-hacia-la-inclusion-participacion-en-el-encuentro-hispanoamericano-caminar-hacia-universidades-inclusivas\/#article","isPartOf":{"@id":"https:\/\/www.ucaldas.edu.co\/portal\/u-de-caldas-en-el-camino-hacia-la-inclusion-participacion-en-el-encuentro-hispanoamericano-caminar-hacia-universidades-inclusivas\/"},"author":{"name":"ofiprensa","@id":"https:\/\/www.ucaldas.edu.co\/portal\/#\/schema\/person\/a1b482e23449158b4bc319926c074fdf"},"headline":"U. de Caldas en el camino hacia la inclusi\u00f3n. Participaci\u00f3n en el encuentro hispanoamericano \u201cCaminar hacia universidades inclusivas\u201d","datePublished":"2024-05-22T22:57:46+00:00","mainEntityOfPage":{"@id":"https:\/\/www.ucaldas.edu.co\/portal\/u-de-caldas-en-el-camino-hacia-la-inclusion-participacion-en-el-encuentro-hispanoamericano-caminar-hacia-universidades-inclusivas\/"},"wordCount":417,"publisher":{"@id":"https:\/\/www.ucaldas.edu.co\/portal\/#organization"},"image":{"@id":"https:\/\/www.ucaldas.edu.co\/portal\/u-de-caldas-en-el-camino-hacia-la-inclusion-participacion-en-el-encuentro-hispanoamericano-caminar-hacia-universidades-inclusivas\/#primaryimage"},"thumbnailUrl":"https:\/\/www.ucaldas.edu.co\/portal\/wp-content\/uploads\/2024\/05\/Univbersidades-inclusivas-3.jpg","keywords":["encuentro","u de caldas por el mundo","inclusi\u00f3n educaci\u00f3n"],"articleSection":["Actualidad","Universidad al D\u00eda"],"inLanguage":"es"},{"@type":"WebPage","@id":"https:\/\/www.ucaldas.edu.co\/portal\/u-de-caldas-en-el-camino-hacia-la-inclusion-participacion-en-el-encuentro-hispanoamericano-caminar-hacia-universidades-inclusivas\/","url":"https:\/\/www.ucaldas.edu.co\/portal\/u-de-caldas-en-el-camino-hacia-la-inclusion-participacion-en-el-encuentro-hispanoamericano-caminar-hacia-universidades-inclusivas\/","name":"U. de Caldas en el camino hacia la inclusi\u00f3n. Participaci\u00f3n en el encuentro hispanoamericano \u201cCaminar hacia universidades inclusivas\u201d .","isPartOf":{"@id":"https:\/\/www.ucaldas.edu.co\/portal\/#website"},"primaryImageOfPage":{"@id":"https:\/\/www.ucaldas.edu.co\/portal\/u-de-caldas-en-el-camino-hacia-la-inclusion-participacion-en-el-encuentro-hispanoamericano-caminar-hacia-universidades-inclusivas\/#primaryimage"},"image":{"@id":"https:\/\/www.ucaldas.edu.co\/portal\/u-de-caldas-en-el-camino-hacia-la-inclusion-participacion-en-el-encuentro-hispanoamericano-caminar-hacia-universidades-inclusivas\/#primaryimage"},"thumbnailUrl":"https:\/\/www.ucaldas.edu.co\/portal\/wp-content\/uploads\/2024\/05\/Univbersidades-inclusivas-3.jpg","datePublished":"2024-05-22T22:57:46+00:00","breadcrumb":{"@id":"https:\/\/www.ucaldas.edu.co\/portal\/u-de-caldas-en-el-camino-hacia-la-inclusion-participacion-en-el-encuentro-hispanoamericano-caminar-hacia-universidades-inclusivas\/#breadcrumb"},"inLanguage":"es","potentialAction":[{"@type":"ReadAction","target":["https:\/\/www.ucaldas.edu.co\/portal\/u-de-caldas-en-el-camino-hacia-la-inclusion-participacion-en-el-encuentro-hispanoamericano-caminar-hacia-universidades-inclusivas\/"]}]},{"@type":"ImageObject","inLanguage":"es","@id":"https:\/\/www.ucaldas.edu.co\/portal\/u-de-caldas-en-el-camino-hacia-la-inclusion-participacion-en-el-encuentro-hispanoamericano-caminar-hacia-universidades-inclusivas\/#primaryimage","url":"https:\/\/www.ucaldas.edu.co\/portal\/wp-content\/uploads\/2024\/05\/Univbersidades-inclusivas-3.jpg","contentUrl":"https:\/\/www.ucaldas.edu.co\/portal\/wp-content\/uploads\/2024\/05\/Univbersidades-inclusivas-3.jpg","width":1600,"height":1200,"caption":"imagen del vicerrector acad\u00e9mico de la U. de Caldas, Germ\u00e1n Londo\u00f1o, participando en la UNIR de Espa\u00f1a, en encuentro de universidades en hispanoam\u00e9rica para hablar de inclusi\u00f3n."},{"@type":"BreadcrumbList","@id":"https:\/\/www.ucaldas.edu.co\/portal\/u-de-caldas-en-el-camino-hacia-la-inclusion-participacion-en-el-encuentro-hispanoamericano-caminar-hacia-universidades-inclusivas\/#breadcrumb","itemListElement":[{"@type":"ListItem","position":1,"name":"Portada","item":"https:\/\/www.ucaldas.edu.co\/portal\/"},{"@type":"ListItem","position":2,"name":"U. de Caldas en el camino hacia la inclusi\u00f3n. Participaci\u00f3n en el encuentro hispanoamericano \u201cCaminar hacia universidades inclusivas\u201d"}]},{"@type":"WebSite","@id":"https:\/\/www.ucaldas.edu.co\/portal\/#website","url":"https:\/\/www.ucaldas.edu.co\/portal\/","name":"Universidad de Caldas","description":"","publisher":{"@id":"https:\/\/www.ucaldas.edu.co\/portal\/#organization"},"alternateName":"U. de Caldas","potentialAction":[{"@type":"SearchAction","target":{"@type":"EntryPoint","urlTemplate":"https:\/\/www.ucaldas.edu.co\/portal\/?s={search_term_string}"},"query-input":{"@type":"PropertyValueSpecification","valueRequired":true,"valueName":"search_term_string"}}],"inLanguage":"es"},{"@type":"Organization","@id":"https:\/\/www.ucaldas.edu.co\/portal\/#organization","name":"Universidad de Caldas","alternateName":"U. de Caldas","url":"https:\/\/www.ucaldas.edu.co\/portal\/","logo":{"@type":"ImageObject","inLanguage":"es","@id":"https:\/\/www.ucaldas.edu.co\/portal\/#\/schema\/logo\/image\/","url":"https:\/\/www.ucaldas.edu.co\/portal\/wp-content\/uploads\/2023\/11\/Logo_horizontal_oscuroU-2023.png","contentUrl":"https:\/\/www.ucaldas.edu.co\/portal\/wp-content\/uploads\/2023\/11\/Logo_horizontal_oscuroU-2023.png","width":263,"height":101,"caption":"Universidad de Caldas"},"image":{"@id":"https:\/\/www.ucaldas.edu.co\/portal\/#\/schema\/logo\/image\/"},"sameAs":["https:\/\/www.facebook.com\/udecaldas","https:\/\/x.com\/udecaldas","https:\/\/www.youtube.com\/universidadcaldas","https:\/\/www.instagram.com\/udecaldas\/"]},{"@type":"Person","@id":"https:\/\/www.ucaldas.edu.co\/portal\/#\/schema\/person\/a1b482e23449158b4bc319926c074fdf","name":"ofiprensa","image":{"@type":"ImageObject","inLanguage":"es","@id":"https:\/\/www.ucaldas.edu.co\/portal\/wp-content\/litespeed\/avatar\/09ea5085e600095a7a811142c6944527.jpg?ver=1788384175","url":"https:\/\/www.ucaldas.edu.co\/portal\/wp-content\/litespeed\/avatar\/09ea5085e600095a7a811142c6944527.jpg?ver=1788384175","contentUrl":"https:\/\/www.ucaldas.edu.co\/portal\/wp-content\/litespeed\/avatar\/09ea5085e600095a7a811142c6944527.jpg?ver=1788384175","caption":"ofiprensa"},"url":"https:\/\/www.ucaldas.edu.co\/portal\/author\/ofiprensa\/"}]}},"_links":{"self":[{"href":"https:\/\/www.ucaldas.edu.co\/portal\/wp-json\/wp\/v2\/posts\/81507","targetHints":{"allow":["GET"]}}],"collection":[{"href":"https:\/\/www.ucaldas.edu.co\/portal\/wp-json\/wp\/v2\/posts"}],"about":[{"href":"https:\/\/www.ucaldas.edu.co\/portal\/wp-json\/wp\/v2\/types\/post"}],"author":[{"embeddable":true,"href":"https:\/\/www.ucaldas.edu.co\/portal\/wp-json\/wp\/v2\/users\/2"}],"replies":[{"embeddable":true,"href":"https:\/\/www.ucaldas.edu.co\/portal\/wp-json\/wp\/v2\/comments?post=81507"}],"version-history":[{"count":0,"href":"https:\/\/www.ucaldas.edu.co\/portal\/wp-json\/wp\/v2\/posts\/81507\/revisions"}],"wp:featuredmedia":[{"embeddable":true,"href":"https:\/\/www.ucaldas.edu.co\/portal\/wp-json\/wp\/v2\/media\/81509"}],"wp:attachment":[{"href":"https:\/\/www.ucaldas.edu.co\/portal\/wp-json\/wp\/v2\/media?parent=81507"}],"wp:term":[{"taxonomy":"category","embeddable":true,"href":"https:\/\/www.ucaldas.edu.co\/portal\/wp-json\/wp\/v2\/categories?post=81507"},{"taxonomy":"post_tag","embeddable":true,"href":"https:\/\/www.ucaldas.edu.co\/portal\/wp-json\/wp\/v2\/tags?post=81507"}],"curies":[{"name":"wp","href":"https:\/\/api.w.org\/{rel}","templated":true}]}}