{"id":81382,"date":"2024-05-20T18:45:40","date_gmt":"2024-05-20T23:45:40","guid":{"rendered":"https:\/\/www.ucaldas.edu.co\/portal\/?p=81382"},"modified":"2024-05-22T16:25:33","modified_gmt":"2024-05-22T21:25:33","slug":"muralistas-del-festival-de-arte-urbano-dejan-claro-su-talento-en-las-paredes-y-muros-del-campus-bicentenario","status":"publish","type":"post","link":"https:\/\/www.ucaldas.edu.co\/portal\/muralistas-del-festival-de-arte-urbano-dejan-claro-su-talento-en-las-paredes-y-muros-del-campus-bicentenario\/","title":{"rendered":"Muralistas del Festival de Arte Urbano dejan claro su talento en las paredes y muros del Campus Bicentenario."},"content":{"rendered":"<div class=\"wpb-content-wrapper\"><p>[vc_row][vc_column][vc_column_text]<\/p>\n<p style=\"text-align: justify;\"><img loading=\"lazy\" decoding=\"async\" class=\"alignnone size-full wp-image-81386\" src=\"https:\/\/www.ucaldas.edu.co\/portal\/wp-content\/uploads\/2024\/05\/WhatsApp-Image-2024-05-20-at-11.33.30-AM-1-1.jpeg\" alt=\"Imagen de uno de los murales del Festival de Arte Urbano de la U. de Caldas. Es el rostro de una mujer muy expresivo y en colores que parecen vibrar en la pared.\" width=\"1600\" height=\"1200\" \/>Gracias al apoyo institucional, estudiantes del programa de Artes Pl\u00e1sticas de la Universidad de Caldas realizaron con \u00e9xito la primera edici\u00f3n del Festival de Arte Urbano, cuyo eje transversal fue la Floraci\u00f3n Crom\u00e1tica.<\/p>\n<p style=\"text-align: justify;\">Entre el 14 y 17 de mayo<strong>, <\/strong>las paredes y muros del campus Bicentenario se pintaron con ideas del mundo y de la propia identidad, expresadas en valiosas piezas de arte que desde ahora acompa\u00f1an el paso de estudiantes, docentes y dem\u00e1s visitantes de la comunidad universitaria.<\/p>\n<p style=\"text-align: justify;\">En el recorrido por el Campus se despierta el asombro con murales coloridos e impecables en t\u00e9cnica, que hablan del sentir universitario, la naturaleza, los sue\u00f1os del ser humano, las acciones cotidianas, las brechas sociales y un sinn\u00famero de ideas que dejan profundas reflexiones desde la primera mirada.<\/p>\n<p style=\"text-align: justify;\">La ejecuci\u00f3n de los murales, desarrollada en un ambiente c\u00e1lido y espont\u00e1neo, cerr\u00f3 el d\u00eda viernes con broche de oro, gracias a la Feria Artesanal Gr\u00e1fica, las presentaciones musicales de g\u00e9neros urbanos, la batalla de tags (graffitis) y la pelea musical de gallos. Este \u00faltimo fue uno de los eventos m\u00e1s aplaudidos, pues sorprendi\u00f3 a los asistentes con talentosos improvisadores de la ciudad que compartieron con ritmo y mucha franqueza sus ideas sobre la vida, la sociedad y la cultura. Todo ello, acompa\u00f1ado del infaltable canelazo para el fr\u00edo de la tarde.<\/p>\n<p style=\"text-align: justify;\">En palabras de los propios muralistas que participaron de esta primera edici\u00f3n, el Festival de Arte Urbano vali\u00f3 la pena, pues se cumpli\u00f3 el prop\u00f3sito de intervenir est\u00e9tica y art\u00edsticamente la U. de Caldas, con obras que aunque no representaban remuneraci\u00f3n econ\u00f3mica, significaban apropiaci\u00f3n y compromiso por el lugar que marca sus procesos acad\u00e9micos e identitarios.<\/p>\n<p style=\"text-align: justify;\"><strong>\u00bfQui\u00e9nes pintan?<\/strong><\/p>\n<p style=\"text-align: justify;\">A continuaci\u00f3n, presentamos algunos de los artistas que usted podr\u00e1 encontrar en el recorrido por los murales que ahora embellecen el Campus Bicentenario:<\/p>\n<ul>\n<li style=\"text-align: justify;\">Camilo Urrea, firma como Trazo, realiz\u00f3 el mural de la mujer en analog\u00eda con el pavo real.<\/li>\n<li style=\"text-align: justify;\">Venus Lara Castro, realiz\u00f3 el mural de su autorretrato con la inscripci\u00f3n \u201cLas mujeres tambi\u00e9n pintan murales\u201d.<\/li>\n<li style=\"text-align: justify;\">Daniel Buitrago, firma como Vac\u00edo. Su mural est\u00e1 enfocado en el concepto del error. En \u00e9l se observa un ni\u00f1o que siembra l\u00e1pices.<\/li>\n<li style=\"text-align: justify;\">Andr\u00e9s, firma como Reactivo. Su mensaje se dirige a la ciudad, la lectura y otros conceptos que brotan de las paredes como reactivos.<\/li>\n<li style=\"text-align: justify;\">Jhon Jairo, firma como Diablo Mestizo. Su mural es el m\u00e1s grande del Campus y muestra a una mujer ind\u00edgena, acompa\u00f1ada de miradas que pertenecen a diversas culturas.<\/li>\n<li style=\"text-align: justify;\">Felipe Casas, intervino uno de los muros externos con un mapache, en alusi\u00f3n a los animales y a la necesidad de su protecci\u00f3n.<\/li>\n<li style=\"text-align: justify;\">Faber, quien perdi\u00f3 su ojo izquierdo en una protesta estudiantil y en su mural hace catarsis de ese momento con la imagen de un \u00e1guila que apenas levanta sus alas y con el pico sostiene uno de sus ojos.<\/li>\n<li style=\"text-align: justify;\">Juan David, firma Tea, es egresado y nos dio una de las colaboraciones m\u00e1s importantes. Su imagen est\u00e1 en otro gran muro y presenta dos rostros con colores vibrantes.<\/li>\n<\/ul>\n<p><strong>Anexo<\/strong><\/p>\n<p><a href=\"https:\/\/www.ucaldas.edu.co\/portal\/wp-content\/uploads\/2024\/05\/Andres-Buitrago-muralista.mp3\"><strong>Audio Andr\u00e9s Buitrago, organizador.<\/strong><\/a><\/p>\n<audio class=\"wp-audio-shortcode\" id=\"audio-81382-1\" preload=\"none\" style=\"width: 100%;\" controls=\"controls\"><source type=\"audio\/mpeg\" src=\"https:\/\/www.ucaldas.edu.co\/portal\/wp-content\/uploads\/2024\/05\/Andres-Buitrago-muralista.mp3?_=1\" \/><a href=\"https:\/\/www.ucaldas.edu.co\/portal\/wp-content\/uploads\/2024\/05\/Andres-Buitrago-muralista.mp3\">https:\/\/www.ucaldas.edu.co\/portal\/wp-content\/uploads\/2024\/05\/Andres-Buitrago-muralista.mp3<\/a><\/audio>\n<p><a href=\"https:\/\/www.ucaldas.edu.co\/portal\/wp-content\/uploads\/2024\/05\/Diablo-Mestizo-3.mp3\"><strong>Audio muralista Jhon Jairo Betancur Largo<\/strong><\/a><\/p>\n<audio class=\"wp-audio-shortcode\" id=\"audio-81382-2\" preload=\"none\" style=\"width: 100%;\" controls=\"controls\"><source type=\"audio\/mpeg\" src=\"https:\/\/www.ucaldas.edu.co\/portal\/wp-content\/uploads\/2024\/05\/Diablo-Mestizo-3.mp3?_=2\" \/><a href=\"https:\/\/www.ucaldas.edu.co\/portal\/wp-content\/uploads\/2024\/05\/Diablo-Mestizo-3.mp3\">https:\/\/www.ucaldas.edu.co\/portal\/wp-content\/uploads\/2024\/05\/Diablo-Mestizo-3.mp3<\/a><\/audio>\n<p><a href=\"https:\/\/www.ucaldas.edu.co\/portal\/wp-content\/uploads\/2024\/05\/Raye-mural-4.mp3\"><strong>Audio muralista Marianela Ram\u00edrez Alzate<\/strong><\/a><\/p>\n<audio class=\"wp-audio-shortcode\" id=\"audio-81382-3\" preload=\"none\" style=\"width: 100%;\" controls=\"controls\"><source type=\"audio\/mpeg\" src=\"https:\/\/www.ucaldas.edu.co\/portal\/wp-content\/uploads\/2024\/05\/Raye-mural-4.mp3?_=3\" \/><a href=\"https:\/\/www.ucaldas.edu.co\/portal\/wp-content\/uploads\/2024\/05\/Raye-mural-4.mp3\">https:\/\/www.ucaldas.edu.co\/portal\/wp-content\/uploads\/2024\/05\/Raye-mural-4.mp3<\/a><\/audio>\n<p>[\/vc_column_text][\/vc_column][\/vc_row]<\/p>\n<p>[vc_row][vc_column][vc_gallery type=\u00bbimage_grid\u00bb images=\u00bb81387,81388,81389,81390,81391,81392,81393,81394,81395,81396,81397,81398,81399,81400,81401,81402,81403,81404,81405,81406,81407,81408,81409,81410,81411,81412,81413,81414&#8243; title=\u00bbRecorrido por la Floraci\u00f3n Crom\u00e1tica del Festival\u00bb][\/vc_column][\/vc_row]<\/p>\n<p>&nbsp;<\/p>\n<\/div>","protected":false},"excerpt":{"rendered":"<p>[vc_row][vc_column][vc_column_text] Gracias al apoyo institucional, estudiantes del programa de Artes Pl\u00e1sticas de la Universidad de Caldas realizaron con \u00e9xito la primera edici\u00f3n del Festival de Arte Urbano, cuyo eje transversal fue la Floraci\u00f3n Crom\u00e1tica. Entre el 14 y 17 de mayo, las paredes y muros del campus Bicentenario se pintaron con ideas del mundo y [&hellip;]<\/p>\n","protected":false},"author":2,"featured_media":81416,"comment_status":"closed","ping_status":"open","sticky":false,"template":"","format":"standard","meta":{"footnotes":""},"categories":[48,53],"tags":[193,2631,6353],"class_list":["post-81382","post","type-post","status-publish","format-standard","has-post-thumbnail","hentry","category-actualidad","category-universidad-al-dia","tag-arte","tag-muralismo","tag-artes-plastica-u-caldas"],"yoast_head":"<!-- This site is optimized with the Yoast SEO plugin v27.5 - https:\/\/yoast.com\/product\/yoast-seo-wordpress\/ -->\n<title>Muralistas del Festival de Arte Urbano dejan claro su talento en las paredes y muros del Campus Bicentenario. .<\/title>\n<meta name=\"robots\" content=\"index, follow, max-snippet:-1, max-image-preview:large, max-video-preview:-1\" \/>\n<link rel=\"canonical\" href=\"https:\/\/www.ucaldas.edu.co\/portal\/muralistas-del-festival-de-arte-urbano-dejan-claro-su-talento-en-las-paredes-y-muros-del-campus-bicentenario\/\" \/>\n<script type=\"application\/ld+json\" class=\"yoast-schema-graph\">{\"@context\":\"https:\\\/\\\/schema.org\",\"@graph\":[{\"@type\":\"Article\",\"@id\":\"https:\\\/\\\/www.ucaldas.edu.co\\\/portal\\\/muralistas-del-festival-de-arte-urbano-dejan-claro-su-talento-en-las-paredes-y-muros-del-campus-bicentenario\\\/#article\",\"isPartOf\":{\"@id\":\"https:\\\/\\\/www.ucaldas.edu.co\\\/portal\\\/muralistas-del-festival-de-arte-urbano-dejan-claro-su-talento-en-las-paredes-y-muros-del-campus-bicentenario\\\/\"},\"author\":{\"name\":\"ofiprensa\",\"@id\":\"https:\\\/\\\/www.ucaldas.edu.co\\\/portal\\\/#\\\/schema\\\/person\\\/a1b482e23449158b4bc319926c074fdf\"},\"headline\":\"Muralistas del Festival de Arte Urbano dejan claro su talento en las paredes y muros del Campus Bicentenario.\",\"datePublished\":\"2024-05-20T23:45:40+00:00\",\"dateModified\":\"2024-05-22T21:25:33+00:00\",\"mainEntityOfPage\":{\"@id\":\"https:\\\/\\\/www.ucaldas.edu.co\\\/portal\\\/muralistas-del-festival-de-arte-urbano-dejan-claro-su-talento-en-las-paredes-y-muros-del-campus-bicentenario\\\/\"},\"wordCount\":653,\"publisher\":{\"@id\":\"https:\\\/\\\/www.ucaldas.edu.co\\\/portal\\\/#organization\"},\"image\":{\"@id\":\"https:\\\/\\\/www.ucaldas.edu.co\\\/portal\\\/muralistas-del-festival-de-arte-urbano-dejan-claro-su-talento-en-las-paredes-y-muros-del-campus-bicentenario\\\/#primaryimage\"},\"thumbnailUrl\":\"https:\\\/\\\/www.ucaldas.edu.co\\\/portal\\\/wp-content\\\/uploads\\\/2024\\\/05\\\/WhatsApp-Image-2024-05-20-at-11.33.30-AM-1-2.jpeg\",\"keywords\":[\"Arte\",\"muralismo\",\"artes pl\u00e1stica u caldas\"],\"articleSection\":[\"Actualidad\",\"Universidad al D\u00eda\"],\"inLanguage\":\"es\"},{\"@type\":\"WebPage\",\"@id\":\"https:\\\/\\\/www.ucaldas.edu.co\\\/portal\\\/muralistas-del-festival-de-arte-urbano-dejan-claro-su-talento-en-las-paredes-y-muros-del-campus-bicentenario\\\/\",\"url\":\"https:\\\/\\\/www.ucaldas.edu.co\\\/portal\\\/muralistas-del-festival-de-arte-urbano-dejan-claro-su-talento-en-las-paredes-y-muros-del-campus-bicentenario\\\/\",\"name\":\"Muralistas del Festival de Arte Urbano dejan claro su talento en las paredes y muros del Campus Bicentenario. .\",\"isPartOf\":{\"@id\":\"https:\\\/\\\/www.ucaldas.edu.co\\\/portal\\\/#website\"},\"primaryImageOfPage\":{\"@id\":\"https:\\\/\\\/www.ucaldas.edu.co\\\/portal\\\/muralistas-del-festival-de-arte-urbano-dejan-claro-su-talento-en-las-paredes-y-muros-del-campus-bicentenario\\\/#primaryimage\"},\"image\":{\"@id\":\"https:\\\/\\\/www.ucaldas.edu.co\\\/portal\\\/muralistas-del-festival-de-arte-urbano-dejan-claro-su-talento-en-las-paredes-y-muros-del-campus-bicentenario\\\/#primaryimage\"},\"thumbnailUrl\":\"https:\\\/\\\/www.ucaldas.edu.co\\\/portal\\\/wp-content\\\/uploads\\\/2024\\\/05\\\/WhatsApp-Image-2024-05-20-at-11.33.30-AM-1-2.jpeg\",\"datePublished\":\"2024-05-20T23:45:40+00:00\",\"dateModified\":\"2024-05-22T21:25:33+00:00\",\"breadcrumb\":{\"@id\":\"https:\\\/\\\/www.ucaldas.edu.co\\\/portal\\\/muralistas-del-festival-de-arte-urbano-dejan-claro-su-talento-en-las-paredes-y-muros-del-campus-bicentenario\\\/#breadcrumb\"},\"inLanguage\":\"es\",\"potentialAction\":[{\"@type\":\"ReadAction\",\"target\":[\"https:\\\/\\\/www.ucaldas.edu.co\\\/portal\\\/muralistas-del-festival-de-arte-urbano-dejan-claro-su-talento-en-las-paredes-y-muros-del-campus-bicentenario\\\/\"]}]},{\"@type\":\"ImageObject\",\"inLanguage\":\"es\",\"@id\":\"https:\\\/\\\/www.ucaldas.edu.co\\\/portal\\\/muralistas-del-festival-de-arte-urbano-dejan-claro-su-talento-en-las-paredes-y-muros-del-campus-bicentenario\\\/#primaryimage\",\"url\":\"https:\\\/\\\/www.ucaldas.edu.co\\\/portal\\\/wp-content\\\/uploads\\\/2024\\\/05\\\/WhatsApp-Image-2024-05-20-at-11.33.30-AM-1-2.jpeg\",\"contentUrl\":\"https:\\\/\\\/www.ucaldas.edu.co\\\/portal\\\/wp-content\\\/uploads\\\/2024\\\/05\\\/WhatsApp-Image-2024-05-20-at-11.33.30-AM-1-2.jpeg\",\"width\":1600,\"height\":1200},{\"@type\":\"BreadcrumbList\",\"@id\":\"https:\\\/\\\/www.ucaldas.edu.co\\\/portal\\\/muralistas-del-festival-de-arte-urbano-dejan-claro-su-talento-en-las-paredes-y-muros-del-campus-bicentenario\\\/#breadcrumb\",\"itemListElement\":[{\"@type\":\"ListItem\",\"position\":1,\"name\":\"Portada\",\"item\":\"https:\\\/\\\/www.ucaldas.edu.co\\\/portal\\\/\"},{\"@type\":\"ListItem\",\"position\":2,\"name\":\"Muralistas del Festival de Arte Urbano dejan claro su talento en las paredes y muros del Campus Bicentenario.\"}]},{\"@type\":\"WebSite\",\"@id\":\"https:\\\/\\\/www.ucaldas.edu.co\\\/portal\\\/#website\",\"url\":\"https:\\\/\\\/www.ucaldas.edu.co\\\/portal\\\/\",\"name\":\"Universidad de Caldas\",\"description\":\"\",\"publisher\":{\"@id\":\"https:\\\/\\\/www.ucaldas.edu.co\\\/portal\\\/#organization\"},\"alternateName\":\"U. de Caldas\",\"potentialAction\":[{\"@type\":\"SearchAction\",\"target\":{\"@type\":\"EntryPoint\",\"urlTemplate\":\"https:\\\/\\\/www.ucaldas.edu.co\\\/portal\\\/?s={search_term_string}\"},\"query-input\":{\"@type\":\"PropertyValueSpecification\",\"valueRequired\":true,\"valueName\":\"search_term_string\"}}],\"inLanguage\":\"es\"},{\"@type\":\"Organization\",\"@id\":\"https:\\\/\\\/www.ucaldas.edu.co\\\/portal\\\/#organization\",\"name\":\"Universidad de Caldas\",\"alternateName\":\"U. de Caldas\",\"url\":\"https:\\\/\\\/www.ucaldas.edu.co\\\/portal\\\/\",\"logo\":{\"@type\":\"ImageObject\",\"inLanguage\":\"es\",\"@id\":\"https:\\\/\\\/www.ucaldas.edu.co\\\/portal\\\/#\\\/schema\\\/logo\\\/image\\\/\",\"url\":\"https:\\\/\\\/www.ucaldas.edu.co\\\/portal\\\/wp-content\\\/uploads\\\/2023\\\/11\\\/Logo_horizontal_oscuroU-2023.png\",\"contentUrl\":\"https:\\\/\\\/www.ucaldas.edu.co\\\/portal\\\/wp-content\\\/uploads\\\/2023\\\/11\\\/Logo_horizontal_oscuroU-2023.png\",\"width\":263,\"height\":101,\"caption\":\"Universidad de Caldas\"},\"image\":{\"@id\":\"https:\\\/\\\/www.ucaldas.edu.co\\\/portal\\\/#\\\/schema\\\/logo\\\/image\\\/\"},\"sameAs\":[\"https:\\\/\\\/www.facebook.com\\\/udecaldas\",\"https:\\\/\\\/x.com\\\/udecaldas\",\"https:\\\/\\\/www.youtube.com\\\/universidadcaldas\",\"https:\\\/\\\/www.instagram.com\\\/udecaldas\\\/\"]},{\"@type\":\"Person\",\"@id\":\"https:\\\/\\\/www.ucaldas.edu.co\\\/portal\\\/#\\\/schema\\\/person\\\/a1b482e23449158b4bc319926c074fdf\",\"name\":\"ofiprensa\",\"image\":{\"@type\":\"ImageObject\",\"inLanguage\":\"es\",\"@id\":\"https:\\\/\\\/www.ucaldas.edu.co\\\/portal\\\/wp-content\\\/litespeed\\\/avatar\\\/09ea5085e600095a7a811142c6944527.jpg?ver=1776892805\",\"url\":\"https:\\\/\\\/www.ucaldas.edu.co\\\/portal\\\/wp-content\\\/litespeed\\\/avatar\\\/09ea5085e600095a7a811142c6944527.jpg?ver=1776892805\",\"contentUrl\":\"https:\\\/\\\/www.ucaldas.edu.co\\\/portal\\\/wp-content\\\/litespeed\\\/avatar\\\/09ea5085e600095a7a811142c6944527.jpg?ver=1776892805\",\"caption\":\"ofiprensa\"},\"url\":\"https:\\\/\\\/www.ucaldas.edu.co\\\/portal\\\/author\\\/ofiprensa\\\/\"}]}<\/script>\n<!-- \/ Yoast SEO plugin. -->","yoast_head_json":{"title":"Muralistas del Festival de Arte Urbano dejan claro su talento en las paredes y muros del Campus Bicentenario. .","robots":{"index":"index","follow":"follow","max-snippet":"max-snippet:-1","max-image-preview":"max-image-preview:large","max-video-preview":"max-video-preview:-1"},"canonical":"https:\/\/www.ucaldas.edu.co\/portal\/muralistas-del-festival-de-arte-urbano-dejan-claro-su-talento-en-las-paredes-y-muros-del-campus-bicentenario\/","schema":{"@context":"https:\/\/schema.org","@graph":[{"@type":"Article","@id":"https:\/\/www.ucaldas.edu.co\/portal\/muralistas-del-festival-de-arte-urbano-dejan-claro-su-talento-en-las-paredes-y-muros-del-campus-bicentenario\/#article","isPartOf":{"@id":"https:\/\/www.ucaldas.edu.co\/portal\/muralistas-del-festival-de-arte-urbano-dejan-claro-su-talento-en-las-paredes-y-muros-del-campus-bicentenario\/"},"author":{"name":"ofiprensa","@id":"https:\/\/www.ucaldas.edu.co\/portal\/#\/schema\/person\/a1b482e23449158b4bc319926c074fdf"},"headline":"Muralistas del Festival de Arte Urbano dejan claro su talento en las paredes y muros del Campus Bicentenario.","datePublished":"2024-05-20T23:45:40+00:00","dateModified":"2024-05-22T21:25:33+00:00","mainEntityOfPage":{"@id":"https:\/\/www.ucaldas.edu.co\/portal\/muralistas-del-festival-de-arte-urbano-dejan-claro-su-talento-en-las-paredes-y-muros-del-campus-bicentenario\/"},"wordCount":653,"publisher":{"@id":"https:\/\/www.ucaldas.edu.co\/portal\/#organization"},"image":{"@id":"https:\/\/www.ucaldas.edu.co\/portal\/muralistas-del-festival-de-arte-urbano-dejan-claro-su-talento-en-las-paredes-y-muros-del-campus-bicentenario\/#primaryimage"},"thumbnailUrl":"https:\/\/www.ucaldas.edu.co\/portal\/wp-content\/uploads\/2024\/05\/WhatsApp-Image-2024-05-20-at-11.33.30-AM-1-2.jpeg","keywords":["Arte","muralismo","artes pl\u00e1stica u caldas"],"articleSection":["Actualidad","Universidad al D\u00eda"],"inLanguage":"es"},{"@type":"WebPage","@id":"https:\/\/www.ucaldas.edu.co\/portal\/muralistas-del-festival-de-arte-urbano-dejan-claro-su-talento-en-las-paredes-y-muros-del-campus-bicentenario\/","url":"https:\/\/www.ucaldas.edu.co\/portal\/muralistas-del-festival-de-arte-urbano-dejan-claro-su-talento-en-las-paredes-y-muros-del-campus-bicentenario\/","name":"Muralistas del Festival de Arte Urbano dejan claro su talento en las paredes y muros del Campus Bicentenario. .","isPartOf":{"@id":"https:\/\/www.ucaldas.edu.co\/portal\/#website"},"primaryImageOfPage":{"@id":"https:\/\/www.ucaldas.edu.co\/portal\/muralistas-del-festival-de-arte-urbano-dejan-claro-su-talento-en-las-paredes-y-muros-del-campus-bicentenario\/#primaryimage"},"image":{"@id":"https:\/\/www.ucaldas.edu.co\/portal\/muralistas-del-festival-de-arte-urbano-dejan-claro-su-talento-en-las-paredes-y-muros-del-campus-bicentenario\/#primaryimage"},"thumbnailUrl":"https:\/\/www.ucaldas.edu.co\/portal\/wp-content\/uploads\/2024\/05\/WhatsApp-Image-2024-05-20-at-11.33.30-AM-1-2.jpeg","datePublished":"2024-05-20T23:45:40+00:00","dateModified":"2024-05-22T21:25:33+00:00","breadcrumb":{"@id":"https:\/\/www.ucaldas.edu.co\/portal\/muralistas-del-festival-de-arte-urbano-dejan-claro-su-talento-en-las-paredes-y-muros-del-campus-bicentenario\/#breadcrumb"},"inLanguage":"es","potentialAction":[{"@type":"ReadAction","target":["https:\/\/www.ucaldas.edu.co\/portal\/muralistas-del-festival-de-arte-urbano-dejan-claro-su-talento-en-las-paredes-y-muros-del-campus-bicentenario\/"]}]},{"@type":"ImageObject","inLanguage":"es","@id":"https:\/\/www.ucaldas.edu.co\/portal\/muralistas-del-festival-de-arte-urbano-dejan-claro-su-talento-en-las-paredes-y-muros-del-campus-bicentenario\/#primaryimage","url":"https:\/\/www.ucaldas.edu.co\/portal\/wp-content\/uploads\/2024\/05\/WhatsApp-Image-2024-05-20-at-11.33.30-AM-1-2.jpeg","contentUrl":"https:\/\/www.ucaldas.edu.co\/portal\/wp-content\/uploads\/2024\/05\/WhatsApp-Image-2024-05-20-at-11.33.30-AM-1-2.jpeg","width":1600,"height":1200},{"@type":"BreadcrumbList","@id":"https:\/\/www.ucaldas.edu.co\/portal\/muralistas-del-festival-de-arte-urbano-dejan-claro-su-talento-en-las-paredes-y-muros-del-campus-bicentenario\/#breadcrumb","itemListElement":[{"@type":"ListItem","position":1,"name":"Portada","item":"https:\/\/www.ucaldas.edu.co\/portal\/"},{"@type":"ListItem","position":2,"name":"Muralistas del Festival de Arte Urbano dejan claro su talento en las paredes y muros del Campus Bicentenario."}]},{"@type":"WebSite","@id":"https:\/\/www.ucaldas.edu.co\/portal\/#website","url":"https:\/\/www.ucaldas.edu.co\/portal\/","name":"Universidad de Caldas","description":"","publisher":{"@id":"https:\/\/www.ucaldas.edu.co\/portal\/#organization"},"alternateName":"U. de Caldas","potentialAction":[{"@type":"SearchAction","target":{"@type":"EntryPoint","urlTemplate":"https:\/\/www.ucaldas.edu.co\/portal\/?s={search_term_string}"},"query-input":{"@type":"PropertyValueSpecification","valueRequired":true,"valueName":"search_term_string"}}],"inLanguage":"es"},{"@type":"Organization","@id":"https:\/\/www.ucaldas.edu.co\/portal\/#organization","name":"Universidad de Caldas","alternateName":"U. de Caldas","url":"https:\/\/www.ucaldas.edu.co\/portal\/","logo":{"@type":"ImageObject","inLanguage":"es","@id":"https:\/\/www.ucaldas.edu.co\/portal\/#\/schema\/logo\/image\/","url":"https:\/\/www.ucaldas.edu.co\/portal\/wp-content\/uploads\/2023\/11\/Logo_horizontal_oscuroU-2023.png","contentUrl":"https:\/\/www.ucaldas.edu.co\/portal\/wp-content\/uploads\/2023\/11\/Logo_horizontal_oscuroU-2023.png","width":263,"height":101,"caption":"Universidad de Caldas"},"image":{"@id":"https:\/\/www.ucaldas.edu.co\/portal\/#\/schema\/logo\/image\/"},"sameAs":["https:\/\/www.facebook.com\/udecaldas","https:\/\/x.com\/udecaldas","https:\/\/www.youtube.com\/universidadcaldas","https:\/\/www.instagram.com\/udecaldas\/"]},{"@type":"Person","@id":"https:\/\/www.ucaldas.edu.co\/portal\/#\/schema\/person\/a1b482e23449158b4bc319926c074fdf","name":"ofiprensa","image":{"@type":"ImageObject","inLanguage":"es","@id":"https:\/\/www.ucaldas.edu.co\/portal\/wp-content\/litespeed\/avatar\/09ea5085e600095a7a811142c6944527.jpg?ver=1776892805","url":"https:\/\/www.ucaldas.edu.co\/portal\/wp-content\/litespeed\/avatar\/09ea5085e600095a7a811142c6944527.jpg?ver=1776892805","contentUrl":"https:\/\/www.ucaldas.edu.co\/portal\/wp-content\/litespeed\/avatar\/09ea5085e600095a7a811142c6944527.jpg?ver=1776892805","caption":"ofiprensa"},"url":"https:\/\/www.ucaldas.edu.co\/portal\/author\/ofiprensa\/"}]}},"_links":{"self":[{"href":"https:\/\/www.ucaldas.edu.co\/portal\/wp-json\/wp\/v2\/posts\/81382","targetHints":{"allow":["GET"]}}],"collection":[{"href":"https:\/\/www.ucaldas.edu.co\/portal\/wp-json\/wp\/v2\/posts"}],"about":[{"href":"https:\/\/www.ucaldas.edu.co\/portal\/wp-json\/wp\/v2\/types\/post"}],"author":[{"embeddable":true,"href":"https:\/\/www.ucaldas.edu.co\/portal\/wp-json\/wp\/v2\/users\/2"}],"replies":[{"embeddable":true,"href":"https:\/\/www.ucaldas.edu.co\/portal\/wp-json\/wp\/v2\/comments?post=81382"}],"version-history":[{"count":0,"href":"https:\/\/www.ucaldas.edu.co\/portal\/wp-json\/wp\/v2\/posts\/81382\/revisions"}],"wp:featuredmedia":[{"embeddable":true,"href":"https:\/\/www.ucaldas.edu.co\/portal\/wp-json\/wp\/v2\/media\/81416"}],"wp:attachment":[{"href":"https:\/\/www.ucaldas.edu.co\/portal\/wp-json\/wp\/v2\/media?parent=81382"}],"wp:term":[{"taxonomy":"category","embeddable":true,"href":"https:\/\/www.ucaldas.edu.co\/portal\/wp-json\/wp\/v2\/categories?post=81382"},{"taxonomy":"post_tag","embeddable":true,"href":"https:\/\/www.ucaldas.edu.co\/portal\/wp-json\/wp\/v2\/tags?post=81382"}],"curies":[{"name":"wp","href":"https:\/\/api.w.org\/{rel}","templated":true}]}}